{"id":187223,"date":"2022-10-20T09:15:41","date_gmt":"2022-10-20T07:15:41","guid":{"rendered":"https:\/\/tuzlainfo.ba\/?p=187223"},"modified":"2022-10-20T07:53:55","modified_gmt":"2022-10-20T05:53:55","slug":"tuzilastvo-bih-danas-ce-zvanicno-dobiti-novog-glavnog-tuzitelja","status":"publish","type":"post","link":"https:\/\/tuzlainfo.ba\/index.php\/bosna-i-hercegovina\/item\/187223-tuzilastvo-bih-danas-ce-zvanicno-dobiti-novog-glavnog-tuzitelja\/","title":{"rendered":"Tu\u017eila\u0161tvo BiH danas \u0107e zvani\u010dno dobiti novog glavnog tu\u017eitelja"},"content":{"rendered":"<p>Na sjednici Visokog sudskog i tu\u017eila\u010dkog vije\u0107a BiH (VSTV) koja je zakazana za danas bit \u0107e imenovan glavni tu\u017eitelj Tu\u017eila\u0161tva Bosne i Hercegovine.<\/p>\n<p>Jedini kandidat je aktuelni v.d. glavnog tu\u017eitelja Milanko Kajgani\u0107.<\/p>\n<p>&nbsp;<\/p>\n<p>On je ostao usamljen s obzirom da su njegovi protukandidati otpali iz utrke u fotofini\u0161u.<\/p>\n<p>&nbsp;<\/p>\n<p>Diana Kajmakovi\u0107 zbog kompromitovanosti i istraga koje se vode protiv nje, Miroslav Janji\u0107 se povukao nakon \u0161to mu je izre\u010dena disciplinska mjera, a Seid Maru\u0161i\u0107 nije pre\u0161ao potrebni prag za kandidaturu.<\/p>\n<p>&nbsp;<\/p>\n<p>O njegovom imenovanju \u0107e VSTV odlu\u010divati nakon \u0161to predstavi svoj program rada.<\/p>\n<p>&nbsp;<\/p>\n<p>\u010clanovi Visokog sudskog i tu\u017eila\u010dkog vije\u0107a krajem septembra razmatrali su provo\u0111enje konkursa za glavnog tu\u017eioca BiH prilikom \u010dega su odlu\u010dili da ne ponavljaju konkurs, ali u razmatranje ne ulaze kompromitovani kandidati.<\/p>\n<p>&nbsp;<\/p>\n<p>Ina\u010de, Kajgani\u0107 je tokom tu\u017eiteljske karijere vodio i vodi predmete protiv Azre Ba\u0161i\u0107, \u0110ure Matuzovi\u0107a, Adema Kostjerevca, Ramiza Drekovi\u0107a i drugih osumnji\u010denih za ratne zlo\u010dine. Zbog svih tih imena, u javnosti se stvorio utisak da je istrage vodio uglavnom protiv pripadnika Armije BiH, odnosno protiv Bo\u0161njaka i Hrvata. Kajgani\u0107 pak navodi da nije sam birao predmete.<\/p>\n<p>&nbsp;<\/p>\n<p>&#8220;Nisam sam sebi dodjeljivao predmete, to su radili moji tada\u0161nji rukovodioci, ja sam samo radio na predmetima za koje sam bio zadu\u017een apsolutno ne gledaju\u0107i ko su osumnji\u010deni, optu\u017eeni, ko su \u017ertve&#8221;, rekao je Kajgani\u0107 pro\u0161le godine, prenosi Klix.<\/p>\n<p>&nbsp;<\/p>\n<p>Osim optu\u017ebi da se u svom tu\u017eila\u010dkom radu na ratnim zlo\u010dinima fokusirao samo na procesuiranje Bo\u0161njaka i Hrvata, njemu mnogi spo\u010ditavaju da je kadar Milana Tegeltije te da je privr\u017een SNSD-u kao politi\u010dkoj opciji. No, Kajgani\u0107 odlu\u010dno negira sve navode.<\/p>\n<p>&nbsp;<\/p>\n<p>Govore\u0107i o sve ve\u0107im politi\u010dkim pritiscima na pravosu\u0111e, Kajgani\u0107 nagla\u0161ava da ne postoji razlog da tu\u017eioci podlegnu takvim pritiscima te da \u0107e se potruditi da se takve stvari ne de\u0161avaju dok je Tu\u017eila\u0161tvo BiH pod njegovom dirigentskom palicom.<\/p>\n<p>&nbsp;<\/p>\n","protected":false},"excerpt":{"rendered":"<p>Na sjednici Visokog sudskog i tu\u017eila\u010dkog vije\u0107a BiH (VSTV) koja je zakazana za danas bit \u0107e imenovan glavni tu\u017eitelj Tu\u017eila\u0161tva Bosne i Hercegovine. Jedini kandidat je aktuelni v.d. glavnog tu\u017eitelja Milanko Kajgani\u0107. &nbsp; On je ostao usamljen s obzirom da su njegovi protukandidati otpali iz utrke u fotofini\u0161u. &nbsp; Diana Kajmakovi\u0107 zbog kompromitovanosti i istraga [&hellip;]<\/p>\n","protected":false},"author":4,"featured_media":187224,"comment_status":"open","ping_status":"closed","sticky":false,"template":"","format":"standard","meta":{"footnotes":""},"categories":[291,304],"tags":[5549,685,585],"class_list":["post-187223","post","type-post","status-publish","format-standard","has-post-thumbnail","hentry","category-bosna-i-hercegovina","category-istaknuto","tag-milenko-kajganic","tag-tuzilastvo-bih","tag-vstv"],"yoast_head":"<!-- This site is optimized with the Yoast SEO plugin v28.4 - https:\/\/yoast.com\/product\/yoast-seo-wordpress\/ -->\n<title>Tu\u017eila\u0161tvo BiH danas \u0107e zvani\u010dno dobiti novog glavnog tu\u017eitelja<\/title>\n<meta name=\"robots\" content=\"index, follow, max-snippet:-1, max-image-preview:large, max-video-preview:-1\" \/>\n<link rel=\"canonical\" href=\"https:\/\/tuzlainfo.ba\/index.php\/bosna-i-hercegovina\/item\/187223-tuzilastvo-bih-danas-ce-zvanicno-dobiti-novog-glavnog-tuzitelja\/\" \/>\n<meta property=\"og:locale\" content=\"bs_BA\" \/>\n<meta property=\"og:type\" content=\"article\" \/>\n<meta property=\"og:title\" content=\"Tu\u017eila\u0161tvo BiH danas \u0107e zvani\u010dno dobiti novog glavnog tu\u017eitelja\" \/>\n<meta property=\"og:description\" content=\"Na sjednici Visokog sudskog i tu\u017eila\u010dkog vije\u0107a BiH (VSTV) koja je zakazana za danas bit \u0107e imenovan glavni tu\u017eitelj Tu\u017eila\u0161tva Bosne i Hercegovine. Jedini kandidat je aktuelni v.d. glavnog tu\u017eitelja Milanko Kajgani\u0107. &nbsp; On je ostao usamljen s obzirom da su njegovi protukandidati otpali iz utrke u fotofini\u0161u. &nbsp; Diana Kajmakovi\u0107 zbog kompromitovanosti i istraga [&hellip;]\" \/>\n<meta property=\"og:url\" content=\"https:\/\/tuzlainfo.ba\/index.php\/bosna-i-hercegovina\/item\/187223-tuzilastvo-bih-danas-ce-zvanicno-dobiti-novog-glavnog-tuzitelja\/\" \/>\n<meta property=\"og:site_name\" content=\"TuzlaInfo.ba\" \/>\n<meta property=\"article:publisher\" content=\"https:\/\/www.facebook.com\/tuzlainfo.ba\/\" \/>\n<meta property=\"article:published_time\" content=\"2022-10-20T07:15:41+00:00\" \/>\n<meta property=\"og:image\" content=\"https:\/\/tuzlainfo.ba\/wp-content\/uploads\/2022\/10\/inbound7349970877020967799.png\" \/>\n\t<meta property=\"og:image:width\" content=\"900\" \/>\n\t<meta property=\"og:image:height\" content=\"506\" \/>\n\t<meta property=\"og:image:type\" content=\"image\/png\" \/>\n<meta name=\"author\" content=\"Tuzla Info\" \/>\n<meta name=\"twitter:card\" content=\"summary_large_image\" \/>\n<meta name=\"twitter:label1\" content=\"Written by\" \/>\n\t<meta name=\"twitter:data1\" content=\"Tuzla Info\" \/>\n\t<meta name=\"twitter:label2\" content=\"Est. reading time\" \/>\n\t<meta name=\"twitter:data2\" content=\"2 minute\" \/>\n<script type=\"application\/ld+json\" class=\"yoast-schema-graph\">{\"@context\":\"https:\\\/\\\/schema.org\",\"@graph\":[{\"@type\":\"Article\",\"@id\":\"https:\\\/\\\/tuzlainfo.ba\\\/index.php\\\/bosna-i-hercegovina\\\/item\\\/187223-tuzilastvo-bih-danas-ce-zvanicno-dobiti-novog-glavnog-tuzitelja\\\/#article\",\"isPartOf\":{\"@id\":\"https:\\\/\\\/tuzlainfo.ba\\\/index.php\\\/bosna-i-hercegovina\\\/item\\\/187223-tuzilastvo-bih-danas-ce-zvanicno-dobiti-novog-glavnog-tuzitelja\\\/\"},\"author\":{\"name\":\"Tuzla Info\",\"@id\":\"https:\\\/\\\/tuzlainfo.ba\\\/#\\\/schema\\\/person\\\/46cad4c57790cbc50781edd14870825a\"},\"headline\":\"Tu\u017eila\u0161tvo BiH danas \u0107e zvani\u010dno dobiti novog glavnog tu\u017eitelja\",\"datePublished\":\"2022-10-20T07:15:41+00:00\",\"mainEntityOfPage\":{\"@id\":\"https:\\\/\\\/tuzlainfo.ba\\\/index.php\\\/bosna-i-hercegovina\\\/item\\\/187223-tuzilastvo-bih-danas-ce-zvanicno-dobiti-novog-glavnog-tuzitelja\\\/\"},\"wordCount\":367,\"commentCount\":0,\"publisher\":{\"@id\":\"https:\\\/\\\/tuzlainfo.ba\\\/#organization\"},\"image\":{\"@id\":\"https:\\\/\\\/tuzlainfo.ba\\\/index.php\\\/bosna-i-hercegovina\\\/item\\\/187223-tuzilastvo-bih-danas-ce-zvanicno-dobiti-novog-glavnog-tuzitelja\\\/#primaryimage\"},\"thumbnailUrl\":\"https:\\\/\\\/tuzlainfo.ba\\\/wp-content\\\/uploads\\\/2022\\\/10\\\/inbound7349970877020967799.png\",\"keywords\":[\"Milenko Kajgani\u0107\",\"tu\u017eila\u0161tvo BiH\",\"VSTV\"],\"articleSection\":[\"Bosna i Hercegovina\",\"Istaknuto\"],\"inLanguage\":\"bs-BA\",\"copyrightYear\":\"2022\",\"copyrightHolder\":{\"@id\":\"https:\\\/\\\/tuzlainfo.ba\\\/#organization\"}},{\"@type\":\"WebPage\",\"@id\":\"https:\\\/\\\/tuzlainfo.ba\\\/index.php\\\/bosna-i-hercegovina\\\/item\\\/187223-tuzilastvo-bih-danas-ce-zvanicno-dobiti-novog-glavnog-tuzitelja\\\/\",\"url\":\"https:\\\/\\\/tuzlainfo.ba\\\/index.php\\\/bosna-i-hercegovina\\\/item\\\/187223-tuzilastvo-bih-danas-ce-zvanicno-dobiti-novog-glavnog-tuzitelja\\\/\",\"name\":\"Tu\u017eila\u0161tvo BiH danas \u0107e zvani\u010dno dobiti novog glavnog tu\u017eitelja\",\"isPartOf\":{\"@id\":\"https:\\\/\\\/tuzlainfo.ba\\\/#website\"},\"primaryImageOfPage\":{\"@id\":\"https:\\\/\\\/tuzlainfo.ba\\\/index.php\\\/bosna-i-hercegovina\\\/item\\\/187223-tuzilastvo-bih-danas-ce-zvanicno-dobiti-novog-glavnog-tuzitelja\\\/#primaryimage\"},\"image\":{\"@id\":\"https:\\\/\\\/tuzlainfo.ba\\\/index.php\\\/bosna-i-hercegovina\\\/item\\\/187223-tuzilastvo-bih-danas-ce-zvanicno-dobiti-novog-glavnog-tuzitelja\\\/#primaryimage\"},\"thumbnailUrl\":\"https:\\\/\\\/tuzlainfo.ba\\\/wp-content\\\/uploads\\\/2022\\\/10\\\/inbound7349970877020967799.png\",\"datePublished\":\"2022-10-20T07:15:41+00:00\",\"breadcrumb\":{\"@id\":\"https:\\\/\\\/tuzlainfo.ba\\\/index.php\\\/bosna-i-hercegovina\\\/item\\\/187223-tuzilastvo-bih-danas-ce-zvanicno-dobiti-novog-glavnog-tuzitelja\\\/#breadcrumb\"},\"inLanguage\":\"bs-BA\",\"potentialAction\":[{\"@type\":\"ReadAction\",\"target\":[\"https:\\\/\\\/tuzlainfo.ba\\\/index.php\\\/bosna-i-hercegovina\\\/item\\\/187223-tuzilastvo-bih-danas-ce-zvanicno-dobiti-novog-glavnog-tuzitelja\\\/\"]}]},{\"@type\":\"ImageObject\",\"inLanguage\":\"bs-BA\",\"@id\":\"https:\\\/\\\/tuzlainfo.ba\\\/index.php\\\/bosna-i-hercegovina\\\/item\\\/187223-tuzilastvo-bih-danas-ce-zvanicno-dobiti-novog-glavnog-tuzitelja\\\/#primaryimage\",\"url\":\"https:\\\/\\\/tuzlainfo.ba\\\/wp-content\\\/uploads\\\/2022\\\/10\\\/inbound7349970877020967799.png\",\"contentUrl\":\"https:\\\/\\\/tuzlainfo.ba\\\/wp-content\\\/uploads\\\/2022\\\/10\\\/inbound7349970877020967799.png\",\"width\":900,\"height\":506},{\"@type\":\"BreadcrumbList\",\"@id\":\"https:\\\/\\\/tuzlainfo.ba\\\/index.php\\\/bosna-i-hercegovina\\\/item\\\/187223-tuzilastvo-bih-danas-ce-zvanicno-dobiti-novog-glavnog-tuzitelja\\\/#breadcrumb\",\"itemListElement\":[{\"@type\":\"ListItem\",\"position\":1,\"name\":\"Home\",\"item\":\"https:\\\/\\\/tuzlainfo.ba\\\/\"},{\"@type\":\"ListItem\",\"position\":2,\"name\":\"Tu\u017eila\u0161tvo BiH danas \u0107e zvani\u010dno dobiti novog glavnog tu\u017eitelja\"}]},{\"@type\":\"WebSite\",\"@id\":\"https:\\\/\\\/tuzlainfo.ba\\\/#website\",\"url\":\"https:\\\/\\\/tuzlainfo.ba\\\/\",\"name\":\"TuzlaInfo.ba\",\"description\":\"Tuzla info, gradski informator - Tuzla na dlanu\",\"publisher\":{\"@id\":\"https:\\\/\\\/tuzlainfo.ba\\\/#organization\"},\"potentialAction\":[{\"@type\":\"SearchAction\",\"target\":{\"@type\":\"EntryPoint\",\"urlTemplate\":\"https:\\\/\\\/tuzlainfo.ba\\\/?s={search_term_string}\"},\"query-input\":{\"@type\":\"PropertyValueSpecification\",\"valueRequired\":true,\"valueName\":\"search_term_string\"}}],\"inLanguage\":\"bs-BA\"},{\"@type\":\"Organization\",\"@id\":\"https:\\\/\\\/tuzlainfo.ba\\\/#organization\",\"name\":\"TuzlaInfo.ba\",\"url\":\"https:\\\/\\\/tuzlainfo.ba\\\/\",\"logo\":{\"@type\":\"ImageObject\",\"inLanguage\":\"bs-BA\",\"@id\":\"https:\\\/\\\/tuzlainfo.ba\\\/#\\\/schema\\\/logo\\\/image\\\/\",\"url\":\"https:\\\/\\\/tuzlainfo.ba\\\/wp-content\\\/uploads\\\/2021\\\/03\\\/logo-ver-3-1.png\",\"contentUrl\":\"https:\\\/\\\/tuzlainfo.ba\\\/wp-content\\\/uploads\\\/2021\\\/03\\\/logo-ver-3-1.png\",\"width\":350,\"height\":95,\"caption\":\"TuzlaInfo.ba\"},\"image\":{\"@id\":\"https:\\\/\\\/tuzlainfo.ba\\\/#\\\/schema\\\/logo\\\/image\\\/\"},\"sameAs\":[\"https:\\\/\\\/www.facebook.com\\\/tuzlainfo.ba\\\/\"]},{\"@type\":\"Person\",\"@id\":\"https:\\\/\\\/tuzlainfo.ba\\\/#\\\/schema\\\/person\\\/46cad4c57790cbc50781edd14870825a\",\"name\":\"Tuzla Info\",\"image\":{\"@type\":\"ImageObject\",\"inLanguage\":\"bs-BA\",\"@id\":\"https:\\\/\\\/secure.gravatar.com\\\/avatar\\\/e980921b00fa2e552723a2386544734ce6885d2b2304ccca3f45186f9ca4031d?s=96&d=mm&r=g\",\"url\":\"https:\\\/\\\/secure.gravatar.com\\\/avatar\\\/e980921b00fa2e552723a2386544734ce6885d2b2304ccca3f45186f9ca4031d?s=96&d=mm&r=g\",\"contentUrl\":\"https:\\\/\\\/secure.gravatar.com\\\/avatar\\\/e980921b00fa2e552723a2386544734ce6885d2b2304ccca3f45186f9ca4031d?s=96&d=mm&r=g\",\"caption\":\"Tuzla Info\"}}]}<\/script>\n<!-- \/ Yoast SEO plugin. -->","yoast_head_json":{"title":"Tu\u017eila\u0161tvo BiH danas \u0107e zvani\u010dno dobiti novog glavnog tu\u017eitelja","robots":{"index":"index","follow":"follow","max-snippet":"max-snippet:-1","max-image-preview":"max-image-preview:large","max-video-preview":"max-video-preview:-1"},"canonical":"https:\/\/tuzlainfo.ba\/index.php\/bosna-i-hercegovina\/item\/187223-tuzilastvo-bih-danas-ce-zvanicno-dobiti-novog-glavnog-tuzitelja\/","og_locale":"bs_BA","og_type":"article","og_title":"Tu\u017eila\u0161tvo BiH danas \u0107e zvani\u010dno dobiti novog glavnog tu\u017eitelja","og_description":"Na sjednici Visokog sudskog i tu\u017eila\u010dkog vije\u0107a BiH (VSTV) koja je zakazana za danas bit \u0107e imenovan glavni tu\u017eitelj Tu\u017eila\u0161tva Bosne i Hercegovine. Jedini kandidat je aktuelni v.d. glavnog tu\u017eitelja Milanko Kajgani\u0107. &nbsp; On je ostao usamljen s obzirom da su njegovi protukandidati otpali iz utrke u fotofini\u0161u. &nbsp; Diana Kajmakovi\u0107 zbog kompromitovanosti i istraga [&hellip;]","og_url":"https:\/\/tuzlainfo.ba\/index.php\/bosna-i-hercegovina\/item\/187223-tuzilastvo-bih-danas-ce-zvanicno-dobiti-novog-glavnog-tuzitelja\/","og_site_name":"TuzlaInfo.ba","article_publisher":"https:\/\/www.facebook.com\/tuzlainfo.ba\/","article_published_time":"2022-10-20T07:15:41+00:00","og_image":[{"width":900,"height":506,"url":"https:\/\/tuzlainfo.ba\/wp-content\/uploads\/2022\/10\/inbound7349970877020967799.png","type":"image\/png"}],"author":"Tuzla Info","twitter_card":"summary_large_image","twitter_misc":{"Written by":"Tuzla Info","Est. reading time":"2 minute"},"schema":{"@context":"https:\/\/schema.org","@graph":[{"@type":"Article","@id":"https:\/\/tuzlainfo.ba\/index.php\/bosna-i-hercegovina\/item\/187223-tuzilastvo-bih-danas-ce-zvanicno-dobiti-novog-glavnog-tuzitelja\/#article","isPartOf":{"@id":"https:\/\/tuzlainfo.ba\/index.php\/bosna-i-hercegovina\/item\/187223-tuzilastvo-bih-danas-ce-zvanicno-dobiti-novog-glavnog-tuzitelja\/"},"author":{"name":"Tuzla Info","@id":"https:\/\/tuzlainfo.ba\/#\/schema\/person\/46cad4c57790cbc50781edd14870825a"},"headline":"Tu\u017eila\u0161tvo BiH danas \u0107e zvani\u010dno dobiti novog glavnog tu\u017eitelja","datePublished":"2022-10-20T07:15:41+00:00","mainEntityOfPage":{"@id":"https:\/\/tuzlainfo.ba\/index.php\/bosna-i-hercegovina\/item\/187223-tuzilastvo-bih-danas-ce-zvanicno-dobiti-novog-glavnog-tuzitelja\/"},"wordCount":367,"commentCount":0,"publisher":{"@id":"https:\/\/tuzlainfo.ba\/#organization"},"image":{"@id":"https:\/\/tuzlainfo.ba\/index.php\/bosna-i-hercegovina\/item\/187223-tuzilastvo-bih-danas-ce-zvanicno-dobiti-novog-glavnog-tuzitelja\/#primaryimage"},"thumbnailUrl":"https:\/\/tuzlainfo.ba\/wp-content\/uploads\/2022\/10\/inbound7349970877020967799.png","keywords":["Milenko Kajgani\u0107","tu\u017eila\u0161tvo BiH","VSTV"],"articleSection":["Bosna i Hercegovina","Istaknuto"],"inLanguage":"bs-BA","copyrightYear":"2022","copyrightHolder":{"@id":"https:\/\/tuzlainfo.ba\/#organization"}},{"@type":"WebPage","@id":"https:\/\/tuzlainfo.ba\/index.php\/bosna-i-hercegovina\/item\/187223-tuzilastvo-bih-danas-ce-zvanicno-dobiti-novog-glavnog-tuzitelja\/","url":"https:\/\/tuzlainfo.ba\/index.php\/bosna-i-hercegovina\/item\/187223-tuzilastvo-bih-danas-ce-zvanicno-dobiti-novog-glavnog-tuzitelja\/","name":"Tu\u017eila\u0161tvo BiH danas \u0107e zvani\u010dno dobiti novog glavnog tu\u017eitelja","isPartOf":{"@id":"https:\/\/tuzlainfo.ba\/#website"},"primaryImageOfPage":{"@id":"https:\/\/tuzlainfo.ba\/index.php\/bosna-i-hercegovina\/item\/187223-tuzilastvo-bih-danas-ce-zvanicno-dobiti-novog-glavnog-tuzitelja\/#primaryimage"},"image":{"@id":"https:\/\/tuzlainfo.ba\/index.php\/bosna-i-hercegovina\/item\/187223-tuzilastvo-bih-danas-ce-zvanicno-dobiti-novog-glavnog-tuzitelja\/#primaryimage"},"thumbnailUrl":"https:\/\/tuzlainfo.ba\/wp-content\/uploads\/2022\/10\/inbound7349970877020967799.png","datePublished":"2022-10-20T07:15:41+00:00","breadcrumb":{"@id":"https:\/\/tuzlainfo.ba\/index.php\/bosna-i-hercegovina\/item\/187223-tuzilastvo-bih-danas-ce-zvanicno-dobiti-novog-glavnog-tuzitelja\/#breadcrumb"},"inLanguage":"bs-BA","potentialAction":[{"@type":"ReadAction","target":["https:\/\/tuzlainfo.ba\/index.php\/bosna-i-hercegovina\/item\/187223-tuzilastvo-bih-danas-ce-zvanicno-dobiti-novog-glavnog-tuzitelja\/"]}]},{"@type":"ImageObject","inLanguage":"bs-BA","@id":"https:\/\/tuzlainfo.ba\/index.php\/bosna-i-hercegovina\/item\/187223-tuzilastvo-bih-danas-ce-zvanicno-dobiti-novog-glavnog-tuzitelja\/#primaryimage","url":"https:\/\/tuzlainfo.ba\/wp-content\/uploads\/2022\/10\/inbound7349970877020967799.png","contentUrl":"https:\/\/tuzlainfo.ba\/wp-content\/uploads\/2022\/10\/inbound7349970877020967799.png","width":900,"height":506},{"@type":"BreadcrumbList","@id":"https:\/\/tuzlainfo.ba\/index.php\/bosna-i-hercegovina\/item\/187223-tuzilastvo-bih-danas-ce-zvanicno-dobiti-novog-glavnog-tuzitelja\/#breadcrumb","itemListElement":[{"@type":"ListItem","position":1,"name":"Home","item":"https:\/\/tuzlainfo.ba\/"},{"@type":"ListItem","position":2,"name":"Tu\u017eila\u0161tvo BiH danas \u0107e zvani\u010dno dobiti novog glavnog tu\u017eitelja"}]},{"@type":"WebSite","@id":"https:\/\/tuzlainfo.ba\/#website","url":"https:\/\/tuzlainfo.ba\/","name":"TuzlaInfo.ba","description":"Tuzla info, gradski informator - Tuzla na dlanu","publisher":{"@id":"https:\/\/tuzlainfo.ba\/#organization"},"potentialAction":[{"@type":"SearchAction","target":{"@type":"EntryPoint","urlTemplate":"https:\/\/tuzlainfo.ba\/?s={search_term_string}"},"query-input":{"@type":"PropertyValueSpecification","valueRequired":true,"valueName":"search_term_string"}}],"inLanguage":"bs-BA"},{"@type":"Organization","@id":"https:\/\/tuzlainfo.ba\/#organization","name":"TuzlaInfo.ba","url":"https:\/\/tuzlainfo.ba\/","logo":{"@type":"ImageObject","inLanguage":"bs-BA","@id":"https:\/\/tuzlainfo.ba\/#\/schema\/logo\/image\/","url":"https:\/\/tuzlainfo.ba\/wp-content\/uploads\/2021\/03\/logo-ver-3-1.png","contentUrl":"https:\/\/tuzlainfo.ba\/wp-content\/uploads\/2021\/03\/logo-ver-3-1.png","width":350,"height":95,"caption":"TuzlaInfo.ba"},"image":{"@id":"https:\/\/tuzlainfo.ba\/#\/schema\/logo\/image\/"},"sameAs":["https:\/\/www.facebook.com\/tuzlainfo.ba\/"]},{"@type":"Person","@id":"https:\/\/tuzlainfo.ba\/#\/schema\/person\/46cad4c57790cbc50781edd14870825a","name":"Tuzla Info","image":{"@type":"ImageObject","inLanguage":"bs-BA","@id":"https:\/\/secure.gravatar.com\/avatar\/e980921b00fa2e552723a2386544734ce6885d2b2304ccca3f45186f9ca4031d?s=96&d=mm&r=g","url":"https:\/\/secure.gravatar.com\/avatar\/e980921b00fa2e552723a2386544734ce6885d2b2304ccca3f45186f9ca4031d?s=96&d=mm&r=g","contentUrl":"https:\/\/secure.gravatar.com\/avatar\/e980921b00fa2e552723a2386544734ce6885d2b2304ccca3f45186f9ca4031d?s=96&d=mm&r=g","caption":"Tuzla Info"}}]}},"_links":{"self":[{"href":"https:\/\/tuzlainfo.ba\/index.php\/wp-json\/wp\/v2\/posts\/187223","targetHints":{"allow":["GET"]}}],"collection":[{"href":"https:\/\/tuzlainfo.ba\/index.php\/wp-json\/wp\/v2\/posts"}],"about":[{"href":"https:\/\/tuzlainfo.ba\/index.php\/wp-json\/wp\/v2\/types\/post"}],"author":[{"embeddable":true,"href":"https:\/\/tuzlainfo.ba\/index.php\/wp-json\/wp\/v2\/users\/4"}],"replies":[{"embeddable":true,"href":"https:\/\/tuzlainfo.ba\/index.php\/wp-json\/wp\/v2\/comments?post=187223"}],"version-history":[{"count":0,"href":"https:\/\/tuzlainfo.ba\/index.php\/wp-json\/wp\/v2\/posts\/187223\/revisions"}],"wp:featuredmedia":[{"embeddable":true,"href":"https:\/\/tuzlainfo.ba\/index.php\/wp-json\/wp\/v2\/media\/187224"}],"wp:attachment":[{"href":"https:\/\/tuzlainfo.ba\/index.php\/wp-json\/wp\/v2\/media?parent=187223"}],"wp:term":[{"taxonomy":"category","embeddable":true,"href":"https:\/\/tuzlainfo.ba\/index.php\/wp-json\/wp\/v2\/categories?post=187223"},{"taxonomy":"post_tag","embeddable":true,"href":"https:\/\/tuzlainfo.ba\/index.php\/wp-json\/wp\/v2\/tags?post=187223"}],"curies":[{"name":"wp","href":"https:\/\/api.w.org\/{rel}","templated":true}]}}