{"id":187152,"date":"2022-10-19T09:06:10","date_gmt":"2022-10-19T07:06:10","guid":{"rendered":"https:\/\/tuzlainfo.ba\/?p=187152"},"modified":"2022-10-19T09:06:10","modified_gmt":"2022-10-19T07:06:10","slug":"danas-19-godisnjica-smrti-alija-izetbegovic-prvog-predsjednika-medjunarodno-priznate-drzave-bih","status":"publish","type":"post","link":"https:\/\/tuzlainfo.ba\/index.php\/bosna-i-hercegovina\/item\/187152-danas-19-godisnjica-smrti-alija-izetbegovic-prvog-predsjednika-medjunarodno-priznate-drzave-bih\/","title":{"rendered":"Danas 19. godi\u0161njica smrti Alija Izetbegovi\u0107, prvog predsjednika me\u0111unarodno priznate dr\u017eave BiH"},"content":{"rendered":"<div class=\"x11i5rnm xat24cr x1mh8g0r x1vvkbs xtlvy1s x126k92a\">\n<p dir=\"auto\">Danas se obilje\u017eava 19. godi\u0161njica smrti prvog predsjednika Predsjedni\u0161tva Republike Bosne i Hercegovine Alije Izetbegovi\u0107a, a tim povodom danas, u srijedu 19.10.2022. godine u 11 sati na \u0160ehidskom mezarju Kova\u010di, porodica, prijatelji, predstavnici politi\u010dkih i stranih delegacija polo\u017eiti \u0107e cvije\u0107e na mezaru i odati po\u010dast u znak sje\u0107anja na predsjednika Izetbegovi\u0107a.<\/p>\n<\/div>\n<div dir=\"auto\">Istim povodom tog dana \u0107e biti uprili\u010dena i sve\u010dena akademija u Narodnom pozori\u0161tu, sa po\u010detkom u 20 sati. Akademija tradicionalno okuplja eminentne zvanice iz sfera dru\u0161tvenog, kulturnog, politi\u010dkog i akademskog \u017eivota. U okviru programa, u Narodnom pozori\u0161tu \u0107e biti uprili\u010dena i izlo\u017eba fotografija \u201cAlija Izetbegovi\u0107 &#8211; izme\u0111u Istoka i Zapada\u201d.<\/div>\n<div class=\"x11i5rnm xat24cr x1mh8g0r x1vvkbs xtlvy1s x126k92a\">\n<p dir=\"auto\">Zvanicama \u0107e se obratiti gdin. Milan Ku\u010dan, biv\u0161i predsjednik Republike Slovenije, gdin. Jakob Finci, predsjednik Jevrejske zajednice u BiH, gdin. Amor Ma\u0161ovi\u0107, dugogodi\u0161nji direktor Instituta za nestale osobe BiH te g\u0111a. Sabina Berberovi\u0107, \u010dlanica Upravnog odbora Fondacije \u201eAlija Izetbegovi\u0107\u201c.<\/p>\n<p>Alija Izetbegovi\u0107 bio je prvi predsjednik me\u0111unarodno priznate dr\u017eave Bosne i Hercegovine i vrhovni komandant Armije RBiH tokom agresije na BiH. Ro\u0111en je 8. augusta 1925. godine u Bosanskom \u0160amcu, a umro je 19. oktobra 2003. u Sarajevu. Sahranjen je na \u0161ehidskom mezarju Kova\u010di.<\/p>\n<p>Odrastao je i \u0161kolovao se u Sarajevu, gdje je i diplomirao na Pravnom fakultetu. Kao pravni savjetnik, radio je u vi\u0161e sarajevskih preduze\u0107a. Zbog svojih politi\u010dkih opredjeljenja i djelovanja dva puta je zatvaran i osu\u0111ivan. U poznatom, politi\u010dki montiranom &#8220;Sarajevskom procesu&#8221;, kao prvooptu\u017eeni u grupi od 13 muslimanskih intelektualaca, osu\u0111en je na 14 godina zatvora.<\/p>\n<p>Pokrenuo je formiranje Stranke demokratske akcije i na prvoj osniva\u010dkoj skup\u0161tini, 25. maja 1990. godine, postao njen prvi predsjednik. Nakon pobjede SDA na prvim vi\u0161estrana\u010dkim parlamentarnim izborima, 1990. godine, Izetbegovi\u0107 je izabran za prvog predsjednika Predsjedni\u0161tva BiH.<\/p>\n<p>Nakon prvih poslijeratnih vi\u0161estrana\u010dkih izbora, 1996. godine, izabran je za \u010dlana, a potom i za predsjedavaju\u0107eg Predsjedni\u0161tva BiH.<\/p>\n<p>Poslije deset godina obavljanja funkcije \u010dlana Predsjedni\u0161tva BiH, iz zdravstvenih razloga, 2000. godine, podnio je ostavku na mjesto \u010dlana Predsjedni\u0161tva BiH. Autor je ve\u0107eg broja publicisti\u010dkih radova, studija i knjiga koje su prevedene na vi\u0161e svjetskih jezika.<\/p>\n<\/div>\n","protected":false},"excerpt":{"rendered":"<p>Danas se obilje\u017eava 19. godi\u0161njica smrti prvog predsjednika Predsjedni\u0161tva Republike Bosne i Hercegovine Alije Izetbegovi\u0107a,&hellip;<\/p>\n","protected":false},"author":2,"featured_media":58977,"comment_status":"open","ping_status":"closed","sticky":false,"template":"","format":"standard","meta":{"_acf_changed":false,"footnotes":""},"categories":[291,304],"tags":[550],"acf":[],"yoast_head":"<!-- This site is optimized with the Yoast SEO plugin v23.5 - https:\/\/yoast.com\/wordpress\/plugins\/seo\/ -->\n<title>Danas 19. godi\u0161njica smrti Alija Izetbegovi\u0107, prvog predsjednika me\u0111unarodno priznate dr\u017eave BiH - TuzlaInfo.ba<\/title>\n<meta name=\"robots\" content=\"index, follow, max-snippet:-1, max-image-preview:large, max-video-preview:-1\" \/>\n<link rel=\"canonical\" href=\"https:\/\/tuzlainfo.ba\/index.php\/bosna-i-hercegovina\/item\/187152-danas-19-godisnjica-smrti-alija-izetbegovic-prvog-predsjednika-medjunarodno-priznate-drzave-bih\/\" \/>\n<meta property=\"og:locale\" content=\"bs_BA\" \/>\n<meta property=\"og:type\" content=\"article\" \/>\n<meta property=\"og:title\" content=\"Danas 19. godi\u0161njica smrti Alija Izetbegovi\u0107, prvog predsjednika me\u0111unarodno priznate dr\u017eave BiH - TuzlaInfo.ba\" \/>\n<meta property=\"og:description\" content=\"Danas se obilje\u017eava 19. godi\u0161njica smrti prvog predsjednika Predsjedni\u0161tva Republike Bosne i Hercegovine Alije Izetbegovi\u0107a,&hellip;\" \/>\n<meta property=\"og:url\" content=\"https:\/\/tuzlainfo.ba\/index.php\/bosna-i-hercegovina\/item\/187152-danas-19-godisnjica-smrti-alija-izetbegovic-prvog-predsjednika-medjunarodno-priznate-drzave-bih\/\" \/>\n<meta property=\"og:site_name\" content=\"TuzlaInfo.ba\" \/>\n<meta property=\"article:publisher\" content=\"https:\/\/www.facebook.com\/tuzlainfo.ba\/\" \/>\n<meta property=\"article:published_time\" content=\"2022-10-19T07:06:10+00:00\" \/>\n<meta property=\"og:image\" content=\"https:\/\/tuzlainfo.ba\/wp-content\/uploads\/2017\/10\/sadrzaj_2017_20171001_1910_alija.jpg\" \/>\n\t<meta property=\"og:image:width\" content=\"770\" \/>\n\t<meta property=\"og:image:height\" content=\"459\" \/>\n\t<meta property=\"og:image:type\" content=\"image\/jpeg\" \/>\n<meta name=\"author\" content=\"nedim\" \/>\n<meta name=\"twitter:card\" content=\"summary_large_image\" \/>\n<meta name=\"twitter:label1\" content=\"Written by\" \/>\n\t<meta name=\"twitter:data1\" content=\"nedim\" \/>\n\t<meta name=\"twitter:label2\" content=\"Est. reading time\" \/>\n\t<meta name=\"twitter:data2\" content=\"2 minute\" \/>\n<script type=\"application\/ld+json\" class=\"yoast-schema-graph\">{\"@context\":\"https:\/\/schema.org\",\"@graph\":[{\"@type\":\"Article\",\"@id\":\"https:\/\/tuzlainfo.ba\/index.php\/bosna-i-hercegovina\/item\/187152-danas-19-godisnjica-smrti-alija-izetbegovic-prvog-predsjednika-medjunarodno-priznate-drzave-bih\/#article\",\"isPartOf\":{\"@id\":\"https:\/\/tuzlainfo.ba\/index.php\/bosna-i-hercegovina\/item\/187152-danas-19-godisnjica-smrti-alija-izetbegovic-prvog-predsjednika-medjunarodno-priznate-drzave-bih\/\"},\"author\":{\"name\":\"nedim\",\"@id\":\"https:\/\/tuzlainfo.ba\/#\/schema\/person\/f434e20dc27ea133923aab08451b7f7f\"},\"headline\":\"Danas 19. godi\u0161njica smrti Alija Izetbegovi\u0107, prvog predsjednika me\u0111unarodno priznate dr\u017eave BiH\",\"datePublished\":\"2022-10-19T07:06:10+00:00\",\"dateModified\":\"2022-10-19T07:06:10+00:00\",\"mainEntityOfPage\":{\"@id\":\"https:\/\/tuzlainfo.ba\/index.php\/bosna-i-hercegovina\/item\/187152-danas-19-godisnjica-smrti-alija-izetbegovic-prvog-predsjednika-medjunarodno-priznate-drzave-bih\/\"},\"wordCount\":381,\"commentCount\":0,\"publisher\":{\"@id\":\"https:\/\/tuzlainfo.ba\/#organization\"},\"image\":{\"@id\":\"https:\/\/tuzlainfo.ba\/index.php\/bosna-i-hercegovina\/item\/187152-danas-19-godisnjica-smrti-alija-izetbegovic-prvog-predsjednika-medjunarodno-priznate-drzave-bih\/#primaryimage\"},\"thumbnailUrl\":\"https:\/\/tuzlainfo.ba\/wp-content\/uploads\/2017\/10\/sadrzaj_2017_20171001_1910_alija.jpg\",\"keywords\":[\"alija izetbegovi\u0107\"],\"articleSection\":[\"Bosna i Hercegovina\",\"Istaknuto\"],\"inLanguage\":\"bs-BA\"},{\"@type\":\"WebPage\",\"@id\":\"https:\/\/tuzlainfo.ba\/index.php\/bosna-i-hercegovina\/item\/187152-danas-19-godisnjica-smrti-alija-izetbegovic-prvog-predsjednika-medjunarodno-priznate-drzave-bih\/\",\"url\":\"https:\/\/tuzlainfo.ba\/index.php\/bosna-i-hercegovina\/item\/187152-danas-19-godisnjica-smrti-alija-izetbegovic-prvog-predsjednika-medjunarodno-priznate-drzave-bih\/\",\"name\":\"Danas 19. godi\u0161njica smrti Alija Izetbegovi\u0107, prvog predsjednika me\u0111unarodno priznate dr\u017eave BiH - TuzlaInfo.ba\",\"isPartOf\":{\"@id\":\"https:\/\/tuzlainfo.ba\/#website\"},\"primaryImageOfPage\":{\"@id\":\"https:\/\/tuzlainfo.ba\/index.php\/bosna-i-hercegovina\/item\/187152-danas-19-godisnjica-smrti-alija-izetbegovic-prvog-predsjednika-medjunarodno-priznate-drzave-bih\/#primaryimage\"},\"image\":{\"@id\":\"https:\/\/tuzlainfo.ba\/index.php\/bosna-i-hercegovina\/item\/187152-danas-19-godisnjica-smrti-alija-izetbegovic-prvog-predsjednika-medjunarodno-priznate-drzave-bih\/#primaryimage\"},\"thumbnailUrl\":\"https:\/\/tuzlainfo.ba\/wp-content\/uploads\/2017\/10\/sadrzaj_2017_20171001_1910_alija.jpg\",\"datePublished\":\"2022-10-19T07:06:10+00:00\",\"dateModified\":\"2022-10-19T07:06:10+00:00\",\"breadcrumb\":{\"@id\":\"https:\/\/tuzlainfo.ba\/index.php\/bosna-i-hercegovina\/item\/187152-danas-19-godisnjica-smrti-alija-izetbegovic-prvog-predsjednika-medjunarodno-priznate-drzave-bih\/#breadcrumb\"},\"inLanguage\":\"bs-BA\",\"potentialAction\":[{\"@type\":\"ReadAction\",\"target\":[\"https:\/\/tuzlainfo.ba\/index.php\/bosna-i-hercegovina\/item\/187152-danas-19-godisnjica-smrti-alija-izetbegovic-prvog-predsjednika-medjunarodno-priznate-drzave-bih\/\"]}]},{\"@type\":\"ImageObject\",\"inLanguage\":\"bs-BA\",\"@id\":\"https:\/\/tuzlainfo.ba\/index.php\/bosna-i-hercegovina\/item\/187152-danas-19-godisnjica-smrti-alija-izetbegovic-prvog-predsjednika-medjunarodno-priznate-drzave-bih\/#primaryimage\",\"url\":\"https:\/\/tuzlainfo.ba\/wp-content\/uploads\/2017\/10\/sadrzaj_2017_20171001_1910_alija.jpg\",\"contentUrl\":\"https:\/\/tuzlainfo.ba\/wp-content\/uploads\/2017\/10\/sadrzaj_2017_20171001_1910_alija.jpg\",\"width\":770,\"height\":459,\"caption\":\"1910 alija\"},{\"@type\":\"BreadcrumbList\",\"@id\":\"https:\/\/tuzlainfo.ba\/index.php\/bosna-i-hercegovina\/item\/187152-danas-19-godisnjica-smrti-alija-izetbegovic-prvog-predsjednika-medjunarodno-priznate-drzave-bih\/#breadcrumb\",\"itemListElement\":[{\"@type\":\"ListItem\",\"position\":1,\"name\":\"Home\",\"item\":\"https:\/\/tuzlainfo.ba\/\"},{\"@type\":\"ListItem\",\"position\":2,\"name\":\"Danas 19. godi\u0161njica smrti Alija Izetbegovi\u0107, prvog predsjednika me\u0111unarodno priznate dr\u017eave BiH\"}]},{\"@type\":\"WebSite\",\"@id\":\"https:\/\/tuzlainfo.ba\/#website\",\"url\":\"https:\/\/tuzlainfo.ba\/\",\"name\":\"TuzlaInfo.ba\",\"description\":\"Tuzla info, gradski informator - Tuzla na dlanu\",\"publisher\":{\"@id\":\"https:\/\/tuzlainfo.ba\/#organization\"},\"potentialAction\":[{\"@type\":\"SearchAction\",\"target\":{\"@type\":\"EntryPoint\",\"urlTemplate\":\"https:\/\/tuzlainfo.ba\/?s={search_term_string}\"},\"query-input\":{\"@type\":\"PropertyValueSpecification\",\"valueRequired\":true,\"valueName\":\"search_term_string\"}}],\"inLanguage\":\"bs-BA\"},{\"@type\":\"Organization\",\"@id\":\"https:\/\/tuzlainfo.ba\/#organization\",\"name\":\"TuzlaInfo.ba\",\"url\":\"https:\/\/tuzlainfo.ba\/\",\"logo\":{\"@type\":\"ImageObject\",\"inLanguage\":\"bs-BA\",\"@id\":\"https:\/\/tuzlainfo.ba\/#\/schema\/logo\/image\/\",\"url\":\"https:\/\/tuzlainfo.ba\/wp-content\/uploads\/2021\/03\/logo-ver-3-1.png\",\"contentUrl\":\"https:\/\/tuzlainfo.ba\/wp-content\/uploads\/2021\/03\/logo-ver-3-1.png\",\"width\":350,\"height\":95,\"caption\":\"TuzlaInfo.ba\"},\"image\":{\"@id\":\"https:\/\/tuzlainfo.ba\/#\/schema\/logo\/image\/\"},\"sameAs\":[\"https:\/\/www.facebook.com\/tuzlainfo.ba\/\"]},{\"@type\":\"Person\",\"@id\":\"https:\/\/tuzlainfo.ba\/#\/schema\/person\/f434e20dc27ea133923aab08451b7f7f\",\"name\":\"nedim\",\"image\":{\"@type\":\"ImageObject\",\"inLanguage\":\"bs-BA\",\"@id\":\"https:\/\/tuzlainfo.ba\/#\/schema\/person\/image\/\",\"url\":\"https:\/\/tuzlainfo.ba\/wp-content\/litespeed\/avatar\/aabad687af24844af817603ac1cbdc4f.jpg?ver=1776702173\",\"contentUrl\":\"https:\/\/tuzlainfo.ba\/wp-content\/litespeed\/avatar\/aabad687af24844af817603ac1cbdc4f.jpg?ver=1776702173\",\"caption\":\"nedim\"},\"description\":\"Tuzlainfo.ba pratite na dru\u0161tvenim mre\u017eama: Facebook, Instagram i Youtube. Svoje pri\u010de, upite i fotografije \u0161aljite na na\u0161u e-mail adresu.\"}]}<\/script>\n<!-- \/ Yoast SEO plugin. -->","yoast_head_json":{"title":"Danas 19. godi\u0161njica smrti Alija Izetbegovi\u0107, prvog predsjednika me\u0111unarodno priznate dr\u017eave BiH - TuzlaInfo.ba","robots":{"index":"index","follow":"follow","max-snippet":"max-snippet:-1","max-image-preview":"max-image-preview:large","max-video-preview":"max-video-preview:-1"},"canonical":"https:\/\/tuzlainfo.ba\/index.php\/bosna-i-hercegovina\/item\/187152-danas-19-godisnjica-smrti-alija-izetbegovic-prvog-predsjednika-medjunarodno-priznate-drzave-bih\/","og_locale":"bs_BA","og_type":"article","og_title":"Danas 19. godi\u0161njica smrti Alija Izetbegovi\u0107, prvog predsjednika me\u0111unarodno priznate dr\u017eave BiH - TuzlaInfo.ba","og_description":"Danas se obilje\u017eava 19. godi\u0161njica smrti prvog predsjednika Predsjedni\u0161tva Republike Bosne i Hercegovine Alije Izetbegovi\u0107a,&hellip;","og_url":"https:\/\/tuzlainfo.ba\/index.php\/bosna-i-hercegovina\/item\/187152-danas-19-godisnjica-smrti-alija-izetbegovic-prvog-predsjednika-medjunarodno-priznate-drzave-bih\/","og_site_name":"TuzlaInfo.ba","article_publisher":"https:\/\/www.facebook.com\/tuzlainfo.ba\/","article_published_time":"2022-10-19T07:06:10+00:00","og_image":[{"width":770,"height":459,"url":"https:\/\/tuzlainfo.ba\/wp-content\/uploads\/2017\/10\/sadrzaj_2017_20171001_1910_alija.jpg","type":"image\/jpeg"}],"author":"nedim","twitter_card":"summary_large_image","twitter_misc":{"Written by":"nedim","Est. reading time":"2 minute"},"schema":{"@context":"https:\/\/schema.org","@graph":[{"@type":"Article","@id":"https:\/\/tuzlainfo.ba\/index.php\/bosna-i-hercegovina\/item\/187152-danas-19-godisnjica-smrti-alija-izetbegovic-prvog-predsjednika-medjunarodno-priznate-drzave-bih\/#article","isPartOf":{"@id":"https:\/\/tuzlainfo.ba\/index.php\/bosna-i-hercegovina\/item\/187152-danas-19-godisnjica-smrti-alija-izetbegovic-prvog-predsjednika-medjunarodno-priznate-drzave-bih\/"},"author":{"name":"nedim","@id":"https:\/\/tuzlainfo.ba\/#\/schema\/person\/f434e20dc27ea133923aab08451b7f7f"},"headline":"Danas 19. godi\u0161njica smrti Alija Izetbegovi\u0107, prvog predsjednika me\u0111unarodno priznate dr\u017eave BiH","datePublished":"2022-10-19T07:06:10+00:00","dateModified":"2022-10-19T07:06:10+00:00","mainEntityOfPage":{"@id":"https:\/\/tuzlainfo.ba\/index.php\/bosna-i-hercegovina\/item\/187152-danas-19-godisnjica-smrti-alija-izetbegovic-prvog-predsjednika-medjunarodno-priznate-drzave-bih\/"},"wordCount":381,"commentCount":0,"publisher":{"@id":"https:\/\/tuzlainfo.ba\/#organization"},"image":{"@id":"https:\/\/tuzlainfo.ba\/index.php\/bosna-i-hercegovina\/item\/187152-danas-19-godisnjica-smrti-alija-izetbegovic-prvog-predsjednika-medjunarodno-priznate-drzave-bih\/#primaryimage"},"thumbnailUrl":"https:\/\/tuzlainfo.ba\/wp-content\/uploads\/2017\/10\/sadrzaj_2017_20171001_1910_alija.jpg","keywords":["alija izetbegovi\u0107"],"articleSection":["Bosna i Hercegovina","Istaknuto"],"inLanguage":"bs-BA"},{"@type":"WebPage","@id":"https:\/\/tuzlainfo.ba\/index.php\/bosna-i-hercegovina\/item\/187152-danas-19-godisnjica-smrti-alija-izetbegovic-prvog-predsjednika-medjunarodno-priznate-drzave-bih\/","url":"https:\/\/tuzlainfo.ba\/index.php\/bosna-i-hercegovina\/item\/187152-danas-19-godisnjica-smrti-alija-izetbegovic-prvog-predsjednika-medjunarodno-priznate-drzave-bih\/","name":"Danas 19. godi\u0161njica smrti Alija Izetbegovi\u0107, prvog predsjednika me\u0111unarodno priznate dr\u017eave BiH - TuzlaInfo.ba","isPartOf":{"@id":"https:\/\/tuzlainfo.ba\/#website"},"primaryImageOfPage":{"@id":"https:\/\/tuzlainfo.ba\/index.php\/bosna-i-hercegovina\/item\/187152-danas-19-godisnjica-smrti-alija-izetbegovic-prvog-predsjednika-medjunarodno-priznate-drzave-bih\/#primaryimage"},"image":{"@id":"https:\/\/tuzlainfo.ba\/index.php\/bosna-i-hercegovina\/item\/187152-danas-19-godisnjica-smrti-alija-izetbegovic-prvog-predsjednika-medjunarodno-priznate-drzave-bih\/#primaryimage"},"thumbnailUrl":"https:\/\/tuzlainfo.ba\/wp-content\/uploads\/2017\/10\/sadrzaj_2017_20171001_1910_alija.jpg","datePublished":"2022-10-19T07:06:10+00:00","dateModified":"2022-10-19T07:06:10+00:00","breadcrumb":{"@id":"https:\/\/tuzlainfo.ba\/index.php\/bosna-i-hercegovina\/item\/187152-danas-19-godisnjica-smrti-alija-izetbegovic-prvog-predsjednika-medjunarodno-priznate-drzave-bih\/#breadcrumb"},"inLanguage":"bs-BA","potentialAction":[{"@type":"ReadAction","target":["https:\/\/tuzlainfo.ba\/index.php\/bosna-i-hercegovina\/item\/187152-danas-19-godisnjica-smrti-alija-izetbegovic-prvog-predsjednika-medjunarodno-priznate-drzave-bih\/"]}]},{"@type":"ImageObject","inLanguage":"bs-BA","@id":"https:\/\/tuzlainfo.ba\/index.php\/bosna-i-hercegovina\/item\/187152-danas-19-godisnjica-smrti-alija-izetbegovic-prvog-predsjednika-medjunarodno-priznate-drzave-bih\/#primaryimage","url":"https:\/\/tuzlainfo.ba\/wp-content\/uploads\/2017\/10\/sadrzaj_2017_20171001_1910_alija.jpg","contentUrl":"https:\/\/tuzlainfo.ba\/wp-content\/uploads\/2017\/10\/sadrzaj_2017_20171001_1910_alija.jpg","width":770,"height":459,"caption":"1910 alija"},{"@type":"BreadcrumbList","@id":"https:\/\/tuzlainfo.ba\/index.php\/bosna-i-hercegovina\/item\/187152-danas-19-godisnjica-smrti-alija-izetbegovic-prvog-predsjednika-medjunarodno-priznate-drzave-bih\/#breadcrumb","itemListElement":[{"@type":"ListItem","position":1,"name":"Home","item":"https:\/\/tuzlainfo.ba\/"},{"@type":"ListItem","position":2,"name":"Danas 19. godi\u0161njica smrti Alija Izetbegovi\u0107, prvog predsjednika me\u0111unarodno priznate dr\u017eave BiH"}]},{"@type":"WebSite","@id":"https:\/\/tuzlainfo.ba\/#website","url":"https:\/\/tuzlainfo.ba\/","name":"TuzlaInfo.ba","description":"Tuzla info, gradski informator - Tuzla na dlanu","publisher":{"@id":"https:\/\/tuzlainfo.ba\/#organization"},"potentialAction":[{"@type":"SearchAction","target":{"@type":"EntryPoint","urlTemplate":"https:\/\/tuzlainfo.ba\/?s={search_term_string}"},"query-input":{"@type":"PropertyValueSpecification","valueRequired":true,"valueName":"search_term_string"}}],"inLanguage":"bs-BA"},{"@type":"Organization","@id":"https:\/\/tuzlainfo.ba\/#organization","name":"TuzlaInfo.ba","url":"https:\/\/tuzlainfo.ba\/","logo":{"@type":"ImageObject","inLanguage":"bs-BA","@id":"https:\/\/tuzlainfo.ba\/#\/schema\/logo\/image\/","url":"https:\/\/tuzlainfo.ba\/wp-content\/uploads\/2021\/03\/logo-ver-3-1.png","contentUrl":"https:\/\/tuzlainfo.ba\/wp-content\/uploads\/2021\/03\/logo-ver-3-1.png","width":350,"height":95,"caption":"TuzlaInfo.ba"},"image":{"@id":"https:\/\/tuzlainfo.ba\/#\/schema\/logo\/image\/"},"sameAs":["https:\/\/www.facebook.com\/tuzlainfo.ba\/"]},{"@type":"Person","@id":"https:\/\/tuzlainfo.ba\/#\/schema\/person\/f434e20dc27ea133923aab08451b7f7f","name":"nedim","image":{"@type":"ImageObject","inLanguage":"bs-BA","@id":"https:\/\/tuzlainfo.ba\/#\/schema\/person\/image\/","url":"https:\/\/tuzlainfo.ba\/wp-content\/litespeed\/avatar\/aabad687af24844af817603ac1cbdc4f.jpg?ver=1776702173","contentUrl":"https:\/\/tuzlainfo.ba\/wp-content\/litespeed\/avatar\/aabad687af24844af817603ac1cbdc4f.jpg?ver=1776702173","caption":"nedim"},"description":"Tuzlainfo.ba pratite na dru\u0161tvenim mre\u017eama: Facebook, Instagram i Youtube. Svoje pri\u010de, upite i fotografije \u0161aljite na na\u0161u e-mail adresu."}]}},"_links":{"self":[{"href":"https:\/\/tuzlainfo.ba\/index.php\/wp-json\/wp\/v2\/posts\/187152"}],"collection":[{"href":"https:\/\/tuzlainfo.ba\/index.php\/wp-json\/wp\/v2\/posts"}],"about":[{"href":"https:\/\/tuzlainfo.ba\/index.php\/wp-json\/wp\/v2\/types\/post"}],"author":[{"embeddable":true,"href":"https:\/\/tuzlainfo.ba\/index.php\/wp-json\/wp\/v2\/users\/2"}],"replies":[{"embeddable":true,"href":"https:\/\/tuzlainfo.ba\/index.php\/wp-json\/wp\/v2\/comments?post=187152"}],"version-history":[{"count":0,"href":"https:\/\/tuzlainfo.ba\/index.php\/wp-json\/wp\/v2\/posts\/187152\/revisions"}],"wp:featuredmedia":[{"embeddable":true,"href":"https:\/\/tuzlainfo.ba\/index.php\/wp-json\/wp\/v2\/media\/58977"}],"wp:attachment":[{"href":"https:\/\/tuzlainfo.ba\/index.php\/wp-json\/wp\/v2\/media?parent=187152"}],"wp:term":[{"taxonomy":"category","embeddable":true,"href":"https:\/\/tuzlainfo.ba\/index.php\/wp-json\/wp\/v2\/categories?post=187152"},{"taxonomy":"post_tag","embeddable":true,"href":"https:\/\/tuzlainfo.ba\/index.php\/wp-json\/wp\/v2\/tags?post=187152"}],"curies":[{"name":"wp","href":"https:\/\/api.w.org\/{rel}","templated":true}]}}