{"id":187041,"date":"2022-10-17T22:34:18","date_gmt":"2022-10-17T20:34:18","guid":{"rendered":"https:\/\/tuzlainfo.ba\/?p=187041"},"modified":"2022-10-17T22:34:18","modified_gmt":"2022-10-17T20:34:18","slug":"novi-rok-koji-niko-nije-ocekivao-kada-ce-teren-na-tusnju-biti-spreman-za-utakmice","status":"publish","type":"post","link":"https:\/\/tuzlainfo.ba\/index.php\/novosti\/item\/187041-novi-rok-koji-niko-nije-ocekivao-kada-ce-teren-na-tusnju-biti-spreman-za-utakmice\/","title":{"rendered":"Novi rok koji niko nije o\u010dekivao: Kada \u0107e teren na Tu\u0161nju biti spreman za utakmice?"},"content":{"rendered":"<p>Prema rije\u010dima Bakira Buljugije iz JU \u201cTu\u0161anj\u201d , teren na ovom tuzlanskom stadionu \u010dija je rekonstrukcija u toku spreman za igru \u0107e biti u februaru ili martu naredne godine.<\/p>\n<p>Rekonstrukcija glavnog terena Tu\u0161nja po\u010dela je 7. jula ove godine, a rok za zavr\u0161etak radova bio je predvi\u0111en za kraj augusta. On je probijen, novi je postavljen za 10. novembar, ali ni to sigurno prema rije\u010dima ljudi zaposlenih na stadionu za \u201cKlix.ba\u201d ne\u0107e biti ispo\u0161tovano.<\/p>\n<p>\u201cProblem je nastao na samom po\u010detku jer su na rekonstrukciji radila samo dva radnika te je rok za zavr\u0161etak probijen. Trenutno stanje je takvo da su polo\u017eene cijevi za drena\u017eu i sistem za navodnjavanje. Trenutno se nasipaju \u010detiri frakcije koje na teren idu prije trave, uz polaganje instalacija za grijanje, koje \u0107e biti priklju\u010deno na elektri\u010dnu energiju, odnosno na brojilo Gradskog stadiona Tu\u0161anj\u201d \u2013 kazao Buljugija i dodao:<\/p>\n<p>\u201cNakon \u0161to trava bude postavljena, potrebno je da ona \u2018odle\u017ei\u2018 desetak dana, nakon \u010dega \u0107e uslijediti njeno \u0161ivanje. Kada to sve bude zavr\u0161eno, morat \u0107emo sa\u010dekati izme\u0111u 15 i 20 dana kako bi trava bila spremna za valjanje. Vjerujem da \u0107e teren za igru biti spreman u februaru ili martu idu\u0107e godine, odnosno u drugom dijelu Premijer lige Bosne i Hercegovine\u201d.<\/p>\n<p>On je istakao da se radilo od samog po\u010detka trenutnim tempom radovi bi ve\u0107 bili gotovi.<\/p>\n","protected":false},"excerpt":{"rendered":"<p>Prema rije\u010dima Bakira Buljugije iz JU \u201cTu\u0161anj\u201d , teren na ovom tuzlanskom stadionu \u010dija je&hellip;<\/p>\n","protected":false},"author":2,"featured_media":187042,"comment_status":"open","ping_status":"closed","sticky":false,"template":"","format":"standard","meta":{"_acf_changed":false,"footnotes":""},"categories":[304,12],"tags":[2388],"acf":[],"yoast_head":"<!-- This site is optimized with the Yoast SEO plugin v23.5 - https:\/\/yoast.com\/wordpress\/plugins\/seo\/ -->\n<title>Novi rok koji niko nije o\u010dekivao: Kada \u0107e teren na Tu\u0161nju biti spreman za utakmice? - TuzlaInfo.ba<\/title>\n<meta name=\"robots\" content=\"index, follow, max-snippet:-1, max-image-preview:large, max-video-preview:-1\" \/>\n<link rel=\"canonical\" href=\"https:\/\/tuzlainfo.ba\/index.php\/novosti\/item\/187041-novi-rok-koji-niko-nije-ocekivao-kada-ce-teren-na-tusnju-biti-spreman-za-utakmice\/\" \/>\n<meta property=\"og:locale\" content=\"bs_BA\" \/>\n<meta property=\"og:type\" content=\"article\" \/>\n<meta property=\"og:title\" content=\"Novi rok koji niko nije o\u010dekivao: Kada \u0107e teren na Tu\u0161nju biti spreman za utakmice? - TuzlaInfo.ba\" \/>\n<meta property=\"og:description\" content=\"Prema rije\u010dima Bakira Buljugije iz JU \u201cTu\u0161anj\u201d , teren na ovom tuzlanskom stadionu \u010dija je&hellip;\" \/>\n<meta property=\"og:url\" content=\"https:\/\/tuzlainfo.ba\/index.php\/novosti\/item\/187041-novi-rok-koji-niko-nije-ocekivao-kada-ce-teren-na-tusnju-biti-spreman-za-utakmice\/\" \/>\n<meta property=\"og:site_name\" content=\"TuzlaInfo.ba\" \/>\n<meta property=\"article:publisher\" content=\"https:\/\/www.facebook.com\/tuzlainfo.ba\/\" \/>\n<meta property=\"article:published_time\" content=\"2022-10-17T20:34:18+00:00\" \/>\n<meta property=\"og:image\" content=\"https:\/\/tuzlainfo.ba\/wp-content\/uploads\/2022\/10\/1710_stadion_tusanj.jpg\" \/>\n\t<meta property=\"og:image:width\" content=\"800\" \/>\n\t<meta property=\"og:image:height\" content=\"450\" \/>\n\t<meta property=\"og:image:type\" content=\"image\/jpeg\" \/>\n<meta name=\"author\" content=\"nedim\" \/>\n<meta name=\"twitter:card\" content=\"summary_large_image\" \/>\n<meta name=\"twitter:label1\" content=\"Written by\" \/>\n\t<meta name=\"twitter:data1\" content=\"nedim\" \/>\n\t<meta name=\"twitter:label2\" content=\"Est. reading time\" \/>\n\t<meta name=\"twitter:data2\" content=\"1 minuta\" \/>\n<script type=\"application\/ld+json\" class=\"yoast-schema-graph\">{\"@context\":\"https:\/\/schema.org\",\"@graph\":[{\"@type\":\"Article\",\"@id\":\"https:\/\/tuzlainfo.ba\/index.php\/novosti\/item\/187041-novi-rok-koji-niko-nije-ocekivao-kada-ce-teren-na-tusnju-biti-spreman-za-utakmice\/#article\",\"isPartOf\":{\"@id\":\"https:\/\/tuzlainfo.ba\/index.php\/novosti\/item\/187041-novi-rok-koji-niko-nije-ocekivao-kada-ce-teren-na-tusnju-biti-spreman-za-utakmice\/\"},\"author\":{\"name\":\"nedim\",\"@id\":\"https:\/\/tuzlainfo.ba\/#\/schema\/person\/f434e20dc27ea133923aab08451b7f7f\"},\"headline\":\"Novi rok koji niko nije o\u010dekivao: Kada \u0107e teren na Tu\u0161nju biti spreman za utakmice?\",\"datePublished\":\"2022-10-17T20:34:18+00:00\",\"dateModified\":\"2022-10-17T20:34:18+00:00\",\"mainEntityOfPage\":{\"@id\":\"https:\/\/tuzlainfo.ba\/index.php\/novosti\/item\/187041-novi-rok-koji-niko-nije-ocekivao-kada-ce-teren-na-tusnju-biti-spreman-za-utakmice\/\"},\"wordCount\":253,\"commentCount\":0,\"publisher\":{\"@id\":\"https:\/\/tuzlainfo.ba\/#organization\"},\"image\":{\"@id\":\"https:\/\/tuzlainfo.ba\/index.php\/novosti\/item\/187041-novi-rok-koji-niko-nije-ocekivao-kada-ce-teren-na-tusnju-biti-spreman-za-utakmice\/#primaryimage\"},\"thumbnailUrl\":\"https:\/\/tuzlainfo.ba\/wp-content\/uploads\/2022\/10\/1710_stadion_tusanj.jpg\",\"keywords\":[\"stadion tu\u0161anj\"],\"articleSection\":[\"Istaknuto\",\"Novosti\"],\"inLanguage\":\"bs-BA\"},{\"@type\":\"WebPage\",\"@id\":\"https:\/\/tuzlainfo.ba\/index.php\/novosti\/item\/187041-novi-rok-koji-niko-nije-ocekivao-kada-ce-teren-na-tusnju-biti-spreman-za-utakmice\/\",\"url\":\"https:\/\/tuzlainfo.ba\/index.php\/novosti\/item\/187041-novi-rok-koji-niko-nije-ocekivao-kada-ce-teren-na-tusnju-biti-spreman-za-utakmice\/\",\"name\":\"Novi rok koji niko nije o\u010dekivao: Kada \u0107e teren na Tu\u0161nju biti spreman za utakmice? - TuzlaInfo.ba\",\"isPartOf\":{\"@id\":\"https:\/\/tuzlainfo.ba\/#website\"},\"primaryImageOfPage\":{\"@id\":\"https:\/\/tuzlainfo.ba\/index.php\/novosti\/item\/187041-novi-rok-koji-niko-nije-ocekivao-kada-ce-teren-na-tusnju-biti-spreman-za-utakmice\/#primaryimage\"},\"image\":{\"@id\":\"https:\/\/tuzlainfo.ba\/index.php\/novosti\/item\/187041-novi-rok-koji-niko-nije-ocekivao-kada-ce-teren-na-tusnju-biti-spreman-za-utakmice\/#primaryimage\"},\"thumbnailUrl\":\"https:\/\/tuzlainfo.ba\/wp-content\/uploads\/2022\/10\/1710_stadion_tusanj.jpg\",\"datePublished\":\"2022-10-17T20:34:18+00:00\",\"dateModified\":\"2022-10-17T20:34:18+00:00\",\"breadcrumb\":{\"@id\":\"https:\/\/tuzlainfo.ba\/index.php\/novosti\/item\/187041-novi-rok-koji-niko-nije-ocekivao-kada-ce-teren-na-tusnju-biti-spreman-za-utakmice\/#breadcrumb\"},\"inLanguage\":\"bs-BA\",\"potentialAction\":[{\"@type\":\"ReadAction\",\"target\":[\"https:\/\/tuzlainfo.ba\/index.php\/novosti\/item\/187041-novi-rok-koji-niko-nije-ocekivao-kada-ce-teren-na-tusnju-biti-spreman-za-utakmice\/\"]}]},{\"@type\":\"ImageObject\",\"inLanguage\":\"bs-BA\",\"@id\":\"https:\/\/tuzlainfo.ba\/index.php\/novosti\/item\/187041-novi-rok-koji-niko-nije-ocekivao-kada-ce-teren-na-tusnju-biti-spreman-za-utakmice\/#primaryimage\",\"url\":\"https:\/\/tuzlainfo.ba\/wp-content\/uploads\/2022\/10\/1710_stadion_tusanj.jpg\",\"contentUrl\":\"https:\/\/tuzlainfo.ba\/wp-content\/uploads\/2022\/10\/1710_stadion_tusanj.jpg\",\"width\":800,\"height\":450},{\"@type\":\"BreadcrumbList\",\"@id\":\"https:\/\/tuzlainfo.ba\/index.php\/novosti\/item\/187041-novi-rok-koji-niko-nije-ocekivao-kada-ce-teren-na-tusnju-biti-spreman-za-utakmice\/#breadcrumb\",\"itemListElement\":[{\"@type\":\"ListItem\",\"position\":1,\"name\":\"Home\",\"item\":\"https:\/\/tuzlainfo.ba\/\"},{\"@type\":\"ListItem\",\"position\":2,\"name\":\"Novi rok koji niko nije o\u010dekivao: Kada \u0107e teren na Tu\u0161nju biti spreman za utakmice?\"}]},{\"@type\":\"WebSite\",\"@id\":\"https:\/\/tuzlainfo.ba\/#website\",\"url\":\"https:\/\/tuzlainfo.ba\/\",\"name\":\"TuzlaInfo.ba\",\"description\":\"Tuzla info, gradski informator - Tuzla na dlanu\",\"publisher\":{\"@id\":\"https:\/\/tuzlainfo.ba\/#organization\"},\"potentialAction\":[{\"@type\":\"SearchAction\",\"target\":{\"@type\":\"EntryPoint\",\"urlTemplate\":\"https:\/\/tuzlainfo.ba\/?s={search_term_string}\"},\"query-input\":{\"@type\":\"PropertyValueSpecification\",\"valueRequired\":true,\"valueName\":\"search_term_string\"}}],\"inLanguage\":\"bs-BA\"},{\"@type\":\"Organization\",\"@id\":\"https:\/\/tuzlainfo.ba\/#organization\",\"name\":\"TuzlaInfo.ba\",\"url\":\"https:\/\/tuzlainfo.ba\/\",\"logo\":{\"@type\":\"ImageObject\",\"inLanguage\":\"bs-BA\",\"@id\":\"https:\/\/tuzlainfo.ba\/#\/schema\/logo\/image\/\",\"url\":\"https:\/\/tuzlainfo.ba\/wp-content\/uploads\/2021\/03\/logo-ver-3-1.png\",\"contentUrl\":\"https:\/\/tuzlainfo.ba\/wp-content\/uploads\/2021\/03\/logo-ver-3-1.png\",\"width\":350,\"height\":95,\"caption\":\"TuzlaInfo.ba\"},\"image\":{\"@id\":\"https:\/\/tuzlainfo.ba\/#\/schema\/logo\/image\/\"},\"sameAs\":[\"https:\/\/www.facebook.com\/tuzlainfo.ba\/\"]},{\"@type\":\"Person\",\"@id\":\"https:\/\/tuzlainfo.ba\/#\/schema\/person\/f434e20dc27ea133923aab08451b7f7f\",\"name\":\"nedim\",\"image\":{\"@type\":\"ImageObject\",\"inLanguage\":\"bs-BA\",\"@id\":\"https:\/\/tuzlainfo.ba\/#\/schema\/person\/image\/\",\"url\":\"https:\/\/tuzlainfo.ba\/wp-content\/litespeed\/avatar\/aabad687af24844af817603ac1cbdc4f.jpg?ver=1776702173\",\"contentUrl\":\"https:\/\/tuzlainfo.ba\/wp-content\/litespeed\/avatar\/aabad687af24844af817603ac1cbdc4f.jpg?ver=1776702173\",\"caption\":\"nedim\"},\"description\":\"Tuzlainfo.ba pratite na dru\u0161tvenim mre\u017eama: Facebook, Instagram i Youtube. Svoje pri\u010de, upite i fotografije \u0161aljite na na\u0161u e-mail adresu.\"}]}<\/script>\n<!-- \/ Yoast SEO plugin. -->","yoast_head_json":{"title":"Novi rok koji niko nije o\u010dekivao: Kada \u0107e teren na Tu\u0161nju biti spreman za utakmice? - TuzlaInfo.ba","robots":{"index":"index","follow":"follow","max-snippet":"max-snippet:-1","max-image-preview":"max-image-preview:large","max-video-preview":"max-video-preview:-1"},"canonical":"https:\/\/tuzlainfo.ba\/index.php\/novosti\/item\/187041-novi-rok-koji-niko-nije-ocekivao-kada-ce-teren-na-tusnju-biti-spreman-za-utakmice\/","og_locale":"bs_BA","og_type":"article","og_title":"Novi rok koji niko nije o\u010dekivao: Kada \u0107e teren na Tu\u0161nju biti spreman za utakmice? - TuzlaInfo.ba","og_description":"Prema rije\u010dima Bakira Buljugije iz JU \u201cTu\u0161anj\u201d , teren na ovom tuzlanskom stadionu \u010dija je&hellip;","og_url":"https:\/\/tuzlainfo.ba\/index.php\/novosti\/item\/187041-novi-rok-koji-niko-nije-ocekivao-kada-ce-teren-na-tusnju-biti-spreman-za-utakmice\/","og_site_name":"TuzlaInfo.ba","article_publisher":"https:\/\/www.facebook.com\/tuzlainfo.ba\/","article_published_time":"2022-10-17T20:34:18+00:00","og_image":[{"width":800,"height":450,"url":"https:\/\/tuzlainfo.ba\/wp-content\/uploads\/2022\/10\/1710_stadion_tusanj.jpg","type":"image\/jpeg"}],"author":"nedim","twitter_card":"summary_large_image","twitter_misc":{"Written by":"nedim","Est. reading time":"1 minuta"},"schema":{"@context":"https:\/\/schema.org","@graph":[{"@type":"Article","@id":"https:\/\/tuzlainfo.ba\/index.php\/novosti\/item\/187041-novi-rok-koji-niko-nije-ocekivao-kada-ce-teren-na-tusnju-biti-spreman-za-utakmice\/#article","isPartOf":{"@id":"https:\/\/tuzlainfo.ba\/index.php\/novosti\/item\/187041-novi-rok-koji-niko-nije-ocekivao-kada-ce-teren-na-tusnju-biti-spreman-za-utakmice\/"},"author":{"name":"nedim","@id":"https:\/\/tuzlainfo.ba\/#\/schema\/person\/f434e20dc27ea133923aab08451b7f7f"},"headline":"Novi rok koji niko nije o\u010dekivao: Kada \u0107e teren na Tu\u0161nju biti spreman za utakmice?","datePublished":"2022-10-17T20:34:18+00:00","dateModified":"2022-10-17T20:34:18+00:00","mainEntityOfPage":{"@id":"https:\/\/tuzlainfo.ba\/index.php\/novosti\/item\/187041-novi-rok-koji-niko-nije-ocekivao-kada-ce-teren-na-tusnju-biti-spreman-za-utakmice\/"},"wordCount":253,"commentCount":0,"publisher":{"@id":"https:\/\/tuzlainfo.ba\/#organization"},"image":{"@id":"https:\/\/tuzlainfo.ba\/index.php\/novosti\/item\/187041-novi-rok-koji-niko-nije-ocekivao-kada-ce-teren-na-tusnju-biti-spreman-za-utakmice\/#primaryimage"},"thumbnailUrl":"https:\/\/tuzlainfo.ba\/wp-content\/uploads\/2022\/10\/1710_stadion_tusanj.jpg","keywords":["stadion tu\u0161anj"],"articleSection":["Istaknuto","Novosti"],"inLanguage":"bs-BA"},{"@type":"WebPage","@id":"https:\/\/tuzlainfo.ba\/index.php\/novosti\/item\/187041-novi-rok-koji-niko-nije-ocekivao-kada-ce-teren-na-tusnju-biti-spreman-za-utakmice\/","url":"https:\/\/tuzlainfo.ba\/index.php\/novosti\/item\/187041-novi-rok-koji-niko-nije-ocekivao-kada-ce-teren-na-tusnju-biti-spreman-za-utakmice\/","name":"Novi rok koji niko nije o\u010dekivao: Kada \u0107e teren na Tu\u0161nju biti spreman za utakmice? - TuzlaInfo.ba","isPartOf":{"@id":"https:\/\/tuzlainfo.ba\/#website"},"primaryImageOfPage":{"@id":"https:\/\/tuzlainfo.ba\/index.php\/novosti\/item\/187041-novi-rok-koji-niko-nije-ocekivao-kada-ce-teren-na-tusnju-biti-spreman-za-utakmice\/#primaryimage"},"image":{"@id":"https:\/\/tuzlainfo.ba\/index.php\/novosti\/item\/187041-novi-rok-koji-niko-nije-ocekivao-kada-ce-teren-na-tusnju-biti-spreman-za-utakmice\/#primaryimage"},"thumbnailUrl":"https:\/\/tuzlainfo.ba\/wp-content\/uploads\/2022\/10\/1710_stadion_tusanj.jpg","datePublished":"2022-10-17T20:34:18+00:00","dateModified":"2022-10-17T20:34:18+00:00","breadcrumb":{"@id":"https:\/\/tuzlainfo.ba\/index.php\/novosti\/item\/187041-novi-rok-koji-niko-nije-ocekivao-kada-ce-teren-na-tusnju-biti-spreman-za-utakmice\/#breadcrumb"},"inLanguage":"bs-BA","potentialAction":[{"@type":"ReadAction","target":["https:\/\/tuzlainfo.ba\/index.php\/novosti\/item\/187041-novi-rok-koji-niko-nije-ocekivao-kada-ce-teren-na-tusnju-biti-spreman-za-utakmice\/"]}]},{"@type":"ImageObject","inLanguage":"bs-BA","@id":"https:\/\/tuzlainfo.ba\/index.php\/novosti\/item\/187041-novi-rok-koji-niko-nije-ocekivao-kada-ce-teren-na-tusnju-biti-spreman-za-utakmice\/#primaryimage","url":"https:\/\/tuzlainfo.ba\/wp-content\/uploads\/2022\/10\/1710_stadion_tusanj.jpg","contentUrl":"https:\/\/tuzlainfo.ba\/wp-content\/uploads\/2022\/10\/1710_stadion_tusanj.jpg","width":800,"height":450},{"@type":"BreadcrumbList","@id":"https:\/\/tuzlainfo.ba\/index.php\/novosti\/item\/187041-novi-rok-koji-niko-nije-ocekivao-kada-ce-teren-na-tusnju-biti-spreman-za-utakmice\/#breadcrumb","itemListElement":[{"@type":"ListItem","position":1,"name":"Home","item":"https:\/\/tuzlainfo.ba\/"},{"@type":"ListItem","position":2,"name":"Novi rok koji niko nije o\u010dekivao: Kada \u0107e teren na Tu\u0161nju biti spreman za utakmice?"}]},{"@type":"WebSite","@id":"https:\/\/tuzlainfo.ba\/#website","url":"https:\/\/tuzlainfo.ba\/","name":"TuzlaInfo.ba","description":"Tuzla info, gradski informator - Tuzla na dlanu","publisher":{"@id":"https:\/\/tuzlainfo.ba\/#organization"},"potentialAction":[{"@type":"SearchAction","target":{"@type":"EntryPoint","urlTemplate":"https:\/\/tuzlainfo.ba\/?s={search_term_string}"},"query-input":{"@type":"PropertyValueSpecification","valueRequired":true,"valueName":"search_term_string"}}],"inLanguage":"bs-BA"},{"@type":"Organization","@id":"https:\/\/tuzlainfo.ba\/#organization","name":"TuzlaInfo.ba","url":"https:\/\/tuzlainfo.ba\/","logo":{"@type":"ImageObject","inLanguage":"bs-BA","@id":"https:\/\/tuzlainfo.ba\/#\/schema\/logo\/image\/","url":"https:\/\/tuzlainfo.ba\/wp-content\/uploads\/2021\/03\/logo-ver-3-1.png","contentUrl":"https:\/\/tuzlainfo.ba\/wp-content\/uploads\/2021\/03\/logo-ver-3-1.png","width":350,"height":95,"caption":"TuzlaInfo.ba"},"image":{"@id":"https:\/\/tuzlainfo.ba\/#\/schema\/logo\/image\/"},"sameAs":["https:\/\/www.facebook.com\/tuzlainfo.ba\/"]},{"@type":"Person","@id":"https:\/\/tuzlainfo.ba\/#\/schema\/person\/f434e20dc27ea133923aab08451b7f7f","name":"nedim","image":{"@type":"ImageObject","inLanguage":"bs-BA","@id":"https:\/\/tuzlainfo.ba\/#\/schema\/person\/image\/","url":"https:\/\/tuzlainfo.ba\/wp-content\/litespeed\/avatar\/aabad687af24844af817603ac1cbdc4f.jpg?ver=1776702173","contentUrl":"https:\/\/tuzlainfo.ba\/wp-content\/litespeed\/avatar\/aabad687af24844af817603ac1cbdc4f.jpg?ver=1776702173","caption":"nedim"},"description":"Tuzlainfo.ba pratite na dru\u0161tvenim mre\u017eama: Facebook, Instagram i Youtube. Svoje pri\u010de, upite i fotografije \u0161aljite na na\u0161u e-mail adresu."}]}},"_links":{"self":[{"href":"https:\/\/tuzlainfo.ba\/index.php\/wp-json\/wp\/v2\/posts\/187041"}],"collection":[{"href":"https:\/\/tuzlainfo.ba\/index.php\/wp-json\/wp\/v2\/posts"}],"about":[{"href":"https:\/\/tuzlainfo.ba\/index.php\/wp-json\/wp\/v2\/types\/post"}],"author":[{"embeddable":true,"href":"https:\/\/tuzlainfo.ba\/index.php\/wp-json\/wp\/v2\/users\/2"}],"replies":[{"embeddable":true,"href":"https:\/\/tuzlainfo.ba\/index.php\/wp-json\/wp\/v2\/comments?post=187041"}],"version-history":[{"count":0,"href":"https:\/\/tuzlainfo.ba\/index.php\/wp-json\/wp\/v2\/posts\/187041\/revisions"}],"wp:featuredmedia":[{"embeddable":true,"href":"https:\/\/tuzlainfo.ba\/index.php\/wp-json\/wp\/v2\/media\/187042"}],"wp:attachment":[{"href":"https:\/\/tuzlainfo.ba\/index.php\/wp-json\/wp\/v2\/media?parent=187041"}],"wp:term":[{"taxonomy":"category","embeddable":true,"href":"https:\/\/tuzlainfo.ba\/index.php\/wp-json\/wp\/v2\/categories?post=187041"},{"taxonomy":"post_tag","embeddable":true,"href":"https:\/\/tuzlainfo.ba\/index.php\/wp-json\/wp\/v2\/tags?post=187041"}],"curies":[{"name":"wp","href":"https:\/\/api.w.org\/{rel}","templated":true}]}}