{"id":186892,"date":"2022-10-15T17:55:54","date_gmt":"2022-10-15T15:55:54","guid":{"rendered":"https:\/\/tuzlainfo.ba\/?p=186892"},"modified":"2022-10-15T17:55:54","modified_gmt":"2022-10-15T15:55:54","slug":"hrvatski-ministar-tvrdi-ucenici-milosevica-i-seselja-zele-nastavak-agresije","status":"publish","type":"post","link":"https:\/\/tuzlainfo.ba\/index.php\/clanci\/sa-svih-strana\/item\/186892-hrvatski-ministar-tvrdi-ucenici-milosevica-i-seselja-zele-nastavak-agresije\/","title":{"rendered":"Hrvatski ministar tvrdi: U\u010denici Milo\u0161evi\u0107a i \u0160e\u0161elja \u017eele nastavak agresije"},"content":{"rendered":"<div class=\"single-intro\">\n<p>Hrvatski ministar vanjskih poslova Gordan Grli\u0107 Radman izjavio je da je su\u0111enje umirovljenim hrvatskim pilotima, koje srbijansko tu\u017eiteljstvo tereti za napad na srpske civile 1995., politi\u010dka farsa.<\/p>\n<\/div>\n<div class=\"single-text\">\n<p>&#8211; Ono \u0161to je sigurno je da je to doista politi\u010dka farsa. Ovo bi bio i povijesni i politi\u010dki me\u0111unarodnopravni paradoks da dr\u017eava agresor koja je u vi\u0161e navrata na me\u0111unarodnim instancama osu\u0111ena, sudi pripadnike pobjedni\u010dke vojske. S druge stane, jo\u0161 bi ve\u0107i paradoks bio da u\u010denici i sljedbenici agresora, Slobodana Milo\u0161evi\u0107a i Vojislava \u0160e\u0161elja, misle ili o\u010dekuju da \u0107e ova Vlada dopustiti nastavak te agresije u okviru nepostoje\u0107e univerzalne jurisdikcije, izjavio je ministar Grli\u0107 Radman nakon prijepodnevnog sastanka sa svojim kolegom iz San Marina Lucom Beccarijem u Zagrebu.<\/p>\n<p>0 seconds of 1 minute, 3 secondsVolume 90%<\/p>\n<p><strong>San Marino bli\u017ee EU<\/strong><\/p>\n<p>San Marino pregovara s Europskom unijom o sklapanju sporazuma o pridru\u017eivanju. Hrvatska to sna\u017eno podupire, kazao je Grli\u0107 Radman.<\/p>\n<p>Dvije zemlje u subotu su sklapanjem dvaju sporazuma o suradnji obilje\u017eile 30. godi\u0161njicu diplomatskih odnosa.<\/p>\n<p>&#8211; San Marino je u procesu uspostavljanja sporazuma o pridru\u017eivanju, koji u prvoj fazi ne predvi\u0111a sam ulazak u EU, ali predvi\u0111a postajanje dijelom zajedni\u010dkog tr\u017ei\u0161ta i to \u0107e zasigurno jo\u0161 vi\u0161e utjecati na razvoj na\u0161ih budu\u0107ih odnosa, kazao je Beccari.<\/p>\n<p>Beccari je dodao da San Marino i Hrvatska dijele povijesne korijene, njeguju povijest izvanrednih odnosa i da se radi o dvjema zemljama koje su se tijekom dugog niza godina na razli\u010dite na\u010dine i u razli\u010ditim trenucima me\u0111usobno podr\u017eavale.<\/p>\n<p><strong>Most bi ru\u0161io vladu<\/strong><\/p>\n<p>Odgovaraju\u0107i na kritiku saborskog zastupnika Nikole Grmoje (Most) da je HDZ financiran ruskim kapitalom, Grli\u0107 Radman je rekao da je Hrvatska prva osudila rusku agresiju, sna\u017eno podr\u017eala ukrajinsku neovisnost i suverenost i da je premijer Plenkovi\u0107 bio me\u0111u rijetkima koji je Ukrajinu posje\u0107ivao i nakon krimske krize.<\/p>\n<p>Grmojinu izjavu smatra politi\u010dkim performansom kojem je &#8220;cilj destabilizirati hrvatsku vladu, predsjednika vlade Andreja Plenkovi\u0107a.. zapravo ru\u0161iti ovu vladu&#8221;.<\/p>\n<p>Dodao je da se Most &#8220;ne bavi ni\u010dim osim time&#8221;.<\/p>\n<p>&#8211; Bilo bi mudrije i pametnije da budu konstruktivni i pridonose radu vlade, zaklju\u010dio je Grli\u0107 Radman.<\/p>\n<p>Izvor: HRT<\/p>\n<\/div>\n","protected":false},"excerpt":{"rendered":"<p>Hrvatski ministar vanjskih poslova Gordan Grli\u0107 Radman izjavio je da je su\u0111enje umirovljenim hrvatskim pilotima,&hellip;<\/p>\n","protected":false},"author":2,"featured_media":142749,"comment_status":"open","ping_status":"closed","sticky":false,"template":"","format":"standard","meta":{"_acf_changed":false,"footnotes":""},"categories":[16],"tags":[2043],"acf":[],"yoast_head":"<!-- This site is optimized with the Yoast SEO plugin v23.5 - https:\/\/yoast.com\/wordpress\/plugins\/seo\/ -->\n<title>Hrvatski ministar tvrdi: U\u010denici Milo\u0161evi\u0107a i \u0160e\u0161elja \u017eele nastavak agresije - TuzlaInfo.ba<\/title>\n<meta name=\"robots\" content=\"index, follow, max-snippet:-1, max-image-preview:large, max-video-preview:-1\" \/>\n<link rel=\"canonical\" href=\"https:\/\/tuzlainfo.ba\/index.php\/clanci\/sa-svih-strana\/item\/186892-hrvatski-ministar-tvrdi-ucenici-milosevica-i-seselja-zele-nastavak-agresije\/\" \/>\n<meta property=\"og:locale\" content=\"bs_BA\" \/>\n<meta property=\"og:type\" content=\"article\" \/>\n<meta property=\"og:title\" content=\"Hrvatski ministar tvrdi: U\u010denici Milo\u0161evi\u0107a i \u0160e\u0161elja \u017eele nastavak agresije - TuzlaInfo.ba\" \/>\n<meta property=\"og:description\" content=\"Hrvatski ministar vanjskih poslova Gordan Grli\u0107 Radman izjavio je da je su\u0111enje umirovljenim hrvatskim pilotima,&hellip;\" \/>\n<meta property=\"og:url\" content=\"https:\/\/tuzlainfo.ba\/index.php\/clanci\/sa-svih-strana\/item\/186892-hrvatski-ministar-tvrdi-ucenici-milosevica-i-seselja-zele-nastavak-agresije\/\" \/>\n<meta property=\"og:site_name\" content=\"TuzlaInfo.ba\" \/>\n<meta property=\"article:publisher\" content=\"https:\/\/www.facebook.com\/tuzlainfo.ba\/\" \/>\n<meta property=\"article:published_time\" content=\"2022-10-15T15:55:54+00:00\" \/>\n<meta property=\"og:image\" content=\"https:\/\/tuzlainfo.ba\/wp-content\/uploads\/2021\/07\/2307_grlic-radman.jpg\" \/>\n\t<meta property=\"og:image:width\" content=\"864\" \/>\n\t<meta property=\"og:image:height\" content=\"486\" \/>\n\t<meta property=\"og:image:type\" content=\"image\/jpeg\" \/>\n<meta name=\"author\" content=\"nedim\" \/>\n<meta name=\"twitter:card\" content=\"summary_large_image\" \/>\n<meta name=\"twitter:label1\" content=\"Written by\" \/>\n\t<meta name=\"twitter:data1\" content=\"nedim\" \/>\n\t<meta name=\"twitter:label2\" content=\"Est. reading time\" \/>\n\t<meta name=\"twitter:data2\" content=\"2 minute\" \/>\n<script type=\"application\/ld+json\" class=\"yoast-schema-graph\">{\"@context\":\"https:\/\/schema.org\",\"@graph\":[{\"@type\":\"Article\",\"@id\":\"https:\/\/tuzlainfo.ba\/index.php\/clanci\/sa-svih-strana\/item\/186892-hrvatski-ministar-tvrdi-ucenici-milosevica-i-seselja-zele-nastavak-agresije\/#article\",\"isPartOf\":{\"@id\":\"https:\/\/tuzlainfo.ba\/index.php\/clanci\/sa-svih-strana\/item\/186892-hrvatski-ministar-tvrdi-ucenici-milosevica-i-seselja-zele-nastavak-agresije\/\"},\"author\":{\"name\":\"nedim\",\"@id\":\"https:\/\/tuzlainfo.ba\/#\/schema\/person\/f434e20dc27ea133923aab08451b7f7f\"},\"headline\":\"Hrvatski ministar tvrdi: U\u010denici Milo\u0161evi\u0107a i \u0160e\u0161elja \u017eele nastavak agresije\",\"datePublished\":\"2022-10-15T15:55:54+00:00\",\"dateModified\":\"2022-10-15T15:55:54+00:00\",\"mainEntityOfPage\":{\"@id\":\"https:\/\/tuzlainfo.ba\/index.php\/clanci\/sa-svih-strana\/item\/186892-hrvatski-ministar-tvrdi-ucenici-milosevica-i-seselja-zele-nastavak-agresije\/\"},\"wordCount\":396,\"commentCount\":0,\"publisher\":{\"@id\":\"https:\/\/tuzlainfo.ba\/#organization\"},\"image\":{\"@id\":\"https:\/\/tuzlainfo.ba\/index.php\/clanci\/sa-svih-strana\/item\/186892-hrvatski-ministar-tvrdi-ucenici-milosevica-i-seselja-zele-nastavak-agresije\/#primaryimage\"},\"thumbnailUrl\":\"https:\/\/tuzlainfo.ba\/wp-content\/uploads\/2021\/07\/2307_grlic-radman.jpg\",\"keywords\":[\"grli\u0107-radman\"],\"articleSection\":[\"Sa svih strana\"],\"inLanguage\":\"bs-BA\"},{\"@type\":\"WebPage\",\"@id\":\"https:\/\/tuzlainfo.ba\/index.php\/clanci\/sa-svih-strana\/item\/186892-hrvatski-ministar-tvrdi-ucenici-milosevica-i-seselja-zele-nastavak-agresije\/\",\"url\":\"https:\/\/tuzlainfo.ba\/index.php\/clanci\/sa-svih-strana\/item\/186892-hrvatski-ministar-tvrdi-ucenici-milosevica-i-seselja-zele-nastavak-agresije\/\",\"name\":\"Hrvatski ministar tvrdi: U\u010denici Milo\u0161evi\u0107a i \u0160e\u0161elja \u017eele nastavak agresije - TuzlaInfo.ba\",\"isPartOf\":{\"@id\":\"https:\/\/tuzlainfo.ba\/#website\"},\"primaryImageOfPage\":{\"@id\":\"https:\/\/tuzlainfo.ba\/index.php\/clanci\/sa-svih-strana\/item\/186892-hrvatski-ministar-tvrdi-ucenici-milosevica-i-seselja-zele-nastavak-agresije\/#primaryimage\"},\"image\":{\"@id\":\"https:\/\/tuzlainfo.ba\/index.php\/clanci\/sa-svih-strana\/item\/186892-hrvatski-ministar-tvrdi-ucenici-milosevica-i-seselja-zele-nastavak-agresije\/#primaryimage\"},\"thumbnailUrl\":\"https:\/\/tuzlainfo.ba\/wp-content\/uploads\/2021\/07\/2307_grlic-radman.jpg\",\"datePublished\":\"2022-10-15T15:55:54+00:00\",\"dateModified\":\"2022-10-15T15:55:54+00:00\",\"breadcrumb\":{\"@id\":\"https:\/\/tuzlainfo.ba\/index.php\/clanci\/sa-svih-strana\/item\/186892-hrvatski-ministar-tvrdi-ucenici-milosevica-i-seselja-zele-nastavak-agresije\/#breadcrumb\"},\"inLanguage\":\"bs-BA\",\"potentialAction\":[{\"@type\":\"ReadAction\",\"target\":[\"https:\/\/tuzlainfo.ba\/index.php\/clanci\/sa-svih-strana\/item\/186892-hrvatski-ministar-tvrdi-ucenici-milosevica-i-seselja-zele-nastavak-agresije\/\"]}]},{\"@type\":\"ImageObject\",\"inLanguage\":\"bs-BA\",\"@id\":\"https:\/\/tuzlainfo.ba\/index.php\/clanci\/sa-svih-strana\/item\/186892-hrvatski-ministar-tvrdi-ucenici-milosevica-i-seselja-zele-nastavak-agresije\/#primaryimage\",\"url\":\"https:\/\/tuzlainfo.ba\/wp-content\/uploads\/2021\/07\/2307_grlic-radman.jpg\",\"contentUrl\":\"https:\/\/tuzlainfo.ba\/wp-content\/uploads\/2021\/07\/2307_grlic-radman.jpg\",\"width\":864,\"height\":486},{\"@type\":\"BreadcrumbList\",\"@id\":\"https:\/\/tuzlainfo.ba\/index.php\/clanci\/sa-svih-strana\/item\/186892-hrvatski-ministar-tvrdi-ucenici-milosevica-i-seselja-zele-nastavak-agresije\/#breadcrumb\",\"itemListElement\":[{\"@type\":\"ListItem\",\"position\":1,\"name\":\"Home\",\"item\":\"https:\/\/tuzlainfo.ba\/\"},{\"@type\":\"ListItem\",\"position\":2,\"name\":\"Hrvatski ministar tvrdi: U\u010denici Milo\u0161evi\u0107a i \u0160e\u0161elja \u017eele nastavak agresije\"}]},{\"@type\":\"WebSite\",\"@id\":\"https:\/\/tuzlainfo.ba\/#website\",\"url\":\"https:\/\/tuzlainfo.ba\/\",\"name\":\"TuzlaInfo.ba\",\"description\":\"Tuzla info, gradski informator - Tuzla na dlanu\",\"publisher\":{\"@id\":\"https:\/\/tuzlainfo.ba\/#organization\"},\"potentialAction\":[{\"@type\":\"SearchAction\",\"target\":{\"@type\":\"EntryPoint\",\"urlTemplate\":\"https:\/\/tuzlainfo.ba\/?s={search_term_string}\"},\"query-input\":{\"@type\":\"PropertyValueSpecification\",\"valueRequired\":true,\"valueName\":\"search_term_string\"}}],\"inLanguage\":\"bs-BA\"},{\"@type\":\"Organization\",\"@id\":\"https:\/\/tuzlainfo.ba\/#organization\",\"name\":\"TuzlaInfo.ba\",\"url\":\"https:\/\/tuzlainfo.ba\/\",\"logo\":{\"@type\":\"ImageObject\",\"inLanguage\":\"bs-BA\",\"@id\":\"https:\/\/tuzlainfo.ba\/#\/schema\/logo\/image\/\",\"url\":\"https:\/\/tuzlainfo.ba\/wp-content\/uploads\/2021\/03\/logo-ver-3-1.png\",\"contentUrl\":\"https:\/\/tuzlainfo.ba\/wp-content\/uploads\/2021\/03\/logo-ver-3-1.png\",\"width\":350,\"height\":95,\"caption\":\"TuzlaInfo.ba\"},\"image\":{\"@id\":\"https:\/\/tuzlainfo.ba\/#\/schema\/logo\/image\/\"},\"sameAs\":[\"https:\/\/www.facebook.com\/tuzlainfo.ba\/\"]},{\"@type\":\"Person\",\"@id\":\"https:\/\/tuzlainfo.ba\/#\/schema\/person\/f434e20dc27ea133923aab08451b7f7f\",\"name\":\"nedim\",\"image\":{\"@type\":\"ImageObject\",\"inLanguage\":\"bs-BA\",\"@id\":\"https:\/\/tuzlainfo.ba\/#\/schema\/person\/image\/\",\"url\":\"https:\/\/tuzlainfo.ba\/wp-content\/litespeed\/avatar\/aabad687af24844af817603ac1cbdc4f.jpg?ver=1776702173\",\"contentUrl\":\"https:\/\/tuzlainfo.ba\/wp-content\/litespeed\/avatar\/aabad687af24844af817603ac1cbdc4f.jpg?ver=1776702173\",\"caption\":\"nedim\"},\"description\":\"Tuzlainfo.ba pratite na dru\u0161tvenim mre\u017eama: Facebook, Instagram i Youtube. Svoje pri\u010de, upite i fotografije \u0161aljite na na\u0161u e-mail adresu.\"}]}<\/script>\n<!-- \/ Yoast SEO plugin. -->","yoast_head_json":{"title":"Hrvatski ministar tvrdi: U\u010denici Milo\u0161evi\u0107a i \u0160e\u0161elja \u017eele nastavak agresije - TuzlaInfo.ba","robots":{"index":"index","follow":"follow","max-snippet":"max-snippet:-1","max-image-preview":"max-image-preview:large","max-video-preview":"max-video-preview:-1"},"canonical":"https:\/\/tuzlainfo.ba\/index.php\/clanci\/sa-svih-strana\/item\/186892-hrvatski-ministar-tvrdi-ucenici-milosevica-i-seselja-zele-nastavak-agresije\/","og_locale":"bs_BA","og_type":"article","og_title":"Hrvatski ministar tvrdi: U\u010denici Milo\u0161evi\u0107a i \u0160e\u0161elja \u017eele nastavak agresije - TuzlaInfo.ba","og_description":"Hrvatski ministar vanjskih poslova Gordan Grli\u0107 Radman izjavio je da je su\u0111enje umirovljenim hrvatskim pilotima,&hellip;","og_url":"https:\/\/tuzlainfo.ba\/index.php\/clanci\/sa-svih-strana\/item\/186892-hrvatski-ministar-tvrdi-ucenici-milosevica-i-seselja-zele-nastavak-agresije\/","og_site_name":"TuzlaInfo.ba","article_publisher":"https:\/\/www.facebook.com\/tuzlainfo.ba\/","article_published_time":"2022-10-15T15:55:54+00:00","og_image":[{"width":864,"height":486,"url":"https:\/\/tuzlainfo.ba\/wp-content\/uploads\/2021\/07\/2307_grlic-radman.jpg","type":"image\/jpeg"}],"author":"nedim","twitter_card":"summary_large_image","twitter_misc":{"Written by":"nedim","Est. reading time":"2 minute"},"schema":{"@context":"https:\/\/schema.org","@graph":[{"@type":"Article","@id":"https:\/\/tuzlainfo.ba\/index.php\/clanci\/sa-svih-strana\/item\/186892-hrvatski-ministar-tvrdi-ucenici-milosevica-i-seselja-zele-nastavak-agresije\/#article","isPartOf":{"@id":"https:\/\/tuzlainfo.ba\/index.php\/clanci\/sa-svih-strana\/item\/186892-hrvatski-ministar-tvrdi-ucenici-milosevica-i-seselja-zele-nastavak-agresije\/"},"author":{"name":"nedim","@id":"https:\/\/tuzlainfo.ba\/#\/schema\/person\/f434e20dc27ea133923aab08451b7f7f"},"headline":"Hrvatski ministar tvrdi: U\u010denici Milo\u0161evi\u0107a i \u0160e\u0161elja \u017eele nastavak agresije","datePublished":"2022-10-15T15:55:54+00:00","dateModified":"2022-10-15T15:55:54+00:00","mainEntityOfPage":{"@id":"https:\/\/tuzlainfo.ba\/index.php\/clanci\/sa-svih-strana\/item\/186892-hrvatski-ministar-tvrdi-ucenici-milosevica-i-seselja-zele-nastavak-agresije\/"},"wordCount":396,"commentCount":0,"publisher":{"@id":"https:\/\/tuzlainfo.ba\/#organization"},"image":{"@id":"https:\/\/tuzlainfo.ba\/index.php\/clanci\/sa-svih-strana\/item\/186892-hrvatski-ministar-tvrdi-ucenici-milosevica-i-seselja-zele-nastavak-agresije\/#primaryimage"},"thumbnailUrl":"https:\/\/tuzlainfo.ba\/wp-content\/uploads\/2021\/07\/2307_grlic-radman.jpg","keywords":["grli\u0107-radman"],"articleSection":["Sa svih strana"],"inLanguage":"bs-BA"},{"@type":"WebPage","@id":"https:\/\/tuzlainfo.ba\/index.php\/clanci\/sa-svih-strana\/item\/186892-hrvatski-ministar-tvrdi-ucenici-milosevica-i-seselja-zele-nastavak-agresije\/","url":"https:\/\/tuzlainfo.ba\/index.php\/clanci\/sa-svih-strana\/item\/186892-hrvatski-ministar-tvrdi-ucenici-milosevica-i-seselja-zele-nastavak-agresije\/","name":"Hrvatski ministar tvrdi: U\u010denici Milo\u0161evi\u0107a i \u0160e\u0161elja \u017eele nastavak agresije - TuzlaInfo.ba","isPartOf":{"@id":"https:\/\/tuzlainfo.ba\/#website"},"primaryImageOfPage":{"@id":"https:\/\/tuzlainfo.ba\/index.php\/clanci\/sa-svih-strana\/item\/186892-hrvatski-ministar-tvrdi-ucenici-milosevica-i-seselja-zele-nastavak-agresije\/#primaryimage"},"image":{"@id":"https:\/\/tuzlainfo.ba\/index.php\/clanci\/sa-svih-strana\/item\/186892-hrvatski-ministar-tvrdi-ucenici-milosevica-i-seselja-zele-nastavak-agresije\/#primaryimage"},"thumbnailUrl":"https:\/\/tuzlainfo.ba\/wp-content\/uploads\/2021\/07\/2307_grlic-radman.jpg","datePublished":"2022-10-15T15:55:54+00:00","dateModified":"2022-10-15T15:55:54+00:00","breadcrumb":{"@id":"https:\/\/tuzlainfo.ba\/index.php\/clanci\/sa-svih-strana\/item\/186892-hrvatski-ministar-tvrdi-ucenici-milosevica-i-seselja-zele-nastavak-agresije\/#breadcrumb"},"inLanguage":"bs-BA","potentialAction":[{"@type":"ReadAction","target":["https:\/\/tuzlainfo.ba\/index.php\/clanci\/sa-svih-strana\/item\/186892-hrvatski-ministar-tvrdi-ucenici-milosevica-i-seselja-zele-nastavak-agresije\/"]}]},{"@type":"ImageObject","inLanguage":"bs-BA","@id":"https:\/\/tuzlainfo.ba\/index.php\/clanci\/sa-svih-strana\/item\/186892-hrvatski-ministar-tvrdi-ucenici-milosevica-i-seselja-zele-nastavak-agresije\/#primaryimage","url":"https:\/\/tuzlainfo.ba\/wp-content\/uploads\/2021\/07\/2307_grlic-radman.jpg","contentUrl":"https:\/\/tuzlainfo.ba\/wp-content\/uploads\/2021\/07\/2307_grlic-radman.jpg","width":864,"height":486},{"@type":"BreadcrumbList","@id":"https:\/\/tuzlainfo.ba\/index.php\/clanci\/sa-svih-strana\/item\/186892-hrvatski-ministar-tvrdi-ucenici-milosevica-i-seselja-zele-nastavak-agresije\/#breadcrumb","itemListElement":[{"@type":"ListItem","position":1,"name":"Home","item":"https:\/\/tuzlainfo.ba\/"},{"@type":"ListItem","position":2,"name":"Hrvatski ministar tvrdi: U\u010denici Milo\u0161evi\u0107a i \u0160e\u0161elja \u017eele nastavak agresije"}]},{"@type":"WebSite","@id":"https:\/\/tuzlainfo.ba\/#website","url":"https:\/\/tuzlainfo.ba\/","name":"TuzlaInfo.ba","description":"Tuzla info, gradski informator - Tuzla na dlanu","publisher":{"@id":"https:\/\/tuzlainfo.ba\/#organization"},"potentialAction":[{"@type":"SearchAction","target":{"@type":"EntryPoint","urlTemplate":"https:\/\/tuzlainfo.ba\/?s={search_term_string}"},"query-input":{"@type":"PropertyValueSpecification","valueRequired":true,"valueName":"search_term_string"}}],"inLanguage":"bs-BA"},{"@type":"Organization","@id":"https:\/\/tuzlainfo.ba\/#organization","name":"TuzlaInfo.ba","url":"https:\/\/tuzlainfo.ba\/","logo":{"@type":"ImageObject","inLanguage":"bs-BA","@id":"https:\/\/tuzlainfo.ba\/#\/schema\/logo\/image\/","url":"https:\/\/tuzlainfo.ba\/wp-content\/uploads\/2021\/03\/logo-ver-3-1.png","contentUrl":"https:\/\/tuzlainfo.ba\/wp-content\/uploads\/2021\/03\/logo-ver-3-1.png","width":350,"height":95,"caption":"TuzlaInfo.ba"},"image":{"@id":"https:\/\/tuzlainfo.ba\/#\/schema\/logo\/image\/"},"sameAs":["https:\/\/www.facebook.com\/tuzlainfo.ba\/"]},{"@type":"Person","@id":"https:\/\/tuzlainfo.ba\/#\/schema\/person\/f434e20dc27ea133923aab08451b7f7f","name":"nedim","image":{"@type":"ImageObject","inLanguage":"bs-BA","@id":"https:\/\/tuzlainfo.ba\/#\/schema\/person\/image\/","url":"https:\/\/tuzlainfo.ba\/wp-content\/litespeed\/avatar\/aabad687af24844af817603ac1cbdc4f.jpg?ver=1776702173","contentUrl":"https:\/\/tuzlainfo.ba\/wp-content\/litespeed\/avatar\/aabad687af24844af817603ac1cbdc4f.jpg?ver=1776702173","caption":"nedim"},"description":"Tuzlainfo.ba pratite na dru\u0161tvenim mre\u017eama: Facebook, Instagram i Youtube. Svoje pri\u010de, upite i fotografije \u0161aljite na na\u0161u e-mail adresu."}]}},"_links":{"self":[{"href":"https:\/\/tuzlainfo.ba\/index.php\/wp-json\/wp\/v2\/posts\/186892"}],"collection":[{"href":"https:\/\/tuzlainfo.ba\/index.php\/wp-json\/wp\/v2\/posts"}],"about":[{"href":"https:\/\/tuzlainfo.ba\/index.php\/wp-json\/wp\/v2\/types\/post"}],"author":[{"embeddable":true,"href":"https:\/\/tuzlainfo.ba\/index.php\/wp-json\/wp\/v2\/users\/2"}],"replies":[{"embeddable":true,"href":"https:\/\/tuzlainfo.ba\/index.php\/wp-json\/wp\/v2\/comments?post=186892"}],"version-history":[{"count":0,"href":"https:\/\/tuzlainfo.ba\/index.php\/wp-json\/wp\/v2\/posts\/186892\/revisions"}],"wp:featuredmedia":[{"embeddable":true,"href":"https:\/\/tuzlainfo.ba\/index.php\/wp-json\/wp\/v2\/media\/142749"}],"wp:attachment":[{"href":"https:\/\/tuzlainfo.ba\/index.php\/wp-json\/wp\/v2\/media?parent=186892"}],"wp:term":[{"taxonomy":"category","embeddable":true,"href":"https:\/\/tuzlainfo.ba\/index.php\/wp-json\/wp\/v2\/categories?post=186892"},{"taxonomy":"post_tag","embeddable":true,"href":"https:\/\/tuzlainfo.ba\/index.php\/wp-json\/wp\/v2\/tags?post=186892"}],"curies":[{"name":"wp","href":"https:\/\/api.w.org\/{rel}","templated":true}]}}