{"id":186333,"date":"2022-10-09T20:52:54","date_gmt":"2022-10-09T18:52:54","guid":{"rendered":"https:\/\/tuzlainfo.ba\/?p=186333"},"modified":"2022-10-09T20:53:56","modified_gmt":"2022-10-09T18:53:56","slug":"protest-opozicije-u-banjoj-luci-najavili-dolazak-u-sarajevo-dodika-nazivali-ustasom","status":"publish","type":"post","link":"https:\/\/tuzlainfo.ba\/index.php\/bosna-i-hercegovina\/item\/186333-protest-opozicije-u-banjoj-luci-najavili-dolazak-u-sarajevo-dodika-nazivali-ustasom\/","title":{"rendered":"Protest opozicije u Banjoj Luci: Najavili dolazak u Sarajevo, Dodika nazivali usta\u0161om"},"content":{"rendered":"<p>U Banjoj Luci ve\u010deras je odr\u017ean protest opozicionih stranaka u Repulici Srspkoj.<\/p>\n<div class=\"post-content post-content-holder\">\n<p>Na protestima na Trgu Krajine okupilo se oko dvije hiljade ljudi, a obra\u0107ali su se predstavnici opozicije.<\/p>\n<p>Darko Babalj (SDS) je za sljede\u0107u sedmicu najavio proteste ispred CIK BiH. Planirano je da protestna \u0161etnja ide od zgrade CIK-a BiH do OHR-a.<\/p>\n<p>Jelena Trivi\u0107 je izjavila da su se malverzacije i kra\u0111e na bira\u010dkim mjestima, de\u0161avale po instrukcijama, te poru\u010dila da \u0107e &#8220;do\u0107i do onog zadnjeg&#8221;, po \u010dijem se nalogu to radilo.<\/p>\n<p>&#8211; Nisam pokradena ja, pokraden je narod. Umjesto \u0161to tra\u017ee da im priznam izbornu plja\u010dku u re\u017eiji mafija\u0161ke organizacije, ja pozivam njih da odstupe. Odlazite, narod vas ne\u0107e &#8211; poru\u010dila je Trivi\u0107.<\/p>\n<p>Vukota Govedarica (SDS) je podsjetio na &#8220;usta\u0161ke zlo\u010dine kroz historiju&#8221;:<\/p>\n<p>&#8211; Takvu politiku je on ugostio u Bakincima &#8211; aludiraju\u0107i na sastanak Milorada Dodika i predsjednika Hrvatske Zorana Milanovi\u0107a na Dodikovom imanju u Bakincima kod Lakta\u0161a.<\/p>\n<p>&#8211; Mile, usta\u0161a &#8211; povikali su okupljeni.<\/p>\n<p>Prozvao je i tu\u017eioca BiH Milanka Kajgani\u0107a, SIPA-u, MUP RS-a i druge institucije, tra\u017ee\u0107i da preduzmu radnje u vezi sa sumnjom u izborne kra\u0111e.<\/p>\n<p>&#8211; Ve\u010deras smo ovdje i da upozorio CIK BiH da se slu\u010dajno ne igra sa izbornom voljom &#8211; kazao je Govedarica.<strong><br \/>\n<\/strong><\/p>\n<p>Gradona\u010delnik Banje Luke Dra\u0161ko Stanivukovi\u0107 (PDP) zatra\u017eio je ponovno brojanje glasova, uklju\u010duju\u0107i i Banju Luku, gdje je Jelena Trivi\u0107 dobila vi\u0161e glasova u odnosu na protivkandidata Milorada Dodika (SNSD).<\/p>\n<p>&#8211; Su\u0161tina na\u0161e borbe je pobjeda kriminala i korupcije, koji po\u010dinju na izborima. Ako to legalizujemo, onda smo odustali od svojih principa. Ne damo nijedan glas, da niko nije uzalud iza\u0161ao na izbore &#8211; istakao je.<\/p>\n<p>Podvukao je da se mirno, istrajno i dostojanstveno moraju zavr\u0161iti protesti i da se \u010duva Banja Luka.<\/p>\n<p>Predsjednik PDP-a Branislav Borenovi\u0107 izjavio je da se ve\u010deras okupilo vi\u0161e ljudi nego u \u010detvrtak. On je poru\u010dio da se bore protiv korupcije u svim sistemima i da imaju veliku podr\u0161ku<\/p>\n<p>&#8211; Vi ste dali veliku poruku, a ona je Mile odlazi. Tra\u017eimo da institucije rade svoj posao i ubije\u0111en sam da \u0107emo od CIK dobiti novi brojanje glasova jer narod zaslu\u017euje istinu &#8211; rekao je Borenovi\u0107.<\/p>\n<p>&#8211; U zatvor moraju i\u0107i i oni koji su krali i oni koji su naredili kra\u0111e. Narod je izabrao Jelenu Trivi\u0107 za predsjednika RS &#8211; istakao je Borenovi\u0107.<\/p>\n<p>Rekao je da se ovo zove prava pobjeda naroda.<\/p>\n<p>&#8211; Slobodni narod RS-a je ustao i ne\u0107e dati svoju izbornu volju &#8211; poru\u010deno je na po\u010detku.<\/p>\n<p>Zamjenik predsjednika SDS-a Milan Radovi\u0107 kazao je da se bore i tra\u017ee brijanje glasova i utvr\u0111ivanje materijala u vre\u0107ama. &#8211;<\/p>\n<p>&#8211; Ne\u0107ete nas pokrasti ovaj put. Uhvatili smo ih u kra\u0111i i ne\u0107emo ih pustiti dok se ovo ne rije\u0161i i dok ne poka\u017eemo da je Jelena Trivi\u0107 predsjednik RS &#8211; kazao je Radovi\u0107.<\/p>\n<p>Tu je i kompletno strana\u010dko rukovodstvo PDP-a i SDS-a. Okupljena masa je posebno pozdravila Jelenu Trivi\u0107.<\/p>\n<p>&#8211; Ko baci samo kamen\u010di\u0107 nije sa nama &#8211; kazao je Milan Radovi\u0107, zamjenik predsjednika SDS-a.<\/p>\n<p>Okupljeni uzvikuju &#8220;Mile lopove&#8221;. Organizatori tvrde i da je nekoliko autobusa iz drugih gradova i ovaj put zaustavljeno na putu ka Banjoj Luci, pi\u0161e Faktor.ba.<\/p>\n<\/div>\n","protected":false},"excerpt":{"rendered":"<p>U Banjoj Luci ve\u010deras je odr\u017ean protest opozicionih stranaka u Repulici Srspkoj. Na protestima na&hellip;<\/p>\n","protected":false},"author":2,"featured_media":186335,"comment_status":"open","ping_status":"closed","sticky":false,"template":"","format":"standard","meta":{"_acf_changed":false,"footnotes":""},"categories":[291],"tags":[589,1717],"acf":[],"yoast_head":"<!-- This site is optimized with the Yoast SEO plugin v23.5 - https:\/\/yoast.com\/wordpress\/plugins\/seo\/ -->\n<title>Protest opozicije u Banjoj Luci: Najavili dolazak u Sarajevo, Dodika nazivali usta\u0161om - TuzlaInfo.ba<\/title>\n<meta name=\"robots\" content=\"index, follow, max-snippet:-1, max-image-preview:large, max-video-preview:-1\" \/>\n<link rel=\"canonical\" href=\"https:\/\/tuzlainfo.ba\/index.php\/bosna-i-hercegovina\/item\/186333-protest-opozicije-u-banjoj-luci-najavili-dolazak-u-sarajevo-dodika-nazivali-ustasom\/\" \/>\n<meta property=\"og:locale\" content=\"bs_BA\" \/>\n<meta property=\"og:type\" content=\"article\" \/>\n<meta property=\"og:title\" content=\"Protest opozicije u Banjoj Luci: Najavili dolazak u Sarajevo, Dodika nazivali usta\u0161om - TuzlaInfo.ba\" \/>\n<meta property=\"og:description\" content=\"U Banjoj Luci ve\u010deras je odr\u017ean protest opozicionih stranaka u Repulici Srspkoj. Na protestima na&hellip;\" \/>\n<meta property=\"og:url\" content=\"https:\/\/tuzlainfo.ba\/index.php\/bosna-i-hercegovina\/item\/186333-protest-opozicije-u-banjoj-luci-najavili-dolazak-u-sarajevo-dodika-nazivali-ustasom\/\" \/>\n<meta property=\"og:site_name\" content=\"TuzlaInfo.ba\" \/>\n<meta property=\"article:publisher\" content=\"https:\/\/www.facebook.com\/tuzlainfo.ba\/\" \/>\n<meta property=\"article:published_time\" content=\"2022-10-09T18:52:54+00:00\" \/>\n<meta property=\"article:modified_time\" content=\"2022-10-09T18:53:56+00:00\" \/>\n<meta property=\"og:image\" content=\"https:\/\/tuzlainfo.ba\/wp-content\/uploads\/2022\/10\/0910_protest_rs_bl.jpg\" \/>\n\t<meta property=\"og:image:width\" content=\"860\" \/>\n\t<meta property=\"og:image:height\" content=\"484\" \/>\n\t<meta property=\"og:image:type\" content=\"image\/jpeg\" \/>\n<meta name=\"author\" content=\"nedim\" \/>\n<meta name=\"twitter:card\" content=\"summary_large_image\" \/>\n<meta name=\"twitter:label1\" content=\"Written by\" \/>\n\t<meta name=\"twitter:data1\" content=\"nedim\" \/>\n\t<meta name=\"twitter:label2\" content=\"Est. reading time\" \/>\n\t<meta name=\"twitter:data2\" content=\"3 minute\" \/>\n<script type=\"application\/ld+json\" class=\"yoast-schema-graph\">{\"@context\":\"https:\/\/schema.org\",\"@graph\":[{\"@type\":\"Article\",\"@id\":\"https:\/\/tuzlainfo.ba\/index.php\/bosna-i-hercegovina\/item\/186333-protest-opozicije-u-banjoj-luci-najavili-dolazak-u-sarajevo-dodika-nazivali-ustasom\/#article\",\"isPartOf\":{\"@id\":\"https:\/\/tuzlainfo.ba\/index.php\/bosna-i-hercegovina\/item\/186333-protest-opozicije-u-banjoj-luci-najavili-dolazak-u-sarajevo-dodika-nazivali-ustasom\/\"},\"author\":{\"name\":\"nedim\",\"@id\":\"https:\/\/tuzlainfo.ba\/#\/schema\/person\/f434e20dc27ea133923aab08451b7f7f\"},\"headline\":\"Protest opozicije u Banjoj Luci: Najavili dolazak u Sarajevo, Dodika nazivali usta\u0161om\",\"datePublished\":\"2022-10-09T18:52:54+00:00\",\"dateModified\":\"2022-10-09T18:53:56+00:00\",\"mainEntityOfPage\":{\"@id\":\"https:\/\/tuzlainfo.ba\/index.php\/bosna-i-hercegovina\/item\/186333-protest-opozicije-u-banjoj-luci-najavili-dolazak-u-sarajevo-dodika-nazivali-ustasom\/\"},\"wordCount\":593,\"commentCount\":0,\"publisher\":{\"@id\":\"https:\/\/tuzlainfo.ba\/#organization\"},\"image\":{\"@id\":\"https:\/\/tuzlainfo.ba\/index.php\/bosna-i-hercegovina\/item\/186333-protest-opozicije-u-banjoj-luci-najavili-dolazak-u-sarajevo-dodika-nazivali-ustasom\/#primaryimage\"},\"thumbnailUrl\":\"https:\/\/tuzlainfo.ba\/wp-content\/uploads\/2022\/10\/0910_protest_rs_bl.jpg\",\"keywords\":[\"banja luka\",\"protest\"],\"articleSection\":[\"Bosna i Hercegovina\"],\"inLanguage\":\"bs-BA\"},{\"@type\":\"WebPage\",\"@id\":\"https:\/\/tuzlainfo.ba\/index.php\/bosna-i-hercegovina\/item\/186333-protest-opozicije-u-banjoj-luci-najavili-dolazak-u-sarajevo-dodika-nazivali-ustasom\/\",\"url\":\"https:\/\/tuzlainfo.ba\/index.php\/bosna-i-hercegovina\/item\/186333-protest-opozicije-u-banjoj-luci-najavili-dolazak-u-sarajevo-dodika-nazivali-ustasom\/\",\"name\":\"Protest opozicije u Banjoj Luci: Najavili dolazak u Sarajevo, Dodika nazivali usta\u0161om - TuzlaInfo.ba\",\"isPartOf\":{\"@id\":\"https:\/\/tuzlainfo.ba\/#website\"},\"primaryImageOfPage\":{\"@id\":\"https:\/\/tuzlainfo.ba\/index.php\/bosna-i-hercegovina\/item\/186333-protest-opozicije-u-banjoj-luci-najavili-dolazak-u-sarajevo-dodika-nazivali-ustasom\/#primaryimage\"},\"image\":{\"@id\":\"https:\/\/tuzlainfo.ba\/index.php\/bosna-i-hercegovina\/item\/186333-protest-opozicije-u-banjoj-luci-najavili-dolazak-u-sarajevo-dodika-nazivali-ustasom\/#primaryimage\"},\"thumbnailUrl\":\"https:\/\/tuzlainfo.ba\/wp-content\/uploads\/2022\/10\/0910_protest_rs_bl.jpg\",\"datePublished\":\"2022-10-09T18:52:54+00:00\",\"dateModified\":\"2022-10-09T18:53:56+00:00\",\"breadcrumb\":{\"@id\":\"https:\/\/tuzlainfo.ba\/index.php\/bosna-i-hercegovina\/item\/186333-protest-opozicije-u-banjoj-luci-najavili-dolazak-u-sarajevo-dodika-nazivali-ustasom\/#breadcrumb\"},\"inLanguage\":\"bs-BA\",\"potentialAction\":[{\"@type\":\"ReadAction\",\"target\":[\"https:\/\/tuzlainfo.ba\/index.php\/bosna-i-hercegovina\/item\/186333-protest-opozicije-u-banjoj-luci-najavili-dolazak-u-sarajevo-dodika-nazivali-ustasom\/\"]}]},{\"@type\":\"ImageObject\",\"inLanguage\":\"bs-BA\",\"@id\":\"https:\/\/tuzlainfo.ba\/index.php\/bosna-i-hercegovina\/item\/186333-protest-opozicije-u-banjoj-luci-najavili-dolazak-u-sarajevo-dodika-nazivali-ustasom\/#primaryimage\",\"url\":\"https:\/\/tuzlainfo.ba\/wp-content\/uploads\/2022\/10\/0910_protest_rs_bl.jpg\",\"contentUrl\":\"https:\/\/tuzlainfo.ba\/wp-content\/uploads\/2022\/10\/0910_protest_rs_bl.jpg\",\"width\":860,\"height\":484},{\"@type\":\"BreadcrumbList\",\"@id\":\"https:\/\/tuzlainfo.ba\/index.php\/bosna-i-hercegovina\/item\/186333-protest-opozicije-u-banjoj-luci-najavili-dolazak-u-sarajevo-dodika-nazivali-ustasom\/#breadcrumb\",\"itemListElement\":[{\"@type\":\"ListItem\",\"position\":1,\"name\":\"Home\",\"item\":\"https:\/\/tuzlainfo.ba\/\"},{\"@type\":\"ListItem\",\"position\":2,\"name\":\"Protest opozicije u Banjoj Luci: Najavili dolazak u Sarajevo, Dodika nazivali usta\u0161om\"}]},{\"@type\":\"WebSite\",\"@id\":\"https:\/\/tuzlainfo.ba\/#website\",\"url\":\"https:\/\/tuzlainfo.ba\/\",\"name\":\"TuzlaInfo.ba\",\"description\":\"Tuzla info, gradski informator - Tuzla na dlanu\",\"publisher\":{\"@id\":\"https:\/\/tuzlainfo.ba\/#organization\"},\"potentialAction\":[{\"@type\":\"SearchAction\",\"target\":{\"@type\":\"EntryPoint\",\"urlTemplate\":\"https:\/\/tuzlainfo.ba\/?s={search_term_string}\"},\"query-input\":{\"@type\":\"PropertyValueSpecification\",\"valueRequired\":true,\"valueName\":\"search_term_string\"}}],\"inLanguage\":\"bs-BA\"},{\"@type\":\"Organization\",\"@id\":\"https:\/\/tuzlainfo.ba\/#organization\",\"name\":\"TuzlaInfo.ba\",\"url\":\"https:\/\/tuzlainfo.ba\/\",\"logo\":{\"@type\":\"ImageObject\",\"inLanguage\":\"bs-BA\",\"@id\":\"https:\/\/tuzlainfo.ba\/#\/schema\/logo\/image\/\",\"url\":\"https:\/\/tuzlainfo.ba\/wp-content\/uploads\/2021\/03\/logo-ver-3-1.png\",\"contentUrl\":\"https:\/\/tuzlainfo.ba\/wp-content\/uploads\/2021\/03\/logo-ver-3-1.png\",\"width\":350,\"height\":95,\"caption\":\"TuzlaInfo.ba\"},\"image\":{\"@id\":\"https:\/\/tuzlainfo.ba\/#\/schema\/logo\/image\/\"},\"sameAs\":[\"https:\/\/www.facebook.com\/tuzlainfo.ba\/\"]},{\"@type\":\"Person\",\"@id\":\"https:\/\/tuzlainfo.ba\/#\/schema\/person\/f434e20dc27ea133923aab08451b7f7f\",\"name\":\"nedim\",\"image\":{\"@type\":\"ImageObject\",\"inLanguage\":\"bs-BA\",\"@id\":\"https:\/\/tuzlainfo.ba\/#\/schema\/person\/image\/\",\"url\":\"https:\/\/tuzlainfo.ba\/wp-content\/litespeed\/avatar\/aabad687af24844af817603ac1cbdc4f.jpg?ver=1777306975\",\"contentUrl\":\"https:\/\/tuzlainfo.ba\/wp-content\/litespeed\/avatar\/aabad687af24844af817603ac1cbdc4f.jpg?ver=1777306975\",\"caption\":\"nedim\"},\"description\":\"Tuzlainfo.ba pratite na dru\u0161tvenim mre\u017eama: Facebook, Instagram i Youtube. Svoje pri\u010de, upite i fotografije \u0161aljite na na\u0161u e-mail adresu.\"}]}<\/script>\n<!-- \/ Yoast SEO plugin. -->","yoast_head_json":{"title":"Protest opozicije u Banjoj Luci: Najavili dolazak u Sarajevo, Dodika nazivali usta\u0161om - TuzlaInfo.ba","robots":{"index":"index","follow":"follow","max-snippet":"max-snippet:-1","max-image-preview":"max-image-preview:large","max-video-preview":"max-video-preview:-1"},"canonical":"https:\/\/tuzlainfo.ba\/index.php\/bosna-i-hercegovina\/item\/186333-protest-opozicije-u-banjoj-luci-najavili-dolazak-u-sarajevo-dodika-nazivali-ustasom\/","og_locale":"bs_BA","og_type":"article","og_title":"Protest opozicije u Banjoj Luci: Najavili dolazak u Sarajevo, Dodika nazivali usta\u0161om - TuzlaInfo.ba","og_description":"U Banjoj Luci ve\u010deras je odr\u017ean protest opozicionih stranaka u Repulici Srspkoj. Na protestima na&hellip;","og_url":"https:\/\/tuzlainfo.ba\/index.php\/bosna-i-hercegovina\/item\/186333-protest-opozicije-u-banjoj-luci-najavili-dolazak-u-sarajevo-dodika-nazivali-ustasom\/","og_site_name":"TuzlaInfo.ba","article_publisher":"https:\/\/www.facebook.com\/tuzlainfo.ba\/","article_published_time":"2022-10-09T18:52:54+00:00","article_modified_time":"2022-10-09T18:53:56+00:00","og_image":[{"width":860,"height":484,"url":"https:\/\/tuzlainfo.ba\/wp-content\/uploads\/2022\/10\/0910_protest_rs_bl.jpg","type":"image\/jpeg"}],"author":"nedim","twitter_card":"summary_large_image","twitter_misc":{"Written by":"nedim","Est. reading time":"3 minute"},"schema":{"@context":"https:\/\/schema.org","@graph":[{"@type":"Article","@id":"https:\/\/tuzlainfo.ba\/index.php\/bosna-i-hercegovina\/item\/186333-protest-opozicije-u-banjoj-luci-najavili-dolazak-u-sarajevo-dodika-nazivali-ustasom\/#article","isPartOf":{"@id":"https:\/\/tuzlainfo.ba\/index.php\/bosna-i-hercegovina\/item\/186333-protest-opozicije-u-banjoj-luci-najavili-dolazak-u-sarajevo-dodika-nazivali-ustasom\/"},"author":{"name":"nedim","@id":"https:\/\/tuzlainfo.ba\/#\/schema\/person\/f434e20dc27ea133923aab08451b7f7f"},"headline":"Protest opozicije u Banjoj Luci: Najavili dolazak u Sarajevo, Dodika nazivali usta\u0161om","datePublished":"2022-10-09T18:52:54+00:00","dateModified":"2022-10-09T18:53:56+00:00","mainEntityOfPage":{"@id":"https:\/\/tuzlainfo.ba\/index.php\/bosna-i-hercegovina\/item\/186333-protest-opozicije-u-banjoj-luci-najavili-dolazak-u-sarajevo-dodika-nazivali-ustasom\/"},"wordCount":593,"commentCount":0,"publisher":{"@id":"https:\/\/tuzlainfo.ba\/#organization"},"image":{"@id":"https:\/\/tuzlainfo.ba\/index.php\/bosna-i-hercegovina\/item\/186333-protest-opozicije-u-banjoj-luci-najavili-dolazak-u-sarajevo-dodika-nazivali-ustasom\/#primaryimage"},"thumbnailUrl":"https:\/\/tuzlainfo.ba\/wp-content\/uploads\/2022\/10\/0910_protest_rs_bl.jpg","keywords":["banja luka","protest"],"articleSection":["Bosna i Hercegovina"],"inLanguage":"bs-BA"},{"@type":"WebPage","@id":"https:\/\/tuzlainfo.ba\/index.php\/bosna-i-hercegovina\/item\/186333-protest-opozicije-u-banjoj-luci-najavili-dolazak-u-sarajevo-dodika-nazivali-ustasom\/","url":"https:\/\/tuzlainfo.ba\/index.php\/bosna-i-hercegovina\/item\/186333-protest-opozicije-u-banjoj-luci-najavili-dolazak-u-sarajevo-dodika-nazivali-ustasom\/","name":"Protest opozicije u Banjoj Luci: Najavili dolazak u Sarajevo, Dodika nazivali usta\u0161om - TuzlaInfo.ba","isPartOf":{"@id":"https:\/\/tuzlainfo.ba\/#website"},"primaryImageOfPage":{"@id":"https:\/\/tuzlainfo.ba\/index.php\/bosna-i-hercegovina\/item\/186333-protest-opozicije-u-banjoj-luci-najavili-dolazak-u-sarajevo-dodika-nazivali-ustasom\/#primaryimage"},"image":{"@id":"https:\/\/tuzlainfo.ba\/index.php\/bosna-i-hercegovina\/item\/186333-protest-opozicije-u-banjoj-luci-najavili-dolazak-u-sarajevo-dodika-nazivali-ustasom\/#primaryimage"},"thumbnailUrl":"https:\/\/tuzlainfo.ba\/wp-content\/uploads\/2022\/10\/0910_protest_rs_bl.jpg","datePublished":"2022-10-09T18:52:54+00:00","dateModified":"2022-10-09T18:53:56+00:00","breadcrumb":{"@id":"https:\/\/tuzlainfo.ba\/index.php\/bosna-i-hercegovina\/item\/186333-protest-opozicije-u-banjoj-luci-najavili-dolazak-u-sarajevo-dodika-nazivali-ustasom\/#breadcrumb"},"inLanguage":"bs-BA","potentialAction":[{"@type":"ReadAction","target":["https:\/\/tuzlainfo.ba\/index.php\/bosna-i-hercegovina\/item\/186333-protest-opozicije-u-banjoj-luci-najavili-dolazak-u-sarajevo-dodika-nazivali-ustasom\/"]}]},{"@type":"ImageObject","inLanguage":"bs-BA","@id":"https:\/\/tuzlainfo.ba\/index.php\/bosna-i-hercegovina\/item\/186333-protest-opozicije-u-banjoj-luci-najavili-dolazak-u-sarajevo-dodika-nazivali-ustasom\/#primaryimage","url":"https:\/\/tuzlainfo.ba\/wp-content\/uploads\/2022\/10\/0910_protest_rs_bl.jpg","contentUrl":"https:\/\/tuzlainfo.ba\/wp-content\/uploads\/2022\/10\/0910_protest_rs_bl.jpg","width":860,"height":484},{"@type":"BreadcrumbList","@id":"https:\/\/tuzlainfo.ba\/index.php\/bosna-i-hercegovina\/item\/186333-protest-opozicije-u-banjoj-luci-najavili-dolazak-u-sarajevo-dodika-nazivali-ustasom\/#breadcrumb","itemListElement":[{"@type":"ListItem","position":1,"name":"Home","item":"https:\/\/tuzlainfo.ba\/"},{"@type":"ListItem","position":2,"name":"Protest opozicije u Banjoj Luci: Najavili dolazak u Sarajevo, Dodika nazivali usta\u0161om"}]},{"@type":"WebSite","@id":"https:\/\/tuzlainfo.ba\/#website","url":"https:\/\/tuzlainfo.ba\/","name":"TuzlaInfo.ba","description":"Tuzla info, gradski informator - Tuzla na dlanu","publisher":{"@id":"https:\/\/tuzlainfo.ba\/#organization"},"potentialAction":[{"@type":"SearchAction","target":{"@type":"EntryPoint","urlTemplate":"https:\/\/tuzlainfo.ba\/?s={search_term_string}"},"query-input":{"@type":"PropertyValueSpecification","valueRequired":true,"valueName":"search_term_string"}}],"inLanguage":"bs-BA"},{"@type":"Organization","@id":"https:\/\/tuzlainfo.ba\/#organization","name":"TuzlaInfo.ba","url":"https:\/\/tuzlainfo.ba\/","logo":{"@type":"ImageObject","inLanguage":"bs-BA","@id":"https:\/\/tuzlainfo.ba\/#\/schema\/logo\/image\/","url":"https:\/\/tuzlainfo.ba\/wp-content\/uploads\/2021\/03\/logo-ver-3-1.png","contentUrl":"https:\/\/tuzlainfo.ba\/wp-content\/uploads\/2021\/03\/logo-ver-3-1.png","width":350,"height":95,"caption":"TuzlaInfo.ba"},"image":{"@id":"https:\/\/tuzlainfo.ba\/#\/schema\/logo\/image\/"},"sameAs":["https:\/\/www.facebook.com\/tuzlainfo.ba\/"]},{"@type":"Person","@id":"https:\/\/tuzlainfo.ba\/#\/schema\/person\/f434e20dc27ea133923aab08451b7f7f","name":"nedim","image":{"@type":"ImageObject","inLanguage":"bs-BA","@id":"https:\/\/tuzlainfo.ba\/#\/schema\/person\/image\/","url":"https:\/\/tuzlainfo.ba\/wp-content\/litespeed\/avatar\/aabad687af24844af817603ac1cbdc4f.jpg?ver=1777306975","contentUrl":"https:\/\/tuzlainfo.ba\/wp-content\/litespeed\/avatar\/aabad687af24844af817603ac1cbdc4f.jpg?ver=1777306975","caption":"nedim"},"description":"Tuzlainfo.ba pratite na dru\u0161tvenim mre\u017eama: Facebook, Instagram i Youtube. Svoje pri\u010de, upite i fotografije \u0161aljite na na\u0161u e-mail adresu."}]}},"_links":{"self":[{"href":"https:\/\/tuzlainfo.ba\/index.php\/wp-json\/wp\/v2\/posts\/186333"}],"collection":[{"href":"https:\/\/tuzlainfo.ba\/index.php\/wp-json\/wp\/v2\/posts"}],"about":[{"href":"https:\/\/tuzlainfo.ba\/index.php\/wp-json\/wp\/v2\/types\/post"}],"author":[{"embeddable":true,"href":"https:\/\/tuzlainfo.ba\/index.php\/wp-json\/wp\/v2\/users\/2"}],"replies":[{"embeddable":true,"href":"https:\/\/tuzlainfo.ba\/index.php\/wp-json\/wp\/v2\/comments?post=186333"}],"version-history":[{"count":0,"href":"https:\/\/tuzlainfo.ba\/index.php\/wp-json\/wp\/v2\/posts\/186333\/revisions"}],"wp:featuredmedia":[{"embeddable":true,"href":"https:\/\/tuzlainfo.ba\/index.php\/wp-json\/wp\/v2\/media\/186335"}],"wp:attachment":[{"href":"https:\/\/tuzlainfo.ba\/index.php\/wp-json\/wp\/v2\/media?parent=186333"}],"wp:term":[{"taxonomy":"category","embeddable":true,"href":"https:\/\/tuzlainfo.ba\/index.php\/wp-json\/wp\/v2\/categories?post=186333"},{"taxonomy":"post_tag","embeddable":true,"href":"https:\/\/tuzlainfo.ba\/index.php\/wp-json\/wp\/v2\/tags?post=186333"}],"curies":[{"name":"wp","href":"https:\/\/api.w.org\/{rel}","templated":true}]}}