{"id":186099,"date":"2022-10-07T09:27:23","date_gmt":"2022-10-07T07:27:23","guid":{"rendered":"https:\/\/tuzlainfo.ba\/?p=186099"},"modified":"2022-10-07T09:27:23","modified_gmt":"2022-10-07T07:27:23","slug":"biden-upozorava-svijet-na-nuklearni-armagedon-dobro-sam-upoznao-putina-ne-sali-se","status":"publish","type":"post","link":"https:\/\/tuzlainfo.ba\/index.php\/clanci\/sa-svih-strana\/item\/186099-biden-upozorava-svijet-na-nuklearni-armagedon-dobro-sam-upoznao-putina-ne-sali-se\/","title":{"rendered":"Biden upozorava svijet na nuklearni &#8220;Armagedon&#8221;: Dobro sam upoznao Putina, ne \u0161ali se"},"content":{"rendered":"<p>Ameri\u010dki predsjednik\u00a0Joe Biden\u00a0rekao je da se svijet suo\u010dava s najve\u0107om prijetnjom nuklearnog &#8220;Armagedona&#8221; jo\u0161 od predsjednika Kennedyja i Kubanske raketne krize.<\/p>\n<div class=\"post-content post-content-holder\">\n<p>Kazao je to na prikupljanju sredstava Demokratske stranke u New Yorku nakon \u0161to su ruski du\u017enosnici upozorili na mogu\u0107nost kori\u0161tenja takti\u010dkog nuklearnog oru\u017eja, objavio je\u00a0<a href=\"https:\/\/news.sky.com\/story\/ukraine-war-first-time-since-the-cuban-missile-crisis-we-have-a-direct-threat-of-the-use-nuclear-weapons-says-president-biden-12714106\" target=\"_blank\" rel=\"noopener\">Sky News<\/a>.<\/p>\n<p>Opisuju\u0107i ruskog predsjednika Vladimira Putina, Biden je rekao da je &#8220;prili\u010dno dobro upoznao tog tipa&#8221;.<\/p>\n<p>&#8211; Ne \u0161ali se kada govori o kori\u0161tenju takti\u010dkog nuklearnog oru\u017eja ili biolo\u0161kog ili hemijskog oru\u017eja jer njegova vojska, mo\u017ee se re\u0107i, ima znatno slabije rezultate &#8211; kazao je Biden.<\/p>\n<p>Jasno je izrazio svoju zabrinutost da bi, ako bi se takvo oru\u017eje rasporedilo, ono brzo eskaliralo u svjetski nuklearni sukob.<\/p>\n<p>&#8211; Prvi put od kubanske raketne krize imamo izravnu prijetnju upotrebom nuklearnog oru\u017eja ako se situacija nastavi razvijati ovim tokom &#8211; rekao je.<\/p>\n<p>&#8211; Poku\u0161avam shvatiti \u0161ta je Putinovo odstupanje? Gdje on nalazi izlaz? Gdje se nalazi u toj poziciji u kojoj ne samo da gubi obraz, ve\u0107 i zna\u010dajnu mo\u0107 unutar Rusije? Nismo se suo\u010dili s mogu\u0107no\u0161\u0107u Armagedona od Kennedyja i kubanske raketne krize &#8211; kazao je pa dodao:<\/p>\n<p>&#8211; Ne vjerujem da postoji ne\u0161to poput sposobnosti da se lako upotrijebi takti\u010dko nuklearno oru\u017eje i sve to ne zavr\u0161i s Armagedonom.<\/p>\n<p>Tokom krize 1962, Sjedinjene Dr\u017eave pod predsjednikom Johnom Kennedyjem i Sovjetski Savez pod Nikitom Hru\u0161\u010dovim bili su blizu upotrebe nuklearnog oru\u017eja zbog prisutnosti sovjetskih projektila na Kubi.<\/p>\n<p>Ameri\u010dki du\u017enosnici upozoravali su posljednjih nekoliko mjeseci na mogu\u0107nost da Rusija upotrijebi oru\u017eje za masovno uni\u0161tenje u Ukrajini nakon brojnih strate\u0161kih neuspjeha na bojnom polju.<\/p>\n<\/div>\n","protected":false},"excerpt":{"rendered":"<p>Ameri\u010dki predsjednik\u00a0Joe Biden\u00a0rekao je da se svijet suo\u010dava s najve\u0107om prijetnjom nuklearnog &#8220;Armagedona&#8221; jo\u0161 od&hellip;<\/p>\n","protected":false},"author":2,"featured_media":164667,"comment_status":"open","ping_status":"closed","sticky":false,"template":"","format":"standard","meta":{"_acf_changed":false,"footnotes":""},"categories":[16],"tags":[1533],"acf":[],"yoast_head":"<!-- This site is optimized with the Yoast SEO plugin v23.5 - https:\/\/yoast.com\/wordpress\/plugins\/seo\/ -->\n<title>Biden upozorava svijet na nuklearni &quot;Armagedon&quot;: Dobro sam upoznao Putina, ne \u0161ali se - TuzlaInfo.ba<\/title>\n<meta name=\"robots\" content=\"index, follow, max-snippet:-1, max-image-preview:large, max-video-preview:-1\" \/>\n<link rel=\"canonical\" href=\"https:\/\/tuzlainfo.ba\/index.php\/clanci\/sa-svih-strana\/item\/186099-biden-upozorava-svijet-na-nuklearni-armagedon-dobro-sam-upoznao-putina-ne-sali-se\/\" \/>\n<meta property=\"og:locale\" content=\"bs_BA\" \/>\n<meta property=\"og:type\" content=\"article\" \/>\n<meta property=\"og:title\" content=\"Biden upozorava svijet na nuklearni &quot;Armagedon&quot;: Dobro sam upoznao Putina, ne \u0161ali se - TuzlaInfo.ba\" \/>\n<meta property=\"og:description\" content=\"Ameri\u010dki predsjednik\u00a0Joe Biden\u00a0rekao je da se svijet suo\u010dava s najve\u0107om prijetnjom nuklearnog &#8220;Armagedona&#8221; jo\u0161 od&hellip;\" \/>\n<meta property=\"og:url\" content=\"https:\/\/tuzlainfo.ba\/index.php\/clanci\/sa-svih-strana\/item\/186099-biden-upozorava-svijet-na-nuklearni-armagedon-dobro-sam-upoznao-putina-ne-sali-se\/\" \/>\n<meta property=\"og:site_name\" content=\"TuzlaInfo.ba\" \/>\n<meta property=\"article:publisher\" content=\"https:\/\/www.facebook.com\/tuzlainfo.ba\/\" \/>\n<meta property=\"article:published_time\" content=\"2022-10-07T07:27:23+00:00\" \/>\n<meta property=\"og:image\" content=\"https:\/\/tuzlainfo.ba\/wp-content\/uploads\/2022\/02\/2202_biden.jpg\" \/>\n\t<meta property=\"og:image:width\" content=\"1125\" \/>\n\t<meta property=\"og:image:height\" content=\"750\" \/>\n\t<meta property=\"og:image:type\" content=\"image\/jpeg\" \/>\n<meta name=\"author\" content=\"nedim\" \/>\n<meta name=\"twitter:card\" content=\"summary_large_image\" \/>\n<meta name=\"twitter:label1\" content=\"Written by\" \/>\n\t<meta name=\"twitter:data1\" content=\"nedim\" \/>\n\t<meta name=\"twitter:label2\" content=\"Est. reading time\" \/>\n\t<meta name=\"twitter:data2\" content=\"1 minuta\" \/>\n<script type=\"application\/ld+json\" class=\"yoast-schema-graph\">{\"@context\":\"https:\/\/schema.org\",\"@graph\":[{\"@type\":\"Article\",\"@id\":\"https:\/\/tuzlainfo.ba\/index.php\/clanci\/sa-svih-strana\/item\/186099-biden-upozorava-svijet-na-nuklearni-armagedon-dobro-sam-upoznao-putina-ne-sali-se\/#article\",\"isPartOf\":{\"@id\":\"https:\/\/tuzlainfo.ba\/index.php\/clanci\/sa-svih-strana\/item\/186099-biden-upozorava-svijet-na-nuklearni-armagedon-dobro-sam-upoznao-putina-ne-sali-se\/\"},\"author\":{\"name\":\"nedim\",\"@id\":\"https:\/\/tuzlainfo.ba\/#\/schema\/person\/f434e20dc27ea133923aab08451b7f7f\"},\"headline\":\"Biden upozorava svijet na nuklearni &#8220;Armagedon&#8221;: Dobro sam upoznao Putina, ne \u0161ali se\",\"datePublished\":\"2022-10-07T07:27:23+00:00\",\"dateModified\":\"2022-10-07T07:27:23+00:00\",\"mainEntityOfPage\":{\"@id\":\"https:\/\/tuzlainfo.ba\/index.php\/clanci\/sa-svih-strana\/item\/186099-biden-upozorava-svijet-na-nuklearni-armagedon-dobro-sam-upoznao-putina-ne-sali-se\/\"},\"wordCount\":308,\"commentCount\":0,\"publisher\":{\"@id\":\"https:\/\/tuzlainfo.ba\/#organization\"},\"image\":{\"@id\":\"https:\/\/tuzlainfo.ba\/index.php\/clanci\/sa-svih-strana\/item\/186099-biden-upozorava-svijet-na-nuklearni-armagedon-dobro-sam-upoznao-putina-ne-sali-se\/#primaryimage\"},\"thumbnailUrl\":\"https:\/\/tuzlainfo.ba\/wp-content\/uploads\/2022\/02\/2202_biden.jpg\",\"keywords\":[\"joe biden\"],\"articleSection\":[\"Sa svih strana\"],\"inLanguage\":\"bs-BA\"},{\"@type\":\"WebPage\",\"@id\":\"https:\/\/tuzlainfo.ba\/index.php\/clanci\/sa-svih-strana\/item\/186099-biden-upozorava-svijet-na-nuklearni-armagedon-dobro-sam-upoznao-putina-ne-sali-se\/\",\"url\":\"https:\/\/tuzlainfo.ba\/index.php\/clanci\/sa-svih-strana\/item\/186099-biden-upozorava-svijet-na-nuklearni-armagedon-dobro-sam-upoznao-putina-ne-sali-se\/\",\"name\":\"Biden upozorava svijet na nuklearni \\\"Armagedon\\\": Dobro sam upoznao Putina, ne \u0161ali se - TuzlaInfo.ba\",\"isPartOf\":{\"@id\":\"https:\/\/tuzlainfo.ba\/#website\"},\"primaryImageOfPage\":{\"@id\":\"https:\/\/tuzlainfo.ba\/index.php\/clanci\/sa-svih-strana\/item\/186099-biden-upozorava-svijet-na-nuklearni-armagedon-dobro-sam-upoznao-putina-ne-sali-se\/#primaryimage\"},\"image\":{\"@id\":\"https:\/\/tuzlainfo.ba\/index.php\/clanci\/sa-svih-strana\/item\/186099-biden-upozorava-svijet-na-nuklearni-armagedon-dobro-sam-upoznao-putina-ne-sali-se\/#primaryimage\"},\"thumbnailUrl\":\"https:\/\/tuzlainfo.ba\/wp-content\/uploads\/2022\/02\/2202_biden.jpg\",\"datePublished\":\"2022-10-07T07:27:23+00:00\",\"dateModified\":\"2022-10-07T07:27:23+00:00\",\"breadcrumb\":{\"@id\":\"https:\/\/tuzlainfo.ba\/index.php\/clanci\/sa-svih-strana\/item\/186099-biden-upozorava-svijet-na-nuklearni-armagedon-dobro-sam-upoznao-putina-ne-sali-se\/#breadcrumb\"},\"inLanguage\":\"bs-BA\",\"potentialAction\":[{\"@type\":\"ReadAction\",\"target\":[\"https:\/\/tuzlainfo.ba\/index.php\/clanci\/sa-svih-strana\/item\/186099-biden-upozorava-svijet-na-nuklearni-armagedon-dobro-sam-upoznao-putina-ne-sali-se\/\"]}]},{\"@type\":\"ImageObject\",\"inLanguage\":\"bs-BA\",\"@id\":\"https:\/\/tuzlainfo.ba\/index.php\/clanci\/sa-svih-strana\/item\/186099-biden-upozorava-svijet-na-nuklearni-armagedon-dobro-sam-upoznao-putina-ne-sali-se\/#primaryimage\",\"url\":\"https:\/\/tuzlainfo.ba\/wp-content\/uploads\/2022\/02\/2202_biden.jpg\",\"contentUrl\":\"https:\/\/tuzlainfo.ba\/wp-content\/uploads\/2022\/02\/2202_biden.jpg\",\"width\":1125,\"height\":750},{\"@type\":\"BreadcrumbList\",\"@id\":\"https:\/\/tuzlainfo.ba\/index.php\/clanci\/sa-svih-strana\/item\/186099-biden-upozorava-svijet-na-nuklearni-armagedon-dobro-sam-upoznao-putina-ne-sali-se\/#breadcrumb\",\"itemListElement\":[{\"@type\":\"ListItem\",\"position\":1,\"name\":\"Home\",\"item\":\"https:\/\/tuzlainfo.ba\/\"},{\"@type\":\"ListItem\",\"position\":2,\"name\":\"Biden upozorava svijet na nuklearni &#8220;Armagedon&#8221;: Dobro sam upoznao Putina, ne \u0161ali se\"}]},{\"@type\":\"WebSite\",\"@id\":\"https:\/\/tuzlainfo.ba\/#website\",\"url\":\"https:\/\/tuzlainfo.ba\/\",\"name\":\"TuzlaInfo.ba\",\"description\":\"Tuzla info, gradski informator - Tuzla na dlanu\",\"publisher\":{\"@id\":\"https:\/\/tuzlainfo.ba\/#organization\"},\"potentialAction\":[{\"@type\":\"SearchAction\",\"target\":{\"@type\":\"EntryPoint\",\"urlTemplate\":\"https:\/\/tuzlainfo.ba\/?s={search_term_string}\"},\"query-input\":{\"@type\":\"PropertyValueSpecification\",\"valueRequired\":true,\"valueName\":\"search_term_string\"}}],\"inLanguage\":\"bs-BA\"},{\"@type\":\"Organization\",\"@id\":\"https:\/\/tuzlainfo.ba\/#organization\",\"name\":\"TuzlaInfo.ba\",\"url\":\"https:\/\/tuzlainfo.ba\/\",\"logo\":{\"@type\":\"ImageObject\",\"inLanguage\":\"bs-BA\",\"@id\":\"https:\/\/tuzlainfo.ba\/#\/schema\/logo\/image\/\",\"url\":\"https:\/\/tuzlainfo.ba\/wp-content\/uploads\/2021\/03\/logo-ver-3-1.png\",\"contentUrl\":\"https:\/\/tuzlainfo.ba\/wp-content\/uploads\/2021\/03\/logo-ver-3-1.png\",\"width\":350,\"height\":95,\"caption\":\"TuzlaInfo.ba\"},\"image\":{\"@id\":\"https:\/\/tuzlainfo.ba\/#\/schema\/logo\/image\/\"},\"sameAs\":[\"https:\/\/www.facebook.com\/tuzlainfo.ba\/\"]},{\"@type\":\"Person\",\"@id\":\"https:\/\/tuzlainfo.ba\/#\/schema\/person\/f434e20dc27ea133923aab08451b7f7f\",\"name\":\"nedim\",\"image\":{\"@type\":\"ImageObject\",\"inLanguage\":\"bs-BA\",\"@id\":\"https:\/\/tuzlainfo.ba\/#\/schema\/person\/image\/\",\"url\":\"https:\/\/tuzlainfo.ba\/wp-content\/litespeed\/avatar\/aabad687af24844af817603ac1cbdc4f.jpg?ver=1777306975\",\"contentUrl\":\"https:\/\/tuzlainfo.ba\/wp-content\/litespeed\/avatar\/aabad687af24844af817603ac1cbdc4f.jpg?ver=1777306975\",\"caption\":\"nedim\"},\"description\":\"Tuzlainfo.ba pratite na dru\u0161tvenim mre\u017eama: Facebook, Instagram i Youtube. Svoje pri\u010de, upite i fotografije \u0161aljite na na\u0161u e-mail adresu.\"}]}<\/script>\n<!-- \/ Yoast SEO plugin. -->","yoast_head_json":{"title":"Biden upozorava svijet na nuklearni \"Armagedon\": Dobro sam upoznao Putina, ne \u0161ali se - TuzlaInfo.ba","robots":{"index":"index","follow":"follow","max-snippet":"max-snippet:-1","max-image-preview":"max-image-preview:large","max-video-preview":"max-video-preview:-1"},"canonical":"https:\/\/tuzlainfo.ba\/index.php\/clanci\/sa-svih-strana\/item\/186099-biden-upozorava-svijet-na-nuklearni-armagedon-dobro-sam-upoznao-putina-ne-sali-se\/","og_locale":"bs_BA","og_type":"article","og_title":"Biden upozorava svijet na nuklearni \"Armagedon\": Dobro sam upoznao Putina, ne \u0161ali se - TuzlaInfo.ba","og_description":"Ameri\u010dki predsjednik\u00a0Joe Biden\u00a0rekao je da se svijet suo\u010dava s najve\u0107om prijetnjom nuklearnog &#8220;Armagedona&#8221; jo\u0161 od&hellip;","og_url":"https:\/\/tuzlainfo.ba\/index.php\/clanci\/sa-svih-strana\/item\/186099-biden-upozorava-svijet-na-nuklearni-armagedon-dobro-sam-upoznao-putina-ne-sali-se\/","og_site_name":"TuzlaInfo.ba","article_publisher":"https:\/\/www.facebook.com\/tuzlainfo.ba\/","article_published_time":"2022-10-07T07:27:23+00:00","og_image":[{"width":1125,"height":750,"url":"https:\/\/tuzlainfo.ba\/wp-content\/uploads\/2022\/02\/2202_biden.jpg","type":"image\/jpeg"}],"author":"nedim","twitter_card":"summary_large_image","twitter_misc":{"Written by":"nedim","Est. reading time":"1 minuta"},"schema":{"@context":"https:\/\/schema.org","@graph":[{"@type":"Article","@id":"https:\/\/tuzlainfo.ba\/index.php\/clanci\/sa-svih-strana\/item\/186099-biden-upozorava-svijet-na-nuklearni-armagedon-dobro-sam-upoznao-putina-ne-sali-se\/#article","isPartOf":{"@id":"https:\/\/tuzlainfo.ba\/index.php\/clanci\/sa-svih-strana\/item\/186099-biden-upozorava-svijet-na-nuklearni-armagedon-dobro-sam-upoznao-putina-ne-sali-se\/"},"author":{"name":"nedim","@id":"https:\/\/tuzlainfo.ba\/#\/schema\/person\/f434e20dc27ea133923aab08451b7f7f"},"headline":"Biden upozorava svijet na nuklearni &#8220;Armagedon&#8221;: Dobro sam upoznao Putina, ne \u0161ali se","datePublished":"2022-10-07T07:27:23+00:00","dateModified":"2022-10-07T07:27:23+00:00","mainEntityOfPage":{"@id":"https:\/\/tuzlainfo.ba\/index.php\/clanci\/sa-svih-strana\/item\/186099-biden-upozorava-svijet-na-nuklearni-armagedon-dobro-sam-upoznao-putina-ne-sali-se\/"},"wordCount":308,"commentCount":0,"publisher":{"@id":"https:\/\/tuzlainfo.ba\/#organization"},"image":{"@id":"https:\/\/tuzlainfo.ba\/index.php\/clanci\/sa-svih-strana\/item\/186099-biden-upozorava-svijet-na-nuklearni-armagedon-dobro-sam-upoznao-putina-ne-sali-se\/#primaryimage"},"thumbnailUrl":"https:\/\/tuzlainfo.ba\/wp-content\/uploads\/2022\/02\/2202_biden.jpg","keywords":["joe biden"],"articleSection":["Sa svih strana"],"inLanguage":"bs-BA"},{"@type":"WebPage","@id":"https:\/\/tuzlainfo.ba\/index.php\/clanci\/sa-svih-strana\/item\/186099-biden-upozorava-svijet-na-nuklearni-armagedon-dobro-sam-upoznao-putina-ne-sali-se\/","url":"https:\/\/tuzlainfo.ba\/index.php\/clanci\/sa-svih-strana\/item\/186099-biden-upozorava-svijet-na-nuklearni-armagedon-dobro-sam-upoznao-putina-ne-sali-se\/","name":"Biden upozorava svijet na nuklearni \"Armagedon\": Dobro sam upoznao Putina, ne \u0161ali se - TuzlaInfo.ba","isPartOf":{"@id":"https:\/\/tuzlainfo.ba\/#website"},"primaryImageOfPage":{"@id":"https:\/\/tuzlainfo.ba\/index.php\/clanci\/sa-svih-strana\/item\/186099-biden-upozorava-svijet-na-nuklearni-armagedon-dobro-sam-upoznao-putina-ne-sali-se\/#primaryimage"},"image":{"@id":"https:\/\/tuzlainfo.ba\/index.php\/clanci\/sa-svih-strana\/item\/186099-biden-upozorava-svijet-na-nuklearni-armagedon-dobro-sam-upoznao-putina-ne-sali-se\/#primaryimage"},"thumbnailUrl":"https:\/\/tuzlainfo.ba\/wp-content\/uploads\/2022\/02\/2202_biden.jpg","datePublished":"2022-10-07T07:27:23+00:00","dateModified":"2022-10-07T07:27:23+00:00","breadcrumb":{"@id":"https:\/\/tuzlainfo.ba\/index.php\/clanci\/sa-svih-strana\/item\/186099-biden-upozorava-svijet-na-nuklearni-armagedon-dobro-sam-upoznao-putina-ne-sali-se\/#breadcrumb"},"inLanguage":"bs-BA","potentialAction":[{"@type":"ReadAction","target":["https:\/\/tuzlainfo.ba\/index.php\/clanci\/sa-svih-strana\/item\/186099-biden-upozorava-svijet-na-nuklearni-armagedon-dobro-sam-upoznao-putina-ne-sali-se\/"]}]},{"@type":"ImageObject","inLanguage":"bs-BA","@id":"https:\/\/tuzlainfo.ba\/index.php\/clanci\/sa-svih-strana\/item\/186099-biden-upozorava-svijet-na-nuklearni-armagedon-dobro-sam-upoznao-putina-ne-sali-se\/#primaryimage","url":"https:\/\/tuzlainfo.ba\/wp-content\/uploads\/2022\/02\/2202_biden.jpg","contentUrl":"https:\/\/tuzlainfo.ba\/wp-content\/uploads\/2022\/02\/2202_biden.jpg","width":1125,"height":750},{"@type":"BreadcrumbList","@id":"https:\/\/tuzlainfo.ba\/index.php\/clanci\/sa-svih-strana\/item\/186099-biden-upozorava-svijet-na-nuklearni-armagedon-dobro-sam-upoznao-putina-ne-sali-se\/#breadcrumb","itemListElement":[{"@type":"ListItem","position":1,"name":"Home","item":"https:\/\/tuzlainfo.ba\/"},{"@type":"ListItem","position":2,"name":"Biden upozorava svijet na nuklearni &#8220;Armagedon&#8221;: Dobro sam upoznao Putina, ne \u0161ali se"}]},{"@type":"WebSite","@id":"https:\/\/tuzlainfo.ba\/#website","url":"https:\/\/tuzlainfo.ba\/","name":"TuzlaInfo.ba","description":"Tuzla info, gradski informator - Tuzla na dlanu","publisher":{"@id":"https:\/\/tuzlainfo.ba\/#organization"},"potentialAction":[{"@type":"SearchAction","target":{"@type":"EntryPoint","urlTemplate":"https:\/\/tuzlainfo.ba\/?s={search_term_string}"},"query-input":{"@type":"PropertyValueSpecification","valueRequired":true,"valueName":"search_term_string"}}],"inLanguage":"bs-BA"},{"@type":"Organization","@id":"https:\/\/tuzlainfo.ba\/#organization","name":"TuzlaInfo.ba","url":"https:\/\/tuzlainfo.ba\/","logo":{"@type":"ImageObject","inLanguage":"bs-BA","@id":"https:\/\/tuzlainfo.ba\/#\/schema\/logo\/image\/","url":"https:\/\/tuzlainfo.ba\/wp-content\/uploads\/2021\/03\/logo-ver-3-1.png","contentUrl":"https:\/\/tuzlainfo.ba\/wp-content\/uploads\/2021\/03\/logo-ver-3-1.png","width":350,"height":95,"caption":"TuzlaInfo.ba"},"image":{"@id":"https:\/\/tuzlainfo.ba\/#\/schema\/logo\/image\/"},"sameAs":["https:\/\/www.facebook.com\/tuzlainfo.ba\/"]},{"@type":"Person","@id":"https:\/\/tuzlainfo.ba\/#\/schema\/person\/f434e20dc27ea133923aab08451b7f7f","name":"nedim","image":{"@type":"ImageObject","inLanguage":"bs-BA","@id":"https:\/\/tuzlainfo.ba\/#\/schema\/person\/image\/","url":"https:\/\/tuzlainfo.ba\/wp-content\/litespeed\/avatar\/aabad687af24844af817603ac1cbdc4f.jpg?ver=1777306975","contentUrl":"https:\/\/tuzlainfo.ba\/wp-content\/litespeed\/avatar\/aabad687af24844af817603ac1cbdc4f.jpg?ver=1777306975","caption":"nedim"},"description":"Tuzlainfo.ba pratite na dru\u0161tvenim mre\u017eama: Facebook, Instagram i Youtube. Svoje pri\u010de, upite i fotografije \u0161aljite na na\u0161u e-mail adresu."}]}},"_links":{"self":[{"href":"https:\/\/tuzlainfo.ba\/index.php\/wp-json\/wp\/v2\/posts\/186099"}],"collection":[{"href":"https:\/\/tuzlainfo.ba\/index.php\/wp-json\/wp\/v2\/posts"}],"about":[{"href":"https:\/\/tuzlainfo.ba\/index.php\/wp-json\/wp\/v2\/types\/post"}],"author":[{"embeddable":true,"href":"https:\/\/tuzlainfo.ba\/index.php\/wp-json\/wp\/v2\/users\/2"}],"replies":[{"embeddable":true,"href":"https:\/\/tuzlainfo.ba\/index.php\/wp-json\/wp\/v2\/comments?post=186099"}],"version-history":[{"count":0,"href":"https:\/\/tuzlainfo.ba\/index.php\/wp-json\/wp\/v2\/posts\/186099\/revisions"}],"wp:featuredmedia":[{"embeddable":true,"href":"https:\/\/tuzlainfo.ba\/index.php\/wp-json\/wp\/v2\/media\/164667"}],"wp:attachment":[{"href":"https:\/\/tuzlainfo.ba\/index.php\/wp-json\/wp\/v2\/media?parent=186099"}],"wp:term":[{"taxonomy":"category","embeddable":true,"href":"https:\/\/tuzlainfo.ba\/index.php\/wp-json\/wp\/v2\/categories?post=186099"},{"taxonomy":"post_tag","embeddable":true,"href":"https:\/\/tuzlainfo.ba\/index.php\/wp-json\/wp\/v2\/tags?post=186099"}],"curies":[{"name":"wp","href":"https:\/\/api.w.org\/{rel}","templated":true}]}}