{"id":186071,"date":"2022-10-06T21:44:55","date_gmt":"2022-10-06T19:44:55","guid":{"rendered":"https:\/\/tuzlainfo.ba\/?p=186071"},"modified":"2022-10-06T21:44:55","modified_gmt":"2022-10-06T19:44:55","slug":"protest-opozicije-u-banjaluci-pokradeni-smo-i-to-cemo-dokazati","status":"publish","type":"post","link":"https:\/\/tuzlainfo.ba\/index.php\/bosna-i-hercegovina\/item\/186071-protest-opozicije-u-banjaluci-pokradeni-smo-i-to-cemo-dokazati\/","title":{"rendered":"Protest opozicije u Banjaluci: &#8220;Pokradeni smo i to \u0107emo dokazati&#8221;"},"content":{"rendered":"<p>Protest opozicije u Banjaluci, koja tra\u017ei poni\u0161tavanje izbora, zavr\u0161en je nakon \u0161to su se velikom broju u\u010desnika obratili njeni predstavnici.<\/p>\n<p>Protest, koji su organizovali predstavnici Partije demokratskog progresa (PDP), Srpske demokratske stranke (SDS) i Liste za pravdu i red-Neboj\u0161a Vukanovi\u0107, a zbog, kako su istakli, brojnih neregularnosti tokom nedavno odr\u017eanih Op\u0161tih izbora u BiH, prvenstveno kada je rije\u010d o izboru za mjesto predsjednika Republike Srpske, po\u010deo je u 18 sati, pi\u0161u <a href=\"https:\/\/www.nezavisne.com\/novosti\/bih\/Protesti-opozicije-u-Banjaluci-kolona-stigla-na-Trg-Krajine\/739423\"><strong>Nezavisne novine<\/strong><\/a>.<\/p>\n<p>Nakon okupljanja u parku Mladen Stojanovi\u0107, u\u010desnici protesta\u00a0su stigli na Trg Krajine.<\/p>\n<p>Branislav Borenovi\u0107, predsjednik PDP-a pred nekoliko hiljada gra\u0111ana, koji su u Banjaluku stigli iz svih krajeva Srpske, poru\u010dio je prije po\u010detka \u0161etnje da nema odustajanja od zahtjeva da se izbori za predsjednika poni\u0161te i da \u0107e ukoliko bude trrbalo protestovati i u Sarajevu.<\/p>\n<p>Gra\u0111ani su skandirali ime Jelene Trivi\u0107, koja je bila kandidat opozicije za predsjednika Republike Srpske.<\/p>\n<p>Borenovi\u0107 je rekao da niko ne mo\u017ee ukrasti koliko naroda ho\u0107e slobodu.<\/p>\n<p>&#8220;Ovo pokazuje da smo odlu\u010dni i da nema odustajanja od namjere ds se sve provjeri i namjere ds se prekroji volja gra\u0111ana.\u00a0Ne damo prekrajanje onoga \u0161to narod \u017eeli. \u010ceka nas slo\u017eeno i te\u0161ko vrijeme u kome moramo izdr\u017eati i uvjeren sam da \u0107emo uspjeti da ostvarimo ono \u0161to \u017eelimo, a to je da ustanovimo istinu. Ho\u0107emo da\u00a0se otvore te famozne vre\u0107e i da se sve provjeri&#8221;, rekao je Borenovi\u0107 okupljenima na Trgu Krajine.<\/p>\n<p>On se zahvalio svim gra\u0111anima koji su do\u0161li u Banjaluku.<\/p>\n<p>&#8220;Velika zahvalnost i policiji koja nije dozvolila da se sprije\u010di ovaj skup uprkos pritiscima.\u00a0Dokazali smo da mo\u017eemo mirno i dostojanstveno pro\u0161etati i da poka\u017eemo da niko ne mo\u017ee da pobijedi narod. Zato je va\u017eno da izdr\u017eimo do kraja i poka\u017eemo \u0161ta je to izborna volja gra\u0111ana&#8221;, dodao je Borenovi\u0107.<\/p>\n<p>Milan Radovi\u0107, zamjenik predsjednika SDS-a, rekao je da su se okupili ovdje zbog Jelene Trivi\u0107 kako bi odbranili glasove koje je ona dobila.<\/p>\n<p>&#8220;Ovdje se brani volja naroda. \u017delim da im poru\u010dim da smo pro\u0161etali jer niko ne mo\u017ee zaustaviti narod i borbu za pravdu. Ako budete tjerali inat, Banjaluka \u0107e sljede\u0107i put biti puna ljudi koji su glasali za Jelenu Trivi\u0107&#8221;, rekao je Radovi\u0107.<\/p>\n<p>Ljubi\u0161a Petrovi\u0107, gradona\u010delnik Bijeljine, naglasio je da je ovo dokaz koliko je narod jak.<\/p>\n<p>&#8220;Mi \u0107emo zajendo sa vama istrajati i njih poslati u politi\u010dku istoriju. Na\u0161a Jelena je pobjednik i mi \u0107emo to dokazati zajedno sa narodom. Ovo je borba za svakog na\u0161eg \u010dovjeka u RS, pa zato pozivam sve da nam se pridru\u017ee u ovoj borbi. Niko nije nadja\u010dao slobodu, mi smo ti koji pi\u0161emo istoriju&#8221;, rekao je Petrovi\u0107.<\/p>\n<p>Njego\u0161 Cvijanovi\u0107, posmatra\u010d na ovim izborima u Doboju, i akter jednog od snimaka na kome se vidi kako nepoznata lica poku\u0161avaju da izbace sve na jednom bira\u010dkom mjestu u Doboju, rekao je da se izborna volja mora po\u0161tovati i da se nijedan Srbin, Bo\u0161njak ili Hrvat ne treba bojati pritisaka i ucjena.<\/p>\n<p>Milan Mili\u010devi\u0107, \u010dlan Predsjedni\u0161tva SDS-a ka\u017ee da je potpuno jasno za\u0161to su gra\u0111ani danas ovdje.<\/p>\n<p>&#8220;Ovaj put idemo do kraja i nema odustajanja. Sutra ako treba smo u Sarajevu, pa opet u Banjaluci. Na\u0161 osnovni zahtjev je: prebrojati sve glasa\u010dke listi\u0107e za predsjednika Republike Srpske, i tada \u0107emo sve znati&#8221;, rekao je Mili\u010devi\u0107.<\/p>\n<p>Dra\u0161ko Stanivukovi\u0107, gradona\u010delnik Banjaluke i predsjednik GO PDP-a u\u00a0najve\u0107em gradu u Srpskoj pozdravio je sve prisutne i rekao da je Banjaluka mjesto svih slobodnih ljudi koji ho\u0107e samo istinu.<\/p>\n<p>&#8220;I kada nam daju jedan posto \u0161anse, mi \u0107emo napraviti da to bude sto odsto. Najva\u017enija poruka je da nijedan na\u0161 politi\u010dar ne mo\u017ee da uni\u0161ti na\u0161u otad\u017ebinu, Republika Srpska nema alternativu, ona ima samo nas, a mi smo porodica&#8221;, rekao je Stanivukovi\u0107.<\/p>\n<p>On dodao da je prije dvije godine policija ljude tjerala sa Trga, a danas ne.<\/p>\n<p>&#8220;Hvala Jeleni koja nas je svojom istrajno\u0161\u0107u da se utvrdi istina ovdje okupila i zato smo ovdje da je podr\u017eimo. Pozivamo CIK da slu\u0161a \u0161ta narod ka\u017ee, da se prebroji svako mjesto i da se doka\u017ee \u0161ta je i kako bilo. Ostanimo dostojanstveni, mirni u svemu. \u010cuvamo Banjaluku i Republiku Sprsku.&#8221;, dodao je gradona\u010delnik Banjaluke.<\/p>\n<p>Darko Babalj, aktuelni poslanik SDS-a u NS RS, poru\u010dio je da je ovo Republika Srpska za koju su se borili.<\/p>\n<p>&#8220;Pokradeni smo i to \u0107emo dokazati&#8221;, rekao je Babalj.<\/p>\n<p>Neboj\u0161a Vukanovi\u0107, lider Liste za pravdu i red, istakao je da nikada ne\u0107e izdati podr\u0161ku naroda.<\/p>\n<p>&#8220;Mi smo se ovdje borili da ne bi bili pod njema\u010dkom \u010dizmom pa zato poru\u010dujem \u0160mitu da ide u Njema\u010dku. Njima svima odgovara ova vlast. Tako i \u010ditavoj me\u0111unarodnoj zajednici&#8221;, poru\u010dio je Vukanovi\u0107.<\/p>\n<p>Dodao je da ne\u0107e biti stajanja dok se ne oslobodi\u00a0Republika Srpska i bori\u0107emo se.<\/p>\n<p>&#8220;Mo\u017eete mi dati i 30 dana pritvora ali ja ne\u0107u stati&#8221;, istakao je Vukanovi\u0107.<\/p>\n<p>Jelena Trivi\u0107, kandidat opozicije za predsjednika RS i \u010dlan Predsjedni\u0161tva PDP-a naglasila je da je ona ve\u010deras ovdje zbog naroda jer je narod pokraden na izborima, a ne ona.<\/p>\n<p>&#8220;To im nikada ne\u0107u priznati. A pogotovo kra\u0111u narodne volje. Kradu ovaj narod sve dane u godini, i onda do\u0111e jedan dan u \u010detiri godini i onda pokradu jo\u0161 vi\u0161e. Govore mi da priznam poraz, ali ne, kra\u0111u nikada priznati ne\u0107u&#8221;, rekla je Trivi\u0107eva.<\/p>\n<p>Ona je istakla\u00a0da je ovo odbrana ustavnog poretka Republike Srpske.<\/p>\n<p>&#8220;Ja se umoriti ne\u0107u. To vam poru\u010dujem, ali i njima. Traja\u0107e ova borba, mi smo je tek po\u010deli. Mo\u017eda \u0107e se neko vremenom umoriti, ali ja nemam pravo da odustanem, da se umorim i da se povu\u010dem. Ja se ne\u0107u povu\u0107i.&#8221;, poru\u010dila je Trivi\u0107eva.<\/p>\n<p>&#8220;Nemam pravo zbog stotina vas koji ste izlo\u017eili sebe da \u0161titite interese Republike Srpske. Ja ne smijem zbog svih da odustanem. Jo\u0161 \u0107u jednom ponoviti, nisam ja pokradena ve\u0107 vi. Ovo je tek po\u010detak borbe da doka\u017eemo da smo u pravu. Hrabriji ste nego mi. Ako ovu bitku napustimo sada, onda nas vi\u0161e nema. O\u010dekujte jo\u0161 mnogo ovakvih okupljanja.&#8221;, dodala je ona.<\/p>\n<p>Trivi\u0107eva je rekla da \u0107e biti dugotrajna borba.<\/p>\n<p>&#8220;Iskoristi\u0107emo svaku mogu\u0107nost da doka\u017eemo istinu. A za kraj, iza one re\u010denice da nema \u0161etnje stoji samo njihov strah&#8221;, poru\u010dila je Trivi\u0107eva.<\/p>\n<p>Za opoziciju su sporni Zvornik, Doboj, Isto\u010dno Sarajevo i jo\u0161 neka mjesta. Zbog toga, tra\u017ee ponavljanje kompletnih izbora za predsjednika Republike Srpske. <strong>\/<a href=\"https:\/\/www.nezavisne.com\/novosti\/bih\/Protesti-opozicije-u-Banjaluci-kolona-stigla-na-Trg-Krajine\/739423\">Nezavisne<\/a>\/<\/strong><\/p>\n","protected":false},"excerpt":{"rendered":"<p>Protest opozicije u Banjaluci, koja tra\u017ei poni\u0161tavanje izbora, zavr\u0161en je nakon \u0161to su se velikom&hellip;<\/p>\n","protected":false},"author":2,"featured_media":186072,"comment_status":"open","ping_status":"closed","sticky":false,"template":"","format":"standard","meta":{"_acf_changed":false,"footnotes":""},"categories":[291],"tags":[589,320],"acf":[],"yoast_head":"<!-- This site is optimized with the Yoast SEO plugin v23.5 - https:\/\/yoast.com\/wordpress\/plugins\/seo\/ -->\n<title>Protest opozicije u Banjaluci: &quot;Pokradeni smo i to \u0107emo dokazati&quot; - TuzlaInfo.ba<\/title>\n<meta name=\"robots\" content=\"index, follow, max-snippet:-1, max-image-preview:large, max-video-preview:-1\" \/>\n<link rel=\"canonical\" href=\"https:\/\/tuzlainfo.ba\/index.php\/bosna-i-hercegovina\/item\/186071-protest-opozicije-u-banjaluci-pokradeni-smo-i-to-cemo-dokazati\/\" \/>\n<meta property=\"og:locale\" content=\"bs_BA\" \/>\n<meta property=\"og:type\" content=\"article\" \/>\n<meta property=\"og:title\" content=\"Protest opozicije u Banjaluci: &quot;Pokradeni smo i to \u0107emo dokazati&quot; - TuzlaInfo.ba\" \/>\n<meta property=\"og:description\" content=\"Protest opozicije u Banjaluci, koja tra\u017ei poni\u0161tavanje izbora, zavr\u0161en je nakon \u0161to su se velikom&hellip;\" \/>\n<meta property=\"og:url\" content=\"https:\/\/tuzlainfo.ba\/index.php\/bosna-i-hercegovina\/item\/186071-protest-opozicije-u-banjaluci-pokradeni-smo-i-to-cemo-dokazati\/\" \/>\n<meta property=\"og:site_name\" content=\"TuzlaInfo.ba\" \/>\n<meta property=\"article:publisher\" content=\"https:\/\/www.facebook.com\/tuzlainfo.ba\/\" \/>\n<meta property=\"article:published_time\" content=\"2022-10-06T19:44:55+00:00\" \/>\n<meta property=\"og:image\" content=\"https:\/\/tuzlainfo.ba\/wp-content\/uploads\/2022\/10\/0610_protest_rs.jpg\" \/>\n\t<meta property=\"og:image:width\" content=\"860\" \/>\n\t<meta property=\"og:image:height\" content=\"500\" \/>\n\t<meta property=\"og:image:type\" content=\"image\/jpeg\" \/>\n<meta name=\"author\" content=\"nedim\" \/>\n<meta name=\"twitter:card\" content=\"summary_large_image\" \/>\n<meta name=\"twitter:label1\" content=\"Written by\" \/>\n\t<meta name=\"twitter:data1\" content=\"nedim\" \/>\n\t<meta name=\"twitter:label2\" content=\"Est. reading time\" \/>\n\t<meta name=\"twitter:data2\" content=\"6 minuta\" \/>\n<script type=\"application\/ld+json\" class=\"yoast-schema-graph\">{\"@context\":\"https:\/\/schema.org\",\"@graph\":[{\"@type\":\"Article\",\"@id\":\"https:\/\/tuzlainfo.ba\/index.php\/bosna-i-hercegovina\/item\/186071-protest-opozicije-u-banjaluci-pokradeni-smo-i-to-cemo-dokazati\/#article\",\"isPartOf\":{\"@id\":\"https:\/\/tuzlainfo.ba\/index.php\/bosna-i-hercegovina\/item\/186071-protest-opozicije-u-banjaluci-pokradeni-smo-i-to-cemo-dokazati\/\"},\"author\":{\"name\":\"nedim\",\"@id\":\"https:\/\/tuzlainfo.ba\/#\/schema\/person\/f434e20dc27ea133923aab08451b7f7f\"},\"headline\":\"Protest opozicije u Banjaluci: &#8220;Pokradeni smo i to \u0107emo dokazati&#8221;\",\"datePublished\":\"2022-10-06T19:44:55+00:00\",\"dateModified\":\"2022-10-06T19:44:55+00:00\",\"mainEntityOfPage\":{\"@id\":\"https:\/\/tuzlainfo.ba\/index.php\/bosna-i-hercegovina\/item\/186071-protest-opozicije-u-banjaluci-pokradeni-smo-i-to-cemo-dokazati\/\"},\"wordCount\":1154,\"commentCount\":0,\"publisher\":{\"@id\":\"https:\/\/tuzlainfo.ba\/#organization\"},\"image\":{\"@id\":\"https:\/\/tuzlainfo.ba\/index.php\/bosna-i-hercegovina\/item\/186071-protest-opozicije-u-banjaluci-pokradeni-smo-i-to-cemo-dokazati\/#primaryimage\"},\"thumbnailUrl\":\"https:\/\/tuzlainfo.ba\/wp-content\/uploads\/2022\/10\/0610_protest_rs.jpg\",\"keywords\":[\"banja luka\",\"protesti\"],\"articleSection\":[\"Bosna i Hercegovina\"],\"inLanguage\":\"bs-BA\"},{\"@type\":\"WebPage\",\"@id\":\"https:\/\/tuzlainfo.ba\/index.php\/bosna-i-hercegovina\/item\/186071-protest-opozicije-u-banjaluci-pokradeni-smo-i-to-cemo-dokazati\/\",\"url\":\"https:\/\/tuzlainfo.ba\/index.php\/bosna-i-hercegovina\/item\/186071-protest-opozicije-u-banjaluci-pokradeni-smo-i-to-cemo-dokazati\/\",\"name\":\"Protest opozicije u Banjaluci: \\\"Pokradeni smo i to \u0107emo dokazati\\\" - TuzlaInfo.ba\",\"isPartOf\":{\"@id\":\"https:\/\/tuzlainfo.ba\/#website\"},\"primaryImageOfPage\":{\"@id\":\"https:\/\/tuzlainfo.ba\/index.php\/bosna-i-hercegovina\/item\/186071-protest-opozicije-u-banjaluci-pokradeni-smo-i-to-cemo-dokazati\/#primaryimage\"},\"image\":{\"@id\":\"https:\/\/tuzlainfo.ba\/index.php\/bosna-i-hercegovina\/item\/186071-protest-opozicije-u-banjaluci-pokradeni-smo-i-to-cemo-dokazati\/#primaryimage\"},\"thumbnailUrl\":\"https:\/\/tuzlainfo.ba\/wp-content\/uploads\/2022\/10\/0610_protest_rs.jpg\",\"datePublished\":\"2022-10-06T19:44:55+00:00\",\"dateModified\":\"2022-10-06T19:44:55+00:00\",\"breadcrumb\":{\"@id\":\"https:\/\/tuzlainfo.ba\/index.php\/bosna-i-hercegovina\/item\/186071-protest-opozicije-u-banjaluci-pokradeni-smo-i-to-cemo-dokazati\/#breadcrumb\"},\"inLanguage\":\"bs-BA\",\"potentialAction\":[{\"@type\":\"ReadAction\",\"target\":[\"https:\/\/tuzlainfo.ba\/index.php\/bosna-i-hercegovina\/item\/186071-protest-opozicije-u-banjaluci-pokradeni-smo-i-to-cemo-dokazati\/\"]}]},{\"@type\":\"ImageObject\",\"inLanguage\":\"bs-BA\",\"@id\":\"https:\/\/tuzlainfo.ba\/index.php\/bosna-i-hercegovina\/item\/186071-protest-opozicije-u-banjaluci-pokradeni-smo-i-to-cemo-dokazati\/#primaryimage\",\"url\":\"https:\/\/tuzlainfo.ba\/wp-content\/uploads\/2022\/10\/0610_protest_rs.jpg\",\"contentUrl\":\"https:\/\/tuzlainfo.ba\/wp-content\/uploads\/2022\/10\/0610_protest_rs.jpg\",\"width\":860,\"height\":500},{\"@type\":\"BreadcrumbList\",\"@id\":\"https:\/\/tuzlainfo.ba\/index.php\/bosna-i-hercegovina\/item\/186071-protest-opozicije-u-banjaluci-pokradeni-smo-i-to-cemo-dokazati\/#breadcrumb\",\"itemListElement\":[{\"@type\":\"ListItem\",\"position\":1,\"name\":\"Home\",\"item\":\"https:\/\/tuzlainfo.ba\/\"},{\"@type\":\"ListItem\",\"position\":2,\"name\":\"Protest opozicije u Banjaluci: &#8220;Pokradeni smo i to \u0107emo dokazati&#8221;\"}]},{\"@type\":\"WebSite\",\"@id\":\"https:\/\/tuzlainfo.ba\/#website\",\"url\":\"https:\/\/tuzlainfo.ba\/\",\"name\":\"TuzlaInfo.ba\",\"description\":\"Tuzla info, gradski informator - Tuzla na dlanu\",\"publisher\":{\"@id\":\"https:\/\/tuzlainfo.ba\/#organization\"},\"potentialAction\":[{\"@type\":\"SearchAction\",\"target\":{\"@type\":\"EntryPoint\",\"urlTemplate\":\"https:\/\/tuzlainfo.ba\/?s={search_term_string}\"},\"query-input\":{\"@type\":\"PropertyValueSpecification\",\"valueRequired\":true,\"valueName\":\"search_term_string\"}}],\"inLanguage\":\"bs-BA\"},{\"@type\":\"Organization\",\"@id\":\"https:\/\/tuzlainfo.ba\/#organization\",\"name\":\"TuzlaInfo.ba\",\"url\":\"https:\/\/tuzlainfo.ba\/\",\"logo\":{\"@type\":\"ImageObject\",\"inLanguage\":\"bs-BA\",\"@id\":\"https:\/\/tuzlainfo.ba\/#\/schema\/logo\/image\/\",\"url\":\"https:\/\/tuzlainfo.ba\/wp-content\/uploads\/2021\/03\/logo-ver-3-1.png\",\"contentUrl\":\"https:\/\/tuzlainfo.ba\/wp-content\/uploads\/2021\/03\/logo-ver-3-1.png\",\"width\":350,\"height\":95,\"caption\":\"TuzlaInfo.ba\"},\"image\":{\"@id\":\"https:\/\/tuzlainfo.ba\/#\/schema\/logo\/image\/\"},\"sameAs\":[\"https:\/\/www.facebook.com\/tuzlainfo.ba\/\"]},{\"@type\":\"Person\",\"@id\":\"https:\/\/tuzlainfo.ba\/#\/schema\/person\/f434e20dc27ea133923aab08451b7f7f\",\"name\":\"nedim\",\"image\":{\"@type\":\"ImageObject\",\"inLanguage\":\"bs-BA\",\"@id\":\"https:\/\/tuzlainfo.ba\/#\/schema\/person\/image\/\",\"url\":\"https:\/\/tuzlainfo.ba\/wp-content\/litespeed\/avatar\/aabad687af24844af817603ac1cbdc4f.jpg?ver=1777306975\",\"contentUrl\":\"https:\/\/tuzlainfo.ba\/wp-content\/litespeed\/avatar\/aabad687af24844af817603ac1cbdc4f.jpg?ver=1777306975\",\"caption\":\"nedim\"},\"description\":\"Tuzlainfo.ba pratite na dru\u0161tvenim mre\u017eama: Facebook, Instagram i Youtube. Svoje pri\u010de, upite i fotografije \u0161aljite na na\u0161u e-mail adresu.\"}]}<\/script>\n<!-- \/ Yoast SEO plugin. -->","yoast_head_json":{"title":"Protest opozicije u Banjaluci: \"Pokradeni smo i to \u0107emo dokazati\" - TuzlaInfo.ba","robots":{"index":"index","follow":"follow","max-snippet":"max-snippet:-1","max-image-preview":"max-image-preview:large","max-video-preview":"max-video-preview:-1"},"canonical":"https:\/\/tuzlainfo.ba\/index.php\/bosna-i-hercegovina\/item\/186071-protest-opozicije-u-banjaluci-pokradeni-smo-i-to-cemo-dokazati\/","og_locale":"bs_BA","og_type":"article","og_title":"Protest opozicije u Banjaluci: \"Pokradeni smo i to \u0107emo dokazati\" - TuzlaInfo.ba","og_description":"Protest opozicije u Banjaluci, koja tra\u017ei poni\u0161tavanje izbora, zavr\u0161en je nakon \u0161to su se velikom&hellip;","og_url":"https:\/\/tuzlainfo.ba\/index.php\/bosna-i-hercegovina\/item\/186071-protest-opozicije-u-banjaluci-pokradeni-smo-i-to-cemo-dokazati\/","og_site_name":"TuzlaInfo.ba","article_publisher":"https:\/\/www.facebook.com\/tuzlainfo.ba\/","article_published_time":"2022-10-06T19:44:55+00:00","og_image":[{"width":860,"height":500,"url":"https:\/\/tuzlainfo.ba\/wp-content\/uploads\/2022\/10\/0610_protest_rs.jpg","type":"image\/jpeg"}],"author":"nedim","twitter_card":"summary_large_image","twitter_misc":{"Written by":"nedim","Est. reading time":"6 minuta"},"schema":{"@context":"https:\/\/schema.org","@graph":[{"@type":"Article","@id":"https:\/\/tuzlainfo.ba\/index.php\/bosna-i-hercegovina\/item\/186071-protest-opozicije-u-banjaluci-pokradeni-smo-i-to-cemo-dokazati\/#article","isPartOf":{"@id":"https:\/\/tuzlainfo.ba\/index.php\/bosna-i-hercegovina\/item\/186071-protest-opozicije-u-banjaluci-pokradeni-smo-i-to-cemo-dokazati\/"},"author":{"name":"nedim","@id":"https:\/\/tuzlainfo.ba\/#\/schema\/person\/f434e20dc27ea133923aab08451b7f7f"},"headline":"Protest opozicije u Banjaluci: &#8220;Pokradeni smo i to \u0107emo dokazati&#8221;","datePublished":"2022-10-06T19:44:55+00:00","dateModified":"2022-10-06T19:44:55+00:00","mainEntityOfPage":{"@id":"https:\/\/tuzlainfo.ba\/index.php\/bosna-i-hercegovina\/item\/186071-protest-opozicije-u-banjaluci-pokradeni-smo-i-to-cemo-dokazati\/"},"wordCount":1154,"commentCount":0,"publisher":{"@id":"https:\/\/tuzlainfo.ba\/#organization"},"image":{"@id":"https:\/\/tuzlainfo.ba\/index.php\/bosna-i-hercegovina\/item\/186071-protest-opozicije-u-banjaluci-pokradeni-smo-i-to-cemo-dokazati\/#primaryimage"},"thumbnailUrl":"https:\/\/tuzlainfo.ba\/wp-content\/uploads\/2022\/10\/0610_protest_rs.jpg","keywords":["banja luka","protesti"],"articleSection":["Bosna i Hercegovina"],"inLanguage":"bs-BA"},{"@type":"WebPage","@id":"https:\/\/tuzlainfo.ba\/index.php\/bosna-i-hercegovina\/item\/186071-protest-opozicije-u-banjaluci-pokradeni-smo-i-to-cemo-dokazati\/","url":"https:\/\/tuzlainfo.ba\/index.php\/bosna-i-hercegovina\/item\/186071-protest-opozicije-u-banjaluci-pokradeni-smo-i-to-cemo-dokazati\/","name":"Protest opozicije u Banjaluci: \"Pokradeni smo i to \u0107emo dokazati\" - TuzlaInfo.ba","isPartOf":{"@id":"https:\/\/tuzlainfo.ba\/#website"},"primaryImageOfPage":{"@id":"https:\/\/tuzlainfo.ba\/index.php\/bosna-i-hercegovina\/item\/186071-protest-opozicije-u-banjaluci-pokradeni-smo-i-to-cemo-dokazati\/#primaryimage"},"image":{"@id":"https:\/\/tuzlainfo.ba\/index.php\/bosna-i-hercegovina\/item\/186071-protest-opozicije-u-banjaluci-pokradeni-smo-i-to-cemo-dokazati\/#primaryimage"},"thumbnailUrl":"https:\/\/tuzlainfo.ba\/wp-content\/uploads\/2022\/10\/0610_protest_rs.jpg","datePublished":"2022-10-06T19:44:55+00:00","dateModified":"2022-10-06T19:44:55+00:00","breadcrumb":{"@id":"https:\/\/tuzlainfo.ba\/index.php\/bosna-i-hercegovina\/item\/186071-protest-opozicije-u-banjaluci-pokradeni-smo-i-to-cemo-dokazati\/#breadcrumb"},"inLanguage":"bs-BA","potentialAction":[{"@type":"ReadAction","target":["https:\/\/tuzlainfo.ba\/index.php\/bosna-i-hercegovina\/item\/186071-protest-opozicije-u-banjaluci-pokradeni-smo-i-to-cemo-dokazati\/"]}]},{"@type":"ImageObject","inLanguage":"bs-BA","@id":"https:\/\/tuzlainfo.ba\/index.php\/bosna-i-hercegovina\/item\/186071-protest-opozicije-u-banjaluci-pokradeni-smo-i-to-cemo-dokazati\/#primaryimage","url":"https:\/\/tuzlainfo.ba\/wp-content\/uploads\/2022\/10\/0610_protest_rs.jpg","contentUrl":"https:\/\/tuzlainfo.ba\/wp-content\/uploads\/2022\/10\/0610_protest_rs.jpg","width":860,"height":500},{"@type":"BreadcrumbList","@id":"https:\/\/tuzlainfo.ba\/index.php\/bosna-i-hercegovina\/item\/186071-protest-opozicije-u-banjaluci-pokradeni-smo-i-to-cemo-dokazati\/#breadcrumb","itemListElement":[{"@type":"ListItem","position":1,"name":"Home","item":"https:\/\/tuzlainfo.ba\/"},{"@type":"ListItem","position":2,"name":"Protest opozicije u Banjaluci: &#8220;Pokradeni smo i to \u0107emo dokazati&#8221;"}]},{"@type":"WebSite","@id":"https:\/\/tuzlainfo.ba\/#website","url":"https:\/\/tuzlainfo.ba\/","name":"TuzlaInfo.ba","description":"Tuzla info, gradski informator - Tuzla na dlanu","publisher":{"@id":"https:\/\/tuzlainfo.ba\/#organization"},"potentialAction":[{"@type":"SearchAction","target":{"@type":"EntryPoint","urlTemplate":"https:\/\/tuzlainfo.ba\/?s={search_term_string}"},"query-input":{"@type":"PropertyValueSpecification","valueRequired":true,"valueName":"search_term_string"}}],"inLanguage":"bs-BA"},{"@type":"Organization","@id":"https:\/\/tuzlainfo.ba\/#organization","name":"TuzlaInfo.ba","url":"https:\/\/tuzlainfo.ba\/","logo":{"@type":"ImageObject","inLanguage":"bs-BA","@id":"https:\/\/tuzlainfo.ba\/#\/schema\/logo\/image\/","url":"https:\/\/tuzlainfo.ba\/wp-content\/uploads\/2021\/03\/logo-ver-3-1.png","contentUrl":"https:\/\/tuzlainfo.ba\/wp-content\/uploads\/2021\/03\/logo-ver-3-1.png","width":350,"height":95,"caption":"TuzlaInfo.ba"},"image":{"@id":"https:\/\/tuzlainfo.ba\/#\/schema\/logo\/image\/"},"sameAs":["https:\/\/www.facebook.com\/tuzlainfo.ba\/"]},{"@type":"Person","@id":"https:\/\/tuzlainfo.ba\/#\/schema\/person\/f434e20dc27ea133923aab08451b7f7f","name":"nedim","image":{"@type":"ImageObject","inLanguage":"bs-BA","@id":"https:\/\/tuzlainfo.ba\/#\/schema\/person\/image\/","url":"https:\/\/tuzlainfo.ba\/wp-content\/litespeed\/avatar\/aabad687af24844af817603ac1cbdc4f.jpg?ver=1777306975","contentUrl":"https:\/\/tuzlainfo.ba\/wp-content\/litespeed\/avatar\/aabad687af24844af817603ac1cbdc4f.jpg?ver=1777306975","caption":"nedim"},"description":"Tuzlainfo.ba pratite na dru\u0161tvenim mre\u017eama: Facebook, Instagram i Youtube. Svoje pri\u010de, upite i fotografije \u0161aljite na na\u0161u e-mail adresu."}]}},"_links":{"self":[{"href":"https:\/\/tuzlainfo.ba\/index.php\/wp-json\/wp\/v2\/posts\/186071"}],"collection":[{"href":"https:\/\/tuzlainfo.ba\/index.php\/wp-json\/wp\/v2\/posts"}],"about":[{"href":"https:\/\/tuzlainfo.ba\/index.php\/wp-json\/wp\/v2\/types\/post"}],"author":[{"embeddable":true,"href":"https:\/\/tuzlainfo.ba\/index.php\/wp-json\/wp\/v2\/users\/2"}],"replies":[{"embeddable":true,"href":"https:\/\/tuzlainfo.ba\/index.php\/wp-json\/wp\/v2\/comments?post=186071"}],"version-history":[{"count":0,"href":"https:\/\/tuzlainfo.ba\/index.php\/wp-json\/wp\/v2\/posts\/186071\/revisions"}],"wp:featuredmedia":[{"embeddable":true,"href":"https:\/\/tuzlainfo.ba\/index.php\/wp-json\/wp\/v2\/media\/186072"}],"wp:attachment":[{"href":"https:\/\/tuzlainfo.ba\/index.php\/wp-json\/wp\/v2\/media?parent=186071"}],"wp:term":[{"taxonomy":"category","embeddable":true,"href":"https:\/\/tuzlainfo.ba\/index.php\/wp-json\/wp\/v2\/categories?post=186071"},{"taxonomy":"post_tag","embeddable":true,"href":"https:\/\/tuzlainfo.ba\/index.php\/wp-json\/wp\/v2\/tags?post=186071"}],"curies":[{"name":"wp","href":"https:\/\/api.w.org\/{rel}","templated":true}]}}