{"id":185911,"date":"2022-10-05T09:51:36","date_gmt":"2022-10-05T07:51:36","guid":{"rendered":"https:\/\/tuzlainfo.ba\/?p=185911"},"modified":"2022-10-05T09:51:36","modified_gmt":"2022-10-05T07:51:36","slug":"tuzla-danas-otvaranje-vreca-i-ponovno-brojanje-glasackih-listica-za-vise-birackih-mjesta","status":"publish","type":"post","link":"https:\/\/tuzlainfo.ba\/index.php\/novosti\/item\/185911-tuzla-danas-otvaranje-vreca-i-ponovno-brojanje-glasackih-listica-za-vise-birackih-mjesta\/","title":{"rendered":"Tuzla: Danas otvaranje vre\u0107a i ponovno brojanje glasa\u010dkih listi\u0107a za vi\u0161e bira\u010dkih mjesta"},"content":{"rendered":"<p>Gradska izborna komisija Tuzla danas se oglasila sao\u0161tenjem za javnsot u kojem se navodi:<\/p>\n<p>U skladu sa \u010dlanom 2.13. Izbornog zakona BiH, izme\u0111u ostalog, Gradske \/ Op\u0107inske izborne komisije su nadle\u017ene da\u00a0 objedine rezultate izbora sa svih bira\u010dkih mjesta u gradu \/ op\u0107ini, posebno za svaki organ za koji je vr\u0161en izbor, te da ih\u00a0 dostave Centralnoj izbornoj komisiji BiH.<\/p>\n<p>Nakon unosa i kontrole rezultata za pojedina bira\u010dka mjesta utvr\u0111ene su nepravilnosti koje se odnose na \u010dinjenicu da je prilikom unosa u obrasce od strane bira\u010dkih odbora utvr\u0111eno da broj glasa\u010dkih listi\u0107a u glasa\u010dkim kutijama nije jednak ukupnom broju svih glasa\u010dkih listi\u0107a, odnosno da je broj glasova kandidata ve\u0107i od ukupnog broja glasova koje je osvojio politi\u010dki subjekt tog kandidata.<\/p>\n<p>Tako\u0111e, prema stanju, u pojedinim obrascima nije bilo mogu\u0107e pravilno utvrditi izborne rezultate jer od strane bira\u010dkih odbora pojedini obrasci nisu dostavljeni, nisu ispunjeni ili su djelimi\u010dno popunjeni.<\/p>\n<p>Imaju\u0107i u vidu navedeno, Gradska izborna komisija Tuzla je u ostavljenom roku podnijela Centralnoj izbornoj komisiji BiH dana 03.10.2022. godine Zahtjev za otvaranje vre\u0107a i pravilno objedinjavanje utvr\u0111enih rezultata, za redovna bira\u010dka mjesta na kojima bira\u010dki odbor nije pravilno utvrdio izborne rezultate.<\/p>\n<p>Dana 04.10.2022. godine u 19:56 sati putem email-a Gradska izborna komisija Tuzla je od strane Centralne izborne komisije BiH zaprimila naredbe kojima se odobrava otvaranje vre\u0107a sa glasa\u010dkim materijalom i brojanje glasa\u010dkih listi\u0107a.<\/p>\n<p>Za potrebe otvaranja vre\u0107a i pravilnog objedinjavanja utvr\u0111enih rezultata Gradska izborna komisija Tuzla je imenovala pet timova, te osigurala adekvatan prostor za otvaranje vre\u0107a i pravilno brojanje glasa\u010dkih listi\u0107a, po\u010dev od 05.10.2022. godine u 10:00 sati, pa sve do zavr\u0161etka brojanja, uz obezbje\u0111enje mjera sigurnosti.<\/p>\n<p>O potrebi pravilnog objedinjavanja utvr\u0111enih izbornih rezultata Gradska izborna komisija Tuzla je odmah putem email-a 04.10.2022. godine u 21:26 sati, obavijestila sve politi\u010dke subjekte kako bi akreditovani posmatra\u010di mogli prisustvovati otvaranju vre\u0107a sa glasa\u010dkim materijalom i brojanju glasa\u010dkih listi\u0107a.<\/p>\n<p>Politi\u010dki subjekti su tako\u0111e obavije\u0161teni da akreditovani posmatra\u010di mogu prisustvovati unosu podataka u aplikaciju JIIS BiH Centralne izborne komisije BiH po\u010dev od 13:00 sati.<\/p>\n<p>Akreditovani posmatra\u010di politi\u010dkih subjekata prisustvuju otvaranju vre\u0107a sa glasa\u010dkim materijalom, brojanju glasa\u010dkih listi\u0107a, te unosu podataka u aplikaciju.<\/p>\n","protected":false},"excerpt":{"rendered":"<p>Gradska izborna komisija Tuzla danas se oglasila sao\u0161tenjem za javnsot u kojem se navodi: U&hellip;<\/p>\n","protected":false},"author":2,"featured_media":185636,"comment_status":"open","ping_status":"closed","sticky":false,"template":"","format":"standard","meta":{"_acf_changed":false,"footnotes":""},"categories":[304,12],"tags":[4087,437],"acf":[],"yoast_head":"<!-- This site is optimized with the Yoast SEO plugin v23.5 - https:\/\/yoast.com\/wordpress\/plugins\/seo\/ -->\n<title>Tuzla: Danas otvaranje vre\u0107a i ponovno brojanje glasa\u010dkih listi\u0107a za vi\u0161e bira\u010dkih mjesta - TuzlaInfo.ba<\/title>\n<meta name=\"robots\" content=\"index, follow, max-snippet:-1, max-image-preview:large, max-video-preview:-1\" \/>\n<link rel=\"canonical\" href=\"https:\/\/tuzlainfo.ba\/index.php\/novosti\/item\/185911-tuzla-danas-otvaranje-vreca-i-ponovno-brojanje-glasackih-listica-za-vise-birackih-mjesta\/\" \/>\n<meta property=\"og:locale\" content=\"bs_BA\" \/>\n<meta property=\"og:type\" content=\"article\" \/>\n<meta property=\"og:title\" content=\"Tuzla: Danas otvaranje vre\u0107a i ponovno brojanje glasa\u010dkih listi\u0107a za vi\u0161e bira\u010dkih mjesta - TuzlaInfo.ba\" \/>\n<meta property=\"og:description\" content=\"Gradska izborna komisija Tuzla danas se oglasila sao\u0161tenjem za javnsot u kojem se navodi: U&hellip;\" \/>\n<meta property=\"og:url\" content=\"https:\/\/tuzlainfo.ba\/index.php\/novosti\/item\/185911-tuzla-danas-otvaranje-vreca-i-ponovno-brojanje-glasackih-listica-za-vise-birackih-mjesta\/\" \/>\n<meta property=\"og:site_name\" content=\"TuzlaInfo.ba\" \/>\n<meta property=\"article:publisher\" content=\"https:\/\/www.facebook.com\/tuzlainfo.ba\/\" \/>\n<meta property=\"article:published_time\" content=\"2022-10-05T07:51:36+00:00\" \/>\n<meta property=\"og:image\" content=\"https:\/\/tuzlainfo.ba\/wp-content\/uploads\/2022\/10\/0210_izbori_listici.jpg\" \/>\n\t<meta property=\"og:image:width\" content=\"1000\" \/>\n\t<meta property=\"og:image:height\" content=\"750\" \/>\n\t<meta property=\"og:image:type\" content=\"image\/jpeg\" \/>\n<meta name=\"author\" content=\"nedim\" \/>\n<meta name=\"twitter:card\" content=\"summary_large_image\" \/>\n<meta name=\"twitter:label1\" content=\"Written by\" \/>\n\t<meta name=\"twitter:data1\" content=\"nedim\" \/>\n\t<meta name=\"twitter:label2\" content=\"Est. reading time\" \/>\n\t<meta name=\"twitter:data2\" content=\"2 minute\" \/>\n<script type=\"application\/ld+json\" class=\"yoast-schema-graph\">{\"@context\":\"https:\/\/schema.org\",\"@graph\":[{\"@type\":\"Article\",\"@id\":\"https:\/\/tuzlainfo.ba\/index.php\/novosti\/item\/185911-tuzla-danas-otvaranje-vreca-i-ponovno-brojanje-glasackih-listica-za-vise-birackih-mjesta\/#article\",\"isPartOf\":{\"@id\":\"https:\/\/tuzlainfo.ba\/index.php\/novosti\/item\/185911-tuzla-danas-otvaranje-vreca-i-ponovno-brojanje-glasackih-listica-za-vise-birackih-mjesta\/\"},\"author\":{\"name\":\"nedim\",\"@id\":\"https:\/\/tuzlainfo.ba\/#\/schema\/person\/f434e20dc27ea133923aab08451b7f7f\"},\"headline\":\"Tuzla: Danas otvaranje vre\u0107a i ponovno brojanje glasa\u010dkih listi\u0107a za vi\u0161e bira\u010dkih mjesta\",\"datePublished\":\"2022-10-05T07:51:36+00:00\",\"dateModified\":\"2022-10-05T07:51:36+00:00\",\"mainEntityOfPage\":{\"@id\":\"https:\/\/tuzlainfo.ba\/index.php\/novosti\/item\/185911-tuzla-danas-otvaranje-vreca-i-ponovno-brojanje-glasackih-listica-za-vise-birackih-mjesta\/\"},\"wordCount\":413,\"commentCount\":0,\"publisher\":{\"@id\":\"https:\/\/tuzlainfo.ba\/#organization\"},\"image\":{\"@id\":\"https:\/\/tuzlainfo.ba\/index.php\/novosti\/item\/185911-tuzla-danas-otvaranje-vreca-i-ponovno-brojanje-glasackih-listica-za-vise-birackih-mjesta\/#primaryimage\"},\"thumbnailUrl\":\"https:\/\/tuzlainfo.ba\/wp-content\/uploads\/2022\/10\/0210_izbori_listici.jpg\",\"keywords\":[\"gradska izborna komisija\",\"izbori 2022\"],\"articleSection\":[\"Istaknuto\",\"Novosti\"],\"inLanguage\":\"bs-BA\"},{\"@type\":\"WebPage\",\"@id\":\"https:\/\/tuzlainfo.ba\/index.php\/novosti\/item\/185911-tuzla-danas-otvaranje-vreca-i-ponovno-brojanje-glasackih-listica-za-vise-birackih-mjesta\/\",\"url\":\"https:\/\/tuzlainfo.ba\/index.php\/novosti\/item\/185911-tuzla-danas-otvaranje-vreca-i-ponovno-brojanje-glasackih-listica-za-vise-birackih-mjesta\/\",\"name\":\"Tuzla: Danas otvaranje vre\u0107a i ponovno brojanje glasa\u010dkih listi\u0107a za vi\u0161e bira\u010dkih mjesta - TuzlaInfo.ba\",\"isPartOf\":{\"@id\":\"https:\/\/tuzlainfo.ba\/#website\"},\"primaryImageOfPage\":{\"@id\":\"https:\/\/tuzlainfo.ba\/index.php\/novosti\/item\/185911-tuzla-danas-otvaranje-vreca-i-ponovno-brojanje-glasackih-listica-za-vise-birackih-mjesta\/#primaryimage\"},\"image\":{\"@id\":\"https:\/\/tuzlainfo.ba\/index.php\/novosti\/item\/185911-tuzla-danas-otvaranje-vreca-i-ponovno-brojanje-glasackih-listica-za-vise-birackih-mjesta\/#primaryimage\"},\"thumbnailUrl\":\"https:\/\/tuzlainfo.ba\/wp-content\/uploads\/2022\/10\/0210_izbori_listici.jpg\",\"datePublished\":\"2022-10-05T07:51:36+00:00\",\"dateModified\":\"2022-10-05T07:51:36+00:00\",\"breadcrumb\":{\"@id\":\"https:\/\/tuzlainfo.ba\/index.php\/novosti\/item\/185911-tuzla-danas-otvaranje-vreca-i-ponovno-brojanje-glasackih-listica-za-vise-birackih-mjesta\/#breadcrumb\"},\"inLanguage\":\"bs-BA\",\"potentialAction\":[{\"@type\":\"ReadAction\",\"target\":[\"https:\/\/tuzlainfo.ba\/index.php\/novosti\/item\/185911-tuzla-danas-otvaranje-vreca-i-ponovno-brojanje-glasackih-listica-za-vise-birackih-mjesta\/\"]}]},{\"@type\":\"ImageObject\",\"inLanguage\":\"bs-BA\",\"@id\":\"https:\/\/tuzlainfo.ba\/index.php\/novosti\/item\/185911-tuzla-danas-otvaranje-vreca-i-ponovno-brojanje-glasackih-listica-za-vise-birackih-mjesta\/#primaryimage\",\"url\":\"https:\/\/tuzlainfo.ba\/wp-content\/uploads\/2022\/10\/0210_izbori_listici.jpg\",\"contentUrl\":\"https:\/\/tuzlainfo.ba\/wp-content\/uploads\/2022\/10\/0210_izbori_listici.jpg\",\"width\":1000,\"height\":750},{\"@type\":\"BreadcrumbList\",\"@id\":\"https:\/\/tuzlainfo.ba\/index.php\/novosti\/item\/185911-tuzla-danas-otvaranje-vreca-i-ponovno-brojanje-glasackih-listica-za-vise-birackih-mjesta\/#breadcrumb\",\"itemListElement\":[{\"@type\":\"ListItem\",\"position\":1,\"name\":\"Home\",\"item\":\"https:\/\/tuzlainfo.ba\/\"},{\"@type\":\"ListItem\",\"position\":2,\"name\":\"Tuzla: Danas otvaranje vre\u0107a i ponovno brojanje glasa\u010dkih listi\u0107a za vi\u0161e bira\u010dkih mjesta\"}]},{\"@type\":\"WebSite\",\"@id\":\"https:\/\/tuzlainfo.ba\/#website\",\"url\":\"https:\/\/tuzlainfo.ba\/\",\"name\":\"TuzlaInfo.ba\",\"description\":\"Tuzla info, gradski informator - Tuzla na dlanu\",\"publisher\":{\"@id\":\"https:\/\/tuzlainfo.ba\/#organization\"},\"potentialAction\":[{\"@type\":\"SearchAction\",\"target\":{\"@type\":\"EntryPoint\",\"urlTemplate\":\"https:\/\/tuzlainfo.ba\/?s={search_term_string}\"},\"query-input\":{\"@type\":\"PropertyValueSpecification\",\"valueRequired\":true,\"valueName\":\"search_term_string\"}}],\"inLanguage\":\"bs-BA\"},{\"@type\":\"Organization\",\"@id\":\"https:\/\/tuzlainfo.ba\/#organization\",\"name\":\"TuzlaInfo.ba\",\"url\":\"https:\/\/tuzlainfo.ba\/\",\"logo\":{\"@type\":\"ImageObject\",\"inLanguage\":\"bs-BA\",\"@id\":\"https:\/\/tuzlainfo.ba\/#\/schema\/logo\/image\/\",\"url\":\"https:\/\/tuzlainfo.ba\/wp-content\/uploads\/2021\/03\/logo-ver-3-1.png\",\"contentUrl\":\"https:\/\/tuzlainfo.ba\/wp-content\/uploads\/2021\/03\/logo-ver-3-1.png\",\"width\":350,\"height\":95,\"caption\":\"TuzlaInfo.ba\"},\"image\":{\"@id\":\"https:\/\/tuzlainfo.ba\/#\/schema\/logo\/image\/\"},\"sameAs\":[\"https:\/\/www.facebook.com\/tuzlainfo.ba\/\"]},{\"@type\":\"Person\",\"@id\":\"https:\/\/tuzlainfo.ba\/#\/schema\/person\/f434e20dc27ea133923aab08451b7f7f\",\"name\":\"nedim\",\"image\":{\"@type\":\"ImageObject\",\"inLanguage\":\"bs-BA\",\"@id\":\"https:\/\/tuzlainfo.ba\/#\/schema\/person\/image\/\",\"url\":\"https:\/\/tuzlainfo.ba\/wp-content\/litespeed\/avatar\/aabad687af24844af817603ac1cbdc4f.jpg?ver=1777306975\",\"contentUrl\":\"https:\/\/tuzlainfo.ba\/wp-content\/litespeed\/avatar\/aabad687af24844af817603ac1cbdc4f.jpg?ver=1777306975\",\"caption\":\"nedim\"},\"description\":\"Tuzlainfo.ba pratite na dru\u0161tvenim mre\u017eama: Facebook, Instagram i Youtube. Svoje pri\u010de, upite i fotografije \u0161aljite na na\u0161u e-mail adresu.\"}]}<\/script>\n<!-- \/ Yoast SEO plugin. -->","yoast_head_json":{"title":"Tuzla: Danas otvaranje vre\u0107a i ponovno brojanje glasa\u010dkih listi\u0107a za vi\u0161e bira\u010dkih mjesta - TuzlaInfo.ba","robots":{"index":"index","follow":"follow","max-snippet":"max-snippet:-1","max-image-preview":"max-image-preview:large","max-video-preview":"max-video-preview:-1"},"canonical":"https:\/\/tuzlainfo.ba\/index.php\/novosti\/item\/185911-tuzla-danas-otvaranje-vreca-i-ponovno-brojanje-glasackih-listica-za-vise-birackih-mjesta\/","og_locale":"bs_BA","og_type":"article","og_title":"Tuzla: Danas otvaranje vre\u0107a i ponovno brojanje glasa\u010dkih listi\u0107a za vi\u0161e bira\u010dkih mjesta - TuzlaInfo.ba","og_description":"Gradska izborna komisija Tuzla danas se oglasila sao\u0161tenjem za javnsot u kojem se navodi: U&hellip;","og_url":"https:\/\/tuzlainfo.ba\/index.php\/novosti\/item\/185911-tuzla-danas-otvaranje-vreca-i-ponovno-brojanje-glasackih-listica-za-vise-birackih-mjesta\/","og_site_name":"TuzlaInfo.ba","article_publisher":"https:\/\/www.facebook.com\/tuzlainfo.ba\/","article_published_time":"2022-10-05T07:51:36+00:00","og_image":[{"width":1000,"height":750,"url":"https:\/\/tuzlainfo.ba\/wp-content\/uploads\/2022\/10\/0210_izbori_listici.jpg","type":"image\/jpeg"}],"author":"nedim","twitter_card":"summary_large_image","twitter_misc":{"Written by":"nedim","Est. reading time":"2 minute"},"schema":{"@context":"https:\/\/schema.org","@graph":[{"@type":"Article","@id":"https:\/\/tuzlainfo.ba\/index.php\/novosti\/item\/185911-tuzla-danas-otvaranje-vreca-i-ponovno-brojanje-glasackih-listica-za-vise-birackih-mjesta\/#article","isPartOf":{"@id":"https:\/\/tuzlainfo.ba\/index.php\/novosti\/item\/185911-tuzla-danas-otvaranje-vreca-i-ponovno-brojanje-glasackih-listica-za-vise-birackih-mjesta\/"},"author":{"name":"nedim","@id":"https:\/\/tuzlainfo.ba\/#\/schema\/person\/f434e20dc27ea133923aab08451b7f7f"},"headline":"Tuzla: Danas otvaranje vre\u0107a i ponovno brojanje glasa\u010dkih listi\u0107a za vi\u0161e bira\u010dkih mjesta","datePublished":"2022-10-05T07:51:36+00:00","dateModified":"2022-10-05T07:51:36+00:00","mainEntityOfPage":{"@id":"https:\/\/tuzlainfo.ba\/index.php\/novosti\/item\/185911-tuzla-danas-otvaranje-vreca-i-ponovno-brojanje-glasackih-listica-za-vise-birackih-mjesta\/"},"wordCount":413,"commentCount":0,"publisher":{"@id":"https:\/\/tuzlainfo.ba\/#organization"},"image":{"@id":"https:\/\/tuzlainfo.ba\/index.php\/novosti\/item\/185911-tuzla-danas-otvaranje-vreca-i-ponovno-brojanje-glasackih-listica-za-vise-birackih-mjesta\/#primaryimage"},"thumbnailUrl":"https:\/\/tuzlainfo.ba\/wp-content\/uploads\/2022\/10\/0210_izbori_listici.jpg","keywords":["gradska izborna komisija","izbori 2022"],"articleSection":["Istaknuto","Novosti"],"inLanguage":"bs-BA"},{"@type":"WebPage","@id":"https:\/\/tuzlainfo.ba\/index.php\/novosti\/item\/185911-tuzla-danas-otvaranje-vreca-i-ponovno-brojanje-glasackih-listica-za-vise-birackih-mjesta\/","url":"https:\/\/tuzlainfo.ba\/index.php\/novosti\/item\/185911-tuzla-danas-otvaranje-vreca-i-ponovno-brojanje-glasackih-listica-za-vise-birackih-mjesta\/","name":"Tuzla: Danas otvaranje vre\u0107a i ponovno brojanje glasa\u010dkih listi\u0107a za vi\u0161e bira\u010dkih mjesta - TuzlaInfo.ba","isPartOf":{"@id":"https:\/\/tuzlainfo.ba\/#website"},"primaryImageOfPage":{"@id":"https:\/\/tuzlainfo.ba\/index.php\/novosti\/item\/185911-tuzla-danas-otvaranje-vreca-i-ponovno-brojanje-glasackih-listica-za-vise-birackih-mjesta\/#primaryimage"},"image":{"@id":"https:\/\/tuzlainfo.ba\/index.php\/novosti\/item\/185911-tuzla-danas-otvaranje-vreca-i-ponovno-brojanje-glasackih-listica-za-vise-birackih-mjesta\/#primaryimage"},"thumbnailUrl":"https:\/\/tuzlainfo.ba\/wp-content\/uploads\/2022\/10\/0210_izbori_listici.jpg","datePublished":"2022-10-05T07:51:36+00:00","dateModified":"2022-10-05T07:51:36+00:00","breadcrumb":{"@id":"https:\/\/tuzlainfo.ba\/index.php\/novosti\/item\/185911-tuzla-danas-otvaranje-vreca-i-ponovno-brojanje-glasackih-listica-za-vise-birackih-mjesta\/#breadcrumb"},"inLanguage":"bs-BA","potentialAction":[{"@type":"ReadAction","target":["https:\/\/tuzlainfo.ba\/index.php\/novosti\/item\/185911-tuzla-danas-otvaranje-vreca-i-ponovno-brojanje-glasackih-listica-za-vise-birackih-mjesta\/"]}]},{"@type":"ImageObject","inLanguage":"bs-BA","@id":"https:\/\/tuzlainfo.ba\/index.php\/novosti\/item\/185911-tuzla-danas-otvaranje-vreca-i-ponovno-brojanje-glasackih-listica-za-vise-birackih-mjesta\/#primaryimage","url":"https:\/\/tuzlainfo.ba\/wp-content\/uploads\/2022\/10\/0210_izbori_listici.jpg","contentUrl":"https:\/\/tuzlainfo.ba\/wp-content\/uploads\/2022\/10\/0210_izbori_listici.jpg","width":1000,"height":750},{"@type":"BreadcrumbList","@id":"https:\/\/tuzlainfo.ba\/index.php\/novosti\/item\/185911-tuzla-danas-otvaranje-vreca-i-ponovno-brojanje-glasackih-listica-za-vise-birackih-mjesta\/#breadcrumb","itemListElement":[{"@type":"ListItem","position":1,"name":"Home","item":"https:\/\/tuzlainfo.ba\/"},{"@type":"ListItem","position":2,"name":"Tuzla: Danas otvaranje vre\u0107a i ponovno brojanje glasa\u010dkih listi\u0107a za vi\u0161e bira\u010dkih mjesta"}]},{"@type":"WebSite","@id":"https:\/\/tuzlainfo.ba\/#website","url":"https:\/\/tuzlainfo.ba\/","name":"TuzlaInfo.ba","description":"Tuzla info, gradski informator - Tuzla na dlanu","publisher":{"@id":"https:\/\/tuzlainfo.ba\/#organization"},"potentialAction":[{"@type":"SearchAction","target":{"@type":"EntryPoint","urlTemplate":"https:\/\/tuzlainfo.ba\/?s={search_term_string}"},"query-input":{"@type":"PropertyValueSpecification","valueRequired":true,"valueName":"search_term_string"}}],"inLanguage":"bs-BA"},{"@type":"Organization","@id":"https:\/\/tuzlainfo.ba\/#organization","name":"TuzlaInfo.ba","url":"https:\/\/tuzlainfo.ba\/","logo":{"@type":"ImageObject","inLanguage":"bs-BA","@id":"https:\/\/tuzlainfo.ba\/#\/schema\/logo\/image\/","url":"https:\/\/tuzlainfo.ba\/wp-content\/uploads\/2021\/03\/logo-ver-3-1.png","contentUrl":"https:\/\/tuzlainfo.ba\/wp-content\/uploads\/2021\/03\/logo-ver-3-1.png","width":350,"height":95,"caption":"TuzlaInfo.ba"},"image":{"@id":"https:\/\/tuzlainfo.ba\/#\/schema\/logo\/image\/"},"sameAs":["https:\/\/www.facebook.com\/tuzlainfo.ba\/"]},{"@type":"Person","@id":"https:\/\/tuzlainfo.ba\/#\/schema\/person\/f434e20dc27ea133923aab08451b7f7f","name":"nedim","image":{"@type":"ImageObject","inLanguage":"bs-BA","@id":"https:\/\/tuzlainfo.ba\/#\/schema\/person\/image\/","url":"https:\/\/tuzlainfo.ba\/wp-content\/litespeed\/avatar\/aabad687af24844af817603ac1cbdc4f.jpg?ver=1777306975","contentUrl":"https:\/\/tuzlainfo.ba\/wp-content\/litespeed\/avatar\/aabad687af24844af817603ac1cbdc4f.jpg?ver=1777306975","caption":"nedim"},"description":"Tuzlainfo.ba pratite na dru\u0161tvenim mre\u017eama: Facebook, Instagram i Youtube. Svoje pri\u010de, upite i fotografije \u0161aljite na na\u0161u e-mail adresu."}]}},"_links":{"self":[{"href":"https:\/\/tuzlainfo.ba\/index.php\/wp-json\/wp\/v2\/posts\/185911"}],"collection":[{"href":"https:\/\/tuzlainfo.ba\/index.php\/wp-json\/wp\/v2\/posts"}],"about":[{"href":"https:\/\/tuzlainfo.ba\/index.php\/wp-json\/wp\/v2\/types\/post"}],"author":[{"embeddable":true,"href":"https:\/\/tuzlainfo.ba\/index.php\/wp-json\/wp\/v2\/users\/2"}],"replies":[{"embeddable":true,"href":"https:\/\/tuzlainfo.ba\/index.php\/wp-json\/wp\/v2\/comments?post=185911"}],"version-history":[{"count":0,"href":"https:\/\/tuzlainfo.ba\/index.php\/wp-json\/wp\/v2\/posts\/185911\/revisions"}],"wp:featuredmedia":[{"embeddable":true,"href":"https:\/\/tuzlainfo.ba\/index.php\/wp-json\/wp\/v2\/media\/185636"}],"wp:attachment":[{"href":"https:\/\/tuzlainfo.ba\/index.php\/wp-json\/wp\/v2\/media?parent=185911"}],"wp:term":[{"taxonomy":"category","embeddable":true,"href":"https:\/\/tuzlainfo.ba\/index.php\/wp-json\/wp\/v2\/categories?post=185911"},{"taxonomy":"post_tag","embeddable":true,"href":"https:\/\/tuzlainfo.ba\/index.php\/wp-json\/wp\/v2\/tags?post=185911"}],"curies":[{"name":"wp","href":"https:\/\/api.w.org\/{rel}","templated":true}]}}