{"id":185853,"date":"2022-10-04T18:50:35","date_gmt":"2022-10-04T16:50:35","guid":{"rendered":"https:\/\/tuzlainfo.ba\/?p=185853"},"modified":"2022-10-04T15:38:01","modified_gmt":"2022-10-04T13:38:01","slug":"jkp-komunalac-tuzla-prikupljanje-kabastog-otpada-do-9-oktobra","status":"publish","type":"post","link":"https:\/\/tuzlainfo.ba\/index.php\/novosti\/item\/185853-jkp-komunalac-tuzla-prikupljanje-kabastog-otpada-do-9-oktobra\/","title":{"rendered":"JKP Komunalac Tuzla: Prikupljanje kabastog otpada do 9. oktobra"},"content":{"rendered":"<p class=\"western\" align=\"left\">Gra\u0111ani Tuzle koji \u017eive u ku\u0107ama i prigradskim mjesnim zajednicama, jo\u0161 nekoliko dana \u0107e imati priliku odlo\u017eiti svoj kabasti otpad, koji \u0107e im besplatno odvesti radnici JKP Komunalac. Ovo je posljednje ovogodi\u0161nje besplatno prikupljanje kabastog otpada u ovoj godini. Ovaj projekat je proveden u saradnji sa gradom U\u017eice iz Srbije.<\/p>\n<p class=\"western\" align=\"left\">\u201cMi smo ve\u0107 najavili vi\u0161e puta da je ovo period kad mi zavr\u0161avamo ovaj projekat narand\u017easti vikend, ovo je bio period od 17 mjeseci gdje smo sa partnerima iz grada U\u017eice imali u dva mjesta u Tuzli i u U\u017eicama imali ovaj projekat\u201d, kazao je\u00a0Admir Be\u0107irovi\u0107, direktor JKP Komunalac Tuzla.<\/p>\n<p class=\"western\" align=\"left\">JKP Komunalac Tuzla \u0107e ovaj projekat i nastaviti u narednom periodu. Ranije je tuzlansko preduze\u0107e Komunalac provodilo sli\u010dan projekat, ali dva puta godi\u0161nje. Ovoga puta \u0107e sistem prikupljanja kabastog otpada biti ne\u0161to druga\u010diji.<\/p>\n<p class=\"western\" align=\"left\">\u201cS obzirom da je ovo zadnji termin postavljanja posuda za prikupljanje krupnog i kabastog otpada koji se ve\u017ee za zajedni\u010dki projekat sa Srbijom, mi \u0107emo zavr\u0161iti sa ovim projektom ali moramo gra\u0111ane obavijestiti da \u0107emo nastaviti i u narednom periodu, ali \u0107emo projekat modifikovati i realizovati svojim sredstvima, jer nema smisla da se odustane od ne\u010dega \u0161to se pokazalo dobro i kvalitetno\u201d, dodao je Be\u0107irovi\u0107.<\/p>\n<p class=\"western\" align=\"left\">S obzirom da besplatno prikupljanje kabastog otpada traje narednih nekoliko dana, trebao bi biti organizovan jo\u0161 jedan \u201cNaradn\u017easti vikend\u201d.<\/p>\n<p class=\"western\" align=\"left\">\u201cMi \u0107emo praititi taj na\u0161 termin i navjerovatnije \u0107emo ponuditi i taj \u010detvrti termin. Po pozivu na\u0161i radnici obilaze rubne mjesne zajednoce, i prikupljamo taj otpad, ne postavljamo peke, ali smo gra\u0111anima omogu\u0107ili da nas pozovu kad iznesu otpad, a mi ga prikupimo.\u201d<\/p>\n<p class=\"western\" align=\"left\">Prikupljanje kabastog otpada traje do 09. oktobra, a sve \u0161to prikupe, radnici JKP Komunalac besplatno odvoziti u recikla\u017eno dvori\u0161te na deponiji \u201cDesetine\u201d.<\/p>\n","protected":false},"excerpt":{"rendered":"<p>Gra\u0111ani Tuzle koji \u017eive u ku\u0107ama i prigradskim mjesnim zajednicama, jo\u0161 nekoliko dana \u0107e imati&hellip;<\/p>\n","protected":false},"author":4,"featured_media":170851,"comment_status":"open","ping_status":"closed","sticky":false,"template":"","format":"standard","meta":{"_acf_changed":false,"footnotes":""},"categories":[304,12],"tags":[3259,4013],"acf":[],"yoast_head":"<!-- This site is optimized with the Yoast SEO plugin v23.5 - https:\/\/yoast.com\/wordpress\/plugins\/seo\/ -->\n<title>JKP Komunalac Tuzla: Prikupljanje kabastog otpada do 9. oktobra - TuzlaInfo.ba<\/title>\n<meta name=\"robots\" content=\"index, follow, max-snippet:-1, max-image-preview:large, max-video-preview:-1\" \/>\n<link rel=\"canonical\" href=\"https:\/\/tuzlainfo.ba\/index.php\/novosti\/item\/185853-jkp-komunalac-tuzla-prikupljanje-kabastog-otpada-do-9-oktobra\/\" \/>\n<meta property=\"og:locale\" content=\"bs_BA\" \/>\n<meta property=\"og:type\" content=\"article\" \/>\n<meta property=\"og:title\" content=\"JKP Komunalac Tuzla: Prikupljanje kabastog otpada do 9. oktobra - TuzlaInfo.ba\" \/>\n<meta property=\"og:description\" content=\"Gra\u0111ani Tuzle koji \u017eive u ku\u0107ama i prigradskim mjesnim zajednicama, jo\u0161 nekoliko dana \u0107e imati&hellip;\" \/>\n<meta property=\"og:url\" content=\"https:\/\/tuzlainfo.ba\/index.php\/novosti\/item\/185853-jkp-komunalac-tuzla-prikupljanje-kabastog-otpada-do-9-oktobra\/\" \/>\n<meta property=\"og:site_name\" content=\"TuzlaInfo.ba\" \/>\n<meta property=\"article:publisher\" content=\"https:\/\/www.facebook.com\/tuzlainfo.ba\/\" \/>\n<meta property=\"article:published_time\" content=\"2022-10-04T16:50:35+00:00\" \/>\n<meta property=\"article:modified_time\" content=\"2022-10-04T13:38:01+00:00\" \/>\n<meta property=\"og:image\" content=\"https:\/\/tuzlainfo.ba\/wp-content\/uploads\/2022\/04\/3004_kabasti_otpad.jpg\" \/>\n\t<meta property=\"og:image:width\" content=\"1000\" \/>\n\t<meta property=\"og:image:height\" content=\"680\" \/>\n\t<meta property=\"og:image:type\" content=\"image\/jpeg\" \/>\n<meta name=\"author\" content=\"Tuzla Info\" \/>\n<meta name=\"twitter:card\" content=\"summary_large_image\" \/>\n<meta name=\"twitter:label1\" content=\"Written by\" \/>\n\t<meta name=\"twitter:data1\" content=\"Tuzla Info\" \/>\n\t<meta name=\"twitter:label2\" content=\"Est. reading time\" \/>\n\t<meta name=\"twitter:data2\" content=\"2 minute\" \/>\n<script type=\"application\/ld+json\" class=\"yoast-schema-graph\">{\"@context\":\"https:\/\/schema.org\",\"@graph\":[{\"@type\":\"Article\",\"@id\":\"https:\/\/tuzlainfo.ba\/index.php\/novosti\/item\/185853-jkp-komunalac-tuzla-prikupljanje-kabastog-otpada-do-9-oktobra\/#article\",\"isPartOf\":{\"@id\":\"https:\/\/tuzlainfo.ba\/index.php\/novosti\/item\/185853-jkp-komunalac-tuzla-prikupljanje-kabastog-otpada-do-9-oktobra\/\"},\"author\":{\"name\":\"Tuzla Info\",\"@id\":\"https:\/\/tuzlainfo.ba\/#\/schema\/person\/46cad4c57790cbc50781edd14870825a\"},\"headline\":\"JKP Komunalac Tuzla: Prikupljanje kabastog otpada do 9. oktobra\",\"datePublished\":\"2022-10-04T16:50:35+00:00\",\"dateModified\":\"2022-10-04T13:38:01+00:00\",\"mainEntityOfPage\":{\"@id\":\"https:\/\/tuzlainfo.ba\/index.php\/novosti\/item\/185853-jkp-komunalac-tuzla-prikupljanje-kabastog-otpada-do-9-oktobra\/\"},\"wordCount\":317,\"commentCount\":0,\"publisher\":{\"@id\":\"https:\/\/tuzlainfo.ba\/#organization\"},\"image\":{\"@id\":\"https:\/\/tuzlainfo.ba\/index.php\/novosti\/item\/185853-jkp-komunalac-tuzla-prikupljanje-kabastog-otpada-do-9-oktobra\/#primaryimage\"},\"thumbnailUrl\":\"https:\/\/tuzlainfo.ba\/wp-content\/uploads\/2022\/04\/3004_kabasti_otpad.jpg\",\"keywords\":[\"jkp komunalac tuzla\",\"kabasti otpad\"],\"articleSection\":[\"Istaknuto\",\"Novosti\"],\"inLanguage\":\"bs-BA\"},{\"@type\":\"WebPage\",\"@id\":\"https:\/\/tuzlainfo.ba\/index.php\/novosti\/item\/185853-jkp-komunalac-tuzla-prikupljanje-kabastog-otpada-do-9-oktobra\/\",\"url\":\"https:\/\/tuzlainfo.ba\/index.php\/novosti\/item\/185853-jkp-komunalac-tuzla-prikupljanje-kabastog-otpada-do-9-oktobra\/\",\"name\":\"JKP Komunalac Tuzla: Prikupljanje kabastog otpada do 9. oktobra - TuzlaInfo.ba\",\"isPartOf\":{\"@id\":\"https:\/\/tuzlainfo.ba\/#website\"},\"primaryImageOfPage\":{\"@id\":\"https:\/\/tuzlainfo.ba\/index.php\/novosti\/item\/185853-jkp-komunalac-tuzla-prikupljanje-kabastog-otpada-do-9-oktobra\/#primaryimage\"},\"image\":{\"@id\":\"https:\/\/tuzlainfo.ba\/index.php\/novosti\/item\/185853-jkp-komunalac-tuzla-prikupljanje-kabastog-otpada-do-9-oktobra\/#primaryimage\"},\"thumbnailUrl\":\"https:\/\/tuzlainfo.ba\/wp-content\/uploads\/2022\/04\/3004_kabasti_otpad.jpg\",\"datePublished\":\"2022-10-04T16:50:35+00:00\",\"dateModified\":\"2022-10-04T13:38:01+00:00\",\"breadcrumb\":{\"@id\":\"https:\/\/tuzlainfo.ba\/index.php\/novosti\/item\/185853-jkp-komunalac-tuzla-prikupljanje-kabastog-otpada-do-9-oktobra\/#breadcrumb\"},\"inLanguage\":\"bs-BA\",\"potentialAction\":[{\"@type\":\"ReadAction\",\"target\":[\"https:\/\/tuzlainfo.ba\/index.php\/novosti\/item\/185853-jkp-komunalac-tuzla-prikupljanje-kabastog-otpada-do-9-oktobra\/\"]}]},{\"@type\":\"ImageObject\",\"inLanguage\":\"bs-BA\",\"@id\":\"https:\/\/tuzlainfo.ba\/index.php\/novosti\/item\/185853-jkp-komunalac-tuzla-prikupljanje-kabastog-otpada-do-9-oktobra\/#primaryimage\",\"url\":\"https:\/\/tuzlainfo.ba\/wp-content\/uploads\/2022\/04\/3004_kabasti_otpad.jpg\",\"contentUrl\":\"https:\/\/tuzlainfo.ba\/wp-content\/uploads\/2022\/04\/3004_kabasti_otpad.jpg\",\"width\":1000,\"height\":680,\"caption\":\"Foto: Tuzlainfo.ba\"},{\"@type\":\"BreadcrumbList\",\"@id\":\"https:\/\/tuzlainfo.ba\/index.php\/novosti\/item\/185853-jkp-komunalac-tuzla-prikupljanje-kabastog-otpada-do-9-oktobra\/#breadcrumb\",\"itemListElement\":[{\"@type\":\"ListItem\",\"position\":1,\"name\":\"Home\",\"item\":\"https:\/\/tuzlainfo.ba\/\"},{\"@type\":\"ListItem\",\"position\":2,\"name\":\"JKP Komunalac Tuzla: Prikupljanje kabastog otpada do 9. oktobra\"}]},{\"@type\":\"WebSite\",\"@id\":\"https:\/\/tuzlainfo.ba\/#website\",\"url\":\"https:\/\/tuzlainfo.ba\/\",\"name\":\"TuzlaInfo.ba\",\"description\":\"Tuzla info, gradski informator - Tuzla na dlanu\",\"publisher\":{\"@id\":\"https:\/\/tuzlainfo.ba\/#organization\"},\"potentialAction\":[{\"@type\":\"SearchAction\",\"target\":{\"@type\":\"EntryPoint\",\"urlTemplate\":\"https:\/\/tuzlainfo.ba\/?s={search_term_string}\"},\"query-input\":{\"@type\":\"PropertyValueSpecification\",\"valueRequired\":true,\"valueName\":\"search_term_string\"}}],\"inLanguage\":\"bs-BA\"},{\"@type\":\"Organization\",\"@id\":\"https:\/\/tuzlainfo.ba\/#organization\",\"name\":\"TuzlaInfo.ba\",\"url\":\"https:\/\/tuzlainfo.ba\/\",\"logo\":{\"@type\":\"ImageObject\",\"inLanguage\":\"bs-BA\",\"@id\":\"https:\/\/tuzlainfo.ba\/#\/schema\/logo\/image\/\",\"url\":\"https:\/\/tuzlainfo.ba\/wp-content\/uploads\/2021\/03\/logo-ver-3-1.png\",\"contentUrl\":\"https:\/\/tuzlainfo.ba\/wp-content\/uploads\/2021\/03\/logo-ver-3-1.png\",\"width\":350,\"height\":95,\"caption\":\"TuzlaInfo.ba\"},\"image\":{\"@id\":\"https:\/\/tuzlainfo.ba\/#\/schema\/logo\/image\/\"},\"sameAs\":[\"https:\/\/www.facebook.com\/tuzlainfo.ba\/\"]},{\"@type\":\"Person\",\"@id\":\"https:\/\/tuzlainfo.ba\/#\/schema\/person\/46cad4c57790cbc50781edd14870825a\",\"name\":\"Tuzla Info\",\"image\":{\"@type\":\"ImageObject\",\"inLanguage\":\"bs-BA\",\"@id\":\"https:\/\/tuzlainfo.ba\/#\/schema\/person\/image\/\",\"url\":\"https:\/\/tuzlainfo.ba\/wp-content\/litespeed\/avatar\/b6c453a6c38e3654f2e4416c643fc25c.jpg?ver=1777051911\",\"contentUrl\":\"https:\/\/tuzlainfo.ba\/wp-content\/litespeed\/avatar\/b6c453a6c38e3654f2e4416c643fc25c.jpg?ver=1777051911\",\"caption\":\"Tuzla Info\"}}]}<\/script>\n<!-- \/ Yoast SEO plugin. -->","yoast_head_json":{"title":"JKP Komunalac Tuzla: Prikupljanje kabastog otpada do 9. oktobra - TuzlaInfo.ba","robots":{"index":"index","follow":"follow","max-snippet":"max-snippet:-1","max-image-preview":"max-image-preview:large","max-video-preview":"max-video-preview:-1"},"canonical":"https:\/\/tuzlainfo.ba\/index.php\/novosti\/item\/185853-jkp-komunalac-tuzla-prikupljanje-kabastog-otpada-do-9-oktobra\/","og_locale":"bs_BA","og_type":"article","og_title":"JKP Komunalac Tuzla: Prikupljanje kabastog otpada do 9. oktobra - TuzlaInfo.ba","og_description":"Gra\u0111ani Tuzle koji \u017eive u ku\u0107ama i prigradskim mjesnim zajednicama, jo\u0161 nekoliko dana \u0107e imati&hellip;","og_url":"https:\/\/tuzlainfo.ba\/index.php\/novosti\/item\/185853-jkp-komunalac-tuzla-prikupljanje-kabastog-otpada-do-9-oktobra\/","og_site_name":"TuzlaInfo.ba","article_publisher":"https:\/\/www.facebook.com\/tuzlainfo.ba\/","article_published_time":"2022-10-04T16:50:35+00:00","article_modified_time":"2022-10-04T13:38:01+00:00","og_image":[{"width":1000,"height":680,"url":"https:\/\/tuzlainfo.ba\/wp-content\/uploads\/2022\/04\/3004_kabasti_otpad.jpg","type":"image\/jpeg"}],"author":"Tuzla Info","twitter_card":"summary_large_image","twitter_misc":{"Written by":"Tuzla Info","Est. reading time":"2 minute"},"schema":{"@context":"https:\/\/schema.org","@graph":[{"@type":"Article","@id":"https:\/\/tuzlainfo.ba\/index.php\/novosti\/item\/185853-jkp-komunalac-tuzla-prikupljanje-kabastog-otpada-do-9-oktobra\/#article","isPartOf":{"@id":"https:\/\/tuzlainfo.ba\/index.php\/novosti\/item\/185853-jkp-komunalac-tuzla-prikupljanje-kabastog-otpada-do-9-oktobra\/"},"author":{"name":"Tuzla Info","@id":"https:\/\/tuzlainfo.ba\/#\/schema\/person\/46cad4c57790cbc50781edd14870825a"},"headline":"JKP Komunalac Tuzla: Prikupljanje kabastog otpada do 9. oktobra","datePublished":"2022-10-04T16:50:35+00:00","dateModified":"2022-10-04T13:38:01+00:00","mainEntityOfPage":{"@id":"https:\/\/tuzlainfo.ba\/index.php\/novosti\/item\/185853-jkp-komunalac-tuzla-prikupljanje-kabastog-otpada-do-9-oktobra\/"},"wordCount":317,"commentCount":0,"publisher":{"@id":"https:\/\/tuzlainfo.ba\/#organization"},"image":{"@id":"https:\/\/tuzlainfo.ba\/index.php\/novosti\/item\/185853-jkp-komunalac-tuzla-prikupljanje-kabastog-otpada-do-9-oktobra\/#primaryimage"},"thumbnailUrl":"https:\/\/tuzlainfo.ba\/wp-content\/uploads\/2022\/04\/3004_kabasti_otpad.jpg","keywords":["jkp komunalac tuzla","kabasti otpad"],"articleSection":["Istaknuto","Novosti"],"inLanguage":"bs-BA"},{"@type":"WebPage","@id":"https:\/\/tuzlainfo.ba\/index.php\/novosti\/item\/185853-jkp-komunalac-tuzla-prikupljanje-kabastog-otpada-do-9-oktobra\/","url":"https:\/\/tuzlainfo.ba\/index.php\/novosti\/item\/185853-jkp-komunalac-tuzla-prikupljanje-kabastog-otpada-do-9-oktobra\/","name":"JKP Komunalac Tuzla: Prikupljanje kabastog otpada do 9. oktobra - TuzlaInfo.ba","isPartOf":{"@id":"https:\/\/tuzlainfo.ba\/#website"},"primaryImageOfPage":{"@id":"https:\/\/tuzlainfo.ba\/index.php\/novosti\/item\/185853-jkp-komunalac-tuzla-prikupljanje-kabastog-otpada-do-9-oktobra\/#primaryimage"},"image":{"@id":"https:\/\/tuzlainfo.ba\/index.php\/novosti\/item\/185853-jkp-komunalac-tuzla-prikupljanje-kabastog-otpada-do-9-oktobra\/#primaryimage"},"thumbnailUrl":"https:\/\/tuzlainfo.ba\/wp-content\/uploads\/2022\/04\/3004_kabasti_otpad.jpg","datePublished":"2022-10-04T16:50:35+00:00","dateModified":"2022-10-04T13:38:01+00:00","breadcrumb":{"@id":"https:\/\/tuzlainfo.ba\/index.php\/novosti\/item\/185853-jkp-komunalac-tuzla-prikupljanje-kabastog-otpada-do-9-oktobra\/#breadcrumb"},"inLanguage":"bs-BA","potentialAction":[{"@type":"ReadAction","target":["https:\/\/tuzlainfo.ba\/index.php\/novosti\/item\/185853-jkp-komunalac-tuzla-prikupljanje-kabastog-otpada-do-9-oktobra\/"]}]},{"@type":"ImageObject","inLanguage":"bs-BA","@id":"https:\/\/tuzlainfo.ba\/index.php\/novosti\/item\/185853-jkp-komunalac-tuzla-prikupljanje-kabastog-otpada-do-9-oktobra\/#primaryimage","url":"https:\/\/tuzlainfo.ba\/wp-content\/uploads\/2022\/04\/3004_kabasti_otpad.jpg","contentUrl":"https:\/\/tuzlainfo.ba\/wp-content\/uploads\/2022\/04\/3004_kabasti_otpad.jpg","width":1000,"height":680,"caption":"Foto: Tuzlainfo.ba"},{"@type":"BreadcrumbList","@id":"https:\/\/tuzlainfo.ba\/index.php\/novosti\/item\/185853-jkp-komunalac-tuzla-prikupljanje-kabastog-otpada-do-9-oktobra\/#breadcrumb","itemListElement":[{"@type":"ListItem","position":1,"name":"Home","item":"https:\/\/tuzlainfo.ba\/"},{"@type":"ListItem","position":2,"name":"JKP Komunalac Tuzla: Prikupljanje kabastog otpada do 9. oktobra"}]},{"@type":"WebSite","@id":"https:\/\/tuzlainfo.ba\/#website","url":"https:\/\/tuzlainfo.ba\/","name":"TuzlaInfo.ba","description":"Tuzla info, gradski informator - Tuzla na dlanu","publisher":{"@id":"https:\/\/tuzlainfo.ba\/#organization"},"potentialAction":[{"@type":"SearchAction","target":{"@type":"EntryPoint","urlTemplate":"https:\/\/tuzlainfo.ba\/?s={search_term_string}"},"query-input":{"@type":"PropertyValueSpecification","valueRequired":true,"valueName":"search_term_string"}}],"inLanguage":"bs-BA"},{"@type":"Organization","@id":"https:\/\/tuzlainfo.ba\/#organization","name":"TuzlaInfo.ba","url":"https:\/\/tuzlainfo.ba\/","logo":{"@type":"ImageObject","inLanguage":"bs-BA","@id":"https:\/\/tuzlainfo.ba\/#\/schema\/logo\/image\/","url":"https:\/\/tuzlainfo.ba\/wp-content\/uploads\/2021\/03\/logo-ver-3-1.png","contentUrl":"https:\/\/tuzlainfo.ba\/wp-content\/uploads\/2021\/03\/logo-ver-3-1.png","width":350,"height":95,"caption":"TuzlaInfo.ba"},"image":{"@id":"https:\/\/tuzlainfo.ba\/#\/schema\/logo\/image\/"},"sameAs":["https:\/\/www.facebook.com\/tuzlainfo.ba\/"]},{"@type":"Person","@id":"https:\/\/tuzlainfo.ba\/#\/schema\/person\/46cad4c57790cbc50781edd14870825a","name":"Tuzla Info","image":{"@type":"ImageObject","inLanguage":"bs-BA","@id":"https:\/\/tuzlainfo.ba\/#\/schema\/person\/image\/","url":"https:\/\/tuzlainfo.ba\/wp-content\/litespeed\/avatar\/b6c453a6c38e3654f2e4416c643fc25c.jpg?ver=1777051911","contentUrl":"https:\/\/tuzlainfo.ba\/wp-content\/litespeed\/avatar\/b6c453a6c38e3654f2e4416c643fc25c.jpg?ver=1777051911","caption":"Tuzla Info"}}]}},"_links":{"self":[{"href":"https:\/\/tuzlainfo.ba\/index.php\/wp-json\/wp\/v2\/posts\/185853"}],"collection":[{"href":"https:\/\/tuzlainfo.ba\/index.php\/wp-json\/wp\/v2\/posts"}],"about":[{"href":"https:\/\/tuzlainfo.ba\/index.php\/wp-json\/wp\/v2\/types\/post"}],"author":[{"embeddable":true,"href":"https:\/\/tuzlainfo.ba\/index.php\/wp-json\/wp\/v2\/users\/4"}],"replies":[{"embeddable":true,"href":"https:\/\/tuzlainfo.ba\/index.php\/wp-json\/wp\/v2\/comments?post=185853"}],"version-history":[{"count":0,"href":"https:\/\/tuzlainfo.ba\/index.php\/wp-json\/wp\/v2\/posts\/185853\/revisions"}],"wp:featuredmedia":[{"embeddable":true,"href":"https:\/\/tuzlainfo.ba\/index.php\/wp-json\/wp\/v2\/media\/170851"}],"wp:attachment":[{"href":"https:\/\/tuzlainfo.ba\/index.php\/wp-json\/wp\/v2\/media?parent=185853"}],"wp:term":[{"taxonomy":"category","embeddable":true,"href":"https:\/\/tuzlainfo.ba\/index.php\/wp-json\/wp\/v2\/categories?post=185853"},{"taxonomy":"post_tag","embeddable":true,"href":"https:\/\/tuzlainfo.ba\/index.php\/wp-json\/wp\/v2\/tags?post=185853"}],"curies":[{"name":"wp","href":"https:\/\/api.w.org\/{rel}","templated":true}]}}