{"id":185811,"date":"2022-10-04T08:19:34","date_gmt":"2022-10-04T06:19:34","guid":{"rendered":"https:\/\/tuzlainfo.ba\/?p=185811"},"modified":"2022-10-04T07:46:57","modified_gmt":"2022-10-04T05:46:57","slug":"ponovo-o-akcizama-i-nultoj-stopi-pdv-a-danas-hitna-sjednica-doma-naroda-psbih","status":"publish","type":"post","link":"https:\/\/tuzlainfo.ba\/index.php\/bosna-i-hercegovina\/item\/185811-ponovo-o-akcizama-i-nultoj-stopi-pdv-a-danas-hitna-sjednica-doma-naroda-psbih\/","title":{"rendered":"Ponovo o akcizama i nultoj stopi PDV-a: Danas hitna sjednica Doma naroda PSBiH"},"content":{"rendered":"<p>Dom naroda PSBiH bi na hitnoj sjednici zakazanoj za danas trebalo da razmatra Izvje\u0161taj o postizanju identi\u010dnog teksta Zakona o dopunama Zakona o porezu na dodatnu vrijednost i Izvje\u0161taj o postizanju identi\u010dnog teksta Zakona o izmjenama Zakona o akcizama u BiH.<\/p>\n<p>Predstavni\u010dki dom i Dom naroda ranije su usvojili ova dva zakona, ali u razli\u010ditim tekstovima, pa je bilo potrebno usaglasiti ih.<\/p>\n<p>Predlo\u017eeno je da akcize na gorivo budu ukinute na \u0161est mjeseci uz mogu\u0107nost produ\u017eenja na dodatna tri te da se uvede nulta stopa PDV-a na osnovne \u017eivotne namirnice, odnosno hranu i opremu za djecu, sjemenski i sadni materijal, te od 22 posto na luksuznu robu.<\/p>\n","protected":false},"excerpt":{"rendered":"<p>Dom naroda PSBiH bi na hitnoj sjednici zakazanoj za danas trebalo da razmatra Izvje\u0161taj o&hellip;<\/p>\n","protected":false},"author":2,"featured_media":185812,"comment_status":"open","ping_status":"closed","sticky":false,"template":"","format":"standard","meta":{"_acf_changed":false,"footnotes":""},"categories":[291,304],"tags":[4735],"acf":[],"yoast_head":"<!-- This site is optimized with the Yoast SEO plugin v23.5 - https:\/\/yoast.com\/wordpress\/plugins\/seo\/ -->\n<title>Ponovo o akcizama i nultoj stopi PDV-a: Danas hitna sjednica Doma naroda PSBiH - TuzlaInfo.ba<\/title>\n<meta name=\"robots\" content=\"index, follow, max-snippet:-1, max-image-preview:large, max-video-preview:-1\" \/>\n<link rel=\"canonical\" href=\"https:\/\/tuzlainfo.ba\/index.php\/bosna-i-hercegovina\/item\/185811-ponovo-o-akcizama-i-nultoj-stopi-pdv-a-danas-hitna-sjednica-doma-naroda-psbih\/\" \/>\n<meta property=\"og:locale\" content=\"bs_BA\" \/>\n<meta property=\"og:type\" content=\"article\" \/>\n<meta property=\"og:title\" content=\"Ponovo o akcizama i nultoj stopi PDV-a: Danas hitna sjednica Doma naroda PSBiH - TuzlaInfo.ba\" \/>\n<meta property=\"og:description\" content=\"Dom naroda PSBiH bi na hitnoj sjednici zakazanoj za danas trebalo da razmatra Izvje\u0161taj o&hellip;\" \/>\n<meta property=\"og:url\" content=\"https:\/\/tuzlainfo.ba\/index.php\/bosna-i-hercegovina\/item\/185811-ponovo-o-akcizama-i-nultoj-stopi-pdv-a-danas-hitna-sjednica-doma-naroda-psbih\/\" \/>\n<meta property=\"og:site_name\" content=\"TuzlaInfo.ba\" \/>\n<meta property=\"article:publisher\" content=\"https:\/\/www.facebook.com\/tuzlainfo.ba\/\" \/>\n<meta property=\"article:published_time\" content=\"2022-10-04T06:19:34+00:00\" \/>\n<meta property=\"article:modified_time\" content=\"2022-10-04T05:46:57+00:00\" \/>\n<meta property=\"og:image\" content=\"https:\/\/tuzlainfo.ba\/wp-content\/uploads\/2022\/10\/0410_dom_naroda_psbih.jpg\" \/>\n\t<meta property=\"og:image:width\" content=\"800\" \/>\n\t<meta property=\"og:image:height\" content=\"497\" \/>\n\t<meta property=\"og:image:type\" content=\"image\/jpeg\" \/>\n<meta name=\"author\" content=\"nedim\" \/>\n<meta name=\"twitter:card\" content=\"summary_large_image\" \/>\n<meta name=\"twitter:label1\" content=\"Written by\" \/>\n\t<meta name=\"twitter:data1\" content=\"nedim\" \/>\n\t<meta name=\"twitter:label2\" content=\"Est. reading time\" \/>\n\t<meta name=\"twitter:data2\" content=\"1 minuta\" \/>\n<script type=\"application\/ld+json\" class=\"yoast-schema-graph\">{\"@context\":\"https:\/\/schema.org\",\"@graph\":[{\"@type\":\"Article\",\"@id\":\"https:\/\/tuzlainfo.ba\/index.php\/bosna-i-hercegovina\/item\/185811-ponovo-o-akcizama-i-nultoj-stopi-pdv-a-danas-hitna-sjednica-doma-naroda-psbih\/#article\",\"isPartOf\":{\"@id\":\"https:\/\/tuzlainfo.ba\/index.php\/bosna-i-hercegovina\/item\/185811-ponovo-o-akcizama-i-nultoj-stopi-pdv-a-danas-hitna-sjednica-doma-naroda-psbih\/\"},\"author\":{\"name\":\"nedim\",\"@id\":\"https:\/\/tuzlainfo.ba\/#\/schema\/person\/f434e20dc27ea133923aab08451b7f7f\"},\"headline\":\"Ponovo o akcizama i nultoj stopi PDV-a: Danas hitna sjednica Doma naroda PSBiH\",\"datePublished\":\"2022-10-04T06:19:34+00:00\",\"dateModified\":\"2022-10-04T05:46:57+00:00\",\"mainEntityOfPage\":{\"@id\":\"https:\/\/tuzlainfo.ba\/index.php\/bosna-i-hercegovina\/item\/185811-ponovo-o-akcizama-i-nultoj-stopi-pdv-a-danas-hitna-sjednica-doma-naroda-psbih\/\"},\"wordCount\":128,\"commentCount\":0,\"publisher\":{\"@id\":\"https:\/\/tuzlainfo.ba\/#organization\"},\"image\":{\"@id\":\"https:\/\/tuzlainfo.ba\/index.php\/bosna-i-hercegovina\/item\/185811-ponovo-o-akcizama-i-nultoj-stopi-pdv-a-danas-hitna-sjednica-doma-naroda-psbih\/#primaryimage\"},\"thumbnailUrl\":\"https:\/\/tuzlainfo.ba\/wp-content\/uploads\/2022\/10\/0410_dom_naroda_psbih.jpg\",\"keywords\":[\"dom naroda bih\"],\"articleSection\":[\"Bosna i Hercegovina\",\"Istaknuto\"],\"inLanguage\":\"bs-BA\"},{\"@type\":\"WebPage\",\"@id\":\"https:\/\/tuzlainfo.ba\/index.php\/bosna-i-hercegovina\/item\/185811-ponovo-o-akcizama-i-nultoj-stopi-pdv-a-danas-hitna-sjednica-doma-naroda-psbih\/\",\"url\":\"https:\/\/tuzlainfo.ba\/index.php\/bosna-i-hercegovina\/item\/185811-ponovo-o-akcizama-i-nultoj-stopi-pdv-a-danas-hitna-sjednica-doma-naroda-psbih\/\",\"name\":\"Ponovo o akcizama i nultoj stopi PDV-a: Danas hitna sjednica Doma naroda PSBiH - TuzlaInfo.ba\",\"isPartOf\":{\"@id\":\"https:\/\/tuzlainfo.ba\/#website\"},\"primaryImageOfPage\":{\"@id\":\"https:\/\/tuzlainfo.ba\/index.php\/bosna-i-hercegovina\/item\/185811-ponovo-o-akcizama-i-nultoj-stopi-pdv-a-danas-hitna-sjednica-doma-naroda-psbih\/#primaryimage\"},\"image\":{\"@id\":\"https:\/\/tuzlainfo.ba\/index.php\/bosna-i-hercegovina\/item\/185811-ponovo-o-akcizama-i-nultoj-stopi-pdv-a-danas-hitna-sjednica-doma-naroda-psbih\/#primaryimage\"},\"thumbnailUrl\":\"https:\/\/tuzlainfo.ba\/wp-content\/uploads\/2022\/10\/0410_dom_naroda_psbih.jpg\",\"datePublished\":\"2022-10-04T06:19:34+00:00\",\"dateModified\":\"2022-10-04T05:46:57+00:00\",\"breadcrumb\":{\"@id\":\"https:\/\/tuzlainfo.ba\/index.php\/bosna-i-hercegovina\/item\/185811-ponovo-o-akcizama-i-nultoj-stopi-pdv-a-danas-hitna-sjednica-doma-naroda-psbih\/#breadcrumb\"},\"inLanguage\":\"bs-BA\",\"potentialAction\":[{\"@type\":\"ReadAction\",\"target\":[\"https:\/\/tuzlainfo.ba\/index.php\/bosna-i-hercegovina\/item\/185811-ponovo-o-akcizama-i-nultoj-stopi-pdv-a-danas-hitna-sjednica-doma-naroda-psbih\/\"]}]},{\"@type\":\"ImageObject\",\"inLanguage\":\"bs-BA\",\"@id\":\"https:\/\/tuzlainfo.ba\/index.php\/bosna-i-hercegovina\/item\/185811-ponovo-o-akcizama-i-nultoj-stopi-pdv-a-danas-hitna-sjednica-doma-naroda-psbih\/#primaryimage\",\"url\":\"https:\/\/tuzlainfo.ba\/wp-content\/uploads\/2022\/10\/0410_dom_naroda_psbih.jpg\",\"contentUrl\":\"https:\/\/tuzlainfo.ba\/wp-content\/uploads\/2022\/10\/0410_dom_naroda_psbih.jpg\",\"width\":800,\"height\":497},{\"@type\":\"BreadcrumbList\",\"@id\":\"https:\/\/tuzlainfo.ba\/index.php\/bosna-i-hercegovina\/item\/185811-ponovo-o-akcizama-i-nultoj-stopi-pdv-a-danas-hitna-sjednica-doma-naroda-psbih\/#breadcrumb\",\"itemListElement\":[{\"@type\":\"ListItem\",\"position\":1,\"name\":\"Home\",\"item\":\"https:\/\/tuzlainfo.ba\/\"},{\"@type\":\"ListItem\",\"position\":2,\"name\":\"Ponovo o akcizama i nultoj stopi PDV-a: Danas hitna sjednica Doma naroda PSBiH\"}]},{\"@type\":\"WebSite\",\"@id\":\"https:\/\/tuzlainfo.ba\/#website\",\"url\":\"https:\/\/tuzlainfo.ba\/\",\"name\":\"TuzlaInfo.ba\",\"description\":\"Tuzla info, gradski informator - Tuzla na dlanu\",\"publisher\":{\"@id\":\"https:\/\/tuzlainfo.ba\/#organization\"},\"potentialAction\":[{\"@type\":\"SearchAction\",\"target\":{\"@type\":\"EntryPoint\",\"urlTemplate\":\"https:\/\/tuzlainfo.ba\/?s={search_term_string}\"},\"query-input\":{\"@type\":\"PropertyValueSpecification\",\"valueRequired\":true,\"valueName\":\"search_term_string\"}}],\"inLanguage\":\"bs-BA\"},{\"@type\":\"Organization\",\"@id\":\"https:\/\/tuzlainfo.ba\/#organization\",\"name\":\"TuzlaInfo.ba\",\"url\":\"https:\/\/tuzlainfo.ba\/\",\"logo\":{\"@type\":\"ImageObject\",\"inLanguage\":\"bs-BA\",\"@id\":\"https:\/\/tuzlainfo.ba\/#\/schema\/logo\/image\/\",\"url\":\"https:\/\/tuzlainfo.ba\/wp-content\/uploads\/2021\/03\/logo-ver-3-1.png\",\"contentUrl\":\"https:\/\/tuzlainfo.ba\/wp-content\/uploads\/2021\/03\/logo-ver-3-1.png\",\"width\":350,\"height\":95,\"caption\":\"TuzlaInfo.ba\"},\"image\":{\"@id\":\"https:\/\/tuzlainfo.ba\/#\/schema\/logo\/image\/\"},\"sameAs\":[\"https:\/\/www.facebook.com\/tuzlainfo.ba\/\"]},{\"@type\":\"Person\",\"@id\":\"https:\/\/tuzlainfo.ba\/#\/schema\/person\/f434e20dc27ea133923aab08451b7f7f\",\"name\":\"nedim\",\"image\":{\"@type\":\"ImageObject\",\"inLanguage\":\"bs-BA\",\"@id\":\"https:\/\/tuzlainfo.ba\/#\/schema\/person\/image\/\",\"url\":\"https:\/\/tuzlainfo.ba\/wp-content\/litespeed\/avatar\/aabad687af24844af817603ac1cbdc4f.jpg?ver=1776702173\",\"contentUrl\":\"https:\/\/tuzlainfo.ba\/wp-content\/litespeed\/avatar\/aabad687af24844af817603ac1cbdc4f.jpg?ver=1776702173\",\"caption\":\"nedim\"},\"description\":\"Tuzlainfo.ba pratite na dru\u0161tvenim mre\u017eama: Facebook, Instagram i Youtube. Svoje pri\u010de, upite i fotografije \u0161aljite na na\u0161u e-mail adresu.\"}]}<\/script>\n<!-- \/ Yoast SEO plugin. -->","yoast_head_json":{"title":"Ponovo o akcizama i nultoj stopi PDV-a: Danas hitna sjednica Doma naroda PSBiH - TuzlaInfo.ba","robots":{"index":"index","follow":"follow","max-snippet":"max-snippet:-1","max-image-preview":"max-image-preview:large","max-video-preview":"max-video-preview:-1"},"canonical":"https:\/\/tuzlainfo.ba\/index.php\/bosna-i-hercegovina\/item\/185811-ponovo-o-akcizama-i-nultoj-stopi-pdv-a-danas-hitna-sjednica-doma-naroda-psbih\/","og_locale":"bs_BA","og_type":"article","og_title":"Ponovo o akcizama i nultoj stopi PDV-a: Danas hitna sjednica Doma naroda PSBiH - TuzlaInfo.ba","og_description":"Dom naroda PSBiH bi na hitnoj sjednici zakazanoj za danas trebalo da razmatra Izvje\u0161taj o&hellip;","og_url":"https:\/\/tuzlainfo.ba\/index.php\/bosna-i-hercegovina\/item\/185811-ponovo-o-akcizama-i-nultoj-stopi-pdv-a-danas-hitna-sjednica-doma-naroda-psbih\/","og_site_name":"TuzlaInfo.ba","article_publisher":"https:\/\/www.facebook.com\/tuzlainfo.ba\/","article_published_time":"2022-10-04T06:19:34+00:00","article_modified_time":"2022-10-04T05:46:57+00:00","og_image":[{"width":800,"height":497,"url":"https:\/\/tuzlainfo.ba\/wp-content\/uploads\/2022\/10\/0410_dom_naroda_psbih.jpg","type":"image\/jpeg"}],"author":"nedim","twitter_card":"summary_large_image","twitter_misc":{"Written by":"nedim","Est. reading time":"1 minuta"},"schema":{"@context":"https:\/\/schema.org","@graph":[{"@type":"Article","@id":"https:\/\/tuzlainfo.ba\/index.php\/bosna-i-hercegovina\/item\/185811-ponovo-o-akcizama-i-nultoj-stopi-pdv-a-danas-hitna-sjednica-doma-naroda-psbih\/#article","isPartOf":{"@id":"https:\/\/tuzlainfo.ba\/index.php\/bosna-i-hercegovina\/item\/185811-ponovo-o-akcizama-i-nultoj-stopi-pdv-a-danas-hitna-sjednica-doma-naroda-psbih\/"},"author":{"name":"nedim","@id":"https:\/\/tuzlainfo.ba\/#\/schema\/person\/f434e20dc27ea133923aab08451b7f7f"},"headline":"Ponovo o akcizama i nultoj stopi PDV-a: Danas hitna sjednica Doma naroda PSBiH","datePublished":"2022-10-04T06:19:34+00:00","dateModified":"2022-10-04T05:46:57+00:00","mainEntityOfPage":{"@id":"https:\/\/tuzlainfo.ba\/index.php\/bosna-i-hercegovina\/item\/185811-ponovo-o-akcizama-i-nultoj-stopi-pdv-a-danas-hitna-sjednica-doma-naroda-psbih\/"},"wordCount":128,"commentCount":0,"publisher":{"@id":"https:\/\/tuzlainfo.ba\/#organization"},"image":{"@id":"https:\/\/tuzlainfo.ba\/index.php\/bosna-i-hercegovina\/item\/185811-ponovo-o-akcizama-i-nultoj-stopi-pdv-a-danas-hitna-sjednica-doma-naroda-psbih\/#primaryimage"},"thumbnailUrl":"https:\/\/tuzlainfo.ba\/wp-content\/uploads\/2022\/10\/0410_dom_naroda_psbih.jpg","keywords":["dom naroda bih"],"articleSection":["Bosna i Hercegovina","Istaknuto"],"inLanguage":"bs-BA"},{"@type":"WebPage","@id":"https:\/\/tuzlainfo.ba\/index.php\/bosna-i-hercegovina\/item\/185811-ponovo-o-akcizama-i-nultoj-stopi-pdv-a-danas-hitna-sjednica-doma-naroda-psbih\/","url":"https:\/\/tuzlainfo.ba\/index.php\/bosna-i-hercegovina\/item\/185811-ponovo-o-akcizama-i-nultoj-stopi-pdv-a-danas-hitna-sjednica-doma-naroda-psbih\/","name":"Ponovo o akcizama i nultoj stopi PDV-a: Danas hitna sjednica Doma naroda PSBiH - TuzlaInfo.ba","isPartOf":{"@id":"https:\/\/tuzlainfo.ba\/#website"},"primaryImageOfPage":{"@id":"https:\/\/tuzlainfo.ba\/index.php\/bosna-i-hercegovina\/item\/185811-ponovo-o-akcizama-i-nultoj-stopi-pdv-a-danas-hitna-sjednica-doma-naroda-psbih\/#primaryimage"},"image":{"@id":"https:\/\/tuzlainfo.ba\/index.php\/bosna-i-hercegovina\/item\/185811-ponovo-o-akcizama-i-nultoj-stopi-pdv-a-danas-hitna-sjednica-doma-naroda-psbih\/#primaryimage"},"thumbnailUrl":"https:\/\/tuzlainfo.ba\/wp-content\/uploads\/2022\/10\/0410_dom_naroda_psbih.jpg","datePublished":"2022-10-04T06:19:34+00:00","dateModified":"2022-10-04T05:46:57+00:00","breadcrumb":{"@id":"https:\/\/tuzlainfo.ba\/index.php\/bosna-i-hercegovina\/item\/185811-ponovo-o-akcizama-i-nultoj-stopi-pdv-a-danas-hitna-sjednica-doma-naroda-psbih\/#breadcrumb"},"inLanguage":"bs-BA","potentialAction":[{"@type":"ReadAction","target":["https:\/\/tuzlainfo.ba\/index.php\/bosna-i-hercegovina\/item\/185811-ponovo-o-akcizama-i-nultoj-stopi-pdv-a-danas-hitna-sjednica-doma-naroda-psbih\/"]}]},{"@type":"ImageObject","inLanguage":"bs-BA","@id":"https:\/\/tuzlainfo.ba\/index.php\/bosna-i-hercegovina\/item\/185811-ponovo-o-akcizama-i-nultoj-stopi-pdv-a-danas-hitna-sjednica-doma-naroda-psbih\/#primaryimage","url":"https:\/\/tuzlainfo.ba\/wp-content\/uploads\/2022\/10\/0410_dom_naroda_psbih.jpg","contentUrl":"https:\/\/tuzlainfo.ba\/wp-content\/uploads\/2022\/10\/0410_dom_naroda_psbih.jpg","width":800,"height":497},{"@type":"BreadcrumbList","@id":"https:\/\/tuzlainfo.ba\/index.php\/bosna-i-hercegovina\/item\/185811-ponovo-o-akcizama-i-nultoj-stopi-pdv-a-danas-hitna-sjednica-doma-naroda-psbih\/#breadcrumb","itemListElement":[{"@type":"ListItem","position":1,"name":"Home","item":"https:\/\/tuzlainfo.ba\/"},{"@type":"ListItem","position":2,"name":"Ponovo o akcizama i nultoj stopi PDV-a: Danas hitna sjednica Doma naroda PSBiH"}]},{"@type":"WebSite","@id":"https:\/\/tuzlainfo.ba\/#website","url":"https:\/\/tuzlainfo.ba\/","name":"TuzlaInfo.ba","description":"Tuzla info, gradski informator - Tuzla na dlanu","publisher":{"@id":"https:\/\/tuzlainfo.ba\/#organization"},"potentialAction":[{"@type":"SearchAction","target":{"@type":"EntryPoint","urlTemplate":"https:\/\/tuzlainfo.ba\/?s={search_term_string}"},"query-input":{"@type":"PropertyValueSpecification","valueRequired":true,"valueName":"search_term_string"}}],"inLanguage":"bs-BA"},{"@type":"Organization","@id":"https:\/\/tuzlainfo.ba\/#organization","name":"TuzlaInfo.ba","url":"https:\/\/tuzlainfo.ba\/","logo":{"@type":"ImageObject","inLanguage":"bs-BA","@id":"https:\/\/tuzlainfo.ba\/#\/schema\/logo\/image\/","url":"https:\/\/tuzlainfo.ba\/wp-content\/uploads\/2021\/03\/logo-ver-3-1.png","contentUrl":"https:\/\/tuzlainfo.ba\/wp-content\/uploads\/2021\/03\/logo-ver-3-1.png","width":350,"height":95,"caption":"TuzlaInfo.ba"},"image":{"@id":"https:\/\/tuzlainfo.ba\/#\/schema\/logo\/image\/"},"sameAs":["https:\/\/www.facebook.com\/tuzlainfo.ba\/"]},{"@type":"Person","@id":"https:\/\/tuzlainfo.ba\/#\/schema\/person\/f434e20dc27ea133923aab08451b7f7f","name":"nedim","image":{"@type":"ImageObject","inLanguage":"bs-BA","@id":"https:\/\/tuzlainfo.ba\/#\/schema\/person\/image\/","url":"https:\/\/tuzlainfo.ba\/wp-content\/litespeed\/avatar\/aabad687af24844af817603ac1cbdc4f.jpg?ver=1776702173","contentUrl":"https:\/\/tuzlainfo.ba\/wp-content\/litespeed\/avatar\/aabad687af24844af817603ac1cbdc4f.jpg?ver=1776702173","caption":"nedim"},"description":"Tuzlainfo.ba pratite na dru\u0161tvenim mre\u017eama: Facebook, Instagram i Youtube. Svoje pri\u010de, upite i fotografije \u0161aljite na na\u0161u e-mail adresu."}]}},"_links":{"self":[{"href":"https:\/\/tuzlainfo.ba\/index.php\/wp-json\/wp\/v2\/posts\/185811"}],"collection":[{"href":"https:\/\/tuzlainfo.ba\/index.php\/wp-json\/wp\/v2\/posts"}],"about":[{"href":"https:\/\/tuzlainfo.ba\/index.php\/wp-json\/wp\/v2\/types\/post"}],"author":[{"embeddable":true,"href":"https:\/\/tuzlainfo.ba\/index.php\/wp-json\/wp\/v2\/users\/2"}],"replies":[{"embeddable":true,"href":"https:\/\/tuzlainfo.ba\/index.php\/wp-json\/wp\/v2\/comments?post=185811"}],"version-history":[{"count":0,"href":"https:\/\/tuzlainfo.ba\/index.php\/wp-json\/wp\/v2\/posts\/185811\/revisions"}],"wp:featuredmedia":[{"embeddable":true,"href":"https:\/\/tuzlainfo.ba\/index.php\/wp-json\/wp\/v2\/media\/185812"}],"wp:attachment":[{"href":"https:\/\/tuzlainfo.ba\/index.php\/wp-json\/wp\/v2\/media?parent=185811"}],"wp:term":[{"taxonomy":"category","embeddable":true,"href":"https:\/\/tuzlainfo.ba\/index.php\/wp-json\/wp\/v2\/categories?post=185811"},{"taxonomy":"post_tag","embeddable":true,"href":"https:\/\/tuzlainfo.ba\/index.php\/wp-json\/wp\/v2\/tags?post=185811"}],"curies":[{"name":"wp","href":"https:\/\/api.w.org\/{rel}","templated":true}]}}