{"id":185299,"date":"2022-09-28T21:42:36","date_gmt":"2022-09-28T19:42:36","guid":{"rendered":"https:\/\/tuzlainfo.ba\/?p=185299"},"modified":"2022-09-28T19:22:34","modified_gmt":"2022-09-28T17:22:34","slug":"delegacija-vlade-tk-u-posjeti-ttu-energetik-kompanija-se-vraca-na-staze-stare-slave","status":"publish","type":"post","link":"https:\/\/tuzlainfo.ba\/index.php\/novosti\/item\/185299-delegacija-vlade-tk-u-posjeti-ttu-energetik-kompanija-se-vraca-na-staze-stare-slave\/","title":{"rendered":"Delegacija Vlade TK u posjeti TTU Energetik: &#8220;Kompanija se vra\u0107a na staze stare slave&#8221;"},"content":{"rendered":"<p lang=\"hr-HR\" align=\"justify\"><span style=\"font-size: small;\"><span lang=\"bs-BA\">Premijer Tuzlanskog kantona Irfan Halilagi\u0107 i ministar trgovine, turizma i saobra\u0107aja Mustafa \u0160aki\u0107 posjetili su danas kompaniju TTU Energetik u Tuzli. Bila je to prilika da se iz prve ruke upoznaju sa potencijalima i mogu\u0107nostima ove kompanije, koja se sigurnim koracima vra\u0107a na staze stare slave.<\/span><\/span><\/p>\n<p lang=\"hr-HR\" align=\"justify\">\u201e<span style=\"font-size: small;\"><span lang=\"bs-BA\">Samim ulaskom u krug fabrike osjeti se radna atmosfera i to je ne\u0161to \u0161to nas izuzetno veseli. TTU energetik je dokaz da se fabrika, uz ispravne i iskrene namjere, mo\u017ee podi\u0107i i iz pepela\u201c, rekao je tokom posjete premijer Halilagi\u0107 i dodao da je Vlada u\u010dinila sve, a i u narednom \u0107e periodu biti stalna podr\u0161ka razvoju TTU-a.<\/span><\/span><\/p>\n<p lang=\"hr-HR\" align=\"justify\">\u201e<span style=\"font-size: small;\"><span lang=\"bs-BA\">Tu smo da budemo podr\u0161ka i potpora, te posrednik za sve pozitivne projekte u Tuzlanskom kantonu, a TTU energetik to sigurno jeste. Vlada \u0107e i u narednom periodu sigurno biti oslonac ovoj kompaniji ali \u0107emo i ubudu\u0107e ra\u010dunati na sposobnosti i mogu\u0107nosti TTU energetik-a. U tom smislu voljeli bismo ovu kompaniju u narednom periodu vidjeti i u okvirima namjenske industrije. Takav iskorak bi doma\u0107u pamet i vje\u0161tine stavilo u slu\u017ebu prije svega doma\u0107e sigurnosti, a onda i stjecanja profita\u201c, kazao je danas premijer Halilagi\u0107, dodaju\u0107i da je Vlada spremna da i druga tr\u017ei\u0161ta, pored polja energetike, spaja sa TTU-om \u201eTu mislim i na polja poput obnovljivih izvora energije i automobilske industrije\u201c, zaklju\u010dio je Halilagi\u0107.<\/span><\/span><\/p>\n<p lang=\"hr-HR\" align=\"justify\"><span style=\"font-size: small;\"><span lang=\"bs-BA\">Direktor Kompanije, Almir Zuli\u0107 je premijeru Halilagi\u0107u i ministru \u0160aki\u0107u prezentirao potencijale kompanije.<\/span><\/span><\/p>\n<p lang=\"hr-HR\" align=\"justify\"><a name=\"_GoBack\"><\/a> \u201e<span style=\"font-size: small;\"><span lang=\"bs-BA\">Pro\u0161lu godinu TTU energetik je okon\u010dao sa 14,7 miliona KM neto realizacije. Trenutno upo\u0161ljavamo 170 radnika sa prosje\u010dnom pla\u0107om koja je iznad prosjeka FBiH. Analiziraju\u0107i kompletne uslove poslovanja, postignute rezultate, perspektive budu\u0107eg razvoja sa sigurno\u0161\u0107u mo\u017eemo re\u0107i da je TTU energetik postao jako atraktivan poslodavac na tr\u017ei\u0161tu rada\u201c, ukratko je prezentirao kompaniju direktor Zuli\u0107, izra\u017eavaju\u0107i zahvalnost za dana\u0161nju posjetu jer, po njegovim rije\u010dima, Vlada Tuzlanskog kantona je uvijek bila pouzdan partner TTU-a i pratila je i podr\u017eavala njegov rad.<\/span><\/span><\/p>\n","protected":false},"excerpt":{"rendered":"<p>Premijer Tuzlanskog kantona Irfan Halilagi\u0107 i ministar trgovine, turizma i saobra\u0107aja Mustafa \u0160aki\u0107 posjetili su&hellip;<\/p>\n","protected":false},"author":4,"featured_media":185300,"comment_status":"open","ping_status":"closed","sticky":false,"template":"","format":"standard","meta":{"_acf_changed":false,"footnotes":""},"categories":[304,12],"tags":[1534,336],"acf":[],"yoast_head":"<!-- This site is optimized with the Yoast SEO plugin v23.5 - https:\/\/yoast.com\/wordpress\/plugins\/seo\/ -->\n<title>Delegacija Vlade TK u posjeti TTU Energetik: &quot;Kompanija se vra\u0107a na staze stare slave&quot; - TuzlaInfo.ba<\/title>\n<meta name=\"robots\" content=\"index, follow, max-snippet:-1, max-image-preview:large, max-video-preview:-1\" \/>\n<link rel=\"canonical\" href=\"https:\/\/tuzlainfo.ba\/index.php\/novosti\/item\/185299-delegacija-vlade-tk-u-posjeti-ttu-energetik-kompanija-se-vraca-na-staze-stare-slave\/\" \/>\n<meta property=\"og:locale\" content=\"bs_BA\" \/>\n<meta property=\"og:type\" content=\"article\" \/>\n<meta property=\"og:title\" content=\"Delegacija Vlade TK u posjeti TTU Energetik: &quot;Kompanija se vra\u0107a na staze stare slave&quot; - TuzlaInfo.ba\" \/>\n<meta property=\"og:description\" content=\"Premijer Tuzlanskog kantona Irfan Halilagi\u0107 i ministar trgovine, turizma i saobra\u0107aja Mustafa \u0160aki\u0107 posjetili su&hellip;\" \/>\n<meta property=\"og:url\" content=\"https:\/\/tuzlainfo.ba\/index.php\/novosti\/item\/185299-delegacija-vlade-tk-u-posjeti-ttu-energetik-kompanija-se-vraca-na-staze-stare-slave\/\" \/>\n<meta property=\"og:site_name\" content=\"TuzlaInfo.ba\" \/>\n<meta property=\"article:publisher\" content=\"https:\/\/www.facebook.com\/tuzlainfo.ba\/\" \/>\n<meta property=\"article:published_time\" content=\"2022-09-28T19:42:36+00:00\" \/>\n<meta property=\"article:modified_time\" content=\"2022-09-28T17:22:34+00:00\" \/>\n<meta property=\"og:image\" content=\"https:\/\/tuzlainfo.ba\/wp-content\/uploads\/2022\/09\/TTU-energetic-04-28-09-2022.jpg\" \/>\n\t<meta property=\"og:image:width\" content=\"1800\" \/>\n\t<meta property=\"og:image:height\" content=\"1013\" \/>\n\t<meta property=\"og:image:type\" content=\"image\/jpeg\" \/>\n<meta name=\"author\" content=\"Tuzla Info\" \/>\n<meta name=\"twitter:card\" content=\"summary_large_image\" \/>\n<meta name=\"twitter:label1\" content=\"Written by\" \/>\n\t<meta name=\"twitter:data1\" content=\"Tuzla Info\" \/>\n\t<meta name=\"twitter:label2\" content=\"Est. reading time\" \/>\n\t<meta name=\"twitter:data2\" content=\"2 minute\" \/>\n<script type=\"application\/ld+json\" class=\"yoast-schema-graph\">{\"@context\":\"https:\/\/schema.org\",\"@graph\":[{\"@type\":\"Article\",\"@id\":\"https:\/\/tuzlainfo.ba\/index.php\/novosti\/item\/185299-delegacija-vlade-tk-u-posjeti-ttu-energetik-kompanija-se-vraca-na-staze-stare-slave\/#article\",\"isPartOf\":{\"@id\":\"https:\/\/tuzlainfo.ba\/index.php\/novosti\/item\/185299-delegacija-vlade-tk-u-posjeti-ttu-energetik-kompanija-se-vraca-na-staze-stare-slave\/\"},\"author\":{\"name\":\"Tuzla Info\",\"@id\":\"https:\/\/tuzlainfo.ba\/#\/schema\/person\/46cad4c57790cbc50781edd14870825a\"},\"headline\":\"Delegacija Vlade TK u posjeti TTU Energetik: &#8220;Kompanija se vra\u0107a na staze stare slave&#8221;\",\"datePublished\":\"2022-09-28T19:42:36+00:00\",\"dateModified\":\"2022-09-28T17:22:34+00:00\",\"mainEntityOfPage\":{\"@id\":\"https:\/\/tuzlainfo.ba\/index.php\/novosti\/item\/185299-delegacija-vlade-tk-u-posjeti-ttu-energetik-kompanija-se-vraca-na-staze-stare-slave\/\"},\"wordCount\":362,\"commentCount\":0,\"publisher\":{\"@id\":\"https:\/\/tuzlainfo.ba\/#organization\"},\"image\":{\"@id\":\"https:\/\/tuzlainfo.ba\/index.php\/novosti\/item\/185299-delegacija-vlade-tk-u-posjeti-ttu-energetik-kompanija-se-vraca-na-staze-stare-slave\/#primaryimage\"},\"thumbnailUrl\":\"https:\/\/tuzlainfo.ba\/wp-content\/uploads\/2022\/09\/TTU-energetic-04-28-09-2022.jpg\",\"keywords\":[\"TTU Energetik\",\"vlada tk\"],\"articleSection\":[\"Istaknuto\",\"Novosti\"],\"inLanguage\":\"bs-BA\"},{\"@type\":\"WebPage\",\"@id\":\"https:\/\/tuzlainfo.ba\/index.php\/novosti\/item\/185299-delegacija-vlade-tk-u-posjeti-ttu-energetik-kompanija-se-vraca-na-staze-stare-slave\/\",\"url\":\"https:\/\/tuzlainfo.ba\/index.php\/novosti\/item\/185299-delegacija-vlade-tk-u-posjeti-ttu-energetik-kompanija-se-vraca-na-staze-stare-slave\/\",\"name\":\"Delegacija Vlade TK u posjeti TTU Energetik: \\\"Kompanija se vra\u0107a na staze stare slave\\\" - TuzlaInfo.ba\",\"isPartOf\":{\"@id\":\"https:\/\/tuzlainfo.ba\/#website\"},\"primaryImageOfPage\":{\"@id\":\"https:\/\/tuzlainfo.ba\/index.php\/novosti\/item\/185299-delegacija-vlade-tk-u-posjeti-ttu-energetik-kompanija-se-vraca-na-staze-stare-slave\/#primaryimage\"},\"image\":{\"@id\":\"https:\/\/tuzlainfo.ba\/index.php\/novosti\/item\/185299-delegacija-vlade-tk-u-posjeti-ttu-energetik-kompanija-se-vraca-na-staze-stare-slave\/#primaryimage\"},\"thumbnailUrl\":\"https:\/\/tuzlainfo.ba\/wp-content\/uploads\/2022\/09\/TTU-energetic-04-28-09-2022.jpg\",\"datePublished\":\"2022-09-28T19:42:36+00:00\",\"dateModified\":\"2022-09-28T17:22:34+00:00\",\"breadcrumb\":{\"@id\":\"https:\/\/tuzlainfo.ba\/index.php\/novosti\/item\/185299-delegacija-vlade-tk-u-posjeti-ttu-energetik-kompanija-se-vraca-na-staze-stare-slave\/#breadcrumb\"},\"inLanguage\":\"bs-BA\",\"potentialAction\":[{\"@type\":\"ReadAction\",\"target\":[\"https:\/\/tuzlainfo.ba\/index.php\/novosti\/item\/185299-delegacija-vlade-tk-u-posjeti-ttu-energetik-kompanija-se-vraca-na-staze-stare-slave\/\"]}]},{\"@type\":\"ImageObject\",\"inLanguage\":\"bs-BA\",\"@id\":\"https:\/\/tuzlainfo.ba\/index.php\/novosti\/item\/185299-delegacija-vlade-tk-u-posjeti-ttu-energetik-kompanija-se-vraca-na-staze-stare-slave\/#primaryimage\",\"url\":\"https:\/\/tuzlainfo.ba\/wp-content\/uploads\/2022\/09\/TTU-energetic-04-28-09-2022.jpg\",\"contentUrl\":\"https:\/\/tuzlainfo.ba\/wp-content\/uploads\/2022\/09\/TTU-energetic-04-28-09-2022.jpg\",\"width\":1800,\"height\":1013},{\"@type\":\"BreadcrumbList\",\"@id\":\"https:\/\/tuzlainfo.ba\/index.php\/novosti\/item\/185299-delegacija-vlade-tk-u-posjeti-ttu-energetik-kompanija-se-vraca-na-staze-stare-slave\/#breadcrumb\",\"itemListElement\":[{\"@type\":\"ListItem\",\"position\":1,\"name\":\"Home\",\"item\":\"https:\/\/tuzlainfo.ba\/\"},{\"@type\":\"ListItem\",\"position\":2,\"name\":\"Delegacija Vlade TK u posjeti TTU Energetik: &#8220;Kompanija se vra\u0107a na staze stare slave&#8221;\"}]},{\"@type\":\"WebSite\",\"@id\":\"https:\/\/tuzlainfo.ba\/#website\",\"url\":\"https:\/\/tuzlainfo.ba\/\",\"name\":\"TuzlaInfo.ba\",\"description\":\"Tuzla info, gradski informator - Tuzla na dlanu\",\"publisher\":{\"@id\":\"https:\/\/tuzlainfo.ba\/#organization\"},\"potentialAction\":[{\"@type\":\"SearchAction\",\"target\":{\"@type\":\"EntryPoint\",\"urlTemplate\":\"https:\/\/tuzlainfo.ba\/?s={search_term_string}\"},\"query-input\":{\"@type\":\"PropertyValueSpecification\",\"valueRequired\":true,\"valueName\":\"search_term_string\"}}],\"inLanguage\":\"bs-BA\"},{\"@type\":\"Organization\",\"@id\":\"https:\/\/tuzlainfo.ba\/#organization\",\"name\":\"TuzlaInfo.ba\",\"url\":\"https:\/\/tuzlainfo.ba\/\",\"logo\":{\"@type\":\"ImageObject\",\"inLanguage\":\"bs-BA\",\"@id\":\"https:\/\/tuzlainfo.ba\/#\/schema\/logo\/image\/\",\"url\":\"https:\/\/tuzlainfo.ba\/wp-content\/uploads\/2021\/03\/logo-ver-3-1.png\",\"contentUrl\":\"https:\/\/tuzlainfo.ba\/wp-content\/uploads\/2021\/03\/logo-ver-3-1.png\",\"width\":350,\"height\":95,\"caption\":\"TuzlaInfo.ba\"},\"image\":{\"@id\":\"https:\/\/tuzlainfo.ba\/#\/schema\/logo\/image\/\"},\"sameAs\":[\"https:\/\/www.facebook.com\/tuzlainfo.ba\/\"]},{\"@type\":\"Person\",\"@id\":\"https:\/\/tuzlainfo.ba\/#\/schema\/person\/46cad4c57790cbc50781edd14870825a\",\"name\":\"Tuzla Info\",\"image\":{\"@type\":\"ImageObject\",\"inLanguage\":\"bs-BA\",\"@id\":\"https:\/\/tuzlainfo.ba\/#\/schema\/person\/image\/\",\"url\":\"https:\/\/tuzlainfo.ba\/wp-content\/litespeed\/avatar\/b6c453a6c38e3654f2e4416c643fc25c.jpg?ver=1777051911\",\"contentUrl\":\"https:\/\/tuzlainfo.ba\/wp-content\/litespeed\/avatar\/b6c453a6c38e3654f2e4416c643fc25c.jpg?ver=1777051911\",\"caption\":\"Tuzla Info\"}}]}<\/script>\n<!-- \/ Yoast SEO plugin. -->","yoast_head_json":{"title":"Delegacija Vlade TK u posjeti TTU Energetik: \"Kompanija se vra\u0107a na staze stare slave\" - TuzlaInfo.ba","robots":{"index":"index","follow":"follow","max-snippet":"max-snippet:-1","max-image-preview":"max-image-preview:large","max-video-preview":"max-video-preview:-1"},"canonical":"https:\/\/tuzlainfo.ba\/index.php\/novosti\/item\/185299-delegacija-vlade-tk-u-posjeti-ttu-energetik-kompanija-se-vraca-na-staze-stare-slave\/","og_locale":"bs_BA","og_type":"article","og_title":"Delegacija Vlade TK u posjeti TTU Energetik: \"Kompanija se vra\u0107a na staze stare slave\" - TuzlaInfo.ba","og_description":"Premijer Tuzlanskog kantona Irfan Halilagi\u0107 i ministar trgovine, turizma i saobra\u0107aja Mustafa \u0160aki\u0107 posjetili su&hellip;","og_url":"https:\/\/tuzlainfo.ba\/index.php\/novosti\/item\/185299-delegacija-vlade-tk-u-posjeti-ttu-energetik-kompanija-se-vraca-na-staze-stare-slave\/","og_site_name":"TuzlaInfo.ba","article_publisher":"https:\/\/www.facebook.com\/tuzlainfo.ba\/","article_published_time":"2022-09-28T19:42:36+00:00","article_modified_time":"2022-09-28T17:22:34+00:00","og_image":[{"width":1800,"height":1013,"url":"https:\/\/tuzlainfo.ba\/wp-content\/uploads\/2022\/09\/TTU-energetic-04-28-09-2022.jpg","type":"image\/jpeg"}],"author":"Tuzla Info","twitter_card":"summary_large_image","twitter_misc":{"Written by":"Tuzla Info","Est. reading time":"2 minute"},"schema":{"@context":"https:\/\/schema.org","@graph":[{"@type":"Article","@id":"https:\/\/tuzlainfo.ba\/index.php\/novosti\/item\/185299-delegacija-vlade-tk-u-posjeti-ttu-energetik-kompanija-se-vraca-na-staze-stare-slave\/#article","isPartOf":{"@id":"https:\/\/tuzlainfo.ba\/index.php\/novosti\/item\/185299-delegacija-vlade-tk-u-posjeti-ttu-energetik-kompanija-se-vraca-na-staze-stare-slave\/"},"author":{"name":"Tuzla Info","@id":"https:\/\/tuzlainfo.ba\/#\/schema\/person\/46cad4c57790cbc50781edd14870825a"},"headline":"Delegacija Vlade TK u posjeti TTU Energetik: &#8220;Kompanija se vra\u0107a na staze stare slave&#8221;","datePublished":"2022-09-28T19:42:36+00:00","dateModified":"2022-09-28T17:22:34+00:00","mainEntityOfPage":{"@id":"https:\/\/tuzlainfo.ba\/index.php\/novosti\/item\/185299-delegacija-vlade-tk-u-posjeti-ttu-energetik-kompanija-se-vraca-na-staze-stare-slave\/"},"wordCount":362,"commentCount":0,"publisher":{"@id":"https:\/\/tuzlainfo.ba\/#organization"},"image":{"@id":"https:\/\/tuzlainfo.ba\/index.php\/novosti\/item\/185299-delegacija-vlade-tk-u-posjeti-ttu-energetik-kompanija-se-vraca-na-staze-stare-slave\/#primaryimage"},"thumbnailUrl":"https:\/\/tuzlainfo.ba\/wp-content\/uploads\/2022\/09\/TTU-energetic-04-28-09-2022.jpg","keywords":["TTU Energetik","vlada tk"],"articleSection":["Istaknuto","Novosti"],"inLanguage":"bs-BA"},{"@type":"WebPage","@id":"https:\/\/tuzlainfo.ba\/index.php\/novosti\/item\/185299-delegacija-vlade-tk-u-posjeti-ttu-energetik-kompanija-se-vraca-na-staze-stare-slave\/","url":"https:\/\/tuzlainfo.ba\/index.php\/novosti\/item\/185299-delegacija-vlade-tk-u-posjeti-ttu-energetik-kompanija-se-vraca-na-staze-stare-slave\/","name":"Delegacija Vlade TK u posjeti TTU Energetik: \"Kompanija se vra\u0107a na staze stare slave\" - TuzlaInfo.ba","isPartOf":{"@id":"https:\/\/tuzlainfo.ba\/#website"},"primaryImageOfPage":{"@id":"https:\/\/tuzlainfo.ba\/index.php\/novosti\/item\/185299-delegacija-vlade-tk-u-posjeti-ttu-energetik-kompanija-se-vraca-na-staze-stare-slave\/#primaryimage"},"image":{"@id":"https:\/\/tuzlainfo.ba\/index.php\/novosti\/item\/185299-delegacija-vlade-tk-u-posjeti-ttu-energetik-kompanija-se-vraca-na-staze-stare-slave\/#primaryimage"},"thumbnailUrl":"https:\/\/tuzlainfo.ba\/wp-content\/uploads\/2022\/09\/TTU-energetic-04-28-09-2022.jpg","datePublished":"2022-09-28T19:42:36+00:00","dateModified":"2022-09-28T17:22:34+00:00","breadcrumb":{"@id":"https:\/\/tuzlainfo.ba\/index.php\/novosti\/item\/185299-delegacija-vlade-tk-u-posjeti-ttu-energetik-kompanija-se-vraca-na-staze-stare-slave\/#breadcrumb"},"inLanguage":"bs-BA","potentialAction":[{"@type":"ReadAction","target":["https:\/\/tuzlainfo.ba\/index.php\/novosti\/item\/185299-delegacija-vlade-tk-u-posjeti-ttu-energetik-kompanija-se-vraca-na-staze-stare-slave\/"]}]},{"@type":"ImageObject","inLanguage":"bs-BA","@id":"https:\/\/tuzlainfo.ba\/index.php\/novosti\/item\/185299-delegacija-vlade-tk-u-posjeti-ttu-energetik-kompanija-se-vraca-na-staze-stare-slave\/#primaryimage","url":"https:\/\/tuzlainfo.ba\/wp-content\/uploads\/2022\/09\/TTU-energetic-04-28-09-2022.jpg","contentUrl":"https:\/\/tuzlainfo.ba\/wp-content\/uploads\/2022\/09\/TTU-energetic-04-28-09-2022.jpg","width":1800,"height":1013},{"@type":"BreadcrumbList","@id":"https:\/\/tuzlainfo.ba\/index.php\/novosti\/item\/185299-delegacija-vlade-tk-u-posjeti-ttu-energetik-kompanija-se-vraca-na-staze-stare-slave\/#breadcrumb","itemListElement":[{"@type":"ListItem","position":1,"name":"Home","item":"https:\/\/tuzlainfo.ba\/"},{"@type":"ListItem","position":2,"name":"Delegacija Vlade TK u posjeti TTU Energetik: &#8220;Kompanija se vra\u0107a na staze stare slave&#8221;"}]},{"@type":"WebSite","@id":"https:\/\/tuzlainfo.ba\/#website","url":"https:\/\/tuzlainfo.ba\/","name":"TuzlaInfo.ba","description":"Tuzla info, gradski informator - Tuzla na dlanu","publisher":{"@id":"https:\/\/tuzlainfo.ba\/#organization"},"potentialAction":[{"@type":"SearchAction","target":{"@type":"EntryPoint","urlTemplate":"https:\/\/tuzlainfo.ba\/?s={search_term_string}"},"query-input":{"@type":"PropertyValueSpecification","valueRequired":true,"valueName":"search_term_string"}}],"inLanguage":"bs-BA"},{"@type":"Organization","@id":"https:\/\/tuzlainfo.ba\/#organization","name":"TuzlaInfo.ba","url":"https:\/\/tuzlainfo.ba\/","logo":{"@type":"ImageObject","inLanguage":"bs-BA","@id":"https:\/\/tuzlainfo.ba\/#\/schema\/logo\/image\/","url":"https:\/\/tuzlainfo.ba\/wp-content\/uploads\/2021\/03\/logo-ver-3-1.png","contentUrl":"https:\/\/tuzlainfo.ba\/wp-content\/uploads\/2021\/03\/logo-ver-3-1.png","width":350,"height":95,"caption":"TuzlaInfo.ba"},"image":{"@id":"https:\/\/tuzlainfo.ba\/#\/schema\/logo\/image\/"},"sameAs":["https:\/\/www.facebook.com\/tuzlainfo.ba\/"]},{"@type":"Person","@id":"https:\/\/tuzlainfo.ba\/#\/schema\/person\/46cad4c57790cbc50781edd14870825a","name":"Tuzla Info","image":{"@type":"ImageObject","inLanguage":"bs-BA","@id":"https:\/\/tuzlainfo.ba\/#\/schema\/person\/image\/","url":"https:\/\/tuzlainfo.ba\/wp-content\/litespeed\/avatar\/b6c453a6c38e3654f2e4416c643fc25c.jpg?ver=1777051911","contentUrl":"https:\/\/tuzlainfo.ba\/wp-content\/litespeed\/avatar\/b6c453a6c38e3654f2e4416c643fc25c.jpg?ver=1777051911","caption":"Tuzla Info"}}]}},"_links":{"self":[{"href":"https:\/\/tuzlainfo.ba\/index.php\/wp-json\/wp\/v2\/posts\/185299"}],"collection":[{"href":"https:\/\/tuzlainfo.ba\/index.php\/wp-json\/wp\/v2\/posts"}],"about":[{"href":"https:\/\/tuzlainfo.ba\/index.php\/wp-json\/wp\/v2\/types\/post"}],"author":[{"embeddable":true,"href":"https:\/\/tuzlainfo.ba\/index.php\/wp-json\/wp\/v2\/users\/4"}],"replies":[{"embeddable":true,"href":"https:\/\/tuzlainfo.ba\/index.php\/wp-json\/wp\/v2\/comments?post=185299"}],"version-history":[{"count":0,"href":"https:\/\/tuzlainfo.ba\/index.php\/wp-json\/wp\/v2\/posts\/185299\/revisions"}],"wp:featuredmedia":[{"embeddable":true,"href":"https:\/\/tuzlainfo.ba\/index.php\/wp-json\/wp\/v2\/media\/185300"}],"wp:attachment":[{"href":"https:\/\/tuzlainfo.ba\/index.php\/wp-json\/wp\/v2\/media?parent=185299"}],"wp:term":[{"taxonomy":"category","embeddable":true,"href":"https:\/\/tuzlainfo.ba\/index.php\/wp-json\/wp\/v2\/categories?post=185299"},{"taxonomy":"post_tag","embeddable":true,"href":"https:\/\/tuzlainfo.ba\/index.php\/wp-json\/wp\/v2\/tags?post=185299"}],"curies":[{"name":"wp","href":"https:\/\/api.w.org\/{rel}","templated":true}]}}