{"id":185169,"date":"2022-09-27T12:14:49","date_gmt":"2022-09-27T10:14:49","guid":{"rendered":"https:\/\/tuzlainfo.ba\/?p=185169"},"modified":"2022-09-27T10:13:05","modified_gmt":"2022-09-27T08:13:05","slug":"vatrogasci-u-tk-gasili-vise-pozara-gorio-autobus-kotlovnica","status":"publish","type":"post","link":"https:\/\/tuzlainfo.ba\/index.php\/novosti\/item\/185169-vatrogasci-u-tk-gasili-vise-pozara-gorio-autobus-kotlovnica\/","title":{"rendered":"Vatrogasci u TK gasili vi\u0161e po\u017eara: Gorio autobus, kotlovnica&#8230;"},"content":{"rendered":"<p class=\"western\" align=\"justify\">Prema izvje\u0161tajima operativnih centara civilne za\u0161tite sa podru\u010dja Tuzlanskog kantona u protekla 24 sata vatrogasne jedinice su pored nekoliko tehni\u010dkih imale i tri intervencije na ga\u0161enju po\u017eara i to na podru\u010dju Grada Lukavac gdje je u naselju Dobo\u0161nica gorio autobus.<\/p>\n<p class=\"western\" align=\"justify\">Vatrogasci su gasili po\u017ear i na podru\u010dju Grada Srebrenik gdje je u naselju Brezje gorjela kotlovnica uz privatni stambeni objekat, te na podru\u010dju op\u0107ine Banovi\u0107i gdje je u naselju Mu\u0161i\u0107i u pomo\u0107nom objektu gorjelo ogrjevno drvo.<\/p>\n<p class=\"western\" align=\"justify\">Svi po\u017eari su lokalizirani i uga\u0161eni.<\/p>\n","protected":false},"excerpt":{"rendered":"<p>Prema izvje\u0161tajima operativnih centara civilne za\u0161tite sa podru\u010dja Tuzlanskog kantona u protekla 24 sata vatrogasne&hellip;<\/p>\n","protected":false},"author":4,"featured_media":147325,"comment_status":"open","ping_status":"closed","sticky":false,"template":"","format":"standard","meta":{"_acf_changed":false,"footnotes":""},"categories":[304,12],"tags":[2872],"acf":[],"yoast_head":"<!-- This site is optimized with the Yoast SEO plugin v23.5 - https:\/\/yoast.com\/wordpress\/plugins\/seo\/ -->\n<title>Vatrogasci u TK gasili vi\u0161e po\u017eara: Gorio autobus, kotlovnica... - TuzlaInfo.ba<\/title>\n<meta name=\"robots\" content=\"index, follow, max-snippet:-1, max-image-preview:large, max-video-preview:-1\" \/>\n<link rel=\"canonical\" href=\"https:\/\/tuzlainfo.ba\/index.php\/novosti\/item\/185169-vatrogasci-u-tk-gasili-vise-pozara-gorio-autobus-kotlovnica\/\" \/>\n<meta property=\"og:locale\" content=\"bs_BA\" \/>\n<meta property=\"og:type\" content=\"article\" \/>\n<meta property=\"og:title\" content=\"Vatrogasci u TK gasili vi\u0161e po\u017eara: Gorio autobus, kotlovnica... - TuzlaInfo.ba\" \/>\n<meta property=\"og:description\" content=\"Prema izvje\u0161tajima operativnih centara civilne za\u0161tite sa podru\u010dja Tuzlanskog kantona u protekla 24 sata vatrogasne&hellip;\" \/>\n<meta property=\"og:url\" content=\"https:\/\/tuzlainfo.ba\/index.php\/novosti\/item\/185169-vatrogasci-u-tk-gasili-vise-pozara-gorio-autobus-kotlovnica\/\" \/>\n<meta property=\"og:site_name\" content=\"TuzlaInfo.ba\" \/>\n<meta property=\"article:publisher\" content=\"https:\/\/www.facebook.com\/tuzlainfo.ba\/\" \/>\n<meta property=\"article:published_time\" content=\"2022-09-27T10:14:49+00:00\" \/>\n<meta property=\"article:modified_time\" content=\"2022-09-27T08:13:05+00:00\" \/>\n<meta property=\"og:image\" content=\"https:\/\/tuzlainfo.ba\/wp-content\/uploads\/2021\/09\/0809_vatrogasci_srebrenik.jpg\" \/>\n\t<meta property=\"og:image:width\" content=\"1200\" \/>\n\t<meta property=\"og:image:height\" content=\"800\" \/>\n\t<meta property=\"og:image:type\" content=\"image\/jpeg\" \/>\n<meta name=\"author\" content=\"Tuzla Info\" \/>\n<meta name=\"twitter:card\" content=\"summary_large_image\" \/>\n<meta name=\"twitter:label1\" content=\"Written by\" \/>\n\t<meta name=\"twitter:data1\" content=\"Tuzla Info\" \/>\n<script type=\"application\/ld+json\" class=\"yoast-schema-graph\">{\"@context\":\"https:\/\/schema.org\",\"@graph\":[{\"@type\":\"Article\",\"@id\":\"https:\/\/tuzlainfo.ba\/index.php\/novosti\/item\/185169-vatrogasci-u-tk-gasili-vise-pozara-gorio-autobus-kotlovnica\/#article\",\"isPartOf\":{\"@id\":\"https:\/\/tuzlainfo.ba\/index.php\/novosti\/item\/185169-vatrogasci-u-tk-gasili-vise-pozara-gorio-autobus-kotlovnica\/\"},\"author\":{\"name\":\"Tuzla Info\",\"@id\":\"https:\/\/tuzlainfo.ba\/#\/schema\/person\/46cad4c57790cbc50781edd14870825a\"},\"headline\":\"Vatrogasci u TK gasili vi\u0161e po\u017eara: Gorio autobus, kotlovnica&#8230;\",\"datePublished\":\"2022-09-27T10:14:49+00:00\",\"dateModified\":\"2022-09-27T08:13:05+00:00\",\"mainEntityOfPage\":{\"@id\":\"https:\/\/tuzlainfo.ba\/index.php\/novosti\/item\/185169-vatrogasci-u-tk-gasili-vise-pozara-gorio-autobus-kotlovnica\/\"},\"wordCount\":110,\"commentCount\":0,\"publisher\":{\"@id\":\"https:\/\/tuzlainfo.ba\/#organization\"},\"image\":{\"@id\":\"https:\/\/tuzlainfo.ba\/index.php\/novosti\/item\/185169-vatrogasci-u-tk-gasili-vise-pozara-gorio-autobus-kotlovnica\/#primaryimage\"},\"thumbnailUrl\":\"https:\/\/tuzlainfo.ba\/wp-content\/uploads\/2021\/09\/0809_vatrogasci_srebrenik.jpg\",\"keywords\":[\"vatrogasci tk\"],\"articleSection\":[\"Istaknuto\",\"Novosti\"],\"inLanguage\":\"bs-BA\"},{\"@type\":\"WebPage\",\"@id\":\"https:\/\/tuzlainfo.ba\/index.php\/novosti\/item\/185169-vatrogasci-u-tk-gasili-vise-pozara-gorio-autobus-kotlovnica\/\",\"url\":\"https:\/\/tuzlainfo.ba\/index.php\/novosti\/item\/185169-vatrogasci-u-tk-gasili-vise-pozara-gorio-autobus-kotlovnica\/\",\"name\":\"Vatrogasci u TK gasili vi\u0161e po\u017eara: Gorio autobus, kotlovnica... - TuzlaInfo.ba\",\"isPartOf\":{\"@id\":\"https:\/\/tuzlainfo.ba\/#website\"},\"primaryImageOfPage\":{\"@id\":\"https:\/\/tuzlainfo.ba\/index.php\/novosti\/item\/185169-vatrogasci-u-tk-gasili-vise-pozara-gorio-autobus-kotlovnica\/#primaryimage\"},\"image\":{\"@id\":\"https:\/\/tuzlainfo.ba\/index.php\/novosti\/item\/185169-vatrogasci-u-tk-gasili-vise-pozara-gorio-autobus-kotlovnica\/#primaryimage\"},\"thumbnailUrl\":\"https:\/\/tuzlainfo.ba\/wp-content\/uploads\/2021\/09\/0809_vatrogasci_srebrenik.jpg\",\"datePublished\":\"2022-09-27T10:14:49+00:00\",\"dateModified\":\"2022-09-27T08:13:05+00:00\",\"breadcrumb\":{\"@id\":\"https:\/\/tuzlainfo.ba\/index.php\/novosti\/item\/185169-vatrogasci-u-tk-gasili-vise-pozara-gorio-autobus-kotlovnica\/#breadcrumb\"},\"inLanguage\":\"bs-BA\",\"potentialAction\":[{\"@type\":\"ReadAction\",\"target\":[\"https:\/\/tuzlainfo.ba\/index.php\/novosti\/item\/185169-vatrogasci-u-tk-gasili-vise-pozara-gorio-autobus-kotlovnica\/\"]}]},{\"@type\":\"ImageObject\",\"inLanguage\":\"bs-BA\",\"@id\":\"https:\/\/tuzlainfo.ba\/index.php\/novosti\/item\/185169-vatrogasci-u-tk-gasili-vise-pozara-gorio-autobus-kotlovnica\/#primaryimage\",\"url\":\"https:\/\/tuzlainfo.ba\/wp-content\/uploads\/2021\/09\/0809_vatrogasci_srebrenik.jpg\",\"contentUrl\":\"https:\/\/tuzlainfo.ba\/wp-content\/uploads\/2021\/09\/0809_vatrogasci_srebrenik.jpg\",\"width\":1200,\"height\":800,\"caption\":\"Scree\"},{\"@type\":\"BreadcrumbList\",\"@id\":\"https:\/\/tuzlainfo.ba\/index.php\/novosti\/item\/185169-vatrogasci-u-tk-gasili-vise-pozara-gorio-autobus-kotlovnica\/#breadcrumb\",\"itemListElement\":[{\"@type\":\"ListItem\",\"position\":1,\"name\":\"Home\",\"item\":\"https:\/\/tuzlainfo.ba\/\"},{\"@type\":\"ListItem\",\"position\":2,\"name\":\"Vatrogasci u TK gasili vi\u0161e po\u017eara: Gorio autobus, kotlovnica&#8230;\"}]},{\"@type\":\"WebSite\",\"@id\":\"https:\/\/tuzlainfo.ba\/#website\",\"url\":\"https:\/\/tuzlainfo.ba\/\",\"name\":\"TuzlaInfo.ba\",\"description\":\"Tuzla info, gradski informator - Tuzla na dlanu\",\"publisher\":{\"@id\":\"https:\/\/tuzlainfo.ba\/#organization\"},\"potentialAction\":[{\"@type\":\"SearchAction\",\"target\":{\"@type\":\"EntryPoint\",\"urlTemplate\":\"https:\/\/tuzlainfo.ba\/?s={search_term_string}\"},\"query-input\":{\"@type\":\"PropertyValueSpecification\",\"valueRequired\":true,\"valueName\":\"search_term_string\"}}],\"inLanguage\":\"bs-BA\"},{\"@type\":\"Organization\",\"@id\":\"https:\/\/tuzlainfo.ba\/#organization\",\"name\":\"TuzlaInfo.ba\",\"url\":\"https:\/\/tuzlainfo.ba\/\",\"logo\":{\"@type\":\"ImageObject\",\"inLanguage\":\"bs-BA\",\"@id\":\"https:\/\/tuzlainfo.ba\/#\/schema\/logo\/image\/\",\"url\":\"https:\/\/tuzlainfo.ba\/wp-content\/uploads\/2021\/03\/logo-ver-3-1.png\",\"contentUrl\":\"https:\/\/tuzlainfo.ba\/wp-content\/uploads\/2021\/03\/logo-ver-3-1.png\",\"width\":350,\"height\":95,\"caption\":\"TuzlaInfo.ba\"},\"image\":{\"@id\":\"https:\/\/tuzlainfo.ba\/#\/schema\/logo\/image\/\"},\"sameAs\":[\"https:\/\/www.facebook.com\/tuzlainfo.ba\/\"]},{\"@type\":\"Person\",\"@id\":\"https:\/\/tuzlainfo.ba\/#\/schema\/person\/46cad4c57790cbc50781edd14870825a\",\"name\":\"Tuzla Info\",\"image\":{\"@type\":\"ImageObject\",\"inLanguage\":\"bs-BA\",\"@id\":\"https:\/\/tuzlainfo.ba\/#\/schema\/person\/image\/\",\"url\":\"https:\/\/tuzlainfo.ba\/wp-content\/litespeed\/avatar\/b6c453a6c38e3654f2e4416c643fc25c.jpg?ver=1777051911\",\"contentUrl\":\"https:\/\/tuzlainfo.ba\/wp-content\/litespeed\/avatar\/b6c453a6c38e3654f2e4416c643fc25c.jpg?ver=1777051911\",\"caption\":\"Tuzla Info\"}}]}<\/script>\n<!-- \/ Yoast SEO plugin. -->","yoast_head_json":{"title":"Vatrogasci u TK gasili vi\u0161e po\u017eara: Gorio autobus, kotlovnica... - TuzlaInfo.ba","robots":{"index":"index","follow":"follow","max-snippet":"max-snippet:-1","max-image-preview":"max-image-preview:large","max-video-preview":"max-video-preview:-1"},"canonical":"https:\/\/tuzlainfo.ba\/index.php\/novosti\/item\/185169-vatrogasci-u-tk-gasili-vise-pozara-gorio-autobus-kotlovnica\/","og_locale":"bs_BA","og_type":"article","og_title":"Vatrogasci u TK gasili vi\u0161e po\u017eara: Gorio autobus, kotlovnica... - TuzlaInfo.ba","og_description":"Prema izvje\u0161tajima operativnih centara civilne za\u0161tite sa podru\u010dja Tuzlanskog kantona u protekla 24 sata vatrogasne&hellip;","og_url":"https:\/\/tuzlainfo.ba\/index.php\/novosti\/item\/185169-vatrogasci-u-tk-gasili-vise-pozara-gorio-autobus-kotlovnica\/","og_site_name":"TuzlaInfo.ba","article_publisher":"https:\/\/www.facebook.com\/tuzlainfo.ba\/","article_published_time":"2022-09-27T10:14:49+00:00","article_modified_time":"2022-09-27T08:13:05+00:00","og_image":[{"width":1200,"height":800,"url":"https:\/\/tuzlainfo.ba\/wp-content\/uploads\/2021\/09\/0809_vatrogasci_srebrenik.jpg","type":"image\/jpeg"}],"author":"Tuzla Info","twitter_card":"summary_large_image","twitter_misc":{"Written by":"Tuzla Info"},"schema":{"@context":"https:\/\/schema.org","@graph":[{"@type":"Article","@id":"https:\/\/tuzlainfo.ba\/index.php\/novosti\/item\/185169-vatrogasci-u-tk-gasili-vise-pozara-gorio-autobus-kotlovnica\/#article","isPartOf":{"@id":"https:\/\/tuzlainfo.ba\/index.php\/novosti\/item\/185169-vatrogasci-u-tk-gasili-vise-pozara-gorio-autobus-kotlovnica\/"},"author":{"name":"Tuzla Info","@id":"https:\/\/tuzlainfo.ba\/#\/schema\/person\/46cad4c57790cbc50781edd14870825a"},"headline":"Vatrogasci u TK gasili vi\u0161e po\u017eara: Gorio autobus, kotlovnica&#8230;","datePublished":"2022-09-27T10:14:49+00:00","dateModified":"2022-09-27T08:13:05+00:00","mainEntityOfPage":{"@id":"https:\/\/tuzlainfo.ba\/index.php\/novosti\/item\/185169-vatrogasci-u-tk-gasili-vise-pozara-gorio-autobus-kotlovnica\/"},"wordCount":110,"commentCount":0,"publisher":{"@id":"https:\/\/tuzlainfo.ba\/#organization"},"image":{"@id":"https:\/\/tuzlainfo.ba\/index.php\/novosti\/item\/185169-vatrogasci-u-tk-gasili-vise-pozara-gorio-autobus-kotlovnica\/#primaryimage"},"thumbnailUrl":"https:\/\/tuzlainfo.ba\/wp-content\/uploads\/2021\/09\/0809_vatrogasci_srebrenik.jpg","keywords":["vatrogasci tk"],"articleSection":["Istaknuto","Novosti"],"inLanguage":"bs-BA"},{"@type":"WebPage","@id":"https:\/\/tuzlainfo.ba\/index.php\/novosti\/item\/185169-vatrogasci-u-tk-gasili-vise-pozara-gorio-autobus-kotlovnica\/","url":"https:\/\/tuzlainfo.ba\/index.php\/novosti\/item\/185169-vatrogasci-u-tk-gasili-vise-pozara-gorio-autobus-kotlovnica\/","name":"Vatrogasci u TK gasili vi\u0161e po\u017eara: Gorio autobus, kotlovnica... - TuzlaInfo.ba","isPartOf":{"@id":"https:\/\/tuzlainfo.ba\/#website"},"primaryImageOfPage":{"@id":"https:\/\/tuzlainfo.ba\/index.php\/novosti\/item\/185169-vatrogasci-u-tk-gasili-vise-pozara-gorio-autobus-kotlovnica\/#primaryimage"},"image":{"@id":"https:\/\/tuzlainfo.ba\/index.php\/novosti\/item\/185169-vatrogasci-u-tk-gasili-vise-pozara-gorio-autobus-kotlovnica\/#primaryimage"},"thumbnailUrl":"https:\/\/tuzlainfo.ba\/wp-content\/uploads\/2021\/09\/0809_vatrogasci_srebrenik.jpg","datePublished":"2022-09-27T10:14:49+00:00","dateModified":"2022-09-27T08:13:05+00:00","breadcrumb":{"@id":"https:\/\/tuzlainfo.ba\/index.php\/novosti\/item\/185169-vatrogasci-u-tk-gasili-vise-pozara-gorio-autobus-kotlovnica\/#breadcrumb"},"inLanguage":"bs-BA","potentialAction":[{"@type":"ReadAction","target":["https:\/\/tuzlainfo.ba\/index.php\/novosti\/item\/185169-vatrogasci-u-tk-gasili-vise-pozara-gorio-autobus-kotlovnica\/"]}]},{"@type":"ImageObject","inLanguage":"bs-BA","@id":"https:\/\/tuzlainfo.ba\/index.php\/novosti\/item\/185169-vatrogasci-u-tk-gasili-vise-pozara-gorio-autobus-kotlovnica\/#primaryimage","url":"https:\/\/tuzlainfo.ba\/wp-content\/uploads\/2021\/09\/0809_vatrogasci_srebrenik.jpg","contentUrl":"https:\/\/tuzlainfo.ba\/wp-content\/uploads\/2021\/09\/0809_vatrogasci_srebrenik.jpg","width":1200,"height":800,"caption":"Scree"},{"@type":"BreadcrumbList","@id":"https:\/\/tuzlainfo.ba\/index.php\/novosti\/item\/185169-vatrogasci-u-tk-gasili-vise-pozara-gorio-autobus-kotlovnica\/#breadcrumb","itemListElement":[{"@type":"ListItem","position":1,"name":"Home","item":"https:\/\/tuzlainfo.ba\/"},{"@type":"ListItem","position":2,"name":"Vatrogasci u TK gasili vi\u0161e po\u017eara: Gorio autobus, kotlovnica&#8230;"}]},{"@type":"WebSite","@id":"https:\/\/tuzlainfo.ba\/#website","url":"https:\/\/tuzlainfo.ba\/","name":"TuzlaInfo.ba","description":"Tuzla info, gradski informator - Tuzla na dlanu","publisher":{"@id":"https:\/\/tuzlainfo.ba\/#organization"},"potentialAction":[{"@type":"SearchAction","target":{"@type":"EntryPoint","urlTemplate":"https:\/\/tuzlainfo.ba\/?s={search_term_string}"},"query-input":{"@type":"PropertyValueSpecification","valueRequired":true,"valueName":"search_term_string"}}],"inLanguage":"bs-BA"},{"@type":"Organization","@id":"https:\/\/tuzlainfo.ba\/#organization","name":"TuzlaInfo.ba","url":"https:\/\/tuzlainfo.ba\/","logo":{"@type":"ImageObject","inLanguage":"bs-BA","@id":"https:\/\/tuzlainfo.ba\/#\/schema\/logo\/image\/","url":"https:\/\/tuzlainfo.ba\/wp-content\/uploads\/2021\/03\/logo-ver-3-1.png","contentUrl":"https:\/\/tuzlainfo.ba\/wp-content\/uploads\/2021\/03\/logo-ver-3-1.png","width":350,"height":95,"caption":"TuzlaInfo.ba"},"image":{"@id":"https:\/\/tuzlainfo.ba\/#\/schema\/logo\/image\/"},"sameAs":["https:\/\/www.facebook.com\/tuzlainfo.ba\/"]},{"@type":"Person","@id":"https:\/\/tuzlainfo.ba\/#\/schema\/person\/46cad4c57790cbc50781edd14870825a","name":"Tuzla Info","image":{"@type":"ImageObject","inLanguage":"bs-BA","@id":"https:\/\/tuzlainfo.ba\/#\/schema\/person\/image\/","url":"https:\/\/tuzlainfo.ba\/wp-content\/litespeed\/avatar\/b6c453a6c38e3654f2e4416c643fc25c.jpg?ver=1777051911","contentUrl":"https:\/\/tuzlainfo.ba\/wp-content\/litespeed\/avatar\/b6c453a6c38e3654f2e4416c643fc25c.jpg?ver=1777051911","caption":"Tuzla Info"}}]}},"_links":{"self":[{"href":"https:\/\/tuzlainfo.ba\/index.php\/wp-json\/wp\/v2\/posts\/185169"}],"collection":[{"href":"https:\/\/tuzlainfo.ba\/index.php\/wp-json\/wp\/v2\/posts"}],"about":[{"href":"https:\/\/tuzlainfo.ba\/index.php\/wp-json\/wp\/v2\/types\/post"}],"author":[{"embeddable":true,"href":"https:\/\/tuzlainfo.ba\/index.php\/wp-json\/wp\/v2\/users\/4"}],"replies":[{"embeddable":true,"href":"https:\/\/tuzlainfo.ba\/index.php\/wp-json\/wp\/v2\/comments?post=185169"}],"version-history":[{"count":0,"href":"https:\/\/tuzlainfo.ba\/index.php\/wp-json\/wp\/v2\/posts\/185169\/revisions"}],"wp:featuredmedia":[{"embeddable":true,"href":"https:\/\/tuzlainfo.ba\/index.php\/wp-json\/wp\/v2\/media\/147325"}],"wp:attachment":[{"href":"https:\/\/tuzlainfo.ba\/index.php\/wp-json\/wp\/v2\/media?parent=185169"}],"wp:term":[{"taxonomy":"category","embeddable":true,"href":"https:\/\/tuzlainfo.ba\/index.php\/wp-json\/wp\/v2\/categories?post=185169"},{"taxonomy":"post_tag","embeddable":true,"href":"https:\/\/tuzlainfo.ba\/index.php\/wp-json\/wp\/v2\/tags?post=185169"}],"curies":[{"name":"wp","href":"https:\/\/api.w.org\/{rel}","templated":true}]}}