{"id":185163,"date":"2022-09-27T09:10:32","date_gmt":"2022-09-27T07:10:32","guid":{"rendered":"https:\/\/tuzlainfo.ba\/?p=185163"},"modified":"2022-09-27T08:19:17","modified_gmt":"2022-09-27T06:19:17","slug":"gradska-izborna-komisija-tuzla-ove-godine-gradjane-ocekuju-promjene-u-izbornom-procesu","status":"publish","type":"post","link":"https:\/\/tuzlainfo.ba\/index.php\/novosti\/item\/185163-gradska-izborna-komisija-tuzla-ove-godine-gradjane-ocekuju-promjene-u-izbornom-procesu\/","title":{"rendered":"Gradska izborna komisija Tuzla: &#8220;Ove godine gra\u0111ane o\u010dekuju promjene u izbornom procesu&#8221;"},"content":{"rendered":"<article class=\"post-listing post-315876 post type-post status-publish format-standard has-post-thumbnail hentry category-istaknuto category-tuzla category-vijesti\">\n<div class=\"post-inner\">\n<div class=\"entry\">\n<p>Gradska izborna komisija obavje\u0161tava bira\u010de da je u cilju dodatne za\u0161tite integriteta izbornog procesa Centralna Izborna komisija \u00a0Bosne i Hercegovine \u00a0uvela nekoliko novina, izme\u0111u ostalog, da \u0107e se na Op\u0107im izborima koji \u0107e se odr\u017eati u Bosni i Hercegovini 2. oktobra vr\u0161iti \u00a0\u0161tambiljanje glasa\u010dkih listi\u0107a \u0161tambiljem sa oznakom svakog pojedina\u010dnog bira\u010dkog mjesta.<\/p>\n<p>Listi\u0107i \u0107e se \u0161tambiljati i potpisivati od \u00a0strane \u010dlana bira\u010dkog odbora zadu\u017eenog za izdavanje listi\u0107a.<\/p>\n<p><strong>Pozivamo glasa\u010de da obrate pa\u017enju,prilikom preuzimanja listi\u0107a, da svi preuzeti glasa\u010dki listi\u0107i budu ovjereni \u00a0\u0161tambiljem i potpisani od strane \u010dlana bira\u010dkog odbora.<\/strong><\/p>\n<p>Tako\u0111e, Gradska izborna komisija obavje\u0161tava bira\u010de o izmjenama izbornog procesa koje je uvela Centralna Izborna komisija\u00a0 Bosne i Hercegovine\u00a0 u dijelu koji se odnosi na mogu\u0107nost kori\u0161tenja pomo\u0107i drugog lica prilikom glasanja na dan izbora odre\u0111ene kategorije bira\u010da, a \u0161to je propisano \u010dlanom 21. Pravilnika o provo\u0111enju izbora (\u201eSlu\u017ebeni glasnik BiH\u201c, broj: 27\/22).<\/p>\n<p>Prilikom glasanja bira\u010d koji je slijep, nepismen ili fizi\u010dki nesposoban ima pravo koristiti pomo\u0107 drugog lica kojeg on izabere i uz odobrenje predsjednika bira\u010dkog odbora.<\/p>\n<p>Da\u00a0 bi predsjednik bira\u010dkog odbora mogao odobriti pomo\u0107 druge osobe bira\u010du koji je slijep, nepismen ili fizi\u010dki nesposoban, potrebno je predo\u010diti\u00a0 slijede\u0107e dokaze:<\/p>\n<ul>\n<li>Dokaz\u00a0 za slijepo i fizi\u010dki nesposobno lice je rje\u0161enje ili uvjerenje\/potvrda nadle\u017ene ustanove, instituta ili komisije o utvr\u0111enom invaliditetu ili tjelesnom o\u0161te\u0107enju, nalaz medicinske ustanove kojom je izvr\u0161ena procjena invalidnosti ili tjelesnog o\u0161te\u0107enja i \u010dlanska iskaznica saveza ili udruzenja registiranog za pomo\u0107 ovoj kategoriji lica.<\/li>\n<\/ul>\n<ul>\n<li>Dokaz za nepismeno lice je oznaka \u201cXX\u201d na identifikacionom dokumentu.<\/li>\n<\/ul>\n<p><strong>Izuzetno, predsjednik bira\u010dkog odbora mo\u017ee bez dokaza odobriti pomo\u0107 drugog lica bira\u010du koji o\u010digledno nije u mogu\u0107nosti izvr\u0161iti\u00a0 glasanje bez ove pomo\u0107i, a zbog svoje nesposobnosti. \u00a0<\/strong><\/p>\n<\/div>\n<\/div>\n<\/article>\n<section id=\"related_posts\">\n<div class=\"block-head\"><\/div>\n<\/section>\n","protected":false},"excerpt":{"rendered":"<p>Gradska izborna komisija obavje\u0161tava bira\u010de da je u cilju dodatne za\u0161tite integriteta izbornog procesa Centralna&hellip;<\/p>\n","protected":false},"author":4,"featured_media":175042,"comment_status":"open","ping_status":"closed","sticky":false,"template":"","format":"standard","meta":{"_acf_changed":false,"footnotes":""},"categories":[304,12],"tags":[4087],"acf":[],"yoast_head":"<!-- This site is optimized with the Yoast SEO plugin v23.5 - https:\/\/yoast.com\/wordpress\/plugins\/seo\/ -->\n<title>Gradska izborna komisija Tuzla: &quot;Ove godine gra\u0111ane o\u010dekuju promjene u izbornom procesu&quot; - TuzlaInfo.ba<\/title>\n<meta name=\"robots\" content=\"index, follow, max-snippet:-1, max-image-preview:large, max-video-preview:-1\" \/>\n<link rel=\"canonical\" href=\"https:\/\/tuzlainfo.ba\/index.php\/novosti\/item\/185163-gradska-izborna-komisija-tuzla-ove-godine-gradjane-ocekuju-promjene-u-izbornom-procesu\/\" \/>\n<meta property=\"og:locale\" content=\"bs_BA\" \/>\n<meta property=\"og:type\" content=\"article\" \/>\n<meta property=\"og:title\" content=\"Gradska izborna komisija Tuzla: &quot;Ove godine gra\u0111ane o\u010dekuju promjene u izbornom procesu&quot; - TuzlaInfo.ba\" \/>\n<meta property=\"og:description\" content=\"Gradska izborna komisija obavje\u0161tava bira\u010de da je u cilju dodatne za\u0161tite integriteta izbornog procesa Centralna&hellip;\" \/>\n<meta property=\"og:url\" content=\"https:\/\/tuzlainfo.ba\/index.php\/novosti\/item\/185163-gradska-izborna-komisija-tuzla-ove-godine-gradjane-ocekuju-promjene-u-izbornom-procesu\/\" \/>\n<meta property=\"og:site_name\" content=\"TuzlaInfo.ba\" \/>\n<meta property=\"article:publisher\" content=\"https:\/\/www.facebook.com\/tuzlainfo.ba\/\" \/>\n<meta property=\"article:published_time\" content=\"2022-09-27T07:10:32+00:00\" \/>\n<meta property=\"article:modified_time\" content=\"2022-09-27T06:19:17+00:00\" \/>\n<meta property=\"og:image\" content=\"https:\/\/tuzlainfo.ba\/wp-content\/uploads\/2022\/06\/Gradtuzla_gradskauprava.jpg\" \/>\n\t<meta property=\"og:image:width\" content=\"1000\" \/>\n\t<meta property=\"og:image:height\" content=\"640\" \/>\n\t<meta property=\"og:image:type\" content=\"image\/jpeg\" \/>\n<meta name=\"author\" content=\"Tuzla Info\" \/>\n<meta name=\"twitter:card\" content=\"summary_large_image\" \/>\n<meta name=\"twitter:label1\" content=\"Written by\" \/>\n\t<meta name=\"twitter:data1\" content=\"Tuzla Info\" \/>\n\t<meta name=\"twitter:label2\" content=\"Est. reading time\" \/>\n\t<meta name=\"twitter:data2\" content=\"2 minute\" \/>\n<script type=\"application\/ld+json\" class=\"yoast-schema-graph\">{\"@context\":\"https:\/\/schema.org\",\"@graph\":[{\"@type\":\"Article\",\"@id\":\"https:\/\/tuzlainfo.ba\/index.php\/novosti\/item\/185163-gradska-izborna-komisija-tuzla-ove-godine-gradjane-ocekuju-promjene-u-izbornom-procesu\/#article\",\"isPartOf\":{\"@id\":\"https:\/\/tuzlainfo.ba\/index.php\/novosti\/item\/185163-gradska-izborna-komisija-tuzla-ove-godine-gradjane-ocekuju-promjene-u-izbornom-procesu\/\"},\"author\":{\"name\":\"Tuzla Info\",\"@id\":\"https:\/\/tuzlainfo.ba\/#\/schema\/person\/46cad4c57790cbc50781edd14870825a\"},\"headline\":\"Gradska izborna komisija Tuzla: &#8220;Ove godine gra\u0111ane o\u010dekuju promjene u izbornom procesu&#8221;\",\"datePublished\":\"2022-09-27T07:10:32+00:00\",\"dateModified\":\"2022-09-27T06:19:17+00:00\",\"mainEntityOfPage\":{\"@id\":\"https:\/\/tuzlainfo.ba\/index.php\/novosti\/item\/185163-gradska-izborna-komisija-tuzla-ove-godine-gradjane-ocekuju-promjene-u-izbornom-procesu\/\"},\"wordCount\":338,\"commentCount\":0,\"publisher\":{\"@id\":\"https:\/\/tuzlainfo.ba\/#organization\"},\"image\":{\"@id\":\"https:\/\/tuzlainfo.ba\/index.php\/novosti\/item\/185163-gradska-izborna-komisija-tuzla-ove-godine-gradjane-ocekuju-promjene-u-izbornom-procesu\/#primaryimage\"},\"thumbnailUrl\":\"https:\/\/tuzlainfo.ba\/wp-content\/uploads\/2022\/06\/Gradtuzla_gradskauprava.jpg\",\"keywords\":[\"gradska izborna komisija\"],\"articleSection\":[\"Istaknuto\",\"Novosti\"],\"inLanguage\":\"bs-BA\"},{\"@type\":\"WebPage\",\"@id\":\"https:\/\/tuzlainfo.ba\/index.php\/novosti\/item\/185163-gradska-izborna-komisija-tuzla-ove-godine-gradjane-ocekuju-promjene-u-izbornom-procesu\/\",\"url\":\"https:\/\/tuzlainfo.ba\/index.php\/novosti\/item\/185163-gradska-izborna-komisija-tuzla-ove-godine-gradjane-ocekuju-promjene-u-izbornom-procesu\/\",\"name\":\"Gradska izborna komisija Tuzla: \\\"Ove godine gra\u0111ane o\u010dekuju promjene u izbornom procesu\\\" - TuzlaInfo.ba\",\"isPartOf\":{\"@id\":\"https:\/\/tuzlainfo.ba\/#website\"},\"primaryImageOfPage\":{\"@id\":\"https:\/\/tuzlainfo.ba\/index.php\/novosti\/item\/185163-gradska-izborna-komisija-tuzla-ove-godine-gradjane-ocekuju-promjene-u-izbornom-procesu\/#primaryimage\"},\"image\":{\"@id\":\"https:\/\/tuzlainfo.ba\/index.php\/novosti\/item\/185163-gradska-izborna-komisija-tuzla-ove-godine-gradjane-ocekuju-promjene-u-izbornom-procesu\/#primaryimage\"},\"thumbnailUrl\":\"https:\/\/tuzlainfo.ba\/wp-content\/uploads\/2022\/06\/Gradtuzla_gradskauprava.jpg\",\"datePublished\":\"2022-09-27T07:10:32+00:00\",\"dateModified\":\"2022-09-27T06:19:17+00:00\",\"breadcrumb\":{\"@id\":\"https:\/\/tuzlainfo.ba\/index.php\/novosti\/item\/185163-gradska-izborna-komisija-tuzla-ove-godine-gradjane-ocekuju-promjene-u-izbornom-procesu\/#breadcrumb\"},\"inLanguage\":\"bs-BA\",\"potentialAction\":[{\"@type\":\"ReadAction\",\"target\":[\"https:\/\/tuzlainfo.ba\/index.php\/novosti\/item\/185163-gradska-izborna-komisija-tuzla-ove-godine-gradjane-ocekuju-promjene-u-izbornom-procesu\/\"]}]},{\"@type\":\"ImageObject\",\"inLanguage\":\"bs-BA\",\"@id\":\"https:\/\/tuzlainfo.ba\/index.php\/novosti\/item\/185163-gradska-izborna-komisija-tuzla-ove-godine-gradjane-ocekuju-promjene-u-izbornom-procesu\/#primaryimage\",\"url\":\"https:\/\/tuzlainfo.ba\/wp-content\/uploads\/2022\/06\/Gradtuzla_gradskauprava.jpg\",\"contentUrl\":\"https:\/\/tuzlainfo.ba\/wp-content\/uploads\/2022\/06\/Gradtuzla_gradskauprava.jpg\",\"width\":1000,\"height\":640},{\"@type\":\"BreadcrumbList\",\"@id\":\"https:\/\/tuzlainfo.ba\/index.php\/novosti\/item\/185163-gradska-izborna-komisija-tuzla-ove-godine-gradjane-ocekuju-promjene-u-izbornom-procesu\/#breadcrumb\",\"itemListElement\":[{\"@type\":\"ListItem\",\"position\":1,\"name\":\"Home\",\"item\":\"https:\/\/tuzlainfo.ba\/\"},{\"@type\":\"ListItem\",\"position\":2,\"name\":\"Gradska izborna komisija Tuzla: &#8220;Ove godine gra\u0111ane o\u010dekuju promjene u izbornom procesu&#8221;\"}]},{\"@type\":\"WebSite\",\"@id\":\"https:\/\/tuzlainfo.ba\/#website\",\"url\":\"https:\/\/tuzlainfo.ba\/\",\"name\":\"TuzlaInfo.ba\",\"description\":\"Tuzla info, gradski informator - Tuzla na dlanu\",\"publisher\":{\"@id\":\"https:\/\/tuzlainfo.ba\/#organization\"},\"potentialAction\":[{\"@type\":\"SearchAction\",\"target\":{\"@type\":\"EntryPoint\",\"urlTemplate\":\"https:\/\/tuzlainfo.ba\/?s={search_term_string}\"},\"query-input\":{\"@type\":\"PropertyValueSpecification\",\"valueRequired\":true,\"valueName\":\"search_term_string\"}}],\"inLanguage\":\"bs-BA\"},{\"@type\":\"Organization\",\"@id\":\"https:\/\/tuzlainfo.ba\/#organization\",\"name\":\"TuzlaInfo.ba\",\"url\":\"https:\/\/tuzlainfo.ba\/\",\"logo\":{\"@type\":\"ImageObject\",\"inLanguage\":\"bs-BA\",\"@id\":\"https:\/\/tuzlainfo.ba\/#\/schema\/logo\/image\/\",\"url\":\"https:\/\/tuzlainfo.ba\/wp-content\/uploads\/2021\/03\/logo-ver-3-1.png\",\"contentUrl\":\"https:\/\/tuzlainfo.ba\/wp-content\/uploads\/2021\/03\/logo-ver-3-1.png\",\"width\":350,\"height\":95,\"caption\":\"TuzlaInfo.ba\"},\"image\":{\"@id\":\"https:\/\/tuzlainfo.ba\/#\/schema\/logo\/image\/\"},\"sameAs\":[\"https:\/\/www.facebook.com\/tuzlainfo.ba\/\"]},{\"@type\":\"Person\",\"@id\":\"https:\/\/tuzlainfo.ba\/#\/schema\/person\/46cad4c57790cbc50781edd14870825a\",\"name\":\"Tuzla Info\",\"image\":{\"@type\":\"ImageObject\",\"inLanguage\":\"bs-BA\",\"@id\":\"https:\/\/tuzlainfo.ba\/#\/schema\/person\/image\/\",\"url\":\"https:\/\/tuzlainfo.ba\/wp-content\/litespeed\/avatar\/b6c453a6c38e3654f2e4416c643fc25c.jpg?ver=1777051911\",\"contentUrl\":\"https:\/\/tuzlainfo.ba\/wp-content\/litespeed\/avatar\/b6c453a6c38e3654f2e4416c643fc25c.jpg?ver=1777051911\",\"caption\":\"Tuzla Info\"}}]}<\/script>\n<!-- \/ Yoast SEO plugin. -->","yoast_head_json":{"title":"Gradska izborna komisija Tuzla: \"Ove godine gra\u0111ane o\u010dekuju promjene u izbornom procesu\" - TuzlaInfo.ba","robots":{"index":"index","follow":"follow","max-snippet":"max-snippet:-1","max-image-preview":"max-image-preview:large","max-video-preview":"max-video-preview:-1"},"canonical":"https:\/\/tuzlainfo.ba\/index.php\/novosti\/item\/185163-gradska-izborna-komisija-tuzla-ove-godine-gradjane-ocekuju-promjene-u-izbornom-procesu\/","og_locale":"bs_BA","og_type":"article","og_title":"Gradska izborna komisija Tuzla: \"Ove godine gra\u0111ane o\u010dekuju promjene u izbornom procesu\" - TuzlaInfo.ba","og_description":"Gradska izborna komisija obavje\u0161tava bira\u010de da je u cilju dodatne za\u0161tite integriteta izbornog procesa Centralna&hellip;","og_url":"https:\/\/tuzlainfo.ba\/index.php\/novosti\/item\/185163-gradska-izborna-komisija-tuzla-ove-godine-gradjane-ocekuju-promjene-u-izbornom-procesu\/","og_site_name":"TuzlaInfo.ba","article_publisher":"https:\/\/www.facebook.com\/tuzlainfo.ba\/","article_published_time":"2022-09-27T07:10:32+00:00","article_modified_time":"2022-09-27T06:19:17+00:00","og_image":[{"width":1000,"height":640,"url":"https:\/\/tuzlainfo.ba\/wp-content\/uploads\/2022\/06\/Gradtuzla_gradskauprava.jpg","type":"image\/jpeg"}],"author":"Tuzla Info","twitter_card":"summary_large_image","twitter_misc":{"Written by":"Tuzla Info","Est. reading time":"2 minute"},"schema":{"@context":"https:\/\/schema.org","@graph":[{"@type":"Article","@id":"https:\/\/tuzlainfo.ba\/index.php\/novosti\/item\/185163-gradska-izborna-komisija-tuzla-ove-godine-gradjane-ocekuju-promjene-u-izbornom-procesu\/#article","isPartOf":{"@id":"https:\/\/tuzlainfo.ba\/index.php\/novosti\/item\/185163-gradska-izborna-komisija-tuzla-ove-godine-gradjane-ocekuju-promjene-u-izbornom-procesu\/"},"author":{"name":"Tuzla Info","@id":"https:\/\/tuzlainfo.ba\/#\/schema\/person\/46cad4c57790cbc50781edd14870825a"},"headline":"Gradska izborna komisija Tuzla: &#8220;Ove godine gra\u0111ane o\u010dekuju promjene u izbornom procesu&#8221;","datePublished":"2022-09-27T07:10:32+00:00","dateModified":"2022-09-27T06:19:17+00:00","mainEntityOfPage":{"@id":"https:\/\/tuzlainfo.ba\/index.php\/novosti\/item\/185163-gradska-izborna-komisija-tuzla-ove-godine-gradjane-ocekuju-promjene-u-izbornom-procesu\/"},"wordCount":338,"commentCount":0,"publisher":{"@id":"https:\/\/tuzlainfo.ba\/#organization"},"image":{"@id":"https:\/\/tuzlainfo.ba\/index.php\/novosti\/item\/185163-gradska-izborna-komisija-tuzla-ove-godine-gradjane-ocekuju-promjene-u-izbornom-procesu\/#primaryimage"},"thumbnailUrl":"https:\/\/tuzlainfo.ba\/wp-content\/uploads\/2022\/06\/Gradtuzla_gradskauprava.jpg","keywords":["gradska izborna komisija"],"articleSection":["Istaknuto","Novosti"],"inLanguage":"bs-BA"},{"@type":"WebPage","@id":"https:\/\/tuzlainfo.ba\/index.php\/novosti\/item\/185163-gradska-izborna-komisija-tuzla-ove-godine-gradjane-ocekuju-promjene-u-izbornom-procesu\/","url":"https:\/\/tuzlainfo.ba\/index.php\/novosti\/item\/185163-gradska-izborna-komisija-tuzla-ove-godine-gradjane-ocekuju-promjene-u-izbornom-procesu\/","name":"Gradska izborna komisija Tuzla: \"Ove godine gra\u0111ane o\u010dekuju promjene u izbornom procesu\" - TuzlaInfo.ba","isPartOf":{"@id":"https:\/\/tuzlainfo.ba\/#website"},"primaryImageOfPage":{"@id":"https:\/\/tuzlainfo.ba\/index.php\/novosti\/item\/185163-gradska-izborna-komisija-tuzla-ove-godine-gradjane-ocekuju-promjene-u-izbornom-procesu\/#primaryimage"},"image":{"@id":"https:\/\/tuzlainfo.ba\/index.php\/novosti\/item\/185163-gradska-izborna-komisija-tuzla-ove-godine-gradjane-ocekuju-promjene-u-izbornom-procesu\/#primaryimage"},"thumbnailUrl":"https:\/\/tuzlainfo.ba\/wp-content\/uploads\/2022\/06\/Gradtuzla_gradskauprava.jpg","datePublished":"2022-09-27T07:10:32+00:00","dateModified":"2022-09-27T06:19:17+00:00","breadcrumb":{"@id":"https:\/\/tuzlainfo.ba\/index.php\/novosti\/item\/185163-gradska-izborna-komisija-tuzla-ove-godine-gradjane-ocekuju-promjene-u-izbornom-procesu\/#breadcrumb"},"inLanguage":"bs-BA","potentialAction":[{"@type":"ReadAction","target":["https:\/\/tuzlainfo.ba\/index.php\/novosti\/item\/185163-gradska-izborna-komisija-tuzla-ove-godine-gradjane-ocekuju-promjene-u-izbornom-procesu\/"]}]},{"@type":"ImageObject","inLanguage":"bs-BA","@id":"https:\/\/tuzlainfo.ba\/index.php\/novosti\/item\/185163-gradska-izborna-komisija-tuzla-ove-godine-gradjane-ocekuju-promjene-u-izbornom-procesu\/#primaryimage","url":"https:\/\/tuzlainfo.ba\/wp-content\/uploads\/2022\/06\/Gradtuzla_gradskauprava.jpg","contentUrl":"https:\/\/tuzlainfo.ba\/wp-content\/uploads\/2022\/06\/Gradtuzla_gradskauprava.jpg","width":1000,"height":640},{"@type":"BreadcrumbList","@id":"https:\/\/tuzlainfo.ba\/index.php\/novosti\/item\/185163-gradska-izborna-komisija-tuzla-ove-godine-gradjane-ocekuju-promjene-u-izbornom-procesu\/#breadcrumb","itemListElement":[{"@type":"ListItem","position":1,"name":"Home","item":"https:\/\/tuzlainfo.ba\/"},{"@type":"ListItem","position":2,"name":"Gradska izborna komisija Tuzla: &#8220;Ove godine gra\u0111ane o\u010dekuju promjene u izbornom procesu&#8221;"}]},{"@type":"WebSite","@id":"https:\/\/tuzlainfo.ba\/#website","url":"https:\/\/tuzlainfo.ba\/","name":"TuzlaInfo.ba","description":"Tuzla info, gradski informator - Tuzla na dlanu","publisher":{"@id":"https:\/\/tuzlainfo.ba\/#organization"},"potentialAction":[{"@type":"SearchAction","target":{"@type":"EntryPoint","urlTemplate":"https:\/\/tuzlainfo.ba\/?s={search_term_string}"},"query-input":{"@type":"PropertyValueSpecification","valueRequired":true,"valueName":"search_term_string"}}],"inLanguage":"bs-BA"},{"@type":"Organization","@id":"https:\/\/tuzlainfo.ba\/#organization","name":"TuzlaInfo.ba","url":"https:\/\/tuzlainfo.ba\/","logo":{"@type":"ImageObject","inLanguage":"bs-BA","@id":"https:\/\/tuzlainfo.ba\/#\/schema\/logo\/image\/","url":"https:\/\/tuzlainfo.ba\/wp-content\/uploads\/2021\/03\/logo-ver-3-1.png","contentUrl":"https:\/\/tuzlainfo.ba\/wp-content\/uploads\/2021\/03\/logo-ver-3-1.png","width":350,"height":95,"caption":"TuzlaInfo.ba"},"image":{"@id":"https:\/\/tuzlainfo.ba\/#\/schema\/logo\/image\/"},"sameAs":["https:\/\/www.facebook.com\/tuzlainfo.ba\/"]},{"@type":"Person","@id":"https:\/\/tuzlainfo.ba\/#\/schema\/person\/46cad4c57790cbc50781edd14870825a","name":"Tuzla Info","image":{"@type":"ImageObject","inLanguage":"bs-BA","@id":"https:\/\/tuzlainfo.ba\/#\/schema\/person\/image\/","url":"https:\/\/tuzlainfo.ba\/wp-content\/litespeed\/avatar\/b6c453a6c38e3654f2e4416c643fc25c.jpg?ver=1777051911","contentUrl":"https:\/\/tuzlainfo.ba\/wp-content\/litespeed\/avatar\/b6c453a6c38e3654f2e4416c643fc25c.jpg?ver=1777051911","caption":"Tuzla Info"}}]}},"_links":{"self":[{"href":"https:\/\/tuzlainfo.ba\/index.php\/wp-json\/wp\/v2\/posts\/185163"}],"collection":[{"href":"https:\/\/tuzlainfo.ba\/index.php\/wp-json\/wp\/v2\/posts"}],"about":[{"href":"https:\/\/tuzlainfo.ba\/index.php\/wp-json\/wp\/v2\/types\/post"}],"author":[{"embeddable":true,"href":"https:\/\/tuzlainfo.ba\/index.php\/wp-json\/wp\/v2\/users\/4"}],"replies":[{"embeddable":true,"href":"https:\/\/tuzlainfo.ba\/index.php\/wp-json\/wp\/v2\/comments?post=185163"}],"version-history":[{"count":0,"href":"https:\/\/tuzlainfo.ba\/index.php\/wp-json\/wp\/v2\/posts\/185163\/revisions"}],"wp:featuredmedia":[{"embeddable":true,"href":"https:\/\/tuzlainfo.ba\/index.php\/wp-json\/wp\/v2\/media\/175042"}],"wp:attachment":[{"href":"https:\/\/tuzlainfo.ba\/index.php\/wp-json\/wp\/v2\/media?parent=185163"}],"wp:term":[{"taxonomy":"category","embeddable":true,"href":"https:\/\/tuzlainfo.ba\/index.php\/wp-json\/wp\/v2\/categories?post=185163"},{"taxonomy":"post_tag","embeddable":true,"href":"https:\/\/tuzlainfo.ba\/index.php\/wp-json\/wp\/v2\/tags?post=185163"}],"curies":[{"name":"wp","href":"https:\/\/api.w.org\/{rel}","templated":true}]}}