{"id":185112,"date":"2022-09-26T16:00:21","date_gmt":"2022-09-26T14:00:21","guid":{"rendered":"https:\/\/tuzlainfo.ba\/?p=185112"},"modified":"2022-09-26T15:43:32","modified_gmt":"2022-09-26T13:43:32","slug":"miz-tuzla-tradicionalno-organizuje-manifestaciju-stazama-poslanika-islama","status":"publish","type":"post","link":"https:\/\/tuzlainfo.ba\/index.php\/novosti\/item\/185112-miz-tuzla-tradicionalno-organizuje-manifestaciju-stazama-poslanika-islama\/","title":{"rendered":"MIZ Tuzla tradicionalno organizuje manifestaciju &#8220;Stazama Poslanika islama&#8221;"},"content":{"rendered":"<p>Med\u017elis Islamske zajednice Tuzla, povodom nastupanja mjeseca ro\u0111enja Allahovog poslanika Muhammeda, a. s., tradicionalno prire\u0111uje manifestaciju pod nazivom \u201eStazama Poslanika islama\u201c.<\/p>\n<p>Na dana\u0161njoj press konferenciji za medije o ovom doga\u0111aju je govorio glavni tuzlanski imam hafiz Ahmed-ef. Huskanovi\u0107.<\/p>\n<p>Ahmed-ef. Huskanovi\u0107 je istakao da je ovo jedan lijep na\u010din na koji Med\u017elis Tuzla tradicionalno obilje\u017eava ro\u0111enje najve\u0107e li\u010dnosti, u\u010ditelja i uzora ljudima, poslanika Muhammeda, a.s. Poslanik, a.s.<\/p>\n<p>Hafiz Huskanovi\u0107 je kazao i to da je mjesec ro\u0111enja Allahovog poslanika mjesec u kojem se trudimo da dodatno upoznamo i spoznamo Muhammeda a.s. i da makar malo budemo kao on.<br \/>\nDodao je kako je Muhammed a.s. tra\u017eio dobro u ljudima, te istakao da i mi danas kroz na\u0161e \u017eivote, djela i misli treba da tra\u017eimo dobro u ljudima, te da po uzoru na Poslanika a.s. trebamo biti dostupni ljudima, posebno u na\u0161im porodicama, kom\u0161iluku, mjesnoj zajednici, d\u017eematu i domovini.<\/p>\n<p><iframe title=\"Ahmed-ef. Huskanovic - Stazama Poslanika Muhammeda\" width=\"1170\" height=\"658\" src=\"https:\/\/www.youtube.com\/embed\/f9g7wPUi_ig?feature=oembed\" frameborder=\"0\" allow=\"accelerometer; autoplay; clipboard-write; encrypted-media; gyroscope; picture-in-picture\" allowfullscreen><\/iframe><\/p>\n<p>Moto ovogodi\u0161nje manifestacije je \u201ePo\u0161tuj starije i budi milostiv prema mla\u0111ima\u201c. Uz redovne mevludske aktivnosti i sve\u010danosti posebna pa\u017enja i po\u0161tovanje \u0107e se ukazati starijim d\u017eematlijama u tuzlanskim d\u017eematima. Planirano je da se radost mevluda podijeli i sa najmla\u0111im, koji odrastaju u institucijama, koji se lije\u010de i prolaze kroz odre\u0111ene izazove, kao i sa jetimima iz tuzlanskih d\u017eemata.<\/p>\n<p>Program i aktivnosti manifestacije predstavio je koordinator projekta Esmir-ef. Hasanovi\u0107.<\/p>\n<p><iframe title=\"Esmir-ef. Hasanovic - Stazama Poslanika Muhammeda\" width=\"1170\" height=\"658\" src=\"https:\/\/www.youtube.com\/embed\/KGI-IRwkdK4?feature=oembed\" frameborder=\"0\" allow=\"accelerometer; autoplay; clipboard-write; encrypted-media; gyroscope; picture-in-picture\" allowfullscreen><\/iframe><\/p>\n<p>Program obiluje raznovrsnim sadr\u017eajima koji su osmi\u0161ljeni tako da svaki d\u017eematlija, bilo koje \u017eivotne dobi, mo\u017ee prona\u0107i ne\u0161to za sebe. U realizaciju ovog bogatog programa uklju\u010deni su svi sektori Med\u017elisa; od Mre\u017ee mladih, Odjela za brak i porodicu, Odjela za dru\u0161tvenu brigu, za nevladin sektor, Aktiva vjerou\u010ditelja, kao i vrijedni tuzlanski imami i ostali slu\u017ebenici Med\u017elisa.<\/p>\n<p>Centralna mevludska sve\u010danost za Muftiluk tuzlanski bit \u0107e uprili\u010dena u D\u017eamiji \u201cKralj Abdullah\u201d u petak 07. oktobra poslije ak\u0161am-namaza.<\/p>\n<p>Istaknuto je da \u0107e se u okviru manifestacije odr\u017eati mevludske sve\u010danosti u tuzlanskim d\u017eematima, omladinski mevlud, centralna mevludska sve\u010danost za \u017eene, tribina \u201ePoslanik a.s. \u2013 na\u0161a vje\u010dna inspiracija\u201c, tribina \u201eDers hafiza\u201c u Gazi Turali-begovoj d\u017eamiji kao i niz drugih sadr\u017eaja.<\/p>\n<p><img fetchpriority=\"high\" decoding=\"async\" class=\"aligncenter wp-image-185113 size-large\" src=\"https:\/\/tuzlainfo.ba\/wp-content\/uploads\/2022\/09\/2609_stazamaposlanika-2-1024x768.jpg\" alt=\"\" width=\"1024\" height=\"768\" srcset=\"https:\/\/tuzlainfo.ba\/wp-content\/uploads\/2022\/09\/2609_stazamaposlanika-2-1024x768.jpg 1024w, https:\/\/tuzlainfo.ba\/wp-content\/uploads\/2022\/09\/2609_stazamaposlanika-2-300x225.jpg 300w, https:\/\/tuzlainfo.ba\/wp-content\/uploads\/2022\/09\/2609_stazamaposlanika-2-768x576.jpg 768w, https:\/\/tuzlainfo.ba\/wp-content\/uploads\/2022\/09\/2609_stazamaposlanika-2-1170x878.jpg 1170w, https:\/\/tuzlainfo.ba\/wp-content\/uploads\/2022\/09\/2609_stazamaposlanika-2-585x439.jpg 585w, https:\/\/tuzlainfo.ba\/wp-content\/uploads\/2022\/09\/2609_stazamaposlanika-2-150x113.jpg 150w, https:\/\/tuzlainfo.ba\/wp-content\/uploads\/2022\/09\/2609_stazamaposlanika-2-500x375.jpg 500w, https:\/\/tuzlainfo.ba\/wp-content\/uploads\/2022\/09\/2609_stazamaposlanika-2.jpg 1200w\" sizes=\"(max-width: 1024px) 100vw, 1024px\" \/><br \/>\nCiklus predavanja \u201eMuhammed a.s., na\u0161 uzor i u\u010ditelj\u201c bit \u0107e realizovan od 01. do 06. oktobra u \u0161est tuzlanskih d\u017eemata. Bit \u0107e organizovani susreti sa u\u010denicima generacije, davaocima zekata, predstavnicima nevladinih organizacija, institucija, kao i niz drugih aktivnosti koje za cilj imaju da radost mevludskih dana dopre do \u0161to ve\u0107eg broja gra\u0111ana na podru\u010dju Med\u017elisa Tuzla.<\/p>\n<p>Manifestacija po\u010dinje 26. septembra i trajat \u0107e do 26. oktobra 2022. godine.<\/p>\n<p>Na dan otvorenja mevludske manifestacije \u201eStazama Poslanika islama\u201c aktivistice Odjela za brak i porodicu i Mre\u017ee mladih na dvije lokacije u gradu podjelom ru\u017ea, slatki\u0161a i prigodnih poruka s na\u0161im sugra\u0111anima podijelit \u0107e radost i nagovijestiti nastupanje mjeseca rebiul-evvela. <strong>\/S.P.\/<\/strong><\/p>\n","protected":false},"excerpt":{"rendered":"<p>Med\u017elis Islamske zajednice Tuzla, povodom nastupanja mjeseca ro\u0111enja Allahovog poslanika Muhammeda, a. s., tradicionalno prire\u0111uje&hellip;<\/p>\n","protected":false},"author":2,"featured_media":185114,"comment_status":"open","ping_status":"closed","sticky":false,"template":"","format":"standard","meta":{"_acf_changed":false,"footnotes":""},"categories":[304,12],"tags":[982],"acf":[],"yoast_head":"<!-- This site is optimized with the Yoast SEO plugin v23.5 - https:\/\/yoast.com\/wordpress\/plugins\/seo\/ -->\n<title>MIZ Tuzla tradicionalno organizuje manifestaciju &quot;Stazama Poslanika islama&quot; - TuzlaInfo.ba<\/title>\n<meta name=\"robots\" content=\"index, follow, max-snippet:-1, max-image-preview:large, max-video-preview:-1\" \/>\n<link rel=\"canonical\" href=\"https:\/\/tuzlainfo.ba\/index.php\/novosti\/item\/185112-miz-tuzla-tradicionalno-organizuje-manifestaciju-stazama-poslanika-islama\/\" \/>\n<meta property=\"og:locale\" content=\"bs_BA\" \/>\n<meta property=\"og:type\" content=\"article\" \/>\n<meta property=\"og:title\" content=\"MIZ Tuzla tradicionalno organizuje manifestaciju &quot;Stazama Poslanika islama&quot; - TuzlaInfo.ba\" \/>\n<meta property=\"og:description\" content=\"Med\u017elis Islamske zajednice Tuzla, povodom nastupanja mjeseca ro\u0111enja Allahovog poslanika Muhammeda, a. s., tradicionalno prire\u0111uje&hellip;\" \/>\n<meta property=\"og:url\" content=\"https:\/\/tuzlainfo.ba\/index.php\/novosti\/item\/185112-miz-tuzla-tradicionalno-organizuje-manifestaciju-stazama-poslanika-islama\/\" \/>\n<meta property=\"og:site_name\" content=\"TuzlaInfo.ba\" \/>\n<meta property=\"article:publisher\" content=\"https:\/\/www.facebook.com\/tuzlainfo.ba\/\" \/>\n<meta property=\"article:published_time\" content=\"2022-09-26T14:00:21+00:00\" \/>\n<meta property=\"article:modified_time\" content=\"2022-09-26T13:43:32+00:00\" \/>\n<meta property=\"og:image\" content=\"https:\/\/tuzlainfo.ba\/wp-content\/uploads\/2022\/09\/2609_stazamaposlanika-1.jpg\" \/>\n\t<meta property=\"og:image:width\" content=\"1200\" \/>\n\t<meta property=\"og:image:height\" content=\"766\" \/>\n\t<meta property=\"og:image:type\" content=\"image\/jpeg\" \/>\n<meta name=\"author\" content=\"nedim\" \/>\n<meta name=\"twitter:card\" content=\"summary_large_image\" \/>\n<meta name=\"twitter:label1\" content=\"Written by\" \/>\n\t<meta name=\"twitter:data1\" content=\"nedim\" \/>\n\t<meta name=\"twitter:label2\" content=\"Est. reading time\" \/>\n\t<meta name=\"twitter:data2\" content=\"3 minute\" \/>\n<script type=\"application\/ld+json\" class=\"yoast-schema-graph\">{\"@context\":\"https:\/\/schema.org\",\"@graph\":[{\"@type\":\"Article\",\"@id\":\"https:\/\/tuzlainfo.ba\/index.php\/novosti\/item\/185112-miz-tuzla-tradicionalno-organizuje-manifestaciju-stazama-poslanika-islama\/#article\",\"isPartOf\":{\"@id\":\"https:\/\/tuzlainfo.ba\/index.php\/novosti\/item\/185112-miz-tuzla-tradicionalno-organizuje-manifestaciju-stazama-poslanika-islama\/\"},\"author\":{\"name\":\"nedim\",\"@id\":\"https:\/\/tuzlainfo.ba\/#\/schema\/person\/f434e20dc27ea133923aab08451b7f7f\"},\"headline\":\"MIZ Tuzla tradicionalno organizuje manifestaciju &#8220;Stazama Poslanika islama&#8221;\",\"datePublished\":\"2022-09-26T14:00:21+00:00\",\"dateModified\":\"2022-09-26T13:43:32+00:00\",\"mainEntityOfPage\":{\"@id\":\"https:\/\/tuzlainfo.ba\/index.php\/novosti\/item\/185112-miz-tuzla-tradicionalno-organizuje-manifestaciju-stazama-poslanika-islama\/\"},\"wordCount\":526,\"commentCount\":0,\"publisher\":{\"@id\":\"https:\/\/tuzlainfo.ba\/#organization\"},\"image\":{\"@id\":\"https:\/\/tuzlainfo.ba\/index.php\/novosti\/item\/185112-miz-tuzla-tradicionalno-organizuje-manifestaciju-stazama-poslanika-islama\/#primaryimage\"},\"thumbnailUrl\":\"https:\/\/tuzlainfo.ba\/wp-content\/uploads\/2022\/09\/2609_stazamaposlanika-1.jpg\",\"keywords\":[\"medzlis IZ Tuzla\"],\"articleSection\":[\"Istaknuto\",\"Novosti\"],\"inLanguage\":\"bs-BA\"},{\"@type\":\"WebPage\",\"@id\":\"https:\/\/tuzlainfo.ba\/index.php\/novosti\/item\/185112-miz-tuzla-tradicionalno-organizuje-manifestaciju-stazama-poslanika-islama\/\",\"url\":\"https:\/\/tuzlainfo.ba\/index.php\/novosti\/item\/185112-miz-tuzla-tradicionalno-organizuje-manifestaciju-stazama-poslanika-islama\/\",\"name\":\"MIZ Tuzla tradicionalno organizuje manifestaciju \\\"Stazama Poslanika islama\\\" - TuzlaInfo.ba\",\"isPartOf\":{\"@id\":\"https:\/\/tuzlainfo.ba\/#website\"},\"primaryImageOfPage\":{\"@id\":\"https:\/\/tuzlainfo.ba\/index.php\/novosti\/item\/185112-miz-tuzla-tradicionalno-organizuje-manifestaciju-stazama-poslanika-islama\/#primaryimage\"},\"image\":{\"@id\":\"https:\/\/tuzlainfo.ba\/index.php\/novosti\/item\/185112-miz-tuzla-tradicionalno-organizuje-manifestaciju-stazama-poslanika-islama\/#primaryimage\"},\"thumbnailUrl\":\"https:\/\/tuzlainfo.ba\/wp-content\/uploads\/2022\/09\/2609_stazamaposlanika-1.jpg\",\"datePublished\":\"2022-09-26T14:00:21+00:00\",\"dateModified\":\"2022-09-26T13:43:32+00:00\",\"breadcrumb\":{\"@id\":\"https:\/\/tuzlainfo.ba\/index.php\/novosti\/item\/185112-miz-tuzla-tradicionalno-organizuje-manifestaciju-stazama-poslanika-islama\/#breadcrumb\"},\"inLanguage\":\"bs-BA\",\"potentialAction\":[{\"@type\":\"ReadAction\",\"target\":[\"https:\/\/tuzlainfo.ba\/index.php\/novosti\/item\/185112-miz-tuzla-tradicionalno-organizuje-manifestaciju-stazama-poslanika-islama\/\"]}]},{\"@type\":\"ImageObject\",\"inLanguage\":\"bs-BA\",\"@id\":\"https:\/\/tuzlainfo.ba\/index.php\/novosti\/item\/185112-miz-tuzla-tradicionalno-organizuje-manifestaciju-stazama-poslanika-islama\/#primaryimage\",\"url\":\"https:\/\/tuzlainfo.ba\/wp-content\/uploads\/2022\/09\/2609_stazamaposlanika-1.jpg\",\"contentUrl\":\"https:\/\/tuzlainfo.ba\/wp-content\/uploads\/2022\/09\/2609_stazamaposlanika-1.jpg\",\"width\":1200,\"height\":766},{\"@type\":\"BreadcrumbList\",\"@id\":\"https:\/\/tuzlainfo.ba\/index.php\/novosti\/item\/185112-miz-tuzla-tradicionalno-organizuje-manifestaciju-stazama-poslanika-islama\/#breadcrumb\",\"itemListElement\":[{\"@type\":\"ListItem\",\"position\":1,\"name\":\"Home\",\"item\":\"https:\/\/tuzlainfo.ba\/\"},{\"@type\":\"ListItem\",\"position\":2,\"name\":\"MIZ Tuzla tradicionalno organizuje manifestaciju &#8220;Stazama Poslanika islama&#8221;\"}]},{\"@type\":\"WebSite\",\"@id\":\"https:\/\/tuzlainfo.ba\/#website\",\"url\":\"https:\/\/tuzlainfo.ba\/\",\"name\":\"TuzlaInfo.ba\",\"description\":\"Tuzla info, gradski informator - Tuzla na dlanu\",\"publisher\":{\"@id\":\"https:\/\/tuzlainfo.ba\/#organization\"},\"potentialAction\":[{\"@type\":\"SearchAction\",\"target\":{\"@type\":\"EntryPoint\",\"urlTemplate\":\"https:\/\/tuzlainfo.ba\/?s={search_term_string}\"},\"query-input\":{\"@type\":\"PropertyValueSpecification\",\"valueRequired\":true,\"valueName\":\"search_term_string\"}}],\"inLanguage\":\"bs-BA\"},{\"@type\":\"Organization\",\"@id\":\"https:\/\/tuzlainfo.ba\/#organization\",\"name\":\"TuzlaInfo.ba\",\"url\":\"https:\/\/tuzlainfo.ba\/\",\"logo\":{\"@type\":\"ImageObject\",\"inLanguage\":\"bs-BA\",\"@id\":\"https:\/\/tuzlainfo.ba\/#\/schema\/logo\/image\/\",\"url\":\"https:\/\/tuzlainfo.ba\/wp-content\/uploads\/2021\/03\/logo-ver-3-1.png\",\"contentUrl\":\"https:\/\/tuzlainfo.ba\/wp-content\/uploads\/2021\/03\/logo-ver-3-1.png\",\"width\":350,\"height\":95,\"caption\":\"TuzlaInfo.ba\"},\"image\":{\"@id\":\"https:\/\/tuzlainfo.ba\/#\/schema\/logo\/image\/\"},\"sameAs\":[\"https:\/\/www.facebook.com\/tuzlainfo.ba\/\"]},{\"@type\":\"Person\",\"@id\":\"https:\/\/tuzlainfo.ba\/#\/schema\/person\/f434e20dc27ea133923aab08451b7f7f\",\"name\":\"nedim\",\"image\":{\"@type\":\"ImageObject\",\"inLanguage\":\"bs-BA\",\"@id\":\"https:\/\/tuzlainfo.ba\/#\/schema\/person\/image\/\",\"url\":\"https:\/\/tuzlainfo.ba\/wp-content\/litespeed\/avatar\/aabad687af24844af817603ac1cbdc4f.jpg?ver=1776702173\",\"contentUrl\":\"https:\/\/tuzlainfo.ba\/wp-content\/litespeed\/avatar\/aabad687af24844af817603ac1cbdc4f.jpg?ver=1776702173\",\"caption\":\"nedim\"},\"description\":\"Tuzlainfo.ba pratite na dru\u0161tvenim mre\u017eama: Facebook, Instagram i Youtube. Svoje pri\u010de, upite i fotografije \u0161aljite na na\u0161u e-mail adresu.\"}]}<\/script>\n<!-- \/ Yoast SEO plugin. -->","yoast_head_json":{"title":"MIZ Tuzla tradicionalno organizuje manifestaciju \"Stazama Poslanika islama\" - TuzlaInfo.ba","robots":{"index":"index","follow":"follow","max-snippet":"max-snippet:-1","max-image-preview":"max-image-preview:large","max-video-preview":"max-video-preview:-1"},"canonical":"https:\/\/tuzlainfo.ba\/index.php\/novosti\/item\/185112-miz-tuzla-tradicionalno-organizuje-manifestaciju-stazama-poslanika-islama\/","og_locale":"bs_BA","og_type":"article","og_title":"MIZ Tuzla tradicionalno organizuje manifestaciju \"Stazama Poslanika islama\" - TuzlaInfo.ba","og_description":"Med\u017elis Islamske zajednice Tuzla, povodom nastupanja mjeseca ro\u0111enja Allahovog poslanika Muhammeda, a. s., tradicionalno prire\u0111uje&hellip;","og_url":"https:\/\/tuzlainfo.ba\/index.php\/novosti\/item\/185112-miz-tuzla-tradicionalno-organizuje-manifestaciju-stazama-poslanika-islama\/","og_site_name":"TuzlaInfo.ba","article_publisher":"https:\/\/www.facebook.com\/tuzlainfo.ba\/","article_published_time":"2022-09-26T14:00:21+00:00","article_modified_time":"2022-09-26T13:43:32+00:00","og_image":[{"width":1200,"height":766,"url":"https:\/\/tuzlainfo.ba\/wp-content\/uploads\/2022\/09\/2609_stazamaposlanika-1.jpg","type":"image\/jpeg"}],"author":"nedim","twitter_card":"summary_large_image","twitter_misc":{"Written by":"nedim","Est. reading time":"3 minute"},"schema":{"@context":"https:\/\/schema.org","@graph":[{"@type":"Article","@id":"https:\/\/tuzlainfo.ba\/index.php\/novosti\/item\/185112-miz-tuzla-tradicionalno-organizuje-manifestaciju-stazama-poslanika-islama\/#article","isPartOf":{"@id":"https:\/\/tuzlainfo.ba\/index.php\/novosti\/item\/185112-miz-tuzla-tradicionalno-organizuje-manifestaciju-stazama-poslanika-islama\/"},"author":{"name":"nedim","@id":"https:\/\/tuzlainfo.ba\/#\/schema\/person\/f434e20dc27ea133923aab08451b7f7f"},"headline":"MIZ Tuzla tradicionalno organizuje manifestaciju &#8220;Stazama Poslanika islama&#8221;","datePublished":"2022-09-26T14:00:21+00:00","dateModified":"2022-09-26T13:43:32+00:00","mainEntityOfPage":{"@id":"https:\/\/tuzlainfo.ba\/index.php\/novosti\/item\/185112-miz-tuzla-tradicionalno-organizuje-manifestaciju-stazama-poslanika-islama\/"},"wordCount":526,"commentCount":0,"publisher":{"@id":"https:\/\/tuzlainfo.ba\/#organization"},"image":{"@id":"https:\/\/tuzlainfo.ba\/index.php\/novosti\/item\/185112-miz-tuzla-tradicionalno-organizuje-manifestaciju-stazama-poslanika-islama\/#primaryimage"},"thumbnailUrl":"https:\/\/tuzlainfo.ba\/wp-content\/uploads\/2022\/09\/2609_stazamaposlanika-1.jpg","keywords":["medzlis IZ Tuzla"],"articleSection":["Istaknuto","Novosti"],"inLanguage":"bs-BA"},{"@type":"WebPage","@id":"https:\/\/tuzlainfo.ba\/index.php\/novosti\/item\/185112-miz-tuzla-tradicionalno-organizuje-manifestaciju-stazama-poslanika-islama\/","url":"https:\/\/tuzlainfo.ba\/index.php\/novosti\/item\/185112-miz-tuzla-tradicionalno-organizuje-manifestaciju-stazama-poslanika-islama\/","name":"MIZ Tuzla tradicionalno organizuje manifestaciju \"Stazama Poslanika islama\" - TuzlaInfo.ba","isPartOf":{"@id":"https:\/\/tuzlainfo.ba\/#website"},"primaryImageOfPage":{"@id":"https:\/\/tuzlainfo.ba\/index.php\/novosti\/item\/185112-miz-tuzla-tradicionalno-organizuje-manifestaciju-stazama-poslanika-islama\/#primaryimage"},"image":{"@id":"https:\/\/tuzlainfo.ba\/index.php\/novosti\/item\/185112-miz-tuzla-tradicionalno-organizuje-manifestaciju-stazama-poslanika-islama\/#primaryimage"},"thumbnailUrl":"https:\/\/tuzlainfo.ba\/wp-content\/uploads\/2022\/09\/2609_stazamaposlanika-1.jpg","datePublished":"2022-09-26T14:00:21+00:00","dateModified":"2022-09-26T13:43:32+00:00","breadcrumb":{"@id":"https:\/\/tuzlainfo.ba\/index.php\/novosti\/item\/185112-miz-tuzla-tradicionalno-organizuje-manifestaciju-stazama-poslanika-islama\/#breadcrumb"},"inLanguage":"bs-BA","potentialAction":[{"@type":"ReadAction","target":["https:\/\/tuzlainfo.ba\/index.php\/novosti\/item\/185112-miz-tuzla-tradicionalno-organizuje-manifestaciju-stazama-poslanika-islama\/"]}]},{"@type":"ImageObject","inLanguage":"bs-BA","@id":"https:\/\/tuzlainfo.ba\/index.php\/novosti\/item\/185112-miz-tuzla-tradicionalno-organizuje-manifestaciju-stazama-poslanika-islama\/#primaryimage","url":"https:\/\/tuzlainfo.ba\/wp-content\/uploads\/2022\/09\/2609_stazamaposlanika-1.jpg","contentUrl":"https:\/\/tuzlainfo.ba\/wp-content\/uploads\/2022\/09\/2609_stazamaposlanika-1.jpg","width":1200,"height":766},{"@type":"BreadcrumbList","@id":"https:\/\/tuzlainfo.ba\/index.php\/novosti\/item\/185112-miz-tuzla-tradicionalno-organizuje-manifestaciju-stazama-poslanika-islama\/#breadcrumb","itemListElement":[{"@type":"ListItem","position":1,"name":"Home","item":"https:\/\/tuzlainfo.ba\/"},{"@type":"ListItem","position":2,"name":"MIZ Tuzla tradicionalno organizuje manifestaciju &#8220;Stazama Poslanika islama&#8221;"}]},{"@type":"WebSite","@id":"https:\/\/tuzlainfo.ba\/#website","url":"https:\/\/tuzlainfo.ba\/","name":"TuzlaInfo.ba","description":"Tuzla info, gradski informator - Tuzla na dlanu","publisher":{"@id":"https:\/\/tuzlainfo.ba\/#organization"},"potentialAction":[{"@type":"SearchAction","target":{"@type":"EntryPoint","urlTemplate":"https:\/\/tuzlainfo.ba\/?s={search_term_string}"},"query-input":{"@type":"PropertyValueSpecification","valueRequired":true,"valueName":"search_term_string"}}],"inLanguage":"bs-BA"},{"@type":"Organization","@id":"https:\/\/tuzlainfo.ba\/#organization","name":"TuzlaInfo.ba","url":"https:\/\/tuzlainfo.ba\/","logo":{"@type":"ImageObject","inLanguage":"bs-BA","@id":"https:\/\/tuzlainfo.ba\/#\/schema\/logo\/image\/","url":"https:\/\/tuzlainfo.ba\/wp-content\/uploads\/2021\/03\/logo-ver-3-1.png","contentUrl":"https:\/\/tuzlainfo.ba\/wp-content\/uploads\/2021\/03\/logo-ver-3-1.png","width":350,"height":95,"caption":"TuzlaInfo.ba"},"image":{"@id":"https:\/\/tuzlainfo.ba\/#\/schema\/logo\/image\/"},"sameAs":["https:\/\/www.facebook.com\/tuzlainfo.ba\/"]},{"@type":"Person","@id":"https:\/\/tuzlainfo.ba\/#\/schema\/person\/f434e20dc27ea133923aab08451b7f7f","name":"nedim","image":{"@type":"ImageObject","inLanguage":"bs-BA","@id":"https:\/\/tuzlainfo.ba\/#\/schema\/person\/image\/","url":"https:\/\/tuzlainfo.ba\/wp-content\/litespeed\/avatar\/aabad687af24844af817603ac1cbdc4f.jpg?ver=1776702173","contentUrl":"https:\/\/tuzlainfo.ba\/wp-content\/litespeed\/avatar\/aabad687af24844af817603ac1cbdc4f.jpg?ver=1776702173","caption":"nedim"},"description":"Tuzlainfo.ba pratite na dru\u0161tvenim mre\u017eama: Facebook, Instagram i Youtube. Svoje pri\u010de, upite i fotografije \u0161aljite na na\u0161u e-mail adresu."}]}},"_links":{"self":[{"href":"https:\/\/tuzlainfo.ba\/index.php\/wp-json\/wp\/v2\/posts\/185112"}],"collection":[{"href":"https:\/\/tuzlainfo.ba\/index.php\/wp-json\/wp\/v2\/posts"}],"about":[{"href":"https:\/\/tuzlainfo.ba\/index.php\/wp-json\/wp\/v2\/types\/post"}],"author":[{"embeddable":true,"href":"https:\/\/tuzlainfo.ba\/index.php\/wp-json\/wp\/v2\/users\/2"}],"replies":[{"embeddable":true,"href":"https:\/\/tuzlainfo.ba\/index.php\/wp-json\/wp\/v2\/comments?post=185112"}],"version-history":[{"count":0,"href":"https:\/\/tuzlainfo.ba\/index.php\/wp-json\/wp\/v2\/posts\/185112\/revisions"}],"wp:featuredmedia":[{"embeddable":true,"href":"https:\/\/tuzlainfo.ba\/index.php\/wp-json\/wp\/v2\/media\/185114"}],"wp:attachment":[{"href":"https:\/\/tuzlainfo.ba\/index.php\/wp-json\/wp\/v2\/media?parent=185112"}],"wp:term":[{"taxonomy":"category","embeddable":true,"href":"https:\/\/tuzlainfo.ba\/index.php\/wp-json\/wp\/v2\/categories?post=185112"},{"taxonomy":"post_tag","embeddable":true,"href":"https:\/\/tuzlainfo.ba\/index.php\/wp-json\/wp\/v2\/tags?post=185112"}],"curies":[{"name":"wp","href":"https:\/\/api.w.org\/{rel}","templated":true}]}}