{"id":185058,"date":"2022-09-25T21:53:17","date_gmt":"2022-09-25T19:53:17","guid":{"rendered":"https:\/\/tuzlainfo.ba\/?p=185058"},"modified":"2022-09-25T21:53:17","modified_gmt":"2022-09-25T19:53:17","slug":"video-nezapamcemo-nevrijeme-u-kanadi-oluja-nosi-kuce-uvedeno-vanredno-stanje","status":"publish","type":"post","link":"https:\/\/tuzlainfo.ba\/index.php\/clanci\/sa-svih-strana\/item\/185058-video-nezapamcemo-nevrijeme-u-kanadi-oluja-nosi-kuce-uvedeno-vanredno-stanje\/","title":{"rendered":"VIDEO \/ Nezapam\u0107emo nevrijeme u Kanadi: Oluja nosi ku\u0107e, uvedeno vanredno stanje"},"content":{"rendered":"<p>Sru\u0161ene su elektri\u010dne instalacije, a vjetar je odnio ku\u0107e u okean po\u0161to je isto\u010dnu obalu Kanade zahvatila oluja Fiona.<\/p>\n<p>Jedna \u017eena je nestala po\u0161to je zbog nevremena zavr\u0161ila u moru na Njufaundlendu.<\/p>\n<p>Fiona je imala status uragana, ali su je stru\u010dnjaci u petak okarakterisali kao tropsku oluju.<\/p>\n<p>Ovakvi vremenski uslovi rijetko se mogu vidjeti u Kanadi, a iz policije ka\u017eu da &#8220;oluju poput ove nisu vidjeli dosad&#8221;.<\/p>\n<p>Vojska je poslata u oblast Nova Skotija (Nova \u0160kotska) kako bi pomogli da se sanira \u0161teta.<\/p>\n<p>Dijelovi pet kanadskih provincija pogo\u0111eni su sna\u017enim pljuskovima i olujnim vjetrom brzine do 160 kilometara na \u010das, \u0161to je izazvalo velike poplave i stotine hiljada ljudi ostalo je bez struje.<\/p>\n<p>Premijer D\u017eastin Trudo objavio je da \u0107e vojska biti raspore\u0111ena u Novoj Skotiji.<\/p>\n<p>&#8220;Ako federalna vlada mo\u017ee nekako da pomogne, bi\u0107emo tu&#8221;, rekao je.<\/p>\n<p>Objavio je i da ne\u0107e putovati u Japan na sahranu \u0160inza Abea, biv\u0161eg japanskog premijera, kako bi ostao u domovini i radio na sanaciji \u0161tete nastale usred oluje.<\/p>\n<p>Izve\u0161taji pokazuju da su neke ku\u0107e zavr\u0161ile u okeanu.<\/p>\n<p>Upozorenja zbog tropske oluje izdata su u oblastima na obali Atlantika &#8211; Novoj Skotiji, Ostrvu Princa Edvarda, Njufaundlendu i Nju Brunsviku, kao i u dijelovima Kvebeka.<\/p>\n<p>U mjestu Port o Baskes, koje se nalazi jugozapadno od Njufaundlenda i gdje \u017eivi 4.067 ljudi, ku\u0107e i poslovne zgrade zavr\u0161ile su u okeanu zbog velikih poplava, rekao je za televiziju CBC Rene Roj, lokalni novinar.<\/p>\n<blockquote class=\"twitter-tweet\" data-width=\"550\" data-dnt=\"true\">\n<p lang=\"en\" dir=\"ltr\">Moment of impact <a href=\"https:\/\/twitter.com\/hashtag\/storm?src=hash&amp;ref_src=twsrc%5Etfw\">#storm<\/a> <a href=\"https:\/\/twitter.com\/hashtag\/surge?src=hash&amp;ref_src=twsrc%5Etfw\">#surge<\/a> <a href=\"https:\/\/twitter.com\/hashtag\/pab?src=hash&amp;ref_src=twsrc%5Etfw\">#pab<\/a> <a href=\"https:\/\/twitter.com\/hashtag\/nlwx?src=hash&amp;ref_src=twsrc%5Etfw\">#nlwx<\/a> <a href=\"https:\/\/twitter.com\/hashtag\/fiona?src=hash&amp;ref_src=twsrc%5Etfw\">#fiona<\/a> wow (Not my video). <a href=\"https:\/\/t.co\/F0Yt7EkYBu\">pic.twitter.com\/F0Yt7EkYBu<\/a><\/p>\n<p>&mdash; Donnie O&#39;Keefe (@DonnieOK) <a href=\"https:\/\/twitter.com\/DonnieOK\/status\/1573712702589079554?ref_src=twsrc%5Etfw\">September 24, 2022<\/a><\/p><\/blockquote>\n<p><script async src=\"https:\/\/platform.twitter.com\/widgets.js\" charset=\"utf-8\"><\/script><\/p>\n<p>Uvedeno je vanredno stanje u toj oblasti.<\/p>\n<p>&#8220;Ovo je bez sumnje najstra\u0161nija stvar koju sam vidio u \u017eivotu&#8221;, opisao je Roj.<\/p>\n<p>Mnoge ku\u0107e su sada samo &#8220;gomila kr\u0161a u okeanu&#8221;, dodao je.<\/p>\n<p>&#8220;Jedna stambena zgrada je doslovno nestala. Cijele ulice su nestale&#8221;, ka\u017ee Roj, prenosi\u00a0<a href=\"https:\/\/www.bbc.com\/serbian\/lat\/svet-63025756\" target=\"_blank\" rel=\"noopener\">BBC<\/a>.<\/p>\n<p>Zvani\u010dnici su kasnije potvrdili da je uni\u0161teno najmanje 20 ku\u0107a.<\/p>\n<p>Jedna \u017eena je spa\u0161ena po\u0161to se &#8220;bacila u okean nakon \u0161to joj se ku\u0107a sru\u0161ila&#8221;, rekli su iz kanadske policije.<\/p>\n<p>Prijavljen je i nestanak druge \u017eene koju je nevrijeme odnijelo iz njenog podruma, ali je i dalje previ\u0161e opasno sprovesti potragu, dodali su.<\/p>\n<p>Iz kompanija za distribuciju struje upozorili su da \u0107e biti potrebni dani kako bi se stanovni\u0161tvu vratila struja, po\u0161to je vjetar jo\u0161 uvijek suvi\u0161e jak da bi se popravile instalacije na terenu.<\/p>\n<blockquote class=\"twitter-tweet\" data-width=\"550\" data-dnt=\"true\">\n<p lang=\"en\" dir=\"ltr\">WATCH: <a href=\"https:\/\/twitter.com\/hashtag\/Canadian?src=hash&amp;ref_src=twsrc%5Etfw\">#Canadian<\/a> troops (<a href=\"https:\/\/twitter.com\/CanadianForces?ref_src=twsrc%5Etfw\">@CanadianForces<\/a>) are being sent to assist in the recovery from the devastation of storm <a href=\"https:\/\/twitter.com\/hashtag\/Fiona?src=hash&amp;ref_src=twsrc%5Etfw\">#Fiona<\/a>, which swept away houses, stripped off roofs, and knocked out power across the country\u2019s <a href=\"https:\/\/twitter.com\/hashtag\/Atlantic?src=hash&amp;ref_src=twsrc%5Etfw\">#Atlantic<\/a> provinces. <a href=\"https:\/\/t.co\/e3bZXqfrHl\">pic.twitter.com\/e3bZXqfrHl<\/a><\/p>\n<p>&mdash; BNN Tanzania (@BNNTanzania) <a href=\"https:\/\/twitter.com\/BNNTanzania\/status\/1574119651923333120?ref_src=twsrc%5Etfw\">September 25, 2022<\/a><\/p><\/blockquote>\n<p><script async src=\"https:\/\/platform.twitter.com\/widgets.js\" charset=\"utf-8\"><\/script><\/p>\n<p>Ozbiljni uragani u Kanadi su rijetki, jer oluje uglavnog gube energiju kada stignu do hladnijih voda na sjeveru i postaju post-tropske.<\/p>\n<p>Novu Skotiju je 2003. pogodio tropski ciklon iz uragan Juan, oluju druge kategorije usljed koje je poginulo dvoje ljudi, a bile su o\u0161te\u0107ene i gra\u0111evine i vegetacija.<\/p>\n<p>Oluja Fiona je ve\u0107 nanijela \u0161tetu u Portoriku i Dominikanskoj Republici ranije tokom nedjelje, gdje mnogi jo\u0161 uvijek nemaju struju i vodu.<\/p>\n<p>Floridi tako\u0111e prijeti opasnost od uragana po\u0161to je tropska oluja Iani postala ja\u010da i pro\u0161la je kroz Karibe u subotu.<\/p>\n<p>Do ove ameri\u010dke savezne dr\u017eave bi mogla da stigne po\u010detkom naredne nedjelje u formi velikog uragana, prenose agencije.<\/p>\n","protected":false},"excerpt":{"rendered":"<p>Sru\u0161ene su elektri\u010dne instalacije, a vjetar je odnio ku\u0107e u okean po\u0161to je isto\u010dnu obalu&hellip;<\/p>\n","protected":false},"author":2,"featured_media":185059,"comment_status":"open","ping_status":"closed","sticky":false,"template":"","format":"standard","meta":{"_acf_changed":false,"footnotes":""},"categories":[16],"tags":[3428,1510],"acf":[],"yoast_head":"<!-- This site is optimized with the Yoast SEO plugin v23.5 - https:\/\/yoast.com\/wordpress\/plugins\/seo\/ -->\n<title>VIDEO \/ Nezapam\u0107emo nevrijeme u Kanadi: Oluja nosi ku\u0107e, uvedeno vanredno stanje - TuzlaInfo.ba<\/title>\n<meta name=\"robots\" content=\"index, follow, max-snippet:-1, max-image-preview:large, max-video-preview:-1\" \/>\n<link rel=\"canonical\" href=\"https:\/\/tuzlainfo.ba\/index.php\/clanci\/sa-svih-strana\/item\/185058-video-nezapamcemo-nevrijeme-u-kanadi-oluja-nosi-kuce-uvedeno-vanredno-stanje\/\" \/>\n<meta property=\"og:locale\" content=\"bs_BA\" \/>\n<meta property=\"og:type\" content=\"article\" \/>\n<meta property=\"og:title\" content=\"VIDEO \/ Nezapam\u0107emo nevrijeme u Kanadi: Oluja nosi ku\u0107e, uvedeno vanredno stanje - TuzlaInfo.ba\" \/>\n<meta property=\"og:description\" content=\"Sru\u0161ene su elektri\u010dne instalacije, a vjetar je odnio ku\u0107e u okean po\u0161to je isto\u010dnu obalu&hellip;\" \/>\n<meta property=\"og:url\" content=\"https:\/\/tuzlainfo.ba\/index.php\/clanci\/sa-svih-strana\/item\/185058-video-nezapamcemo-nevrijeme-u-kanadi-oluja-nosi-kuce-uvedeno-vanredno-stanje\/\" \/>\n<meta property=\"og:site_name\" content=\"TuzlaInfo.ba\" \/>\n<meta property=\"article:publisher\" content=\"https:\/\/www.facebook.com\/tuzlainfo.ba\/\" \/>\n<meta property=\"article:published_time\" content=\"2022-09-25T19:53:17+00:00\" \/>\n<meta property=\"og:image\" content=\"https:\/\/tuzlainfo.ba\/wp-content\/uploads\/2022\/09\/2509_can_nev.jpg\" \/>\n\t<meta property=\"og:image:width\" content=\"1521\" \/>\n\t<meta property=\"og:image:height\" content=\"1255\" \/>\n\t<meta property=\"og:image:type\" content=\"image\/jpeg\" \/>\n<meta name=\"author\" content=\"nedim\" \/>\n<meta name=\"twitter:card\" content=\"summary_large_image\" \/>\n<meta name=\"twitter:label1\" content=\"Written by\" \/>\n\t<meta name=\"twitter:data1\" content=\"nedim\" \/>\n\t<meta name=\"twitter:label2\" content=\"Est. reading time\" \/>\n\t<meta name=\"twitter:data2\" content=\"3 minute\" \/>\n<script type=\"application\/ld+json\" class=\"yoast-schema-graph\">{\"@context\":\"https:\/\/schema.org\",\"@graph\":[{\"@type\":\"Article\",\"@id\":\"https:\/\/tuzlainfo.ba\/index.php\/clanci\/sa-svih-strana\/item\/185058-video-nezapamcemo-nevrijeme-u-kanadi-oluja-nosi-kuce-uvedeno-vanredno-stanje\/#article\",\"isPartOf\":{\"@id\":\"https:\/\/tuzlainfo.ba\/index.php\/clanci\/sa-svih-strana\/item\/185058-video-nezapamcemo-nevrijeme-u-kanadi-oluja-nosi-kuce-uvedeno-vanredno-stanje\/\"},\"author\":{\"name\":\"nedim\",\"@id\":\"https:\/\/tuzlainfo.ba\/#\/schema\/person\/f434e20dc27ea133923aab08451b7f7f\"},\"headline\":\"VIDEO \/ Nezapam\u0107emo nevrijeme u Kanadi: Oluja nosi ku\u0107e, uvedeno vanredno stanje\",\"datePublished\":\"2022-09-25T19:53:17+00:00\",\"dateModified\":\"2022-09-25T19:53:17+00:00\",\"mainEntityOfPage\":{\"@id\":\"https:\/\/tuzlainfo.ba\/index.php\/clanci\/sa-svih-strana\/item\/185058-video-nezapamcemo-nevrijeme-u-kanadi-oluja-nosi-kuce-uvedeno-vanredno-stanje\/\"},\"wordCount\":541,\"commentCount\":0,\"publisher\":{\"@id\":\"https:\/\/tuzlainfo.ba\/#organization\"},\"image\":{\"@id\":\"https:\/\/tuzlainfo.ba\/index.php\/clanci\/sa-svih-strana\/item\/185058-video-nezapamcemo-nevrijeme-u-kanadi-oluja-nosi-kuce-uvedeno-vanredno-stanje\/#primaryimage\"},\"thumbnailUrl\":\"https:\/\/tuzlainfo.ba\/wp-content\/uploads\/2022\/09\/2509_can_nev.jpg\",\"keywords\":[\"kanada\",\"nevrijeme\"],\"articleSection\":[\"Sa svih strana\"],\"inLanguage\":\"bs-BA\"},{\"@type\":\"WebPage\",\"@id\":\"https:\/\/tuzlainfo.ba\/index.php\/clanci\/sa-svih-strana\/item\/185058-video-nezapamcemo-nevrijeme-u-kanadi-oluja-nosi-kuce-uvedeno-vanredno-stanje\/\",\"url\":\"https:\/\/tuzlainfo.ba\/index.php\/clanci\/sa-svih-strana\/item\/185058-video-nezapamcemo-nevrijeme-u-kanadi-oluja-nosi-kuce-uvedeno-vanredno-stanje\/\",\"name\":\"VIDEO \/ Nezapam\u0107emo nevrijeme u Kanadi: Oluja nosi ku\u0107e, uvedeno vanredno stanje - TuzlaInfo.ba\",\"isPartOf\":{\"@id\":\"https:\/\/tuzlainfo.ba\/#website\"},\"primaryImageOfPage\":{\"@id\":\"https:\/\/tuzlainfo.ba\/index.php\/clanci\/sa-svih-strana\/item\/185058-video-nezapamcemo-nevrijeme-u-kanadi-oluja-nosi-kuce-uvedeno-vanredno-stanje\/#primaryimage\"},\"image\":{\"@id\":\"https:\/\/tuzlainfo.ba\/index.php\/clanci\/sa-svih-strana\/item\/185058-video-nezapamcemo-nevrijeme-u-kanadi-oluja-nosi-kuce-uvedeno-vanredno-stanje\/#primaryimage\"},\"thumbnailUrl\":\"https:\/\/tuzlainfo.ba\/wp-content\/uploads\/2022\/09\/2509_can_nev.jpg\",\"datePublished\":\"2022-09-25T19:53:17+00:00\",\"dateModified\":\"2022-09-25T19:53:17+00:00\",\"breadcrumb\":{\"@id\":\"https:\/\/tuzlainfo.ba\/index.php\/clanci\/sa-svih-strana\/item\/185058-video-nezapamcemo-nevrijeme-u-kanadi-oluja-nosi-kuce-uvedeno-vanredno-stanje\/#breadcrumb\"},\"inLanguage\":\"bs-BA\",\"potentialAction\":[{\"@type\":\"ReadAction\",\"target\":[\"https:\/\/tuzlainfo.ba\/index.php\/clanci\/sa-svih-strana\/item\/185058-video-nezapamcemo-nevrijeme-u-kanadi-oluja-nosi-kuce-uvedeno-vanredno-stanje\/\"]}]},{\"@type\":\"ImageObject\",\"inLanguage\":\"bs-BA\",\"@id\":\"https:\/\/tuzlainfo.ba\/index.php\/clanci\/sa-svih-strana\/item\/185058-video-nezapamcemo-nevrijeme-u-kanadi-oluja-nosi-kuce-uvedeno-vanredno-stanje\/#primaryimage\",\"url\":\"https:\/\/tuzlainfo.ba\/wp-content\/uploads\/2022\/09\/2509_can_nev.jpg\",\"contentUrl\":\"https:\/\/tuzlainfo.ba\/wp-content\/uploads\/2022\/09\/2509_can_nev.jpg\",\"width\":1521,\"height\":1255,\"caption\":\"Foto: Twitter\/Charlottetown Police\"},{\"@type\":\"BreadcrumbList\",\"@id\":\"https:\/\/tuzlainfo.ba\/index.php\/clanci\/sa-svih-strana\/item\/185058-video-nezapamcemo-nevrijeme-u-kanadi-oluja-nosi-kuce-uvedeno-vanredno-stanje\/#breadcrumb\",\"itemListElement\":[{\"@type\":\"ListItem\",\"position\":1,\"name\":\"Home\",\"item\":\"https:\/\/tuzlainfo.ba\/\"},{\"@type\":\"ListItem\",\"position\":2,\"name\":\"VIDEO \/ Nezapam\u0107emo nevrijeme u Kanadi: Oluja nosi ku\u0107e, uvedeno vanredno stanje\"}]},{\"@type\":\"WebSite\",\"@id\":\"https:\/\/tuzlainfo.ba\/#website\",\"url\":\"https:\/\/tuzlainfo.ba\/\",\"name\":\"TuzlaInfo.ba\",\"description\":\"Tuzla info, gradski informator - Tuzla na dlanu\",\"publisher\":{\"@id\":\"https:\/\/tuzlainfo.ba\/#organization\"},\"potentialAction\":[{\"@type\":\"SearchAction\",\"target\":{\"@type\":\"EntryPoint\",\"urlTemplate\":\"https:\/\/tuzlainfo.ba\/?s={search_term_string}\"},\"query-input\":{\"@type\":\"PropertyValueSpecification\",\"valueRequired\":true,\"valueName\":\"search_term_string\"}}],\"inLanguage\":\"bs-BA\"},{\"@type\":\"Organization\",\"@id\":\"https:\/\/tuzlainfo.ba\/#organization\",\"name\":\"TuzlaInfo.ba\",\"url\":\"https:\/\/tuzlainfo.ba\/\",\"logo\":{\"@type\":\"ImageObject\",\"inLanguage\":\"bs-BA\",\"@id\":\"https:\/\/tuzlainfo.ba\/#\/schema\/logo\/image\/\",\"url\":\"https:\/\/tuzlainfo.ba\/wp-content\/uploads\/2021\/03\/logo-ver-3-1.png\",\"contentUrl\":\"https:\/\/tuzlainfo.ba\/wp-content\/uploads\/2021\/03\/logo-ver-3-1.png\",\"width\":350,\"height\":95,\"caption\":\"TuzlaInfo.ba\"},\"image\":{\"@id\":\"https:\/\/tuzlainfo.ba\/#\/schema\/logo\/image\/\"},\"sameAs\":[\"https:\/\/www.facebook.com\/tuzlainfo.ba\/\"]},{\"@type\":\"Person\",\"@id\":\"https:\/\/tuzlainfo.ba\/#\/schema\/person\/f434e20dc27ea133923aab08451b7f7f\",\"name\":\"nedim\",\"image\":{\"@type\":\"ImageObject\",\"inLanguage\":\"bs-BA\",\"@id\":\"https:\/\/tuzlainfo.ba\/#\/schema\/person\/image\/\",\"url\":\"https:\/\/tuzlainfo.ba\/wp-content\/litespeed\/avatar\/aabad687af24844af817603ac1cbdc4f.jpg?ver=1776702173\",\"contentUrl\":\"https:\/\/tuzlainfo.ba\/wp-content\/litespeed\/avatar\/aabad687af24844af817603ac1cbdc4f.jpg?ver=1776702173\",\"caption\":\"nedim\"},\"description\":\"Tuzlainfo.ba pratite na dru\u0161tvenim mre\u017eama: Facebook, Instagram i Youtube. Svoje pri\u010de, upite i fotografije \u0161aljite na na\u0161u e-mail adresu.\"}]}<\/script>\n<!-- \/ Yoast SEO plugin. -->","yoast_head_json":{"title":"VIDEO \/ Nezapam\u0107emo nevrijeme u Kanadi: Oluja nosi ku\u0107e, uvedeno vanredno stanje - TuzlaInfo.ba","robots":{"index":"index","follow":"follow","max-snippet":"max-snippet:-1","max-image-preview":"max-image-preview:large","max-video-preview":"max-video-preview:-1"},"canonical":"https:\/\/tuzlainfo.ba\/index.php\/clanci\/sa-svih-strana\/item\/185058-video-nezapamcemo-nevrijeme-u-kanadi-oluja-nosi-kuce-uvedeno-vanredno-stanje\/","og_locale":"bs_BA","og_type":"article","og_title":"VIDEO \/ Nezapam\u0107emo nevrijeme u Kanadi: Oluja nosi ku\u0107e, uvedeno vanredno stanje - TuzlaInfo.ba","og_description":"Sru\u0161ene su elektri\u010dne instalacije, a vjetar je odnio ku\u0107e u okean po\u0161to je isto\u010dnu obalu&hellip;","og_url":"https:\/\/tuzlainfo.ba\/index.php\/clanci\/sa-svih-strana\/item\/185058-video-nezapamcemo-nevrijeme-u-kanadi-oluja-nosi-kuce-uvedeno-vanredno-stanje\/","og_site_name":"TuzlaInfo.ba","article_publisher":"https:\/\/www.facebook.com\/tuzlainfo.ba\/","article_published_time":"2022-09-25T19:53:17+00:00","og_image":[{"width":1521,"height":1255,"url":"https:\/\/tuzlainfo.ba\/wp-content\/uploads\/2022\/09\/2509_can_nev.jpg","type":"image\/jpeg"}],"author":"nedim","twitter_card":"summary_large_image","twitter_misc":{"Written by":"nedim","Est. reading time":"3 minute"},"schema":{"@context":"https:\/\/schema.org","@graph":[{"@type":"Article","@id":"https:\/\/tuzlainfo.ba\/index.php\/clanci\/sa-svih-strana\/item\/185058-video-nezapamcemo-nevrijeme-u-kanadi-oluja-nosi-kuce-uvedeno-vanredno-stanje\/#article","isPartOf":{"@id":"https:\/\/tuzlainfo.ba\/index.php\/clanci\/sa-svih-strana\/item\/185058-video-nezapamcemo-nevrijeme-u-kanadi-oluja-nosi-kuce-uvedeno-vanredno-stanje\/"},"author":{"name":"nedim","@id":"https:\/\/tuzlainfo.ba\/#\/schema\/person\/f434e20dc27ea133923aab08451b7f7f"},"headline":"VIDEO \/ Nezapam\u0107emo nevrijeme u Kanadi: Oluja nosi ku\u0107e, uvedeno vanredno stanje","datePublished":"2022-09-25T19:53:17+00:00","dateModified":"2022-09-25T19:53:17+00:00","mainEntityOfPage":{"@id":"https:\/\/tuzlainfo.ba\/index.php\/clanci\/sa-svih-strana\/item\/185058-video-nezapamcemo-nevrijeme-u-kanadi-oluja-nosi-kuce-uvedeno-vanredno-stanje\/"},"wordCount":541,"commentCount":0,"publisher":{"@id":"https:\/\/tuzlainfo.ba\/#organization"},"image":{"@id":"https:\/\/tuzlainfo.ba\/index.php\/clanci\/sa-svih-strana\/item\/185058-video-nezapamcemo-nevrijeme-u-kanadi-oluja-nosi-kuce-uvedeno-vanredno-stanje\/#primaryimage"},"thumbnailUrl":"https:\/\/tuzlainfo.ba\/wp-content\/uploads\/2022\/09\/2509_can_nev.jpg","keywords":["kanada","nevrijeme"],"articleSection":["Sa svih strana"],"inLanguage":"bs-BA"},{"@type":"WebPage","@id":"https:\/\/tuzlainfo.ba\/index.php\/clanci\/sa-svih-strana\/item\/185058-video-nezapamcemo-nevrijeme-u-kanadi-oluja-nosi-kuce-uvedeno-vanredno-stanje\/","url":"https:\/\/tuzlainfo.ba\/index.php\/clanci\/sa-svih-strana\/item\/185058-video-nezapamcemo-nevrijeme-u-kanadi-oluja-nosi-kuce-uvedeno-vanredno-stanje\/","name":"VIDEO \/ Nezapam\u0107emo nevrijeme u Kanadi: Oluja nosi ku\u0107e, uvedeno vanredno stanje - TuzlaInfo.ba","isPartOf":{"@id":"https:\/\/tuzlainfo.ba\/#website"},"primaryImageOfPage":{"@id":"https:\/\/tuzlainfo.ba\/index.php\/clanci\/sa-svih-strana\/item\/185058-video-nezapamcemo-nevrijeme-u-kanadi-oluja-nosi-kuce-uvedeno-vanredno-stanje\/#primaryimage"},"image":{"@id":"https:\/\/tuzlainfo.ba\/index.php\/clanci\/sa-svih-strana\/item\/185058-video-nezapamcemo-nevrijeme-u-kanadi-oluja-nosi-kuce-uvedeno-vanredno-stanje\/#primaryimage"},"thumbnailUrl":"https:\/\/tuzlainfo.ba\/wp-content\/uploads\/2022\/09\/2509_can_nev.jpg","datePublished":"2022-09-25T19:53:17+00:00","dateModified":"2022-09-25T19:53:17+00:00","breadcrumb":{"@id":"https:\/\/tuzlainfo.ba\/index.php\/clanci\/sa-svih-strana\/item\/185058-video-nezapamcemo-nevrijeme-u-kanadi-oluja-nosi-kuce-uvedeno-vanredno-stanje\/#breadcrumb"},"inLanguage":"bs-BA","potentialAction":[{"@type":"ReadAction","target":["https:\/\/tuzlainfo.ba\/index.php\/clanci\/sa-svih-strana\/item\/185058-video-nezapamcemo-nevrijeme-u-kanadi-oluja-nosi-kuce-uvedeno-vanredno-stanje\/"]}]},{"@type":"ImageObject","inLanguage":"bs-BA","@id":"https:\/\/tuzlainfo.ba\/index.php\/clanci\/sa-svih-strana\/item\/185058-video-nezapamcemo-nevrijeme-u-kanadi-oluja-nosi-kuce-uvedeno-vanredno-stanje\/#primaryimage","url":"https:\/\/tuzlainfo.ba\/wp-content\/uploads\/2022\/09\/2509_can_nev.jpg","contentUrl":"https:\/\/tuzlainfo.ba\/wp-content\/uploads\/2022\/09\/2509_can_nev.jpg","width":1521,"height":1255,"caption":"Foto: Twitter\/Charlottetown Police"},{"@type":"BreadcrumbList","@id":"https:\/\/tuzlainfo.ba\/index.php\/clanci\/sa-svih-strana\/item\/185058-video-nezapamcemo-nevrijeme-u-kanadi-oluja-nosi-kuce-uvedeno-vanredno-stanje\/#breadcrumb","itemListElement":[{"@type":"ListItem","position":1,"name":"Home","item":"https:\/\/tuzlainfo.ba\/"},{"@type":"ListItem","position":2,"name":"VIDEO \/ Nezapam\u0107emo nevrijeme u Kanadi: Oluja nosi ku\u0107e, uvedeno vanredno stanje"}]},{"@type":"WebSite","@id":"https:\/\/tuzlainfo.ba\/#website","url":"https:\/\/tuzlainfo.ba\/","name":"TuzlaInfo.ba","description":"Tuzla info, gradski informator - Tuzla na dlanu","publisher":{"@id":"https:\/\/tuzlainfo.ba\/#organization"},"potentialAction":[{"@type":"SearchAction","target":{"@type":"EntryPoint","urlTemplate":"https:\/\/tuzlainfo.ba\/?s={search_term_string}"},"query-input":{"@type":"PropertyValueSpecification","valueRequired":true,"valueName":"search_term_string"}}],"inLanguage":"bs-BA"},{"@type":"Organization","@id":"https:\/\/tuzlainfo.ba\/#organization","name":"TuzlaInfo.ba","url":"https:\/\/tuzlainfo.ba\/","logo":{"@type":"ImageObject","inLanguage":"bs-BA","@id":"https:\/\/tuzlainfo.ba\/#\/schema\/logo\/image\/","url":"https:\/\/tuzlainfo.ba\/wp-content\/uploads\/2021\/03\/logo-ver-3-1.png","contentUrl":"https:\/\/tuzlainfo.ba\/wp-content\/uploads\/2021\/03\/logo-ver-3-1.png","width":350,"height":95,"caption":"TuzlaInfo.ba"},"image":{"@id":"https:\/\/tuzlainfo.ba\/#\/schema\/logo\/image\/"},"sameAs":["https:\/\/www.facebook.com\/tuzlainfo.ba\/"]},{"@type":"Person","@id":"https:\/\/tuzlainfo.ba\/#\/schema\/person\/f434e20dc27ea133923aab08451b7f7f","name":"nedim","image":{"@type":"ImageObject","inLanguage":"bs-BA","@id":"https:\/\/tuzlainfo.ba\/#\/schema\/person\/image\/","url":"https:\/\/tuzlainfo.ba\/wp-content\/litespeed\/avatar\/aabad687af24844af817603ac1cbdc4f.jpg?ver=1776702173","contentUrl":"https:\/\/tuzlainfo.ba\/wp-content\/litespeed\/avatar\/aabad687af24844af817603ac1cbdc4f.jpg?ver=1776702173","caption":"nedim"},"description":"Tuzlainfo.ba pratite na dru\u0161tvenim mre\u017eama: Facebook, Instagram i Youtube. Svoje pri\u010de, upite i fotografije \u0161aljite na na\u0161u e-mail adresu."}]}},"_links":{"self":[{"href":"https:\/\/tuzlainfo.ba\/index.php\/wp-json\/wp\/v2\/posts\/185058"}],"collection":[{"href":"https:\/\/tuzlainfo.ba\/index.php\/wp-json\/wp\/v2\/posts"}],"about":[{"href":"https:\/\/tuzlainfo.ba\/index.php\/wp-json\/wp\/v2\/types\/post"}],"author":[{"embeddable":true,"href":"https:\/\/tuzlainfo.ba\/index.php\/wp-json\/wp\/v2\/users\/2"}],"replies":[{"embeddable":true,"href":"https:\/\/tuzlainfo.ba\/index.php\/wp-json\/wp\/v2\/comments?post=185058"}],"version-history":[{"count":0,"href":"https:\/\/tuzlainfo.ba\/index.php\/wp-json\/wp\/v2\/posts\/185058\/revisions"}],"wp:featuredmedia":[{"embeddable":true,"href":"https:\/\/tuzlainfo.ba\/index.php\/wp-json\/wp\/v2\/media\/185059"}],"wp:attachment":[{"href":"https:\/\/tuzlainfo.ba\/index.php\/wp-json\/wp\/v2\/media?parent=185058"}],"wp:term":[{"taxonomy":"category","embeddable":true,"href":"https:\/\/tuzlainfo.ba\/index.php\/wp-json\/wp\/v2\/categories?post=185058"},{"taxonomy":"post_tag","embeddable":true,"href":"https:\/\/tuzlainfo.ba\/index.php\/wp-json\/wp\/v2\/tags?post=185058"}],"curies":[{"name":"wp","href":"https:\/\/api.w.org\/{rel}","templated":true}]}}