{"id":185049,"date":"2022-09-25T20:49:24","date_gmt":"2022-09-25T18:49:24","guid":{"rendered":"https:\/\/tuzlainfo.ba\/?p=185049"},"modified":"2022-09-25T20:49:24","modified_gmt":"2022-09-25T18:49:24","slug":"scholc-ne-zelimo-slati-tenkove-u-ukrajinu-ovo-je-veoma-opasan-rat","status":"publish","type":"post","link":"https:\/\/tuzlainfo.ba\/index.php\/novosti\/item\/185049-scholc-ne-zelimo-slati-tenkove-u-ukrajinu-ovo-je-veoma-opasan-rat\/","title":{"rendered":"Scholc: Ne \u017eelimo slati tenkove u Ukrajinu, ovo je veoma opasan rat"},"content":{"rendered":"<p>Njema\u010dka ne \u017eeli da \u0161alje tenkove u Ukrajinu jer bi to mogao biti opasan korak u eskalaciji sukoba, izjavio je njema\u010dki kancelar Olaf \u0160olc (Scholc).<\/p>\n<p>&#8220;Ovo je veoma opasan rat&#8221;, rekao je \u0160olc u intervjuu za ameri\u010dki dnevnik &#8220;Njujork tajms&#8221;, odgovaraju\u0107i na pitanje za\u0161to Njema\u010dka ne po\u0161alje tenkove u Ukrajinu, \u0161to Kijev uporno tra\u017ei.<\/p>\n<p>\u0160olc je rekao da Njema\u010dka podr\u017eava Ukrajinu i da to radi na na\u010din koji ne vodi ka eskalaciji, ratu izme\u0111u NATO i Rusije, jer bi to, kako je ocijenio, bila katastrofa.<\/p>\n<p>Pomo\u0107nik predsjednika SAD za nacionalnu bezbjednost D\u017eejk Saliven izjavio je da \u0107e ameri\u010dke vlasti nastaviti da olak\u0161avaju isporuke tenkova Ukrajini iz sovjetskog doba iz dr\u017eava \u010dlanica NATO, kao i drugog naoru\u017eanja.<\/p>\n<p>&#8220;SAD do sada isporu\u010dile Ukrajini oru\u017eje u vrijednosti vi\u0161e od 15 milijardi dolara, uklju\u010duju\u0107i sisteme protivvazdu\u0161ne odbrane, stotine artiljerijskih nosa\u010da i stotine hiljada, ako ne i milione, artiljerijskih granata&#8221;, rekao je Saliven.<\/p>\n","protected":false},"excerpt":{"rendered":"<p>Njema\u010dka ne \u017eeli da \u0161alje tenkove u Ukrajinu jer bi to mogao biti opasan korak&hellip;<\/p>\n","protected":false},"author":2,"featured_media":185050,"comment_status":"open","ping_status":"closed","sticky":false,"template":"","format":"standard","meta":{"_acf_changed":false,"footnotes":""},"categories":[304,12],"tags":[2754,4224],"acf":[],"yoast_head":"<!-- This site is optimized with the Yoast SEO plugin v23.5 - https:\/\/yoast.com\/wordpress\/plugins\/seo\/ -->\n<title>Scholc: Ne \u017eelimo slati tenkove u Ukrajinu, ovo je veoma opasan rat - TuzlaInfo.ba<\/title>\n<meta name=\"robots\" content=\"index, follow, max-snippet:-1, max-image-preview:large, max-video-preview:-1\" \/>\n<link rel=\"canonical\" href=\"https:\/\/tuzlainfo.ba\/index.php\/novosti\/item\/185049-scholc-ne-zelimo-slati-tenkove-u-ukrajinu-ovo-je-veoma-opasan-rat\/\" \/>\n<meta property=\"og:locale\" content=\"bs_BA\" \/>\n<meta property=\"og:type\" content=\"article\" \/>\n<meta property=\"og:title\" content=\"Scholc: Ne \u017eelimo slati tenkove u Ukrajinu, ovo je veoma opasan rat - TuzlaInfo.ba\" \/>\n<meta property=\"og:description\" content=\"Njema\u010dka ne \u017eeli da \u0161alje tenkove u Ukrajinu jer bi to mogao biti opasan korak&hellip;\" \/>\n<meta property=\"og:url\" content=\"https:\/\/tuzlainfo.ba\/index.php\/novosti\/item\/185049-scholc-ne-zelimo-slati-tenkove-u-ukrajinu-ovo-je-veoma-opasan-rat\/\" \/>\n<meta property=\"og:site_name\" content=\"TuzlaInfo.ba\" \/>\n<meta property=\"article:publisher\" content=\"https:\/\/www.facebook.com\/tuzlainfo.ba\/\" \/>\n<meta property=\"article:published_time\" content=\"2022-09-25T18:49:24+00:00\" \/>\n<meta property=\"og:image\" content=\"https:\/\/tuzlainfo.ba\/wp-content\/uploads\/2022\/09\/2509_olaf_scholz.jpg\" \/>\n\t<meta property=\"og:image:width\" content=\"1077\" \/>\n\t<meta property=\"og:image:height\" content=\"813\" \/>\n\t<meta property=\"og:image:type\" content=\"image\/jpeg\" \/>\n<meta name=\"author\" content=\"nedim\" \/>\n<meta name=\"twitter:card\" content=\"summary_large_image\" \/>\n<meta name=\"twitter:label1\" content=\"Written by\" \/>\n\t<meta name=\"twitter:data1\" content=\"nedim\" \/>\n\t<meta name=\"twitter:label2\" content=\"Est. reading time\" \/>\n\t<meta name=\"twitter:data2\" content=\"1 minuta\" \/>\n<script type=\"application\/ld+json\" class=\"yoast-schema-graph\">{\"@context\":\"https:\/\/schema.org\",\"@graph\":[{\"@type\":\"Article\",\"@id\":\"https:\/\/tuzlainfo.ba\/index.php\/novosti\/item\/185049-scholc-ne-zelimo-slati-tenkove-u-ukrajinu-ovo-je-veoma-opasan-rat\/#article\",\"isPartOf\":{\"@id\":\"https:\/\/tuzlainfo.ba\/index.php\/novosti\/item\/185049-scholc-ne-zelimo-slati-tenkove-u-ukrajinu-ovo-je-veoma-opasan-rat\/\"},\"author\":{\"name\":\"nedim\",\"@id\":\"https:\/\/tuzlainfo.ba\/#\/schema\/person\/f434e20dc27ea133923aab08451b7f7f\"},\"headline\":\"Scholc: Ne \u017eelimo slati tenkove u Ukrajinu, ovo je veoma opasan rat\",\"datePublished\":\"2022-09-25T18:49:24+00:00\",\"dateModified\":\"2022-09-25T18:49:24+00:00\",\"mainEntityOfPage\":{\"@id\":\"https:\/\/tuzlainfo.ba\/index.php\/novosti\/item\/185049-scholc-ne-zelimo-slati-tenkove-u-ukrajinu-ovo-je-veoma-opasan-rat\/\"},\"wordCount\":184,\"commentCount\":0,\"publisher\":{\"@id\":\"https:\/\/tuzlainfo.ba\/#organization\"},\"image\":{\"@id\":\"https:\/\/tuzlainfo.ba\/index.php\/novosti\/item\/185049-scholc-ne-zelimo-slati-tenkove-u-ukrajinu-ovo-je-veoma-opasan-rat\/#primaryimage\"},\"thumbnailUrl\":\"https:\/\/tuzlainfo.ba\/wp-content\/uploads\/2022\/09\/2509_olaf_scholz.jpg\",\"keywords\":[\"Olaf Scholz\",\"rat u ukrajini\"],\"articleSection\":[\"Istaknuto\",\"Novosti\"],\"inLanguage\":\"bs-BA\"},{\"@type\":\"WebPage\",\"@id\":\"https:\/\/tuzlainfo.ba\/index.php\/novosti\/item\/185049-scholc-ne-zelimo-slati-tenkove-u-ukrajinu-ovo-je-veoma-opasan-rat\/\",\"url\":\"https:\/\/tuzlainfo.ba\/index.php\/novosti\/item\/185049-scholc-ne-zelimo-slati-tenkove-u-ukrajinu-ovo-je-veoma-opasan-rat\/\",\"name\":\"Scholc: Ne \u017eelimo slati tenkove u Ukrajinu, ovo je veoma opasan rat - TuzlaInfo.ba\",\"isPartOf\":{\"@id\":\"https:\/\/tuzlainfo.ba\/#website\"},\"primaryImageOfPage\":{\"@id\":\"https:\/\/tuzlainfo.ba\/index.php\/novosti\/item\/185049-scholc-ne-zelimo-slati-tenkove-u-ukrajinu-ovo-je-veoma-opasan-rat\/#primaryimage\"},\"image\":{\"@id\":\"https:\/\/tuzlainfo.ba\/index.php\/novosti\/item\/185049-scholc-ne-zelimo-slati-tenkove-u-ukrajinu-ovo-je-veoma-opasan-rat\/#primaryimage\"},\"thumbnailUrl\":\"https:\/\/tuzlainfo.ba\/wp-content\/uploads\/2022\/09\/2509_olaf_scholz.jpg\",\"datePublished\":\"2022-09-25T18:49:24+00:00\",\"dateModified\":\"2022-09-25T18:49:24+00:00\",\"breadcrumb\":{\"@id\":\"https:\/\/tuzlainfo.ba\/index.php\/novosti\/item\/185049-scholc-ne-zelimo-slati-tenkove-u-ukrajinu-ovo-je-veoma-opasan-rat\/#breadcrumb\"},\"inLanguage\":\"bs-BA\",\"potentialAction\":[{\"@type\":\"ReadAction\",\"target\":[\"https:\/\/tuzlainfo.ba\/index.php\/novosti\/item\/185049-scholc-ne-zelimo-slati-tenkove-u-ukrajinu-ovo-je-veoma-opasan-rat\/\"]}]},{\"@type\":\"ImageObject\",\"inLanguage\":\"bs-BA\",\"@id\":\"https:\/\/tuzlainfo.ba\/index.php\/novosti\/item\/185049-scholc-ne-zelimo-slati-tenkove-u-ukrajinu-ovo-je-veoma-opasan-rat\/#primaryimage\",\"url\":\"https:\/\/tuzlainfo.ba\/wp-content\/uploads\/2022\/09\/2509_olaf_scholz.jpg\",\"contentUrl\":\"https:\/\/tuzlainfo.ba\/wp-content\/uploads\/2022\/09\/2509_olaf_scholz.jpg\",\"width\":1077,\"height\":813,\"caption\":\"Foto: Facebook \/ olafscholz\"},{\"@type\":\"BreadcrumbList\",\"@id\":\"https:\/\/tuzlainfo.ba\/index.php\/novosti\/item\/185049-scholc-ne-zelimo-slati-tenkove-u-ukrajinu-ovo-je-veoma-opasan-rat\/#breadcrumb\",\"itemListElement\":[{\"@type\":\"ListItem\",\"position\":1,\"name\":\"Home\",\"item\":\"https:\/\/tuzlainfo.ba\/\"},{\"@type\":\"ListItem\",\"position\":2,\"name\":\"Scholc: Ne \u017eelimo slati tenkove u Ukrajinu, ovo je veoma opasan rat\"}]},{\"@type\":\"WebSite\",\"@id\":\"https:\/\/tuzlainfo.ba\/#website\",\"url\":\"https:\/\/tuzlainfo.ba\/\",\"name\":\"TuzlaInfo.ba\",\"description\":\"Tuzla info, gradski informator - Tuzla na dlanu\",\"publisher\":{\"@id\":\"https:\/\/tuzlainfo.ba\/#organization\"},\"potentialAction\":[{\"@type\":\"SearchAction\",\"target\":{\"@type\":\"EntryPoint\",\"urlTemplate\":\"https:\/\/tuzlainfo.ba\/?s={search_term_string}\"},\"query-input\":{\"@type\":\"PropertyValueSpecification\",\"valueRequired\":true,\"valueName\":\"search_term_string\"}}],\"inLanguage\":\"bs-BA\"},{\"@type\":\"Organization\",\"@id\":\"https:\/\/tuzlainfo.ba\/#organization\",\"name\":\"TuzlaInfo.ba\",\"url\":\"https:\/\/tuzlainfo.ba\/\",\"logo\":{\"@type\":\"ImageObject\",\"inLanguage\":\"bs-BA\",\"@id\":\"https:\/\/tuzlainfo.ba\/#\/schema\/logo\/image\/\",\"url\":\"https:\/\/tuzlainfo.ba\/wp-content\/uploads\/2021\/03\/logo-ver-3-1.png\",\"contentUrl\":\"https:\/\/tuzlainfo.ba\/wp-content\/uploads\/2021\/03\/logo-ver-3-1.png\",\"width\":350,\"height\":95,\"caption\":\"TuzlaInfo.ba\"},\"image\":{\"@id\":\"https:\/\/tuzlainfo.ba\/#\/schema\/logo\/image\/\"},\"sameAs\":[\"https:\/\/www.facebook.com\/tuzlainfo.ba\/\"]},{\"@type\":\"Person\",\"@id\":\"https:\/\/tuzlainfo.ba\/#\/schema\/person\/f434e20dc27ea133923aab08451b7f7f\",\"name\":\"nedim\",\"image\":{\"@type\":\"ImageObject\",\"inLanguage\":\"bs-BA\",\"@id\":\"https:\/\/tuzlainfo.ba\/#\/schema\/person\/image\/\",\"url\":\"https:\/\/tuzlainfo.ba\/wp-content\/litespeed\/avatar\/aabad687af24844af817603ac1cbdc4f.jpg?ver=1777306975\",\"contentUrl\":\"https:\/\/tuzlainfo.ba\/wp-content\/litespeed\/avatar\/aabad687af24844af817603ac1cbdc4f.jpg?ver=1777306975\",\"caption\":\"nedim\"},\"description\":\"Tuzlainfo.ba pratite na dru\u0161tvenim mre\u017eama: Facebook, Instagram i Youtube. Svoje pri\u010de, upite i fotografije \u0161aljite na na\u0161u e-mail adresu.\"}]}<\/script>\n<!-- \/ Yoast SEO plugin. -->","yoast_head_json":{"title":"Scholc: Ne \u017eelimo slati tenkove u Ukrajinu, ovo je veoma opasan rat - TuzlaInfo.ba","robots":{"index":"index","follow":"follow","max-snippet":"max-snippet:-1","max-image-preview":"max-image-preview:large","max-video-preview":"max-video-preview:-1"},"canonical":"https:\/\/tuzlainfo.ba\/index.php\/novosti\/item\/185049-scholc-ne-zelimo-slati-tenkove-u-ukrajinu-ovo-je-veoma-opasan-rat\/","og_locale":"bs_BA","og_type":"article","og_title":"Scholc: Ne \u017eelimo slati tenkove u Ukrajinu, ovo je veoma opasan rat - TuzlaInfo.ba","og_description":"Njema\u010dka ne \u017eeli da \u0161alje tenkove u Ukrajinu jer bi to mogao biti opasan korak&hellip;","og_url":"https:\/\/tuzlainfo.ba\/index.php\/novosti\/item\/185049-scholc-ne-zelimo-slati-tenkove-u-ukrajinu-ovo-je-veoma-opasan-rat\/","og_site_name":"TuzlaInfo.ba","article_publisher":"https:\/\/www.facebook.com\/tuzlainfo.ba\/","article_published_time":"2022-09-25T18:49:24+00:00","og_image":[{"width":1077,"height":813,"url":"https:\/\/tuzlainfo.ba\/wp-content\/uploads\/2022\/09\/2509_olaf_scholz.jpg","type":"image\/jpeg"}],"author":"nedim","twitter_card":"summary_large_image","twitter_misc":{"Written by":"nedim","Est. reading time":"1 minuta"},"schema":{"@context":"https:\/\/schema.org","@graph":[{"@type":"Article","@id":"https:\/\/tuzlainfo.ba\/index.php\/novosti\/item\/185049-scholc-ne-zelimo-slati-tenkove-u-ukrajinu-ovo-je-veoma-opasan-rat\/#article","isPartOf":{"@id":"https:\/\/tuzlainfo.ba\/index.php\/novosti\/item\/185049-scholc-ne-zelimo-slati-tenkove-u-ukrajinu-ovo-je-veoma-opasan-rat\/"},"author":{"name":"nedim","@id":"https:\/\/tuzlainfo.ba\/#\/schema\/person\/f434e20dc27ea133923aab08451b7f7f"},"headline":"Scholc: Ne \u017eelimo slati tenkove u Ukrajinu, ovo je veoma opasan rat","datePublished":"2022-09-25T18:49:24+00:00","dateModified":"2022-09-25T18:49:24+00:00","mainEntityOfPage":{"@id":"https:\/\/tuzlainfo.ba\/index.php\/novosti\/item\/185049-scholc-ne-zelimo-slati-tenkove-u-ukrajinu-ovo-je-veoma-opasan-rat\/"},"wordCount":184,"commentCount":0,"publisher":{"@id":"https:\/\/tuzlainfo.ba\/#organization"},"image":{"@id":"https:\/\/tuzlainfo.ba\/index.php\/novosti\/item\/185049-scholc-ne-zelimo-slati-tenkove-u-ukrajinu-ovo-je-veoma-opasan-rat\/#primaryimage"},"thumbnailUrl":"https:\/\/tuzlainfo.ba\/wp-content\/uploads\/2022\/09\/2509_olaf_scholz.jpg","keywords":["Olaf Scholz","rat u ukrajini"],"articleSection":["Istaknuto","Novosti"],"inLanguage":"bs-BA"},{"@type":"WebPage","@id":"https:\/\/tuzlainfo.ba\/index.php\/novosti\/item\/185049-scholc-ne-zelimo-slati-tenkove-u-ukrajinu-ovo-je-veoma-opasan-rat\/","url":"https:\/\/tuzlainfo.ba\/index.php\/novosti\/item\/185049-scholc-ne-zelimo-slati-tenkove-u-ukrajinu-ovo-je-veoma-opasan-rat\/","name":"Scholc: Ne \u017eelimo slati tenkove u Ukrajinu, ovo je veoma opasan rat - TuzlaInfo.ba","isPartOf":{"@id":"https:\/\/tuzlainfo.ba\/#website"},"primaryImageOfPage":{"@id":"https:\/\/tuzlainfo.ba\/index.php\/novosti\/item\/185049-scholc-ne-zelimo-slati-tenkove-u-ukrajinu-ovo-je-veoma-opasan-rat\/#primaryimage"},"image":{"@id":"https:\/\/tuzlainfo.ba\/index.php\/novosti\/item\/185049-scholc-ne-zelimo-slati-tenkove-u-ukrajinu-ovo-je-veoma-opasan-rat\/#primaryimage"},"thumbnailUrl":"https:\/\/tuzlainfo.ba\/wp-content\/uploads\/2022\/09\/2509_olaf_scholz.jpg","datePublished":"2022-09-25T18:49:24+00:00","dateModified":"2022-09-25T18:49:24+00:00","breadcrumb":{"@id":"https:\/\/tuzlainfo.ba\/index.php\/novosti\/item\/185049-scholc-ne-zelimo-slati-tenkove-u-ukrajinu-ovo-je-veoma-opasan-rat\/#breadcrumb"},"inLanguage":"bs-BA","potentialAction":[{"@type":"ReadAction","target":["https:\/\/tuzlainfo.ba\/index.php\/novosti\/item\/185049-scholc-ne-zelimo-slati-tenkove-u-ukrajinu-ovo-je-veoma-opasan-rat\/"]}]},{"@type":"ImageObject","inLanguage":"bs-BA","@id":"https:\/\/tuzlainfo.ba\/index.php\/novosti\/item\/185049-scholc-ne-zelimo-slati-tenkove-u-ukrajinu-ovo-je-veoma-opasan-rat\/#primaryimage","url":"https:\/\/tuzlainfo.ba\/wp-content\/uploads\/2022\/09\/2509_olaf_scholz.jpg","contentUrl":"https:\/\/tuzlainfo.ba\/wp-content\/uploads\/2022\/09\/2509_olaf_scholz.jpg","width":1077,"height":813,"caption":"Foto: Facebook \/ olafscholz"},{"@type":"BreadcrumbList","@id":"https:\/\/tuzlainfo.ba\/index.php\/novosti\/item\/185049-scholc-ne-zelimo-slati-tenkove-u-ukrajinu-ovo-je-veoma-opasan-rat\/#breadcrumb","itemListElement":[{"@type":"ListItem","position":1,"name":"Home","item":"https:\/\/tuzlainfo.ba\/"},{"@type":"ListItem","position":2,"name":"Scholc: Ne \u017eelimo slati tenkove u Ukrajinu, ovo je veoma opasan rat"}]},{"@type":"WebSite","@id":"https:\/\/tuzlainfo.ba\/#website","url":"https:\/\/tuzlainfo.ba\/","name":"TuzlaInfo.ba","description":"Tuzla info, gradski informator - Tuzla na dlanu","publisher":{"@id":"https:\/\/tuzlainfo.ba\/#organization"},"potentialAction":[{"@type":"SearchAction","target":{"@type":"EntryPoint","urlTemplate":"https:\/\/tuzlainfo.ba\/?s={search_term_string}"},"query-input":{"@type":"PropertyValueSpecification","valueRequired":true,"valueName":"search_term_string"}}],"inLanguage":"bs-BA"},{"@type":"Organization","@id":"https:\/\/tuzlainfo.ba\/#organization","name":"TuzlaInfo.ba","url":"https:\/\/tuzlainfo.ba\/","logo":{"@type":"ImageObject","inLanguage":"bs-BA","@id":"https:\/\/tuzlainfo.ba\/#\/schema\/logo\/image\/","url":"https:\/\/tuzlainfo.ba\/wp-content\/uploads\/2021\/03\/logo-ver-3-1.png","contentUrl":"https:\/\/tuzlainfo.ba\/wp-content\/uploads\/2021\/03\/logo-ver-3-1.png","width":350,"height":95,"caption":"TuzlaInfo.ba"},"image":{"@id":"https:\/\/tuzlainfo.ba\/#\/schema\/logo\/image\/"},"sameAs":["https:\/\/www.facebook.com\/tuzlainfo.ba\/"]},{"@type":"Person","@id":"https:\/\/tuzlainfo.ba\/#\/schema\/person\/f434e20dc27ea133923aab08451b7f7f","name":"nedim","image":{"@type":"ImageObject","inLanguage":"bs-BA","@id":"https:\/\/tuzlainfo.ba\/#\/schema\/person\/image\/","url":"https:\/\/tuzlainfo.ba\/wp-content\/litespeed\/avatar\/aabad687af24844af817603ac1cbdc4f.jpg?ver=1777306975","contentUrl":"https:\/\/tuzlainfo.ba\/wp-content\/litespeed\/avatar\/aabad687af24844af817603ac1cbdc4f.jpg?ver=1777306975","caption":"nedim"},"description":"Tuzlainfo.ba pratite na dru\u0161tvenim mre\u017eama: Facebook, Instagram i Youtube. Svoje pri\u010de, upite i fotografije \u0161aljite na na\u0161u e-mail adresu."}]}},"_links":{"self":[{"href":"https:\/\/tuzlainfo.ba\/index.php\/wp-json\/wp\/v2\/posts\/185049"}],"collection":[{"href":"https:\/\/tuzlainfo.ba\/index.php\/wp-json\/wp\/v2\/posts"}],"about":[{"href":"https:\/\/tuzlainfo.ba\/index.php\/wp-json\/wp\/v2\/types\/post"}],"author":[{"embeddable":true,"href":"https:\/\/tuzlainfo.ba\/index.php\/wp-json\/wp\/v2\/users\/2"}],"replies":[{"embeddable":true,"href":"https:\/\/tuzlainfo.ba\/index.php\/wp-json\/wp\/v2\/comments?post=185049"}],"version-history":[{"count":0,"href":"https:\/\/tuzlainfo.ba\/index.php\/wp-json\/wp\/v2\/posts\/185049\/revisions"}],"wp:featuredmedia":[{"embeddable":true,"href":"https:\/\/tuzlainfo.ba\/index.php\/wp-json\/wp\/v2\/media\/185050"}],"wp:attachment":[{"href":"https:\/\/tuzlainfo.ba\/index.php\/wp-json\/wp\/v2\/media?parent=185049"}],"wp:term":[{"taxonomy":"category","embeddable":true,"href":"https:\/\/tuzlainfo.ba\/index.php\/wp-json\/wp\/v2\/categories?post=185049"},{"taxonomy":"post_tag","embeddable":true,"href":"https:\/\/tuzlainfo.ba\/index.php\/wp-json\/wp\/v2\/tags?post=185049"}],"curies":[{"name":"wp","href":"https:\/\/api.w.org\/{rel}","templated":true}]}}