{"id":184990,"date":"2022-09-25T10:30:35","date_gmt":"2022-09-25T08:30:35","guid":{"rendered":"https:\/\/tuzlainfo.ba\/?p=184990"},"modified":"2022-09-25T10:16:55","modified_gmt":"2022-09-25T08:16:55","slug":"ogroman-odziv-gradjana-na-potpisivanju-inicijative-za-spas-planine-konjuh","status":"publish","type":"post","link":"https:\/\/tuzlainfo.ba\/index.php\/novosti\/item\/184990-ogroman-odziv-gradjana-na-potpisivanju-inicijative-za-spas-planine-konjuh\/","title":{"rendered":"Ogroman odziv gra\u0111ana na potpisivanju inicijative za spas planine Konjuh"},"content":{"rendered":"<div>Aktivisti okupljeni oko pokreta \u201cKarton revolucija\u201d su danas u Banovi\u0107ima i \u017divinicama organizovali potpisivanje gra\u0111anske inicijative sa zakonskom osnovom u kojoj tra\u017ee izmjene Zakona o progla\u0161enju dijela planine Konjuh za\u0161ti\u0107enim pejza\u017eom kako bi zaustavili sje\u010du \u0161ume i sna\u017enu eksploataciju prirodnih resursa sa za\u0161ti\u0107enog prostora.<\/div>\n<div><\/div>\n<div>\u201cPlanina Konjuh iako je 2009. godine progla\u0161ena \u201cZa\u0161ti\u0107enim pejza\u017eom\u201d nikada u praksi nije to zaista i postala. Obzirom da je prostor planine od neprocjenjivog zna\u010daja zaista je nevjerovatna\u00a0\u010dinjenica da se najve\u0107i dio planine, kada je u pitanju sje\u010da drve\u0107a eksploati\u0161e pod potpuno istim uslovima kao i bilo koja druga \u0161uma na Tuzlanskom kantonu. Pored navedenog smatramo da institucije trenutno nemaju dovoljno \u017eelje i resursa da se ozbiljnije pozabave navodima da postoje i veliki razmjeri korupcije prilikom sje\u010de sirovina, odnosno da se ne vr\u0161i kvalitetna i sistemska kontrola iz razloga \u0161to su zbog nedostatka resursa i ovlasti \u010dasnim ljudima unutar sistema \u201czavezane\u00a0ruke\u201d, rije\u010di su aktivista Karton revolucije koji nastavljaju.<\/div>\n<div><\/div>\n<div>\u201c\u017delimo sistemski onemogu\u0107iti bilo kakve koruptivne radnje u budu\u0107nosti i stvoriti preduslove\u00a0da za\u0161ti\u0107eni pejza\u017e uistinu postane ono \u0161to treba biti, za\u0161ti\u0107en. Upravo iz tog razloga smo organizovali potpisivanje gra\u0111anske inicijative sa zakonskom osnovom koja je u skladu sa Statutima\u00a0op\u0107ine Banovi\u0107i, Gradova \u017divinice i Tuzla kao i Ustavom Tuzlanskog kantona. Zahvaljuju\u0107i potpisima koje smo danas sakupili i ogromnoj podr\u0161ci gra\u0111ana stvorili smo zakonski preduslov da op\u0107inska i gradska vije\u0107a odnosno Skup\u0161tina Tuzlanskog kantona u budu\u0107nosti mora raspravljati o izmjenama zakona koje kao gra\u0111ani Tuzlanskog kantona tra\u017eimo. Konkretno, zahtjevamo\u00a0zabranu\u00a0\u0161umsko-privredne sje\u010de \u0161ume u zoni B Za\u0161ti\u0107enog pejza\u017ea Konjuh i omogu\u0107avanje isklju\u010divo sanitarne sje\u010de. Pored navedenog u budu\u0107im aktivnostima \u0107emo tra\u017eiti pove\u0107anje kvalitete nadzora nad za\u0161ti\u0107enim prostorom kako bi osigurali po\u0161tivanje zakonskih propisa.\u201d ka\u017eu iz Karton revolucije.<\/div>\n<div><\/div>\n<div>\u201cU svemu ovome posebno nas raduje \u010dinjenica da su gra\u0111ani Banovi\u0107a i \u017divinica gotovo jednoglasni u podr\u0161ci ovoj inicijativi \u0161to najbolje govori o dru\u0161tvenom zna\u010daju koje ona nosi. Aktivnosti potpisivanja inicijative \u0107emo nastaviti i u Tuzli, zaklju\u010duju aktivisti koji su za sat vremena provedenih u Banovi\u0107ima i \u017divinicima dobili oko 350 potpisa podr\u0161ke iako je prema statutima Banovi\u0107a i \u017divinica za pokretanje inicijative bilo potrebno 100 potpisa.\u201d, navodi se u saop\u0161tenju za javnost pokreta \u201cKarton revolucija\u201d.<\/div>\n","protected":false},"excerpt":{"rendered":"<p>Aktivisti okupljeni oko pokreta \u201cKarton revolucija\u201d su danas u Banovi\u0107ima i \u017divinicama organizovali potpisivanje gra\u0111anske inicijative sa zakonskom osnovom u kojoj tra\u017ee izmjene Zakona o progla\u0161enju dijela planine Konjuh za\u0161ti\u0107enim pejza\u017eom kako bi zaustavili sje\u010du \u0161ume i sna\u017enu eksploataciju prirodnih resursa sa za\u0161ti\u0107enog prostora. \u201cPlanina Konjuh iako je 2009. godine progla\u0161ena \u201cZa\u0161ti\u0107enim pejza\u017eom\u201d nikada u [&hellip;]<\/p>\n","protected":false},"author":4,"featured_media":184991,"comment_status":"open","ping_status":"closed","sticky":false,"template":"","format":"standard","meta":{"footnotes":""},"categories":[304,12],"tags":[4314],"class_list":["post-184990","post","type-post","status-publish","format-standard","has-post-thumbnail","hentry","category-istaknuto","category-novosti","tag-karton-revolucija"],"yoast_head":"<!-- This site is optimized with the Yoast SEO plugin v28.3 - https:\/\/yoast.com\/product\/yoast-seo-wordpress\/ -->\n<title>Ogroman odziv gra\u0111ana na potpisivanju inicijative za spas planine Konjuh<\/title>\n<meta name=\"robots\" content=\"index, follow, max-snippet:-1, max-image-preview:large, max-video-preview:-1\" \/>\n<link rel=\"canonical\" href=\"https:\/\/tuzlainfo.ba\/index.php\/novosti\/item\/184990-ogroman-odziv-gradjana-na-potpisivanju-inicijative-za-spas-planine-konjuh\/\" \/>\n<meta property=\"og:locale\" content=\"bs_BA\" \/>\n<meta property=\"og:type\" content=\"article\" \/>\n<meta property=\"og:title\" content=\"Ogroman odziv gra\u0111ana na potpisivanju inicijative za spas planine Konjuh\" \/>\n<meta property=\"og:description\" content=\"Aktivisti okupljeni oko pokreta \u201cKarton revolucija\u201d su danas u Banovi\u0107ima i \u017divinicama organizovali potpisivanje gra\u0111anske inicijative sa zakonskom osnovom u kojoj tra\u017ee izmjene Zakona o progla\u0161enju dijela planine Konjuh za\u0161ti\u0107enim pejza\u017eom kako bi zaustavili sje\u010du \u0161ume i sna\u017enu eksploataciju prirodnih resursa sa za\u0161ti\u0107enog prostora. \u201cPlanina Konjuh iako je 2009. godine progla\u0161ena \u201cZa\u0161ti\u0107enim pejza\u017eom\u201d nikada u [&hellip;]\" \/>\n<meta property=\"og:url\" content=\"https:\/\/tuzlainfo.ba\/index.php\/novosti\/item\/184990-ogroman-odziv-gradjana-na-potpisivanju-inicijative-za-spas-planine-konjuh\/\" \/>\n<meta property=\"og:site_name\" content=\"TuzlaInfo.ba\" \/>\n<meta property=\"article:publisher\" content=\"https:\/\/www.facebook.com\/tuzlainfo.ba\/\" \/>\n<meta property=\"article:published_time\" content=\"2022-09-25T08:30:35+00:00\" \/>\n<meta property=\"og:image\" content=\"https:\/\/tuzlainfo.ba\/wp-content\/uploads\/2022\/09\/karton-revolucija-peticija-konjuh.jpg\" \/>\n\t<meta property=\"og:image:width\" content=\"960\" \/>\n\t<meta property=\"og:image:height\" content=\"540\" \/>\n\t<meta property=\"og:image:type\" content=\"image\/jpeg\" \/>\n<meta name=\"author\" content=\"Tuzla Info\" \/>\n<meta name=\"twitter:card\" content=\"summary_large_image\" \/>\n<meta name=\"twitter:label1\" content=\"Written by\" \/>\n\t<meta name=\"twitter:data1\" content=\"Tuzla Info\" \/>\n\t<meta name=\"twitter:label2\" content=\"Est. reading time\" \/>\n\t<meta name=\"twitter:data2\" content=\"2 minute\" \/>\n<script type=\"application\/ld+json\" class=\"yoast-schema-graph\">{\"@context\":\"https:\\\/\\\/schema.org\",\"@graph\":[{\"@type\":\"Article\",\"@id\":\"https:\\\/\\\/tuzlainfo.ba\\\/index.php\\\/novosti\\\/item\\\/184990-ogroman-odziv-gradjana-na-potpisivanju-inicijative-za-spas-planine-konjuh\\\/#article\",\"isPartOf\":{\"@id\":\"https:\\\/\\\/tuzlainfo.ba\\\/index.php\\\/novosti\\\/item\\\/184990-ogroman-odziv-gradjana-na-potpisivanju-inicijative-za-spas-planine-konjuh\\\/\"},\"author\":{\"name\":\"Tuzla Info\",\"@id\":\"https:\\\/\\\/tuzlainfo.ba\\\/#\\\/schema\\\/person\\\/46cad4c57790cbc50781edd14870825a\"},\"headline\":\"Ogroman odziv gra\u0111ana na potpisivanju inicijative za spas planine Konjuh\",\"datePublished\":\"2022-09-25T08:30:35+00:00\",\"mainEntityOfPage\":{\"@id\":\"https:\\\/\\\/tuzlainfo.ba\\\/index.php\\\/novosti\\\/item\\\/184990-ogroman-odziv-gradjana-na-potpisivanju-inicijative-za-spas-planine-konjuh\\\/\"},\"wordCount\":430,\"commentCount\":0,\"publisher\":{\"@id\":\"https:\\\/\\\/tuzlainfo.ba\\\/#organization\"},\"image\":{\"@id\":\"https:\\\/\\\/tuzlainfo.ba\\\/index.php\\\/novosti\\\/item\\\/184990-ogroman-odziv-gradjana-na-potpisivanju-inicijative-za-spas-planine-konjuh\\\/#primaryimage\"},\"thumbnailUrl\":\"https:\\\/\\\/tuzlainfo.ba\\\/wp-content\\\/uploads\\\/2022\\\/09\\\/karton-revolucija-peticija-konjuh.jpg\",\"keywords\":[\"karton revolucija\"],\"articleSection\":[\"Istaknuto\",\"Novosti\"],\"inLanguage\":\"bs-BA\",\"copyrightYear\":\"2022\",\"copyrightHolder\":{\"@id\":\"https:\\\/\\\/tuzlainfo.ba\\\/#organization\"}},{\"@type\":\"WebPage\",\"@id\":\"https:\\\/\\\/tuzlainfo.ba\\\/index.php\\\/novosti\\\/item\\\/184990-ogroman-odziv-gradjana-na-potpisivanju-inicijative-za-spas-planine-konjuh\\\/\",\"url\":\"https:\\\/\\\/tuzlainfo.ba\\\/index.php\\\/novosti\\\/item\\\/184990-ogroman-odziv-gradjana-na-potpisivanju-inicijative-za-spas-planine-konjuh\\\/\",\"name\":\"Ogroman odziv gra\u0111ana na potpisivanju inicijative za spas planine Konjuh\",\"isPartOf\":{\"@id\":\"https:\\\/\\\/tuzlainfo.ba\\\/#website\"},\"primaryImageOfPage\":{\"@id\":\"https:\\\/\\\/tuzlainfo.ba\\\/index.php\\\/novosti\\\/item\\\/184990-ogroman-odziv-gradjana-na-potpisivanju-inicijative-za-spas-planine-konjuh\\\/#primaryimage\"},\"image\":{\"@id\":\"https:\\\/\\\/tuzlainfo.ba\\\/index.php\\\/novosti\\\/item\\\/184990-ogroman-odziv-gradjana-na-potpisivanju-inicijative-za-spas-planine-konjuh\\\/#primaryimage\"},\"thumbnailUrl\":\"https:\\\/\\\/tuzlainfo.ba\\\/wp-content\\\/uploads\\\/2022\\\/09\\\/karton-revolucija-peticija-konjuh.jpg\",\"datePublished\":\"2022-09-25T08:30:35+00:00\",\"breadcrumb\":{\"@id\":\"https:\\\/\\\/tuzlainfo.ba\\\/index.php\\\/novosti\\\/item\\\/184990-ogroman-odziv-gradjana-na-potpisivanju-inicijative-za-spas-planine-konjuh\\\/#breadcrumb\"},\"inLanguage\":\"bs-BA\",\"potentialAction\":[{\"@type\":\"ReadAction\",\"target\":[\"https:\\\/\\\/tuzlainfo.ba\\\/index.php\\\/novosti\\\/item\\\/184990-ogroman-odziv-gradjana-na-potpisivanju-inicijative-za-spas-planine-konjuh\\\/\"]}]},{\"@type\":\"ImageObject\",\"inLanguage\":\"bs-BA\",\"@id\":\"https:\\\/\\\/tuzlainfo.ba\\\/index.php\\\/novosti\\\/item\\\/184990-ogroman-odziv-gradjana-na-potpisivanju-inicijative-za-spas-planine-konjuh\\\/#primaryimage\",\"url\":\"https:\\\/\\\/tuzlainfo.ba\\\/wp-content\\\/uploads\\\/2022\\\/09\\\/karton-revolucija-peticija-konjuh.jpg\",\"contentUrl\":\"https:\\\/\\\/tuzlainfo.ba\\\/wp-content\\\/uploads\\\/2022\\\/09\\\/karton-revolucija-peticija-konjuh.jpg\",\"width\":960,\"height\":540},{\"@type\":\"BreadcrumbList\",\"@id\":\"https:\\\/\\\/tuzlainfo.ba\\\/index.php\\\/novosti\\\/item\\\/184990-ogroman-odziv-gradjana-na-potpisivanju-inicijative-za-spas-planine-konjuh\\\/#breadcrumb\",\"itemListElement\":[{\"@type\":\"ListItem\",\"position\":1,\"name\":\"Home\",\"item\":\"https:\\\/\\\/tuzlainfo.ba\\\/\"},{\"@type\":\"ListItem\",\"position\":2,\"name\":\"Ogroman odziv gra\u0111ana na potpisivanju inicijative za spas planine Konjuh\"}]},{\"@type\":\"WebSite\",\"@id\":\"https:\\\/\\\/tuzlainfo.ba\\\/#website\",\"url\":\"https:\\\/\\\/tuzlainfo.ba\\\/\",\"name\":\"TuzlaInfo.ba\",\"description\":\"Tuzla info, gradski informator - Tuzla na dlanu\",\"publisher\":{\"@id\":\"https:\\\/\\\/tuzlainfo.ba\\\/#organization\"},\"potentialAction\":[{\"@type\":\"SearchAction\",\"target\":{\"@type\":\"EntryPoint\",\"urlTemplate\":\"https:\\\/\\\/tuzlainfo.ba\\\/?s={search_term_string}\"},\"query-input\":{\"@type\":\"PropertyValueSpecification\",\"valueRequired\":true,\"valueName\":\"search_term_string\"}}],\"inLanguage\":\"bs-BA\"},{\"@type\":\"Organization\",\"@id\":\"https:\\\/\\\/tuzlainfo.ba\\\/#organization\",\"name\":\"TuzlaInfo.ba\",\"url\":\"https:\\\/\\\/tuzlainfo.ba\\\/\",\"logo\":{\"@type\":\"ImageObject\",\"inLanguage\":\"bs-BA\",\"@id\":\"https:\\\/\\\/tuzlainfo.ba\\\/#\\\/schema\\\/logo\\\/image\\\/\",\"url\":\"https:\\\/\\\/tuzlainfo.ba\\\/wp-content\\\/uploads\\\/2021\\\/03\\\/logo-ver-3-1.png\",\"contentUrl\":\"https:\\\/\\\/tuzlainfo.ba\\\/wp-content\\\/uploads\\\/2021\\\/03\\\/logo-ver-3-1.png\",\"width\":350,\"height\":95,\"caption\":\"TuzlaInfo.ba\"},\"image\":{\"@id\":\"https:\\\/\\\/tuzlainfo.ba\\\/#\\\/schema\\\/logo\\\/image\\\/\"},\"sameAs\":[\"https:\\\/\\\/www.facebook.com\\\/tuzlainfo.ba\\\/\"]},{\"@type\":\"Person\",\"@id\":\"https:\\\/\\\/tuzlainfo.ba\\\/#\\\/schema\\\/person\\\/46cad4c57790cbc50781edd14870825a\",\"name\":\"Tuzla Info\",\"image\":{\"@type\":\"ImageObject\",\"inLanguage\":\"bs-BA\",\"@id\":\"https:\\\/\\\/secure.gravatar.com\\\/avatar\\\/e980921b00fa2e552723a2386544734ce6885d2b2304ccca3f45186f9ca4031d?s=96&d=mm&r=g\",\"url\":\"https:\\\/\\\/secure.gravatar.com\\\/avatar\\\/e980921b00fa2e552723a2386544734ce6885d2b2304ccca3f45186f9ca4031d?s=96&d=mm&r=g\",\"contentUrl\":\"https:\\\/\\\/secure.gravatar.com\\\/avatar\\\/e980921b00fa2e552723a2386544734ce6885d2b2304ccca3f45186f9ca4031d?s=96&d=mm&r=g\",\"caption\":\"Tuzla Info\"}}]}<\/script>\n<!-- \/ Yoast SEO plugin. -->","yoast_head_json":{"title":"Ogroman odziv gra\u0111ana na potpisivanju inicijative za spas planine Konjuh","robots":{"index":"index","follow":"follow","max-snippet":"max-snippet:-1","max-image-preview":"max-image-preview:large","max-video-preview":"max-video-preview:-1"},"canonical":"https:\/\/tuzlainfo.ba\/index.php\/novosti\/item\/184990-ogroman-odziv-gradjana-na-potpisivanju-inicijative-za-spas-planine-konjuh\/","og_locale":"bs_BA","og_type":"article","og_title":"Ogroman odziv gra\u0111ana na potpisivanju inicijative za spas planine Konjuh","og_description":"Aktivisti okupljeni oko pokreta \u201cKarton revolucija\u201d su danas u Banovi\u0107ima i \u017divinicama organizovali potpisivanje gra\u0111anske inicijative sa zakonskom osnovom u kojoj tra\u017ee izmjene Zakona o progla\u0161enju dijela planine Konjuh za\u0161ti\u0107enim pejza\u017eom kako bi zaustavili sje\u010du \u0161ume i sna\u017enu eksploataciju prirodnih resursa sa za\u0161ti\u0107enog prostora. \u201cPlanina Konjuh iako je 2009. godine progla\u0161ena \u201cZa\u0161ti\u0107enim pejza\u017eom\u201d nikada u [&hellip;]","og_url":"https:\/\/tuzlainfo.ba\/index.php\/novosti\/item\/184990-ogroman-odziv-gradjana-na-potpisivanju-inicijative-za-spas-planine-konjuh\/","og_site_name":"TuzlaInfo.ba","article_publisher":"https:\/\/www.facebook.com\/tuzlainfo.ba\/","article_published_time":"2022-09-25T08:30:35+00:00","og_image":[{"width":960,"height":540,"url":"https:\/\/tuzlainfo.ba\/wp-content\/uploads\/2022\/09\/karton-revolucija-peticija-konjuh.jpg","type":"image\/jpeg"}],"author":"Tuzla Info","twitter_card":"summary_large_image","twitter_misc":{"Written by":"Tuzla Info","Est. reading time":"2 minute"},"schema":{"@context":"https:\/\/schema.org","@graph":[{"@type":"Article","@id":"https:\/\/tuzlainfo.ba\/index.php\/novosti\/item\/184990-ogroman-odziv-gradjana-na-potpisivanju-inicijative-za-spas-planine-konjuh\/#article","isPartOf":{"@id":"https:\/\/tuzlainfo.ba\/index.php\/novosti\/item\/184990-ogroman-odziv-gradjana-na-potpisivanju-inicijative-za-spas-planine-konjuh\/"},"author":{"name":"Tuzla Info","@id":"https:\/\/tuzlainfo.ba\/#\/schema\/person\/46cad4c57790cbc50781edd14870825a"},"headline":"Ogroman odziv gra\u0111ana na potpisivanju inicijative za spas planine Konjuh","datePublished":"2022-09-25T08:30:35+00:00","mainEntityOfPage":{"@id":"https:\/\/tuzlainfo.ba\/index.php\/novosti\/item\/184990-ogroman-odziv-gradjana-na-potpisivanju-inicijative-za-spas-planine-konjuh\/"},"wordCount":430,"commentCount":0,"publisher":{"@id":"https:\/\/tuzlainfo.ba\/#organization"},"image":{"@id":"https:\/\/tuzlainfo.ba\/index.php\/novosti\/item\/184990-ogroman-odziv-gradjana-na-potpisivanju-inicijative-za-spas-planine-konjuh\/#primaryimage"},"thumbnailUrl":"https:\/\/tuzlainfo.ba\/wp-content\/uploads\/2022\/09\/karton-revolucija-peticija-konjuh.jpg","keywords":["karton revolucija"],"articleSection":["Istaknuto","Novosti"],"inLanguage":"bs-BA","copyrightYear":"2022","copyrightHolder":{"@id":"https:\/\/tuzlainfo.ba\/#organization"}},{"@type":"WebPage","@id":"https:\/\/tuzlainfo.ba\/index.php\/novosti\/item\/184990-ogroman-odziv-gradjana-na-potpisivanju-inicijative-za-spas-planine-konjuh\/","url":"https:\/\/tuzlainfo.ba\/index.php\/novosti\/item\/184990-ogroman-odziv-gradjana-na-potpisivanju-inicijative-za-spas-planine-konjuh\/","name":"Ogroman odziv gra\u0111ana na potpisivanju inicijative za spas planine Konjuh","isPartOf":{"@id":"https:\/\/tuzlainfo.ba\/#website"},"primaryImageOfPage":{"@id":"https:\/\/tuzlainfo.ba\/index.php\/novosti\/item\/184990-ogroman-odziv-gradjana-na-potpisivanju-inicijative-za-spas-planine-konjuh\/#primaryimage"},"image":{"@id":"https:\/\/tuzlainfo.ba\/index.php\/novosti\/item\/184990-ogroman-odziv-gradjana-na-potpisivanju-inicijative-za-spas-planine-konjuh\/#primaryimage"},"thumbnailUrl":"https:\/\/tuzlainfo.ba\/wp-content\/uploads\/2022\/09\/karton-revolucija-peticija-konjuh.jpg","datePublished":"2022-09-25T08:30:35+00:00","breadcrumb":{"@id":"https:\/\/tuzlainfo.ba\/index.php\/novosti\/item\/184990-ogroman-odziv-gradjana-na-potpisivanju-inicijative-za-spas-planine-konjuh\/#breadcrumb"},"inLanguage":"bs-BA","potentialAction":[{"@type":"ReadAction","target":["https:\/\/tuzlainfo.ba\/index.php\/novosti\/item\/184990-ogroman-odziv-gradjana-na-potpisivanju-inicijative-za-spas-planine-konjuh\/"]}]},{"@type":"ImageObject","inLanguage":"bs-BA","@id":"https:\/\/tuzlainfo.ba\/index.php\/novosti\/item\/184990-ogroman-odziv-gradjana-na-potpisivanju-inicijative-za-spas-planine-konjuh\/#primaryimage","url":"https:\/\/tuzlainfo.ba\/wp-content\/uploads\/2022\/09\/karton-revolucija-peticija-konjuh.jpg","contentUrl":"https:\/\/tuzlainfo.ba\/wp-content\/uploads\/2022\/09\/karton-revolucija-peticija-konjuh.jpg","width":960,"height":540},{"@type":"BreadcrumbList","@id":"https:\/\/tuzlainfo.ba\/index.php\/novosti\/item\/184990-ogroman-odziv-gradjana-na-potpisivanju-inicijative-za-spas-planine-konjuh\/#breadcrumb","itemListElement":[{"@type":"ListItem","position":1,"name":"Home","item":"https:\/\/tuzlainfo.ba\/"},{"@type":"ListItem","position":2,"name":"Ogroman odziv gra\u0111ana na potpisivanju inicijative za spas planine Konjuh"}]},{"@type":"WebSite","@id":"https:\/\/tuzlainfo.ba\/#website","url":"https:\/\/tuzlainfo.ba\/","name":"TuzlaInfo.ba","description":"Tuzla info, gradski informator - Tuzla na dlanu","publisher":{"@id":"https:\/\/tuzlainfo.ba\/#organization"},"potentialAction":[{"@type":"SearchAction","target":{"@type":"EntryPoint","urlTemplate":"https:\/\/tuzlainfo.ba\/?s={search_term_string}"},"query-input":{"@type":"PropertyValueSpecification","valueRequired":true,"valueName":"search_term_string"}}],"inLanguage":"bs-BA"},{"@type":"Organization","@id":"https:\/\/tuzlainfo.ba\/#organization","name":"TuzlaInfo.ba","url":"https:\/\/tuzlainfo.ba\/","logo":{"@type":"ImageObject","inLanguage":"bs-BA","@id":"https:\/\/tuzlainfo.ba\/#\/schema\/logo\/image\/","url":"https:\/\/tuzlainfo.ba\/wp-content\/uploads\/2021\/03\/logo-ver-3-1.png","contentUrl":"https:\/\/tuzlainfo.ba\/wp-content\/uploads\/2021\/03\/logo-ver-3-1.png","width":350,"height":95,"caption":"TuzlaInfo.ba"},"image":{"@id":"https:\/\/tuzlainfo.ba\/#\/schema\/logo\/image\/"},"sameAs":["https:\/\/www.facebook.com\/tuzlainfo.ba\/"]},{"@type":"Person","@id":"https:\/\/tuzlainfo.ba\/#\/schema\/person\/46cad4c57790cbc50781edd14870825a","name":"Tuzla Info","image":{"@type":"ImageObject","inLanguage":"bs-BA","@id":"https:\/\/secure.gravatar.com\/avatar\/e980921b00fa2e552723a2386544734ce6885d2b2304ccca3f45186f9ca4031d?s=96&d=mm&r=g","url":"https:\/\/secure.gravatar.com\/avatar\/e980921b00fa2e552723a2386544734ce6885d2b2304ccca3f45186f9ca4031d?s=96&d=mm&r=g","contentUrl":"https:\/\/secure.gravatar.com\/avatar\/e980921b00fa2e552723a2386544734ce6885d2b2304ccca3f45186f9ca4031d?s=96&d=mm&r=g","caption":"Tuzla Info"}}]}},"_links":{"self":[{"href":"https:\/\/tuzlainfo.ba\/index.php\/wp-json\/wp\/v2\/posts\/184990","targetHints":{"allow":["GET"]}}],"collection":[{"href":"https:\/\/tuzlainfo.ba\/index.php\/wp-json\/wp\/v2\/posts"}],"about":[{"href":"https:\/\/tuzlainfo.ba\/index.php\/wp-json\/wp\/v2\/types\/post"}],"author":[{"embeddable":true,"href":"https:\/\/tuzlainfo.ba\/index.php\/wp-json\/wp\/v2\/users\/4"}],"replies":[{"embeddable":true,"href":"https:\/\/tuzlainfo.ba\/index.php\/wp-json\/wp\/v2\/comments?post=184990"}],"version-history":[{"count":0,"href":"https:\/\/tuzlainfo.ba\/index.php\/wp-json\/wp\/v2\/posts\/184990\/revisions"}],"wp:featuredmedia":[{"embeddable":true,"href":"https:\/\/tuzlainfo.ba\/index.php\/wp-json\/wp\/v2\/media\/184991"}],"wp:attachment":[{"href":"https:\/\/tuzlainfo.ba\/index.php\/wp-json\/wp\/v2\/media?parent=184990"}],"wp:term":[{"taxonomy":"category","embeddable":true,"href":"https:\/\/tuzlainfo.ba\/index.php\/wp-json\/wp\/v2\/categories?post=184990"},{"taxonomy":"post_tag","embeddable":true,"href":"https:\/\/tuzlainfo.ba\/index.php\/wp-json\/wp\/v2\/tags?post=184990"}],"curies":[{"name":"wp","href":"https:\/\/api.w.org\/{rel}","templated":true}]}}