{"id":184758,"date":"2022-09-22T17:09:50","date_gmt":"2022-09-22T15:09:50","guid":{"rendered":"https:\/\/tuzlainfo.ba\/?p=184758"},"modified":"2022-09-22T14:32:39","modified_gmt":"2022-09-22T12:32:39","slug":"vlada-tk-odobrila-vise-od-milion-maraka-za-sport-i-kulturu","status":"publish","type":"post","link":"https:\/\/tuzlainfo.ba\/index.php\/novosti\/item\/184758-vlada-tk-odobrila-vise-od-milion-maraka-za-sport-i-kulturu\/","title":{"rendered":"Vlada TK odobrila vi\u0161e od milion maraka za sport i kulturu"},"content":{"rendered":"<p lang=\"hr-HR\" align=\"justify\"><span lang=\"bs-BA\">Vlada Tuzlanskog kantona je danas dala saglasnost na Odluku ministra za kulturu, sport i mlade o odobravanju finansijskih sredstava korisnicima, iznosima i namjeni finansijskih sredstava za sufinansiranje programa\/projekata manifestacija kulture i programa\/projekata izdava\u010dke djelatnosti. Ovom odlukom odobrena je isplata ukupno 300.000,00 KM, od \u010dega je za sufinansiranje programa\/projekata manifestacija kulture izdvojeno 210.000,00 KM, a za sufinansiranje programa\/projekata izdava\u010dke djelatnosti 52.0000,00 KM.<\/span><\/p>\n<p lang=\"hr-HR\" align=\"center\">\n<p lang=\"hr-HR\" align=\"justify\"><span lang=\"bs-BA\">Vlada TK je danas dala sagalsnost na Odluku Ministarstva kulture, sporta i mladih o odobravanju finansijskih sredstava korisnicima, iznosima i namjeni finansijskih sredstava za sufinansiranje programa\/projekata sportskih organizacija za 2022. godinu. Ukupan iznos odobrenih sredstava iznosi 869.000,00 KM. Od ovog iznosa 719.000 KM namijenjeno je neprofitnim organizacijama \u2013 sportskim klubovima, dok je 150.000 KM namijenjeno za subvencije javnim preduze\u0107ima. U postupku raspodjele sredstava po javnom pozivu, utvr\u0111eno je da je na Javi poziv pristiglo ukupno 228 prijava, od kojih su 139 prijave bile uredne, a 89 prijava su odba\u010dene kao nepotpune, neosnovane ili neblagovremene. Od 139 blagovremenih prijava, 132 projekta su ispunila uslove javnog poziva, te su bodovana u skladu sa propisanim kriterijima, stoji u saop\u0107enju iz Slu\u017ebe za informisanje Vlade TK.<\/span><\/p>\n","protected":false},"excerpt":{"rendered":"<p>Vlada Tuzlanskog kantona je danas dala saglasnost na Odluku ministra za kulturu, sport i mlade&hellip;<\/p>\n","protected":false},"author":4,"featured_media":168524,"comment_status":"open","ping_status":"closed","sticky":false,"template":"","format":"standard","meta":{"_acf_changed":false,"footnotes":""},"categories":[12],"tags":[1294,915,336],"acf":[],"yoast_head":"<!-- This site is optimized with the Yoast SEO plugin v23.5 - https:\/\/yoast.com\/wordpress\/plugins\/seo\/ -->\n<title>Vlada TK odobrila vi\u0161e od milion maraka za sport i kulturu - TuzlaInfo.ba<\/title>\n<meta name=\"robots\" content=\"index, follow, max-snippet:-1, max-image-preview:large, max-video-preview:-1\" \/>\n<link rel=\"canonical\" href=\"https:\/\/tuzlainfo.ba\/index.php\/novosti\/item\/184758-vlada-tk-odobrila-vise-od-milion-maraka-za-sport-i-kulturu\/\" \/>\n<meta property=\"og:locale\" content=\"bs_BA\" \/>\n<meta property=\"og:type\" content=\"article\" \/>\n<meta property=\"og:title\" content=\"Vlada TK odobrila vi\u0161e od milion maraka za sport i kulturu - TuzlaInfo.ba\" \/>\n<meta property=\"og:description\" content=\"Vlada Tuzlanskog kantona je danas dala saglasnost na Odluku ministra za kulturu, sport i mlade&hellip;\" \/>\n<meta property=\"og:url\" content=\"https:\/\/tuzlainfo.ba\/index.php\/novosti\/item\/184758-vlada-tk-odobrila-vise-od-milion-maraka-za-sport-i-kulturu\/\" \/>\n<meta property=\"og:site_name\" content=\"TuzlaInfo.ba\" \/>\n<meta property=\"article:publisher\" content=\"https:\/\/www.facebook.com\/tuzlainfo.ba\/\" \/>\n<meta property=\"article:published_time\" content=\"2022-09-22T15:09:50+00:00\" \/>\n<meta property=\"article:modified_time\" content=\"2022-09-22T12:32:39+00:00\" \/>\n<meta property=\"og:image\" content=\"https:\/\/tuzlainfo.ba\/wp-content\/uploads\/2022\/04\/0504_vladatk.jpg\" \/>\n\t<meta property=\"og:image:width\" content=\"1000\" \/>\n\t<meta property=\"og:image:height\" content=\"537\" \/>\n\t<meta property=\"og:image:type\" content=\"image\/jpeg\" \/>\n<meta name=\"author\" content=\"Tuzla Info\" \/>\n<meta name=\"twitter:card\" content=\"summary_large_image\" \/>\n<meta name=\"twitter:label1\" content=\"Written by\" \/>\n\t<meta name=\"twitter:data1\" content=\"Tuzla Info\" \/>\n\t<meta name=\"twitter:label2\" content=\"Est. reading time\" \/>\n\t<meta name=\"twitter:data2\" content=\"1 minuta\" \/>\n<script type=\"application\/ld+json\" class=\"yoast-schema-graph\">{\"@context\":\"https:\/\/schema.org\",\"@graph\":[{\"@type\":\"Article\",\"@id\":\"https:\/\/tuzlainfo.ba\/index.php\/novosti\/item\/184758-vlada-tk-odobrila-vise-od-milion-maraka-za-sport-i-kulturu\/#article\",\"isPartOf\":{\"@id\":\"https:\/\/tuzlainfo.ba\/index.php\/novosti\/item\/184758-vlada-tk-odobrila-vise-od-milion-maraka-za-sport-i-kulturu\/\"},\"author\":{\"name\":\"Tuzla Info\",\"@id\":\"https:\/\/tuzlainfo.ba\/#\/schema\/person\/46cad4c57790cbc50781edd14870825a\"},\"headline\":\"Vlada TK odobrila vi\u0161e od milion maraka za sport i kulturu\",\"datePublished\":\"2022-09-22T15:09:50+00:00\",\"dateModified\":\"2022-09-22T12:32:39+00:00\",\"mainEntityOfPage\":{\"@id\":\"https:\/\/tuzlainfo.ba\/index.php\/novosti\/item\/184758-vlada-tk-odobrila-vise-od-milion-maraka-za-sport-i-kulturu\/\"},\"wordCount\":194,\"commentCount\":0,\"publisher\":{\"@id\":\"https:\/\/tuzlainfo.ba\/#organization\"},\"image\":{\"@id\":\"https:\/\/tuzlainfo.ba\/index.php\/novosti\/item\/184758-vlada-tk-odobrila-vise-od-milion-maraka-za-sport-i-kulturu\/#primaryimage\"},\"thumbnailUrl\":\"https:\/\/tuzlainfo.ba\/wp-content\/uploads\/2022\/04\/0504_vladatk.jpg\",\"keywords\":[\"kultura\",\"sport\",\"vlada tk\"],\"articleSection\":[\"Novosti\"],\"inLanguage\":\"bs-BA\"},{\"@type\":\"WebPage\",\"@id\":\"https:\/\/tuzlainfo.ba\/index.php\/novosti\/item\/184758-vlada-tk-odobrila-vise-od-milion-maraka-za-sport-i-kulturu\/\",\"url\":\"https:\/\/tuzlainfo.ba\/index.php\/novosti\/item\/184758-vlada-tk-odobrila-vise-od-milion-maraka-za-sport-i-kulturu\/\",\"name\":\"Vlada TK odobrila vi\u0161e od milion maraka za sport i kulturu - TuzlaInfo.ba\",\"isPartOf\":{\"@id\":\"https:\/\/tuzlainfo.ba\/#website\"},\"primaryImageOfPage\":{\"@id\":\"https:\/\/tuzlainfo.ba\/index.php\/novosti\/item\/184758-vlada-tk-odobrila-vise-od-milion-maraka-za-sport-i-kulturu\/#primaryimage\"},\"image\":{\"@id\":\"https:\/\/tuzlainfo.ba\/index.php\/novosti\/item\/184758-vlada-tk-odobrila-vise-od-milion-maraka-za-sport-i-kulturu\/#primaryimage\"},\"thumbnailUrl\":\"https:\/\/tuzlainfo.ba\/wp-content\/uploads\/2022\/04\/0504_vladatk.jpg\",\"datePublished\":\"2022-09-22T15:09:50+00:00\",\"dateModified\":\"2022-09-22T12:32:39+00:00\",\"breadcrumb\":{\"@id\":\"https:\/\/tuzlainfo.ba\/index.php\/novosti\/item\/184758-vlada-tk-odobrila-vise-od-milion-maraka-za-sport-i-kulturu\/#breadcrumb\"},\"inLanguage\":\"bs-BA\",\"potentialAction\":[{\"@type\":\"ReadAction\",\"target\":[\"https:\/\/tuzlainfo.ba\/index.php\/novosti\/item\/184758-vlada-tk-odobrila-vise-od-milion-maraka-za-sport-i-kulturu\/\"]}]},{\"@type\":\"ImageObject\",\"inLanguage\":\"bs-BA\",\"@id\":\"https:\/\/tuzlainfo.ba\/index.php\/novosti\/item\/184758-vlada-tk-odobrila-vise-od-milion-maraka-za-sport-i-kulturu\/#primaryimage\",\"url\":\"https:\/\/tuzlainfo.ba\/wp-content\/uploads\/2022\/04\/0504_vladatk.jpg\",\"contentUrl\":\"https:\/\/tuzlainfo.ba\/wp-content\/uploads\/2022\/04\/0504_vladatk.jpg\",\"width\":1000,\"height\":537},{\"@type\":\"BreadcrumbList\",\"@id\":\"https:\/\/tuzlainfo.ba\/index.php\/novosti\/item\/184758-vlada-tk-odobrila-vise-od-milion-maraka-za-sport-i-kulturu\/#breadcrumb\",\"itemListElement\":[{\"@type\":\"ListItem\",\"position\":1,\"name\":\"Home\",\"item\":\"https:\/\/tuzlainfo.ba\/\"},{\"@type\":\"ListItem\",\"position\":2,\"name\":\"Vlada TK odobrila vi\u0161e od milion maraka za sport i kulturu\"}]},{\"@type\":\"WebSite\",\"@id\":\"https:\/\/tuzlainfo.ba\/#website\",\"url\":\"https:\/\/tuzlainfo.ba\/\",\"name\":\"TuzlaInfo.ba\",\"description\":\"Tuzla info, gradski informator - Tuzla na dlanu\",\"publisher\":{\"@id\":\"https:\/\/tuzlainfo.ba\/#organization\"},\"potentialAction\":[{\"@type\":\"SearchAction\",\"target\":{\"@type\":\"EntryPoint\",\"urlTemplate\":\"https:\/\/tuzlainfo.ba\/?s={search_term_string}\"},\"query-input\":{\"@type\":\"PropertyValueSpecification\",\"valueRequired\":true,\"valueName\":\"search_term_string\"}}],\"inLanguage\":\"bs-BA\"},{\"@type\":\"Organization\",\"@id\":\"https:\/\/tuzlainfo.ba\/#organization\",\"name\":\"TuzlaInfo.ba\",\"url\":\"https:\/\/tuzlainfo.ba\/\",\"logo\":{\"@type\":\"ImageObject\",\"inLanguage\":\"bs-BA\",\"@id\":\"https:\/\/tuzlainfo.ba\/#\/schema\/logo\/image\/\",\"url\":\"https:\/\/tuzlainfo.ba\/wp-content\/uploads\/2021\/03\/logo-ver-3-1.png\",\"contentUrl\":\"https:\/\/tuzlainfo.ba\/wp-content\/uploads\/2021\/03\/logo-ver-3-1.png\",\"width\":350,\"height\":95,\"caption\":\"TuzlaInfo.ba\"},\"image\":{\"@id\":\"https:\/\/tuzlainfo.ba\/#\/schema\/logo\/image\/\"},\"sameAs\":[\"https:\/\/www.facebook.com\/tuzlainfo.ba\/\"]},{\"@type\":\"Person\",\"@id\":\"https:\/\/tuzlainfo.ba\/#\/schema\/person\/46cad4c57790cbc50781edd14870825a\",\"name\":\"Tuzla Info\",\"image\":{\"@type\":\"ImageObject\",\"inLanguage\":\"bs-BA\",\"@id\":\"https:\/\/tuzlainfo.ba\/#\/schema\/person\/image\/\",\"url\":\"https:\/\/tuzlainfo.ba\/wp-content\/litespeed\/avatar\/b6c453a6c38e3654f2e4416c643fc25c.jpg?ver=1777051911\",\"contentUrl\":\"https:\/\/tuzlainfo.ba\/wp-content\/litespeed\/avatar\/b6c453a6c38e3654f2e4416c643fc25c.jpg?ver=1777051911\",\"caption\":\"Tuzla Info\"}}]}<\/script>\n<!-- \/ Yoast SEO plugin. -->","yoast_head_json":{"title":"Vlada TK odobrila vi\u0161e od milion maraka za sport i kulturu - TuzlaInfo.ba","robots":{"index":"index","follow":"follow","max-snippet":"max-snippet:-1","max-image-preview":"max-image-preview:large","max-video-preview":"max-video-preview:-1"},"canonical":"https:\/\/tuzlainfo.ba\/index.php\/novosti\/item\/184758-vlada-tk-odobrila-vise-od-milion-maraka-za-sport-i-kulturu\/","og_locale":"bs_BA","og_type":"article","og_title":"Vlada TK odobrila vi\u0161e od milion maraka za sport i kulturu - TuzlaInfo.ba","og_description":"Vlada Tuzlanskog kantona je danas dala saglasnost na Odluku ministra za kulturu, sport i mlade&hellip;","og_url":"https:\/\/tuzlainfo.ba\/index.php\/novosti\/item\/184758-vlada-tk-odobrila-vise-od-milion-maraka-za-sport-i-kulturu\/","og_site_name":"TuzlaInfo.ba","article_publisher":"https:\/\/www.facebook.com\/tuzlainfo.ba\/","article_published_time":"2022-09-22T15:09:50+00:00","article_modified_time":"2022-09-22T12:32:39+00:00","og_image":[{"width":1000,"height":537,"url":"https:\/\/tuzlainfo.ba\/wp-content\/uploads\/2022\/04\/0504_vladatk.jpg","type":"image\/jpeg"}],"author":"Tuzla Info","twitter_card":"summary_large_image","twitter_misc":{"Written by":"Tuzla Info","Est. reading time":"1 minuta"},"schema":{"@context":"https:\/\/schema.org","@graph":[{"@type":"Article","@id":"https:\/\/tuzlainfo.ba\/index.php\/novosti\/item\/184758-vlada-tk-odobrila-vise-od-milion-maraka-za-sport-i-kulturu\/#article","isPartOf":{"@id":"https:\/\/tuzlainfo.ba\/index.php\/novosti\/item\/184758-vlada-tk-odobrila-vise-od-milion-maraka-za-sport-i-kulturu\/"},"author":{"name":"Tuzla Info","@id":"https:\/\/tuzlainfo.ba\/#\/schema\/person\/46cad4c57790cbc50781edd14870825a"},"headline":"Vlada TK odobrila vi\u0161e od milion maraka za sport i kulturu","datePublished":"2022-09-22T15:09:50+00:00","dateModified":"2022-09-22T12:32:39+00:00","mainEntityOfPage":{"@id":"https:\/\/tuzlainfo.ba\/index.php\/novosti\/item\/184758-vlada-tk-odobrila-vise-od-milion-maraka-za-sport-i-kulturu\/"},"wordCount":194,"commentCount":0,"publisher":{"@id":"https:\/\/tuzlainfo.ba\/#organization"},"image":{"@id":"https:\/\/tuzlainfo.ba\/index.php\/novosti\/item\/184758-vlada-tk-odobrila-vise-od-milion-maraka-za-sport-i-kulturu\/#primaryimage"},"thumbnailUrl":"https:\/\/tuzlainfo.ba\/wp-content\/uploads\/2022\/04\/0504_vladatk.jpg","keywords":["kultura","sport","vlada tk"],"articleSection":["Novosti"],"inLanguage":"bs-BA"},{"@type":"WebPage","@id":"https:\/\/tuzlainfo.ba\/index.php\/novosti\/item\/184758-vlada-tk-odobrila-vise-od-milion-maraka-za-sport-i-kulturu\/","url":"https:\/\/tuzlainfo.ba\/index.php\/novosti\/item\/184758-vlada-tk-odobrila-vise-od-milion-maraka-za-sport-i-kulturu\/","name":"Vlada TK odobrila vi\u0161e od milion maraka za sport i kulturu - TuzlaInfo.ba","isPartOf":{"@id":"https:\/\/tuzlainfo.ba\/#website"},"primaryImageOfPage":{"@id":"https:\/\/tuzlainfo.ba\/index.php\/novosti\/item\/184758-vlada-tk-odobrila-vise-od-milion-maraka-za-sport-i-kulturu\/#primaryimage"},"image":{"@id":"https:\/\/tuzlainfo.ba\/index.php\/novosti\/item\/184758-vlada-tk-odobrila-vise-od-milion-maraka-za-sport-i-kulturu\/#primaryimage"},"thumbnailUrl":"https:\/\/tuzlainfo.ba\/wp-content\/uploads\/2022\/04\/0504_vladatk.jpg","datePublished":"2022-09-22T15:09:50+00:00","dateModified":"2022-09-22T12:32:39+00:00","breadcrumb":{"@id":"https:\/\/tuzlainfo.ba\/index.php\/novosti\/item\/184758-vlada-tk-odobrila-vise-od-milion-maraka-za-sport-i-kulturu\/#breadcrumb"},"inLanguage":"bs-BA","potentialAction":[{"@type":"ReadAction","target":["https:\/\/tuzlainfo.ba\/index.php\/novosti\/item\/184758-vlada-tk-odobrila-vise-od-milion-maraka-za-sport-i-kulturu\/"]}]},{"@type":"ImageObject","inLanguage":"bs-BA","@id":"https:\/\/tuzlainfo.ba\/index.php\/novosti\/item\/184758-vlada-tk-odobrila-vise-od-milion-maraka-za-sport-i-kulturu\/#primaryimage","url":"https:\/\/tuzlainfo.ba\/wp-content\/uploads\/2022\/04\/0504_vladatk.jpg","contentUrl":"https:\/\/tuzlainfo.ba\/wp-content\/uploads\/2022\/04\/0504_vladatk.jpg","width":1000,"height":537},{"@type":"BreadcrumbList","@id":"https:\/\/tuzlainfo.ba\/index.php\/novosti\/item\/184758-vlada-tk-odobrila-vise-od-milion-maraka-za-sport-i-kulturu\/#breadcrumb","itemListElement":[{"@type":"ListItem","position":1,"name":"Home","item":"https:\/\/tuzlainfo.ba\/"},{"@type":"ListItem","position":2,"name":"Vlada TK odobrila vi\u0161e od milion maraka za sport i kulturu"}]},{"@type":"WebSite","@id":"https:\/\/tuzlainfo.ba\/#website","url":"https:\/\/tuzlainfo.ba\/","name":"TuzlaInfo.ba","description":"Tuzla info, gradski informator - Tuzla na dlanu","publisher":{"@id":"https:\/\/tuzlainfo.ba\/#organization"},"potentialAction":[{"@type":"SearchAction","target":{"@type":"EntryPoint","urlTemplate":"https:\/\/tuzlainfo.ba\/?s={search_term_string}"},"query-input":{"@type":"PropertyValueSpecification","valueRequired":true,"valueName":"search_term_string"}}],"inLanguage":"bs-BA"},{"@type":"Organization","@id":"https:\/\/tuzlainfo.ba\/#organization","name":"TuzlaInfo.ba","url":"https:\/\/tuzlainfo.ba\/","logo":{"@type":"ImageObject","inLanguage":"bs-BA","@id":"https:\/\/tuzlainfo.ba\/#\/schema\/logo\/image\/","url":"https:\/\/tuzlainfo.ba\/wp-content\/uploads\/2021\/03\/logo-ver-3-1.png","contentUrl":"https:\/\/tuzlainfo.ba\/wp-content\/uploads\/2021\/03\/logo-ver-3-1.png","width":350,"height":95,"caption":"TuzlaInfo.ba"},"image":{"@id":"https:\/\/tuzlainfo.ba\/#\/schema\/logo\/image\/"},"sameAs":["https:\/\/www.facebook.com\/tuzlainfo.ba\/"]},{"@type":"Person","@id":"https:\/\/tuzlainfo.ba\/#\/schema\/person\/46cad4c57790cbc50781edd14870825a","name":"Tuzla Info","image":{"@type":"ImageObject","inLanguage":"bs-BA","@id":"https:\/\/tuzlainfo.ba\/#\/schema\/person\/image\/","url":"https:\/\/tuzlainfo.ba\/wp-content\/litespeed\/avatar\/b6c453a6c38e3654f2e4416c643fc25c.jpg?ver=1777051911","contentUrl":"https:\/\/tuzlainfo.ba\/wp-content\/litespeed\/avatar\/b6c453a6c38e3654f2e4416c643fc25c.jpg?ver=1777051911","caption":"Tuzla Info"}}]}},"_links":{"self":[{"href":"https:\/\/tuzlainfo.ba\/index.php\/wp-json\/wp\/v2\/posts\/184758"}],"collection":[{"href":"https:\/\/tuzlainfo.ba\/index.php\/wp-json\/wp\/v2\/posts"}],"about":[{"href":"https:\/\/tuzlainfo.ba\/index.php\/wp-json\/wp\/v2\/types\/post"}],"author":[{"embeddable":true,"href":"https:\/\/tuzlainfo.ba\/index.php\/wp-json\/wp\/v2\/users\/4"}],"replies":[{"embeddable":true,"href":"https:\/\/tuzlainfo.ba\/index.php\/wp-json\/wp\/v2\/comments?post=184758"}],"version-history":[{"count":0,"href":"https:\/\/tuzlainfo.ba\/index.php\/wp-json\/wp\/v2\/posts\/184758\/revisions"}],"wp:featuredmedia":[{"embeddable":true,"href":"https:\/\/tuzlainfo.ba\/index.php\/wp-json\/wp\/v2\/media\/168524"}],"wp:attachment":[{"href":"https:\/\/tuzlainfo.ba\/index.php\/wp-json\/wp\/v2\/media?parent=184758"}],"wp:term":[{"taxonomy":"category","embeddable":true,"href":"https:\/\/tuzlainfo.ba\/index.php\/wp-json\/wp\/v2\/categories?post=184758"},{"taxonomy":"post_tag","embeddable":true,"href":"https:\/\/tuzlainfo.ba\/index.php\/wp-json\/wp\/v2\/tags?post=184758"}],"curies":[{"name":"wp","href":"https:\/\/api.w.org\/{rel}","templated":true}]}}