{"id":184674,"date":"2022-09-21T16:49:45","date_gmt":"2022-09-21T14:49:45","guid":{"rendered":"https:\/\/tuzlainfo.ba\/?p=184674"},"modified":"2022-09-21T15:34:52","modified_gmt":"2022-09-21T13:34:52","slug":"obiljezen-zlatni-septembar-na-trgu-slobode-u-tuzli","status":"publish","type":"post","link":"https:\/\/tuzlainfo.ba\/index.php\/novosti\/item\/184674-obiljezen-zlatni-septembar-na-trgu-slobode-u-tuzli\/","title":{"rendered":"Obilje\u017een &#8220;Zlatni septembar&#8221; na Trgu slobode u Tuzli"},"content":{"rendered":"<p>Udru\u017eenje porodica prijatelja djece oboljele i izlije\u010dene od leukemije \u00a0i drugih malignih bolesti (PIPOL) sa podru\u010dja Tuzlanskog kantona danas su realizovali centralnu aktivnosti povodom mjeseca svjesnosti o pojavi malignih oboljenja u dje\u010dijoj dobi.<\/p>\n<p>Zajedno sa u\u010denicima srednjih \u0161kola, izme\u0111u ostalog, oblikovali su \u017eivu\u00a0zlatnu vrpcu u znak podr\u0161ke djeci i mladim oboljelim i izlije\u010denim od raka i u znak sje\u0107anja za prerano preminule mali\u0161ane.<\/p>\n<p>&#8211; Na\u017ealost, Tuzlanski kanton dr\u017ei neslavnu prvu poziciju po pojavi malignih oboljenja u dje\u010dijem dobu. Svake godine se otprilike ustanovi oboljenje kod 12 do 16 mali\u0161ana. I ove godine nije ni\u0161ta druga\u010dija situacija. Prema posljednjim informacijama, trenutno kroz razli\u010dite faze bolni\u010dkog lije\u010denja prolazi oko desetero djece i mi se nadamo da \u0107e ove godine biti malo manji taj broj, a najsretniji bi bili da se ni kod jednog djeteta ne pojavi ta stra\u0161na dijagnoza &#8211; ka\u017ee\u00a0Amra Sara\u010devi\u0107, predsjednica Udru\u017eenja PIPOL.<\/p>\n<p>Podr\u0161ku realizaciji programa &#8220;Zlatni septembar&#8221; pru\u017eili su Grad Tuzla i Vlada TK.<\/p>\n<p>&#8211; Tokom cijelog mjeseca septembra radili smo konkretne stvari kao \u0161to je kupovina kompletnog \u0161kolskog pribora sa podru\u010dja TK, Br\u010dko Distrikta i dijela bh. entiteta RS za djecu koja se lije\u010de u UKC Tuzla, obradovali smo i njihovu bra\u0107u i sestre sa \u0161kolskim priborom, organizovali smo rehabilitacioni kamp za djecu i porodice. Rehabilitacija je sastavni dio lije\u010denja u zemljama zapadne Evrope i mi to poku\u0161amo ovdje uvesti. Do kraja mjeseca septembra vodit \u0107emo kampanju na dru\u0161tvenim mre\u017eama &#8211; ka\u017ee Amra Sara\u010devi\u0107, prenosi Fena.<\/p>\n","protected":false},"excerpt":{"rendered":"<p>Udru\u017eenje porodica prijatelja djece oboljele i izlije\u010dene od leukemije \u00a0i drugih malignih bolesti (PIPOL) sa&hellip;<\/p>\n","protected":false},"author":4,"featured_media":184675,"comment_status":"open","ping_status":"closed","sticky":false,"template":"","format":"standard","meta":{"_acf_changed":false,"footnotes":""},"categories":[304,12],"tags":[2584],"acf":[],"yoast_head":"<!-- This site is optimized with the Yoast SEO plugin v23.5 - https:\/\/yoast.com\/wordpress\/plugins\/seo\/ -->\n<title>Obilje\u017een &quot;Zlatni septembar&quot; na Trgu slobode u Tuzli - TuzlaInfo.ba<\/title>\n<meta name=\"robots\" content=\"index, follow, max-snippet:-1, max-image-preview:large, max-video-preview:-1\" \/>\n<link rel=\"canonical\" href=\"https:\/\/tuzlainfo.ba\/index.php\/novosti\/item\/184674-obiljezen-zlatni-septembar-na-trgu-slobode-u-tuzli\/\" \/>\n<meta property=\"og:locale\" content=\"bs_BA\" \/>\n<meta property=\"og:type\" content=\"article\" \/>\n<meta property=\"og:title\" content=\"Obilje\u017een &quot;Zlatni septembar&quot; na Trgu slobode u Tuzli - TuzlaInfo.ba\" \/>\n<meta property=\"og:description\" content=\"Udru\u017eenje porodica prijatelja djece oboljele i izlije\u010dene od leukemije \u00a0i drugih malignih bolesti (PIPOL) sa&hellip;\" \/>\n<meta property=\"og:url\" content=\"https:\/\/tuzlainfo.ba\/index.php\/novosti\/item\/184674-obiljezen-zlatni-septembar-na-trgu-slobode-u-tuzli\/\" \/>\n<meta property=\"og:site_name\" content=\"TuzlaInfo.ba\" \/>\n<meta property=\"article:publisher\" content=\"https:\/\/www.facebook.com\/tuzlainfo.ba\/\" \/>\n<meta property=\"article:published_time\" content=\"2022-09-21T14:49:45+00:00\" \/>\n<meta property=\"article:modified_time\" content=\"2022-09-21T13:34:52+00:00\" \/>\n<meta property=\"og:image\" content=\"https:\/\/tuzlainfo.ba\/wp-content\/uploads\/2022\/09\/2109-zlatni-septembar.jpg\" \/>\n\t<meta property=\"og:image:width\" content=\"1024\" \/>\n\t<meta property=\"og:image:height\" content=\"598\" \/>\n\t<meta property=\"og:image:type\" content=\"image\/jpeg\" \/>\n<meta name=\"author\" content=\"Tuzla Info\" \/>\n<meta name=\"twitter:card\" content=\"summary_large_image\" \/>\n<meta name=\"twitter:label1\" content=\"Written by\" \/>\n\t<meta name=\"twitter:data1\" content=\"Tuzla Info\" \/>\n\t<meta name=\"twitter:label2\" content=\"Est. reading time\" \/>\n\t<meta name=\"twitter:data2\" content=\"1 minuta\" \/>\n<script type=\"application\/ld+json\" class=\"yoast-schema-graph\">{\"@context\":\"https:\/\/schema.org\",\"@graph\":[{\"@type\":\"Article\",\"@id\":\"https:\/\/tuzlainfo.ba\/index.php\/novosti\/item\/184674-obiljezen-zlatni-septembar-na-trgu-slobode-u-tuzli\/#article\",\"isPartOf\":{\"@id\":\"https:\/\/tuzlainfo.ba\/index.php\/novosti\/item\/184674-obiljezen-zlatni-septembar-na-trgu-slobode-u-tuzli\/\"},\"author\":{\"name\":\"Tuzla Info\",\"@id\":\"https:\/\/tuzlainfo.ba\/#\/schema\/person\/46cad4c57790cbc50781edd14870825a\"},\"headline\":\"Obilje\u017een &#8220;Zlatni septembar&#8221; na Trgu slobode u Tuzli\",\"datePublished\":\"2022-09-21T14:49:45+00:00\",\"dateModified\":\"2022-09-21T13:34:52+00:00\",\"mainEntityOfPage\":{\"@id\":\"https:\/\/tuzlainfo.ba\/index.php\/novosti\/item\/184674-obiljezen-zlatni-septembar-na-trgu-slobode-u-tuzli\/\"},\"wordCount\":282,\"commentCount\":0,\"publisher\":{\"@id\":\"https:\/\/tuzlainfo.ba\/#organization\"},\"image\":{\"@id\":\"https:\/\/tuzlainfo.ba\/index.php\/novosti\/item\/184674-obiljezen-zlatni-septembar-na-trgu-slobode-u-tuzli\/#primaryimage\"},\"thumbnailUrl\":\"https:\/\/tuzlainfo.ba\/wp-content\/uploads\/2022\/09\/2109-zlatni-septembar.jpg\",\"keywords\":[\"zlatni septembar\"],\"articleSection\":[\"Istaknuto\",\"Novosti\"],\"inLanguage\":\"bs-BA\"},{\"@type\":\"WebPage\",\"@id\":\"https:\/\/tuzlainfo.ba\/index.php\/novosti\/item\/184674-obiljezen-zlatni-septembar-na-trgu-slobode-u-tuzli\/\",\"url\":\"https:\/\/tuzlainfo.ba\/index.php\/novosti\/item\/184674-obiljezen-zlatni-septembar-na-trgu-slobode-u-tuzli\/\",\"name\":\"Obilje\u017een \\\"Zlatni septembar\\\" na Trgu slobode u Tuzli - TuzlaInfo.ba\",\"isPartOf\":{\"@id\":\"https:\/\/tuzlainfo.ba\/#website\"},\"primaryImageOfPage\":{\"@id\":\"https:\/\/tuzlainfo.ba\/index.php\/novosti\/item\/184674-obiljezen-zlatni-septembar-na-trgu-slobode-u-tuzli\/#primaryimage\"},\"image\":{\"@id\":\"https:\/\/tuzlainfo.ba\/index.php\/novosti\/item\/184674-obiljezen-zlatni-septembar-na-trgu-slobode-u-tuzli\/#primaryimage\"},\"thumbnailUrl\":\"https:\/\/tuzlainfo.ba\/wp-content\/uploads\/2022\/09\/2109-zlatni-septembar.jpg\",\"datePublished\":\"2022-09-21T14:49:45+00:00\",\"dateModified\":\"2022-09-21T13:34:52+00:00\",\"breadcrumb\":{\"@id\":\"https:\/\/tuzlainfo.ba\/index.php\/novosti\/item\/184674-obiljezen-zlatni-septembar-na-trgu-slobode-u-tuzli\/#breadcrumb\"},\"inLanguage\":\"bs-BA\",\"potentialAction\":[{\"@type\":\"ReadAction\",\"target\":[\"https:\/\/tuzlainfo.ba\/index.php\/novosti\/item\/184674-obiljezen-zlatni-septembar-na-trgu-slobode-u-tuzli\/\"]}]},{\"@type\":\"ImageObject\",\"inLanguage\":\"bs-BA\",\"@id\":\"https:\/\/tuzlainfo.ba\/index.php\/novosti\/item\/184674-obiljezen-zlatni-septembar-na-trgu-slobode-u-tuzli\/#primaryimage\",\"url\":\"https:\/\/tuzlainfo.ba\/wp-content\/uploads\/2022\/09\/2109-zlatni-septembar.jpg\",\"contentUrl\":\"https:\/\/tuzlainfo.ba\/wp-content\/uploads\/2022\/09\/2109-zlatni-septembar.jpg\",\"width\":1024,\"height\":598,\"caption\":\"Foto: Fena\"},{\"@type\":\"BreadcrumbList\",\"@id\":\"https:\/\/tuzlainfo.ba\/index.php\/novosti\/item\/184674-obiljezen-zlatni-septembar-na-trgu-slobode-u-tuzli\/#breadcrumb\",\"itemListElement\":[{\"@type\":\"ListItem\",\"position\":1,\"name\":\"Home\",\"item\":\"https:\/\/tuzlainfo.ba\/\"},{\"@type\":\"ListItem\",\"position\":2,\"name\":\"Obilje\u017een &#8220;Zlatni septembar&#8221; na Trgu slobode u Tuzli\"}]},{\"@type\":\"WebSite\",\"@id\":\"https:\/\/tuzlainfo.ba\/#website\",\"url\":\"https:\/\/tuzlainfo.ba\/\",\"name\":\"TuzlaInfo.ba\",\"description\":\"Tuzla info, gradski informator - Tuzla na dlanu\",\"publisher\":{\"@id\":\"https:\/\/tuzlainfo.ba\/#organization\"},\"potentialAction\":[{\"@type\":\"SearchAction\",\"target\":{\"@type\":\"EntryPoint\",\"urlTemplate\":\"https:\/\/tuzlainfo.ba\/?s={search_term_string}\"},\"query-input\":{\"@type\":\"PropertyValueSpecification\",\"valueRequired\":true,\"valueName\":\"search_term_string\"}}],\"inLanguage\":\"bs-BA\"},{\"@type\":\"Organization\",\"@id\":\"https:\/\/tuzlainfo.ba\/#organization\",\"name\":\"TuzlaInfo.ba\",\"url\":\"https:\/\/tuzlainfo.ba\/\",\"logo\":{\"@type\":\"ImageObject\",\"inLanguage\":\"bs-BA\",\"@id\":\"https:\/\/tuzlainfo.ba\/#\/schema\/logo\/image\/\",\"url\":\"https:\/\/tuzlainfo.ba\/wp-content\/uploads\/2021\/03\/logo-ver-3-1.png\",\"contentUrl\":\"https:\/\/tuzlainfo.ba\/wp-content\/uploads\/2021\/03\/logo-ver-3-1.png\",\"width\":350,\"height\":95,\"caption\":\"TuzlaInfo.ba\"},\"image\":{\"@id\":\"https:\/\/tuzlainfo.ba\/#\/schema\/logo\/image\/\"},\"sameAs\":[\"https:\/\/www.facebook.com\/tuzlainfo.ba\/\"]},{\"@type\":\"Person\",\"@id\":\"https:\/\/tuzlainfo.ba\/#\/schema\/person\/46cad4c57790cbc50781edd14870825a\",\"name\":\"Tuzla Info\",\"image\":{\"@type\":\"ImageObject\",\"inLanguage\":\"bs-BA\",\"@id\":\"https:\/\/tuzlainfo.ba\/#\/schema\/person\/image\/\",\"url\":\"https:\/\/tuzlainfo.ba\/wp-content\/litespeed\/avatar\/b6c453a6c38e3654f2e4416c643fc25c.jpg?ver=1777051911\",\"contentUrl\":\"https:\/\/tuzlainfo.ba\/wp-content\/litespeed\/avatar\/b6c453a6c38e3654f2e4416c643fc25c.jpg?ver=1777051911\",\"caption\":\"Tuzla Info\"}}]}<\/script>\n<!-- \/ Yoast SEO plugin. -->","yoast_head_json":{"title":"Obilje\u017een \"Zlatni septembar\" na Trgu slobode u Tuzli - TuzlaInfo.ba","robots":{"index":"index","follow":"follow","max-snippet":"max-snippet:-1","max-image-preview":"max-image-preview:large","max-video-preview":"max-video-preview:-1"},"canonical":"https:\/\/tuzlainfo.ba\/index.php\/novosti\/item\/184674-obiljezen-zlatni-septembar-na-trgu-slobode-u-tuzli\/","og_locale":"bs_BA","og_type":"article","og_title":"Obilje\u017een \"Zlatni septembar\" na Trgu slobode u Tuzli - TuzlaInfo.ba","og_description":"Udru\u017eenje porodica prijatelja djece oboljele i izlije\u010dene od leukemije \u00a0i drugih malignih bolesti (PIPOL) sa&hellip;","og_url":"https:\/\/tuzlainfo.ba\/index.php\/novosti\/item\/184674-obiljezen-zlatni-septembar-na-trgu-slobode-u-tuzli\/","og_site_name":"TuzlaInfo.ba","article_publisher":"https:\/\/www.facebook.com\/tuzlainfo.ba\/","article_published_time":"2022-09-21T14:49:45+00:00","article_modified_time":"2022-09-21T13:34:52+00:00","og_image":[{"width":1024,"height":598,"url":"https:\/\/tuzlainfo.ba\/wp-content\/uploads\/2022\/09\/2109-zlatni-septembar.jpg","type":"image\/jpeg"}],"author":"Tuzla Info","twitter_card":"summary_large_image","twitter_misc":{"Written by":"Tuzla Info","Est. reading time":"1 minuta"},"schema":{"@context":"https:\/\/schema.org","@graph":[{"@type":"Article","@id":"https:\/\/tuzlainfo.ba\/index.php\/novosti\/item\/184674-obiljezen-zlatni-septembar-na-trgu-slobode-u-tuzli\/#article","isPartOf":{"@id":"https:\/\/tuzlainfo.ba\/index.php\/novosti\/item\/184674-obiljezen-zlatni-septembar-na-trgu-slobode-u-tuzli\/"},"author":{"name":"Tuzla Info","@id":"https:\/\/tuzlainfo.ba\/#\/schema\/person\/46cad4c57790cbc50781edd14870825a"},"headline":"Obilje\u017een &#8220;Zlatni septembar&#8221; na Trgu slobode u Tuzli","datePublished":"2022-09-21T14:49:45+00:00","dateModified":"2022-09-21T13:34:52+00:00","mainEntityOfPage":{"@id":"https:\/\/tuzlainfo.ba\/index.php\/novosti\/item\/184674-obiljezen-zlatni-septembar-na-trgu-slobode-u-tuzli\/"},"wordCount":282,"commentCount":0,"publisher":{"@id":"https:\/\/tuzlainfo.ba\/#organization"},"image":{"@id":"https:\/\/tuzlainfo.ba\/index.php\/novosti\/item\/184674-obiljezen-zlatni-septembar-na-trgu-slobode-u-tuzli\/#primaryimage"},"thumbnailUrl":"https:\/\/tuzlainfo.ba\/wp-content\/uploads\/2022\/09\/2109-zlatni-septembar.jpg","keywords":["zlatni septembar"],"articleSection":["Istaknuto","Novosti"],"inLanguage":"bs-BA"},{"@type":"WebPage","@id":"https:\/\/tuzlainfo.ba\/index.php\/novosti\/item\/184674-obiljezen-zlatni-septembar-na-trgu-slobode-u-tuzli\/","url":"https:\/\/tuzlainfo.ba\/index.php\/novosti\/item\/184674-obiljezen-zlatni-septembar-na-trgu-slobode-u-tuzli\/","name":"Obilje\u017een \"Zlatni septembar\" na Trgu slobode u Tuzli - TuzlaInfo.ba","isPartOf":{"@id":"https:\/\/tuzlainfo.ba\/#website"},"primaryImageOfPage":{"@id":"https:\/\/tuzlainfo.ba\/index.php\/novosti\/item\/184674-obiljezen-zlatni-septembar-na-trgu-slobode-u-tuzli\/#primaryimage"},"image":{"@id":"https:\/\/tuzlainfo.ba\/index.php\/novosti\/item\/184674-obiljezen-zlatni-septembar-na-trgu-slobode-u-tuzli\/#primaryimage"},"thumbnailUrl":"https:\/\/tuzlainfo.ba\/wp-content\/uploads\/2022\/09\/2109-zlatni-septembar.jpg","datePublished":"2022-09-21T14:49:45+00:00","dateModified":"2022-09-21T13:34:52+00:00","breadcrumb":{"@id":"https:\/\/tuzlainfo.ba\/index.php\/novosti\/item\/184674-obiljezen-zlatni-septembar-na-trgu-slobode-u-tuzli\/#breadcrumb"},"inLanguage":"bs-BA","potentialAction":[{"@type":"ReadAction","target":["https:\/\/tuzlainfo.ba\/index.php\/novosti\/item\/184674-obiljezen-zlatni-septembar-na-trgu-slobode-u-tuzli\/"]}]},{"@type":"ImageObject","inLanguage":"bs-BA","@id":"https:\/\/tuzlainfo.ba\/index.php\/novosti\/item\/184674-obiljezen-zlatni-septembar-na-trgu-slobode-u-tuzli\/#primaryimage","url":"https:\/\/tuzlainfo.ba\/wp-content\/uploads\/2022\/09\/2109-zlatni-septembar.jpg","contentUrl":"https:\/\/tuzlainfo.ba\/wp-content\/uploads\/2022\/09\/2109-zlatni-septembar.jpg","width":1024,"height":598,"caption":"Foto: Fena"},{"@type":"BreadcrumbList","@id":"https:\/\/tuzlainfo.ba\/index.php\/novosti\/item\/184674-obiljezen-zlatni-septembar-na-trgu-slobode-u-tuzli\/#breadcrumb","itemListElement":[{"@type":"ListItem","position":1,"name":"Home","item":"https:\/\/tuzlainfo.ba\/"},{"@type":"ListItem","position":2,"name":"Obilje\u017een &#8220;Zlatni septembar&#8221; na Trgu slobode u Tuzli"}]},{"@type":"WebSite","@id":"https:\/\/tuzlainfo.ba\/#website","url":"https:\/\/tuzlainfo.ba\/","name":"TuzlaInfo.ba","description":"Tuzla info, gradski informator - Tuzla na dlanu","publisher":{"@id":"https:\/\/tuzlainfo.ba\/#organization"},"potentialAction":[{"@type":"SearchAction","target":{"@type":"EntryPoint","urlTemplate":"https:\/\/tuzlainfo.ba\/?s={search_term_string}"},"query-input":{"@type":"PropertyValueSpecification","valueRequired":true,"valueName":"search_term_string"}}],"inLanguage":"bs-BA"},{"@type":"Organization","@id":"https:\/\/tuzlainfo.ba\/#organization","name":"TuzlaInfo.ba","url":"https:\/\/tuzlainfo.ba\/","logo":{"@type":"ImageObject","inLanguage":"bs-BA","@id":"https:\/\/tuzlainfo.ba\/#\/schema\/logo\/image\/","url":"https:\/\/tuzlainfo.ba\/wp-content\/uploads\/2021\/03\/logo-ver-3-1.png","contentUrl":"https:\/\/tuzlainfo.ba\/wp-content\/uploads\/2021\/03\/logo-ver-3-1.png","width":350,"height":95,"caption":"TuzlaInfo.ba"},"image":{"@id":"https:\/\/tuzlainfo.ba\/#\/schema\/logo\/image\/"},"sameAs":["https:\/\/www.facebook.com\/tuzlainfo.ba\/"]},{"@type":"Person","@id":"https:\/\/tuzlainfo.ba\/#\/schema\/person\/46cad4c57790cbc50781edd14870825a","name":"Tuzla Info","image":{"@type":"ImageObject","inLanguage":"bs-BA","@id":"https:\/\/tuzlainfo.ba\/#\/schema\/person\/image\/","url":"https:\/\/tuzlainfo.ba\/wp-content\/litespeed\/avatar\/b6c453a6c38e3654f2e4416c643fc25c.jpg?ver=1777051911","contentUrl":"https:\/\/tuzlainfo.ba\/wp-content\/litespeed\/avatar\/b6c453a6c38e3654f2e4416c643fc25c.jpg?ver=1777051911","caption":"Tuzla Info"}}]}},"_links":{"self":[{"href":"https:\/\/tuzlainfo.ba\/index.php\/wp-json\/wp\/v2\/posts\/184674"}],"collection":[{"href":"https:\/\/tuzlainfo.ba\/index.php\/wp-json\/wp\/v2\/posts"}],"about":[{"href":"https:\/\/tuzlainfo.ba\/index.php\/wp-json\/wp\/v2\/types\/post"}],"author":[{"embeddable":true,"href":"https:\/\/tuzlainfo.ba\/index.php\/wp-json\/wp\/v2\/users\/4"}],"replies":[{"embeddable":true,"href":"https:\/\/tuzlainfo.ba\/index.php\/wp-json\/wp\/v2\/comments?post=184674"}],"version-history":[{"count":0,"href":"https:\/\/tuzlainfo.ba\/index.php\/wp-json\/wp\/v2\/posts\/184674\/revisions"}],"wp:featuredmedia":[{"embeddable":true,"href":"https:\/\/tuzlainfo.ba\/index.php\/wp-json\/wp\/v2\/media\/184675"}],"wp:attachment":[{"href":"https:\/\/tuzlainfo.ba\/index.php\/wp-json\/wp\/v2\/media?parent=184674"}],"wp:term":[{"taxonomy":"category","embeddable":true,"href":"https:\/\/tuzlainfo.ba\/index.php\/wp-json\/wp\/v2\/categories?post=184674"},{"taxonomy":"post_tag","embeddable":true,"href":"https:\/\/tuzlainfo.ba\/index.php\/wp-json\/wp\/v2\/tags?post=184674"}],"curies":[{"name":"wp","href":"https:\/\/api.w.org\/{rel}","templated":true}]}}