{"id":184557,"date":"2022-09-20T18:10:22","date_gmt":"2022-09-20T16:10:22","guid":{"rendered":"https:\/\/tuzlainfo.ba\/?p=184557"},"modified":"2022-09-20T17:14:09","modified_gmt":"2022-09-20T15:14:09","slug":"nub-tuzla-u-subotu-knjizevno-vece-sa-alminom-kaplanom","status":"publish","type":"post","link":"https:\/\/tuzlainfo.ba\/index.php\/najava-dogadaja-2\/item\/184557-nub-tuzla-u-subotu-knjizevno-vece-sa-alminom-kaplanom\/","title":{"rendered":"NUB Tuzla: U subotu knji\u017eevno ve\u010de sa Alminom Kaplanom"},"content":{"rendered":"<p>U subotu 24. septembra 2022.godine u 18 sati u tuzlanskoj biblioteci &#8220;Dervi\u0161 Su\u0161i\u0107&#8221; odr\u017eati \u0107e se knji\u017eevno ve\u010de sa Alminom Kaplanom.<\/p>\n<p>Moderatorice: Enisa Alibali\u0107 i Manda Ili\u0107.<\/p>\n<p>&#8220;Na prvim stranicama svog dnevnika, Almin Kaplan je zasadio sjemenke paradajza. Na zadnjim stranicama knjige, on \u0107e ve\u0107 zrele paradajze pobrati i spremiti za ru\u010dak. Mo\u017ee li biti jednostavniji okvir toka i smjene godi\u0161njih doba koji su detaljno opisani na ovim stranicama. \u201eKu\u0107ni ljudi\u201c su, naime, pisani u toku prolje\u0107a i ljeta 2021. godine. Istini za volju, zbog jezi\u010dne korektnosti, treba re\u0107i da se u tekstu ne spominje paradajz, nego kavada kako se ovaj rajski plod zove u Kaplanovoj Hercegovinu. U knjizi je opisan svakodnevni \u017eivot pisca i njegove porodice okupljenih oko ku\u0107e u Dubravama kod Stoca. To je isti onaj krajolik u koji je pisac smjestio doga\u0111aje svojih romana i kratkih pri\u010da, tako da \u201eKu\u0107ni ljudi\u201c donose novi, dublji uvid u njegov knji\u017eevni svijet. Ovo je knjiga koju su udru\u017eenim snagama pisali Kaplan pjesnik i romansijer Kaplan, mo\u017eda njegova najva\u017enija knjiga do sada.&#8221; Semezdin Mehmedinovi\u0107<\/p>\n<p>&nbsp;<\/p>\n<p>Almin Kaplan (1985) bosanskohercegova\u010dki je pjesnik i prozaist. Pored knjiga poezije, objavio je \u010detiri knjige proze: Trganje, Meho, Dubravske pri\u010de i Ku\u0107ni ljudi. Dobitnik je nekoliko knji\u017eevnih nagrada me\u0111u kojima i nagrada &#8220;Mak Dizdar&#8221;, &#8220;Ratkovi\u0107eve ve\u010deri poezije&#8221;, &#8220;Zija Dizdarevi\u0107&#8221; i &#8220;Edo Budi\u0161a&#8221;. \u017divi u Rivinama kod Stoca.<\/p>\n","protected":false},"excerpt":{"rendered":"<p>U subotu 24. septembra 2022.godine u 18 sati u tuzlanskoj biblioteci &#8220;Dervi\u0161 Su\u0161i\u0107&#8221; odr\u017eati \u0107e&hellip;<\/p>\n","protected":false},"author":4,"featured_media":86672,"comment_status":"open","ping_status":"closed","sticky":false,"template":"","format":"standard","meta":{"_acf_changed":false,"footnotes":""},"categories":[11],"tags":[3139],"acf":[],"yoast_head":"<!-- This site is optimized with the Yoast SEO plugin v23.5 - https:\/\/yoast.com\/wordpress\/plugins\/seo\/ -->\n<title>NUB Tuzla: U subotu knji\u017eevno ve\u010de sa Alminom Kaplanom - TuzlaInfo.ba<\/title>\n<meta name=\"robots\" content=\"index, follow, max-snippet:-1, max-image-preview:large, max-video-preview:-1\" \/>\n<link rel=\"canonical\" href=\"https:\/\/tuzlainfo.ba\/index.php\/najava-dogadaja-2\/item\/184557-nub-tuzla-u-subotu-knjizevno-vece-sa-alminom-kaplanom\/\" \/>\n<meta property=\"og:locale\" content=\"bs_BA\" \/>\n<meta property=\"og:type\" content=\"article\" \/>\n<meta property=\"og:title\" content=\"NUB Tuzla: U subotu knji\u017eevno ve\u010de sa Alminom Kaplanom - TuzlaInfo.ba\" \/>\n<meta property=\"og:description\" content=\"U subotu 24. septembra 2022.godine u 18 sati u tuzlanskoj biblioteci &#8220;Dervi\u0161 Su\u0161i\u0107&#8221; odr\u017eati \u0107e&hellip;\" \/>\n<meta property=\"og:url\" content=\"https:\/\/tuzlainfo.ba\/index.php\/najava-dogadaja-2\/item\/184557-nub-tuzla-u-subotu-knjizevno-vece-sa-alminom-kaplanom\/\" \/>\n<meta property=\"og:site_name\" content=\"TuzlaInfo.ba\" \/>\n<meta property=\"article:publisher\" content=\"https:\/\/www.facebook.com\/tuzlainfo.ba\/\" \/>\n<meta property=\"article:published_time\" content=\"2022-09-20T16:10:22+00:00\" \/>\n<meta property=\"article:modified_time\" content=\"2022-09-20T15:14:09+00:00\" \/>\n<meta property=\"og:image\" content=\"https:\/\/tuzlainfo.ba\/wp-content\/uploads\/2021\/02\/sadrzaj_2021_20210101_01012021_biblioteka.jpg\" \/>\n\t<meta property=\"og:image:width\" content=\"1024\" \/>\n\t<meta property=\"og:image:height\" content=\"640\" \/>\n\t<meta property=\"og:image:type\" content=\"image\/jpeg\" \/>\n<meta name=\"author\" content=\"Tuzla Info\" \/>\n<meta name=\"twitter:card\" content=\"summary_large_image\" \/>\n<meta name=\"twitter:label1\" content=\"Written by\" \/>\n\t<meta name=\"twitter:data1\" content=\"Tuzla Info\" \/>\n\t<meta name=\"twitter:label2\" content=\"Est. reading time\" \/>\n\t<meta name=\"twitter:data2\" content=\"1 minuta\" \/>\n<script type=\"application\/ld+json\" class=\"yoast-schema-graph\">{\"@context\":\"https:\/\/schema.org\",\"@graph\":[{\"@type\":\"Article\",\"@id\":\"https:\/\/tuzlainfo.ba\/index.php\/najava-dogadaja-2\/item\/184557-nub-tuzla-u-subotu-knjizevno-vece-sa-alminom-kaplanom\/#article\",\"isPartOf\":{\"@id\":\"https:\/\/tuzlainfo.ba\/index.php\/najava-dogadaja-2\/item\/184557-nub-tuzla-u-subotu-knjizevno-vece-sa-alminom-kaplanom\/\"},\"author\":{\"name\":\"Tuzla Info\",\"@id\":\"https:\/\/tuzlainfo.ba\/#\/schema\/person\/46cad4c57790cbc50781edd14870825a\"},\"headline\":\"NUB Tuzla: U subotu knji\u017eevno ve\u010de sa Alminom Kaplanom\",\"datePublished\":\"2022-09-20T16:10:22+00:00\",\"dateModified\":\"2022-09-20T15:14:09+00:00\",\"mainEntityOfPage\":{\"@id\":\"https:\/\/tuzlainfo.ba\/index.php\/najava-dogadaja-2\/item\/184557-nub-tuzla-u-subotu-knjizevno-vece-sa-alminom-kaplanom\/\"},\"wordCount\":255,\"commentCount\":0,\"publisher\":{\"@id\":\"https:\/\/tuzlainfo.ba\/#organization\"},\"image\":{\"@id\":\"https:\/\/tuzlainfo.ba\/index.php\/najava-dogadaja-2\/item\/184557-nub-tuzla-u-subotu-knjizevno-vece-sa-alminom-kaplanom\/#primaryimage\"},\"thumbnailUrl\":\"https:\/\/tuzlainfo.ba\/wp-content\/uploads\/2021\/02\/sadrzaj_2021_20210101_01012021_biblioteka.jpg\",\"keywords\":[\"Narodna biblioteka Dervi\u0161 Su\u0161i\u0107\"],\"articleSection\":[\"Najave i doga\u0111aji\"],\"inLanguage\":\"bs-BA\"},{\"@type\":\"WebPage\",\"@id\":\"https:\/\/tuzlainfo.ba\/index.php\/najava-dogadaja-2\/item\/184557-nub-tuzla-u-subotu-knjizevno-vece-sa-alminom-kaplanom\/\",\"url\":\"https:\/\/tuzlainfo.ba\/index.php\/najava-dogadaja-2\/item\/184557-nub-tuzla-u-subotu-knjizevno-vece-sa-alminom-kaplanom\/\",\"name\":\"NUB Tuzla: U subotu knji\u017eevno ve\u010de sa Alminom Kaplanom - TuzlaInfo.ba\",\"isPartOf\":{\"@id\":\"https:\/\/tuzlainfo.ba\/#website\"},\"primaryImageOfPage\":{\"@id\":\"https:\/\/tuzlainfo.ba\/index.php\/najava-dogadaja-2\/item\/184557-nub-tuzla-u-subotu-knjizevno-vece-sa-alminom-kaplanom\/#primaryimage\"},\"image\":{\"@id\":\"https:\/\/tuzlainfo.ba\/index.php\/najava-dogadaja-2\/item\/184557-nub-tuzla-u-subotu-knjizevno-vece-sa-alminom-kaplanom\/#primaryimage\"},\"thumbnailUrl\":\"https:\/\/tuzlainfo.ba\/wp-content\/uploads\/2021\/02\/sadrzaj_2021_20210101_01012021_biblioteka.jpg\",\"datePublished\":\"2022-09-20T16:10:22+00:00\",\"dateModified\":\"2022-09-20T15:14:09+00:00\",\"breadcrumb\":{\"@id\":\"https:\/\/tuzlainfo.ba\/index.php\/najava-dogadaja-2\/item\/184557-nub-tuzla-u-subotu-knjizevno-vece-sa-alminom-kaplanom\/#breadcrumb\"},\"inLanguage\":\"bs-BA\",\"potentialAction\":[{\"@type\":\"ReadAction\",\"target\":[\"https:\/\/tuzlainfo.ba\/index.php\/najava-dogadaja-2\/item\/184557-nub-tuzla-u-subotu-knjizevno-vece-sa-alminom-kaplanom\/\"]}]},{\"@type\":\"ImageObject\",\"inLanguage\":\"bs-BA\",\"@id\":\"https:\/\/tuzlainfo.ba\/index.php\/najava-dogadaja-2\/item\/184557-nub-tuzla-u-subotu-knjizevno-vece-sa-alminom-kaplanom\/#primaryimage\",\"url\":\"https:\/\/tuzlainfo.ba\/wp-content\/uploads\/2021\/02\/sadrzaj_2021_20210101_01012021_biblioteka.jpg\",\"contentUrl\":\"https:\/\/tuzlainfo.ba\/wp-content\/uploads\/2021\/02\/sadrzaj_2021_20210101_01012021_biblioteka.jpg\",\"width\":1024,\"height\":640,\"caption\":\"01012021 biblioteka\"},{\"@type\":\"BreadcrumbList\",\"@id\":\"https:\/\/tuzlainfo.ba\/index.php\/najava-dogadaja-2\/item\/184557-nub-tuzla-u-subotu-knjizevno-vece-sa-alminom-kaplanom\/#breadcrumb\",\"itemListElement\":[{\"@type\":\"ListItem\",\"position\":1,\"name\":\"Home\",\"item\":\"https:\/\/tuzlainfo.ba\/\"},{\"@type\":\"ListItem\",\"position\":2,\"name\":\"NUB Tuzla: U subotu knji\u017eevno ve\u010de sa Alminom Kaplanom\"}]},{\"@type\":\"WebSite\",\"@id\":\"https:\/\/tuzlainfo.ba\/#website\",\"url\":\"https:\/\/tuzlainfo.ba\/\",\"name\":\"TuzlaInfo.ba\",\"description\":\"Tuzla info, gradski informator - Tuzla na dlanu\",\"publisher\":{\"@id\":\"https:\/\/tuzlainfo.ba\/#organization\"},\"potentialAction\":[{\"@type\":\"SearchAction\",\"target\":{\"@type\":\"EntryPoint\",\"urlTemplate\":\"https:\/\/tuzlainfo.ba\/?s={search_term_string}\"},\"query-input\":{\"@type\":\"PropertyValueSpecification\",\"valueRequired\":true,\"valueName\":\"search_term_string\"}}],\"inLanguage\":\"bs-BA\"},{\"@type\":\"Organization\",\"@id\":\"https:\/\/tuzlainfo.ba\/#organization\",\"name\":\"TuzlaInfo.ba\",\"url\":\"https:\/\/tuzlainfo.ba\/\",\"logo\":{\"@type\":\"ImageObject\",\"inLanguage\":\"bs-BA\",\"@id\":\"https:\/\/tuzlainfo.ba\/#\/schema\/logo\/image\/\",\"url\":\"https:\/\/tuzlainfo.ba\/wp-content\/uploads\/2021\/03\/logo-ver-3-1.png\",\"contentUrl\":\"https:\/\/tuzlainfo.ba\/wp-content\/uploads\/2021\/03\/logo-ver-3-1.png\",\"width\":350,\"height\":95,\"caption\":\"TuzlaInfo.ba\"},\"image\":{\"@id\":\"https:\/\/tuzlainfo.ba\/#\/schema\/logo\/image\/\"},\"sameAs\":[\"https:\/\/www.facebook.com\/tuzlainfo.ba\/\"]},{\"@type\":\"Person\",\"@id\":\"https:\/\/tuzlainfo.ba\/#\/schema\/person\/46cad4c57790cbc50781edd14870825a\",\"name\":\"Tuzla Info\",\"image\":{\"@type\":\"ImageObject\",\"inLanguage\":\"bs-BA\",\"@id\":\"https:\/\/tuzlainfo.ba\/#\/schema\/person\/image\/\",\"url\":\"https:\/\/tuzlainfo.ba\/wp-content\/litespeed\/avatar\/b6c453a6c38e3654f2e4416c643fc25c.jpg?ver=1777051911\",\"contentUrl\":\"https:\/\/tuzlainfo.ba\/wp-content\/litespeed\/avatar\/b6c453a6c38e3654f2e4416c643fc25c.jpg?ver=1777051911\",\"caption\":\"Tuzla Info\"}}]}<\/script>\n<!-- \/ Yoast SEO plugin. -->","yoast_head_json":{"title":"NUB Tuzla: U subotu knji\u017eevno ve\u010de sa Alminom Kaplanom - TuzlaInfo.ba","robots":{"index":"index","follow":"follow","max-snippet":"max-snippet:-1","max-image-preview":"max-image-preview:large","max-video-preview":"max-video-preview:-1"},"canonical":"https:\/\/tuzlainfo.ba\/index.php\/najava-dogadaja-2\/item\/184557-nub-tuzla-u-subotu-knjizevno-vece-sa-alminom-kaplanom\/","og_locale":"bs_BA","og_type":"article","og_title":"NUB Tuzla: U subotu knji\u017eevno ve\u010de sa Alminom Kaplanom - TuzlaInfo.ba","og_description":"U subotu 24. septembra 2022.godine u 18 sati u tuzlanskoj biblioteci &#8220;Dervi\u0161 Su\u0161i\u0107&#8221; odr\u017eati \u0107e&hellip;","og_url":"https:\/\/tuzlainfo.ba\/index.php\/najava-dogadaja-2\/item\/184557-nub-tuzla-u-subotu-knjizevno-vece-sa-alminom-kaplanom\/","og_site_name":"TuzlaInfo.ba","article_publisher":"https:\/\/www.facebook.com\/tuzlainfo.ba\/","article_published_time":"2022-09-20T16:10:22+00:00","article_modified_time":"2022-09-20T15:14:09+00:00","og_image":[{"width":1024,"height":640,"url":"https:\/\/tuzlainfo.ba\/wp-content\/uploads\/2021\/02\/sadrzaj_2021_20210101_01012021_biblioteka.jpg","type":"image\/jpeg"}],"author":"Tuzla Info","twitter_card":"summary_large_image","twitter_misc":{"Written by":"Tuzla Info","Est. reading time":"1 minuta"},"schema":{"@context":"https:\/\/schema.org","@graph":[{"@type":"Article","@id":"https:\/\/tuzlainfo.ba\/index.php\/najava-dogadaja-2\/item\/184557-nub-tuzla-u-subotu-knjizevno-vece-sa-alminom-kaplanom\/#article","isPartOf":{"@id":"https:\/\/tuzlainfo.ba\/index.php\/najava-dogadaja-2\/item\/184557-nub-tuzla-u-subotu-knjizevno-vece-sa-alminom-kaplanom\/"},"author":{"name":"Tuzla Info","@id":"https:\/\/tuzlainfo.ba\/#\/schema\/person\/46cad4c57790cbc50781edd14870825a"},"headline":"NUB Tuzla: U subotu knji\u017eevno ve\u010de sa Alminom Kaplanom","datePublished":"2022-09-20T16:10:22+00:00","dateModified":"2022-09-20T15:14:09+00:00","mainEntityOfPage":{"@id":"https:\/\/tuzlainfo.ba\/index.php\/najava-dogadaja-2\/item\/184557-nub-tuzla-u-subotu-knjizevno-vece-sa-alminom-kaplanom\/"},"wordCount":255,"commentCount":0,"publisher":{"@id":"https:\/\/tuzlainfo.ba\/#organization"},"image":{"@id":"https:\/\/tuzlainfo.ba\/index.php\/najava-dogadaja-2\/item\/184557-nub-tuzla-u-subotu-knjizevno-vece-sa-alminom-kaplanom\/#primaryimage"},"thumbnailUrl":"https:\/\/tuzlainfo.ba\/wp-content\/uploads\/2021\/02\/sadrzaj_2021_20210101_01012021_biblioteka.jpg","keywords":["Narodna biblioteka Dervi\u0161 Su\u0161i\u0107"],"articleSection":["Najave i doga\u0111aji"],"inLanguage":"bs-BA"},{"@type":"WebPage","@id":"https:\/\/tuzlainfo.ba\/index.php\/najava-dogadaja-2\/item\/184557-nub-tuzla-u-subotu-knjizevno-vece-sa-alminom-kaplanom\/","url":"https:\/\/tuzlainfo.ba\/index.php\/najava-dogadaja-2\/item\/184557-nub-tuzla-u-subotu-knjizevno-vece-sa-alminom-kaplanom\/","name":"NUB Tuzla: U subotu knji\u017eevno ve\u010de sa Alminom Kaplanom - TuzlaInfo.ba","isPartOf":{"@id":"https:\/\/tuzlainfo.ba\/#website"},"primaryImageOfPage":{"@id":"https:\/\/tuzlainfo.ba\/index.php\/najava-dogadaja-2\/item\/184557-nub-tuzla-u-subotu-knjizevno-vece-sa-alminom-kaplanom\/#primaryimage"},"image":{"@id":"https:\/\/tuzlainfo.ba\/index.php\/najava-dogadaja-2\/item\/184557-nub-tuzla-u-subotu-knjizevno-vece-sa-alminom-kaplanom\/#primaryimage"},"thumbnailUrl":"https:\/\/tuzlainfo.ba\/wp-content\/uploads\/2021\/02\/sadrzaj_2021_20210101_01012021_biblioteka.jpg","datePublished":"2022-09-20T16:10:22+00:00","dateModified":"2022-09-20T15:14:09+00:00","breadcrumb":{"@id":"https:\/\/tuzlainfo.ba\/index.php\/najava-dogadaja-2\/item\/184557-nub-tuzla-u-subotu-knjizevno-vece-sa-alminom-kaplanom\/#breadcrumb"},"inLanguage":"bs-BA","potentialAction":[{"@type":"ReadAction","target":["https:\/\/tuzlainfo.ba\/index.php\/najava-dogadaja-2\/item\/184557-nub-tuzla-u-subotu-knjizevno-vece-sa-alminom-kaplanom\/"]}]},{"@type":"ImageObject","inLanguage":"bs-BA","@id":"https:\/\/tuzlainfo.ba\/index.php\/najava-dogadaja-2\/item\/184557-nub-tuzla-u-subotu-knjizevno-vece-sa-alminom-kaplanom\/#primaryimage","url":"https:\/\/tuzlainfo.ba\/wp-content\/uploads\/2021\/02\/sadrzaj_2021_20210101_01012021_biblioteka.jpg","contentUrl":"https:\/\/tuzlainfo.ba\/wp-content\/uploads\/2021\/02\/sadrzaj_2021_20210101_01012021_biblioteka.jpg","width":1024,"height":640,"caption":"01012021 biblioteka"},{"@type":"BreadcrumbList","@id":"https:\/\/tuzlainfo.ba\/index.php\/najava-dogadaja-2\/item\/184557-nub-tuzla-u-subotu-knjizevno-vece-sa-alminom-kaplanom\/#breadcrumb","itemListElement":[{"@type":"ListItem","position":1,"name":"Home","item":"https:\/\/tuzlainfo.ba\/"},{"@type":"ListItem","position":2,"name":"NUB Tuzla: U subotu knji\u017eevno ve\u010de sa Alminom Kaplanom"}]},{"@type":"WebSite","@id":"https:\/\/tuzlainfo.ba\/#website","url":"https:\/\/tuzlainfo.ba\/","name":"TuzlaInfo.ba","description":"Tuzla info, gradski informator - Tuzla na dlanu","publisher":{"@id":"https:\/\/tuzlainfo.ba\/#organization"},"potentialAction":[{"@type":"SearchAction","target":{"@type":"EntryPoint","urlTemplate":"https:\/\/tuzlainfo.ba\/?s={search_term_string}"},"query-input":{"@type":"PropertyValueSpecification","valueRequired":true,"valueName":"search_term_string"}}],"inLanguage":"bs-BA"},{"@type":"Organization","@id":"https:\/\/tuzlainfo.ba\/#organization","name":"TuzlaInfo.ba","url":"https:\/\/tuzlainfo.ba\/","logo":{"@type":"ImageObject","inLanguage":"bs-BA","@id":"https:\/\/tuzlainfo.ba\/#\/schema\/logo\/image\/","url":"https:\/\/tuzlainfo.ba\/wp-content\/uploads\/2021\/03\/logo-ver-3-1.png","contentUrl":"https:\/\/tuzlainfo.ba\/wp-content\/uploads\/2021\/03\/logo-ver-3-1.png","width":350,"height":95,"caption":"TuzlaInfo.ba"},"image":{"@id":"https:\/\/tuzlainfo.ba\/#\/schema\/logo\/image\/"},"sameAs":["https:\/\/www.facebook.com\/tuzlainfo.ba\/"]},{"@type":"Person","@id":"https:\/\/tuzlainfo.ba\/#\/schema\/person\/46cad4c57790cbc50781edd14870825a","name":"Tuzla Info","image":{"@type":"ImageObject","inLanguage":"bs-BA","@id":"https:\/\/tuzlainfo.ba\/#\/schema\/person\/image\/","url":"https:\/\/tuzlainfo.ba\/wp-content\/litespeed\/avatar\/b6c453a6c38e3654f2e4416c643fc25c.jpg?ver=1777051911","contentUrl":"https:\/\/tuzlainfo.ba\/wp-content\/litespeed\/avatar\/b6c453a6c38e3654f2e4416c643fc25c.jpg?ver=1777051911","caption":"Tuzla Info"}}]}},"_links":{"self":[{"href":"https:\/\/tuzlainfo.ba\/index.php\/wp-json\/wp\/v2\/posts\/184557"}],"collection":[{"href":"https:\/\/tuzlainfo.ba\/index.php\/wp-json\/wp\/v2\/posts"}],"about":[{"href":"https:\/\/tuzlainfo.ba\/index.php\/wp-json\/wp\/v2\/types\/post"}],"author":[{"embeddable":true,"href":"https:\/\/tuzlainfo.ba\/index.php\/wp-json\/wp\/v2\/users\/4"}],"replies":[{"embeddable":true,"href":"https:\/\/tuzlainfo.ba\/index.php\/wp-json\/wp\/v2\/comments?post=184557"}],"version-history":[{"count":0,"href":"https:\/\/tuzlainfo.ba\/index.php\/wp-json\/wp\/v2\/posts\/184557\/revisions"}],"wp:featuredmedia":[{"embeddable":true,"href":"https:\/\/tuzlainfo.ba\/index.php\/wp-json\/wp\/v2\/media\/86672"}],"wp:attachment":[{"href":"https:\/\/tuzlainfo.ba\/index.php\/wp-json\/wp\/v2\/media?parent=184557"}],"wp:term":[{"taxonomy":"category","embeddable":true,"href":"https:\/\/tuzlainfo.ba\/index.php\/wp-json\/wp\/v2\/categories?post=184557"},{"taxonomy":"post_tag","embeddable":true,"href":"https:\/\/tuzlainfo.ba\/index.php\/wp-json\/wp\/v2\/tags?post=184557"}],"curies":[{"name":"wp","href":"https:\/\/api.w.org\/{rel}","templated":true}]}}