{"id":184368,"date":"2022-09-18T21:50:56","date_gmt":"2022-09-18T19:50:56","guid":{"rendered":"https:\/\/tuzlainfo.ba\/?p=184368"},"modified":"2022-09-18T21:51:43","modified_gmt":"2022-09-18T19:51:43","slug":"dogovorena-saradnja-gradonacelnik-imamovic-primio-predstavnike-fakulteta-za-tjelesni-odgoj-i-sport","status":"publish","type":"post","link":"https:\/\/tuzlainfo.ba\/index.php\/novosti\/item\/184368-dogovorena-saradnja-gradonacelnik-imamovic-primio-predstavnike-fakulteta-za-tjelesni-odgoj-i-sport\/","title":{"rendered":"Dogovorena saradnja: Gradona\u010delnik Imamovi\u0107 primio predstavnike Fakulteta za tjelesni odgoj i sport"},"content":{"rendered":"<p>Gradona\u010delnik Tuzle Jasmin Imamovi\u0107 u prostorijama gradske uprave nedavno je uprili\u010dio sastanak sa predstavnicima Fakulteta za tjelesni odgoj i sport Univerziteta u Tuzli u toku kojeg je razmijenjeno niz informacija od zajedni\u010dkog interesa te usagla\u0161eni budu\u0107i oblici saradnje Grada i Fakulteta za tjelesni odgoj i sport Univerziteta u Tuzli.<\/p>\n<p>Na sastanku su prezentirane aktivnosti koje \u0107e Fakultet organizirati povodom obilje\u017eavanja va\u017enih jubileja, 60 godina kontinuirane edukacije u oblasti fizi\u010dke kulture u Tuzli i 20 godina rada Fakulteta za tjelesni odgoj i sport kao samostalne organizacione jedinice Univerziteta u Tuzli.<\/p>\n<p>Gradona\u010delnik Jasmin Imamovi\u0107 prihvatio je poziv dekana prof. Vlatka \u0160eparovi\u0107a i bit \u0107e poseban gost Fakulteta u Programu XV Simpozija \u201eSport i zdravlje\u201c koji \u0107e se 01. i 02. decembra realizirati u Tuzli u organizaciji Fakulteta.<\/p>\n<p>Gradona\u010delnik je upoznat sa novim studijskim programima Fakulteta, saradnjom Fakulteta sa srodnim institucijama, djelovanjem Fakulteta u pravcu razvoja kvalitetnog studentskog sporta kroz rad Univerzitetskog ko\u0161arka\u0161kog kluba \u201eStudent\u201c, ali i planovima i aktivnostima koje se vode sa ciljem pobolj\u0161anja sportske infrastrukture kojom upravlja Fakultet, bilo da se radi o prostoru Fakulteta ili sportskog poligona u Kampusu Univerziteta.<\/p>\n<p>Pocrtana je dosada\u0161nja uspje\u0161na saradnja Fakulteta za tjelesni odgoj i sport i Grada Tuzle i iskazana spremnost da se saradnja nastavi u jo\u0161 kvalitetnijem smjeru. Fakultet za tjelesni odgoj i sport \u0107e svojim djelovanjem i dalje promovirati Tuzlu kao Univerzitetski grad i raditi na promociji Tuzle i Univerziteta otvorenog za razvoj sporta i obrazovanja u sportu, navedeno je u informaciji Univerziteta u Tuzli.<\/p>\n","protected":false},"excerpt":{"rendered":"<p>Gradona\u010delnik Tuzle Jasmin Imamovi\u0107 u prostorijama gradske uprave nedavno je uprili\u010dio sastanak sa predstavnicima Fakulteta za tjelesni odgoj i sport Univerziteta u Tuzli u toku kojeg je razmijenjeno niz informacija od zajedni\u010dkog interesa te usagla\u0161eni budu\u0107i oblici saradnje Grada i Fakulteta za tjelesni odgoj i sport Univerziteta u Tuzli. Na sastanku su prezentirane aktivnosti koje [&hellip;]<\/p>\n","protected":false},"author":2,"featured_media":184369,"comment_status":"open","ping_status":"closed","sticky":false,"template":"","format":"standard","meta":{"footnotes":""},"categories":[304,12],"tags":[4391,531],"class_list":["post-184368","post","type-post","status-publish","format-standard","has-post-thumbnail","hentry","category-istaknuto","category-novosti","tag-fakultet-za-sport","tag-jasmin-imamovic"],"yoast_head":"<!-- This site is optimized with the Yoast SEO plugin v28.4 - https:\/\/yoast.com\/product\/yoast-seo-wordpress\/ -->\n<title>Dogovorena saradnja: Gradona\u010delnik Imamovi\u0107 primio predstavnike Fakulteta za tjelesni odgoj i sport<\/title>\n<meta name=\"robots\" content=\"index, follow, max-snippet:-1, max-image-preview:large, max-video-preview:-1\" \/>\n<link rel=\"canonical\" href=\"https:\/\/tuzlainfo.ba\/index.php\/novosti\/item\/184368-dogovorena-saradnja-gradonacelnik-imamovic-primio-predstavnike-fakulteta-za-tjelesni-odgoj-i-sport\/\" \/>\n<meta property=\"og:locale\" content=\"bs_BA\" \/>\n<meta property=\"og:type\" content=\"article\" \/>\n<meta property=\"og:title\" content=\"Dogovorena saradnja: Gradona\u010delnik Imamovi\u0107 primio predstavnike Fakulteta za tjelesni odgoj i sport\" \/>\n<meta property=\"og:description\" content=\"Gradona\u010delnik Tuzle Jasmin Imamovi\u0107 u prostorijama gradske uprave nedavno je uprili\u010dio sastanak sa predstavnicima Fakulteta za tjelesni odgoj i sport Univerziteta u Tuzli u toku kojeg je razmijenjeno niz informacija od zajedni\u010dkog interesa te usagla\u0161eni budu\u0107i oblici saradnje Grada i Fakulteta za tjelesni odgoj i sport Univerziteta u Tuzli. Na sastanku su prezentirane aktivnosti koje [&hellip;]\" \/>\n<meta property=\"og:url\" content=\"https:\/\/tuzlainfo.ba\/index.php\/novosti\/item\/184368-dogovorena-saradnja-gradonacelnik-imamovic-primio-predstavnike-fakulteta-za-tjelesni-odgoj-i-sport\/\" \/>\n<meta property=\"og:site_name\" content=\"TuzlaInfo.ba\" \/>\n<meta property=\"article:publisher\" content=\"https:\/\/www.facebook.com\/tuzlainfo.ba\/\" \/>\n<meta property=\"article:published_time\" content=\"2022-09-18T19:50:56+00:00\" \/>\n<meta property=\"article:modified_time\" content=\"2022-09-18T19:51:43+00:00\" \/>\n<meta property=\"og:image\" content=\"https:\/\/tuzlainfo.ba\/wp-content\/uploads\/2022\/09\/1809_imamovic_separovic.jpg\" \/>\n\t<meta property=\"og:image:width\" content=\"800\" \/>\n\t<meta property=\"og:image:height\" content=\"533\" \/>\n\t<meta property=\"og:image:type\" content=\"image\/jpeg\" \/>\n<meta name=\"author\" content=\"nedim\" \/>\n<meta name=\"twitter:card\" content=\"summary_large_image\" \/>\n<meta name=\"twitter:label1\" content=\"Written by\" \/>\n\t<meta name=\"twitter:data1\" content=\"nedim\" \/>\n\t<meta name=\"twitter:label2\" content=\"Est. reading time\" \/>\n\t<meta name=\"twitter:data2\" content=\"1 minuta\" \/>\n<script type=\"application\/ld+json\" class=\"yoast-schema-graph\">{\"@context\":\"https:\\\/\\\/schema.org\",\"@graph\":[{\"@type\":\"Article\",\"@id\":\"https:\\\/\\\/tuzlainfo.ba\\\/index.php\\\/novosti\\\/item\\\/184368-dogovorena-saradnja-gradonacelnik-imamovic-primio-predstavnike-fakulteta-za-tjelesni-odgoj-i-sport\\\/#article\",\"isPartOf\":{\"@id\":\"https:\\\/\\\/tuzlainfo.ba\\\/index.php\\\/novosti\\\/item\\\/184368-dogovorena-saradnja-gradonacelnik-imamovic-primio-predstavnike-fakulteta-za-tjelesni-odgoj-i-sport\\\/\"},\"author\":{\"name\":\"nedim\",\"@id\":\"https:\\\/\\\/tuzlainfo.ba\\\/#\\\/schema\\\/person\\\/f434e20dc27ea133923aab08451b7f7f\"},\"headline\":\"Dogovorena saradnja: Gradona\u010delnik Imamovi\u0107 primio predstavnike Fakulteta za tjelesni odgoj i sport\",\"datePublished\":\"2022-09-18T19:50:56+00:00\",\"dateModified\":\"2022-09-18T19:51:43+00:00\",\"mainEntityOfPage\":{\"@id\":\"https:\\\/\\\/tuzlainfo.ba\\\/index.php\\\/novosti\\\/item\\\/184368-dogovorena-saradnja-gradonacelnik-imamovic-primio-predstavnike-fakulteta-za-tjelesni-odgoj-i-sport\\\/\"},\"wordCount\":269,\"commentCount\":0,\"publisher\":{\"@id\":\"https:\\\/\\\/tuzlainfo.ba\\\/#organization\"},\"image\":{\"@id\":\"https:\\\/\\\/tuzlainfo.ba\\\/index.php\\\/novosti\\\/item\\\/184368-dogovorena-saradnja-gradonacelnik-imamovic-primio-predstavnike-fakulteta-za-tjelesni-odgoj-i-sport\\\/#primaryimage\"},\"thumbnailUrl\":\"https:\\\/\\\/tuzlainfo.ba\\\/wp-content\\\/uploads\\\/2022\\\/09\\\/1809_imamovic_separovic.jpg\",\"keywords\":[\"fakultet za sport\",\"jasmin imamovi\u0107\"],\"articleSection\":[\"Istaknuto\",\"Novosti\"],\"inLanguage\":\"bs-BA\",\"copyrightYear\":\"2022\",\"copyrightHolder\":{\"@id\":\"https:\\\/\\\/tuzlainfo.ba\\\/#organization\"}},{\"@type\":\"WebPage\",\"@id\":\"https:\\\/\\\/tuzlainfo.ba\\\/index.php\\\/novosti\\\/item\\\/184368-dogovorena-saradnja-gradonacelnik-imamovic-primio-predstavnike-fakulteta-za-tjelesni-odgoj-i-sport\\\/\",\"url\":\"https:\\\/\\\/tuzlainfo.ba\\\/index.php\\\/novosti\\\/item\\\/184368-dogovorena-saradnja-gradonacelnik-imamovic-primio-predstavnike-fakulteta-za-tjelesni-odgoj-i-sport\\\/\",\"name\":\"Dogovorena saradnja: Gradona\u010delnik Imamovi\u0107 primio predstavnike Fakulteta za tjelesni odgoj i sport\",\"isPartOf\":{\"@id\":\"https:\\\/\\\/tuzlainfo.ba\\\/#website\"},\"primaryImageOfPage\":{\"@id\":\"https:\\\/\\\/tuzlainfo.ba\\\/index.php\\\/novosti\\\/item\\\/184368-dogovorena-saradnja-gradonacelnik-imamovic-primio-predstavnike-fakulteta-za-tjelesni-odgoj-i-sport\\\/#primaryimage\"},\"image\":{\"@id\":\"https:\\\/\\\/tuzlainfo.ba\\\/index.php\\\/novosti\\\/item\\\/184368-dogovorena-saradnja-gradonacelnik-imamovic-primio-predstavnike-fakulteta-za-tjelesni-odgoj-i-sport\\\/#primaryimage\"},\"thumbnailUrl\":\"https:\\\/\\\/tuzlainfo.ba\\\/wp-content\\\/uploads\\\/2022\\\/09\\\/1809_imamovic_separovic.jpg\",\"datePublished\":\"2022-09-18T19:50:56+00:00\",\"dateModified\":\"2022-09-18T19:51:43+00:00\",\"breadcrumb\":{\"@id\":\"https:\\\/\\\/tuzlainfo.ba\\\/index.php\\\/novosti\\\/item\\\/184368-dogovorena-saradnja-gradonacelnik-imamovic-primio-predstavnike-fakulteta-za-tjelesni-odgoj-i-sport\\\/#breadcrumb\"},\"inLanguage\":\"bs-BA\",\"potentialAction\":[{\"@type\":\"ReadAction\",\"target\":[\"https:\\\/\\\/tuzlainfo.ba\\\/index.php\\\/novosti\\\/item\\\/184368-dogovorena-saradnja-gradonacelnik-imamovic-primio-predstavnike-fakulteta-za-tjelesni-odgoj-i-sport\\\/\"]}]},{\"@type\":\"ImageObject\",\"inLanguage\":\"bs-BA\",\"@id\":\"https:\\\/\\\/tuzlainfo.ba\\\/index.php\\\/novosti\\\/item\\\/184368-dogovorena-saradnja-gradonacelnik-imamovic-primio-predstavnike-fakulteta-za-tjelesni-odgoj-i-sport\\\/#primaryimage\",\"url\":\"https:\\\/\\\/tuzlainfo.ba\\\/wp-content\\\/uploads\\\/2022\\\/09\\\/1809_imamovic_separovic.jpg\",\"contentUrl\":\"https:\\\/\\\/tuzlainfo.ba\\\/wp-content\\\/uploads\\\/2022\\\/09\\\/1809_imamovic_separovic.jpg\",\"width\":800,\"height\":533},{\"@type\":\"BreadcrumbList\",\"@id\":\"https:\\\/\\\/tuzlainfo.ba\\\/index.php\\\/novosti\\\/item\\\/184368-dogovorena-saradnja-gradonacelnik-imamovic-primio-predstavnike-fakulteta-za-tjelesni-odgoj-i-sport\\\/#breadcrumb\",\"itemListElement\":[{\"@type\":\"ListItem\",\"position\":1,\"name\":\"Home\",\"item\":\"https:\\\/\\\/tuzlainfo.ba\\\/\"},{\"@type\":\"ListItem\",\"position\":2,\"name\":\"Dogovorena saradnja: Gradona\u010delnik Imamovi\u0107 primio predstavnike Fakulteta za tjelesni odgoj i sport\"}]},{\"@type\":\"WebSite\",\"@id\":\"https:\\\/\\\/tuzlainfo.ba\\\/#website\",\"url\":\"https:\\\/\\\/tuzlainfo.ba\\\/\",\"name\":\"TuzlaInfo.ba\",\"description\":\"Tuzla info, gradski informator - Tuzla na dlanu\",\"publisher\":{\"@id\":\"https:\\\/\\\/tuzlainfo.ba\\\/#organization\"},\"potentialAction\":[{\"@type\":\"SearchAction\",\"target\":{\"@type\":\"EntryPoint\",\"urlTemplate\":\"https:\\\/\\\/tuzlainfo.ba\\\/?s={search_term_string}\"},\"query-input\":{\"@type\":\"PropertyValueSpecification\",\"valueRequired\":true,\"valueName\":\"search_term_string\"}}],\"inLanguage\":\"bs-BA\"},{\"@type\":\"Organization\",\"@id\":\"https:\\\/\\\/tuzlainfo.ba\\\/#organization\",\"name\":\"TuzlaInfo.ba\",\"url\":\"https:\\\/\\\/tuzlainfo.ba\\\/\",\"logo\":{\"@type\":\"ImageObject\",\"inLanguage\":\"bs-BA\",\"@id\":\"https:\\\/\\\/tuzlainfo.ba\\\/#\\\/schema\\\/logo\\\/image\\\/\",\"url\":\"https:\\\/\\\/tuzlainfo.ba\\\/wp-content\\\/uploads\\\/2021\\\/03\\\/logo-ver-3-1.png\",\"contentUrl\":\"https:\\\/\\\/tuzlainfo.ba\\\/wp-content\\\/uploads\\\/2021\\\/03\\\/logo-ver-3-1.png\",\"width\":350,\"height\":95,\"caption\":\"TuzlaInfo.ba\"},\"image\":{\"@id\":\"https:\\\/\\\/tuzlainfo.ba\\\/#\\\/schema\\\/logo\\\/image\\\/\"},\"sameAs\":[\"https:\\\/\\\/www.facebook.com\\\/tuzlainfo.ba\\\/\"]},{\"@type\":\"Person\",\"@id\":\"https:\\\/\\\/tuzlainfo.ba\\\/#\\\/schema\\\/person\\\/f434e20dc27ea133923aab08451b7f7f\",\"name\":\"nedim\",\"image\":{\"@type\":\"ImageObject\",\"inLanguage\":\"bs-BA\",\"@id\":\"https:\\\/\\\/secure.gravatar.com\\\/avatar\\\/5b928a2e7e70a54208d2eb6c1edcb75a5350d6ae97d5f0a701203d456823f6f3?s=96&d=mm&r=g\",\"url\":\"https:\\\/\\\/secure.gravatar.com\\\/avatar\\\/5b928a2e7e70a54208d2eb6c1edcb75a5350d6ae97d5f0a701203d456823f6f3?s=96&d=mm&r=g\",\"contentUrl\":\"https:\\\/\\\/secure.gravatar.com\\\/avatar\\\/5b928a2e7e70a54208d2eb6c1edcb75a5350d6ae97d5f0a701203d456823f6f3?s=96&d=mm&r=g\",\"caption\":\"nedim\"},\"description\":\"Tuzlainfo.ba pratite na dru\u0161tvenim mre\u017eama: Facebook, Instagram i Youtube. Svoje pri\u010de, upite i fotografije \u0161aljite na na\u0161u e-mail adresu.\"}]}<\/script>\n<!-- \/ Yoast SEO plugin. -->","yoast_head_json":{"title":"Dogovorena saradnja: Gradona\u010delnik Imamovi\u0107 primio predstavnike Fakulteta za tjelesni odgoj i sport","robots":{"index":"index","follow":"follow","max-snippet":"max-snippet:-1","max-image-preview":"max-image-preview:large","max-video-preview":"max-video-preview:-1"},"canonical":"https:\/\/tuzlainfo.ba\/index.php\/novosti\/item\/184368-dogovorena-saradnja-gradonacelnik-imamovic-primio-predstavnike-fakulteta-za-tjelesni-odgoj-i-sport\/","og_locale":"bs_BA","og_type":"article","og_title":"Dogovorena saradnja: Gradona\u010delnik Imamovi\u0107 primio predstavnike Fakulteta za tjelesni odgoj i sport","og_description":"Gradona\u010delnik Tuzle Jasmin Imamovi\u0107 u prostorijama gradske uprave nedavno je uprili\u010dio sastanak sa predstavnicima Fakulteta za tjelesni odgoj i sport Univerziteta u Tuzli u toku kojeg je razmijenjeno niz informacija od zajedni\u010dkog interesa te usagla\u0161eni budu\u0107i oblici saradnje Grada i Fakulteta za tjelesni odgoj i sport Univerziteta u Tuzli. Na sastanku su prezentirane aktivnosti koje [&hellip;]","og_url":"https:\/\/tuzlainfo.ba\/index.php\/novosti\/item\/184368-dogovorena-saradnja-gradonacelnik-imamovic-primio-predstavnike-fakulteta-za-tjelesni-odgoj-i-sport\/","og_site_name":"TuzlaInfo.ba","article_publisher":"https:\/\/www.facebook.com\/tuzlainfo.ba\/","article_published_time":"2022-09-18T19:50:56+00:00","article_modified_time":"2022-09-18T19:51:43+00:00","og_image":[{"width":800,"height":533,"url":"https:\/\/tuzlainfo.ba\/wp-content\/uploads\/2022\/09\/1809_imamovic_separovic.jpg","type":"image\/jpeg"}],"author":"nedim","twitter_card":"summary_large_image","twitter_misc":{"Written by":"nedim","Est. reading time":"1 minuta"},"schema":{"@context":"https:\/\/schema.org","@graph":[{"@type":"Article","@id":"https:\/\/tuzlainfo.ba\/index.php\/novosti\/item\/184368-dogovorena-saradnja-gradonacelnik-imamovic-primio-predstavnike-fakulteta-za-tjelesni-odgoj-i-sport\/#article","isPartOf":{"@id":"https:\/\/tuzlainfo.ba\/index.php\/novosti\/item\/184368-dogovorena-saradnja-gradonacelnik-imamovic-primio-predstavnike-fakulteta-za-tjelesni-odgoj-i-sport\/"},"author":{"name":"nedim","@id":"https:\/\/tuzlainfo.ba\/#\/schema\/person\/f434e20dc27ea133923aab08451b7f7f"},"headline":"Dogovorena saradnja: Gradona\u010delnik Imamovi\u0107 primio predstavnike Fakulteta za tjelesni odgoj i sport","datePublished":"2022-09-18T19:50:56+00:00","dateModified":"2022-09-18T19:51:43+00:00","mainEntityOfPage":{"@id":"https:\/\/tuzlainfo.ba\/index.php\/novosti\/item\/184368-dogovorena-saradnja-gradonacelnik-imamovic-primio-predstavnike-fakulteta-za-tjelesni-odgoj-i-sport\/"},"wordCount":269,"commentCount":0,"publisher":{"@id":"https:\/\/tuzlainfo.ba\/#organization"},"image":{"@id":"https:\/\/tuzlainfo.ba\/index.php\/novosti\/item\/184368-dogovorena-saradnja-gradonacelnik-imamovic-primio-predstavnike-fakulteta-za-tjelesni-odgoj-i-sport\/#primaryimage"},"thumbnailUrl":"https:\/\/tuzlainfo.ba\/wp-content\/uploads\/2022\/09\/1809_imamovic_separovic.jpg","keywords":["fakultet za sport","jasmin imamovi\u0107"],"articleSection":["Istaknuto","Novosti"],"inLanguage":"bs-BA","copyrightYear":"2022","copyrightHolder":{"@id":"https:\/\/tuzlainfo.ba\/#organization"}},{"@type":"WebPage","@id":"https:\/\/tuzlainfo.ba\/index.php\/novosti\/item\/184368-dogovorena-saradnja-gradonacelnik-imamovic-primio-predstavnike-fakulteta-za-tjelesni-odgoj-i-sport\/","url":"https:\/\/tuzlainfo.ba\/index.php\/novosti\/item\/184368-dogovorena-saradnja-gradonacelnik-imamovic-primio-predstavnike-fakulteta-za-tjelesni-odgoj-i-sport\/","name":"Dogovorena saradnja: Gradona\u010delnik Imamovi\u0107 primio predstavnike Fakulteta za tjelesni odgoj i sport","isPartOf":{"@id":"https:\/\/tuzlainfo.ba\/#website"},"primaryImageOfPage":{"@id":"https:\/\/tuzlainfo.ba\/index.php\/novosti\/item\/184368-dogovorena-saradnja-gradonacelnik-imamovic-primio-predstavnike-fakulteta-za-tjelesni-odgoj-i-sport\/#primaryimage"},"image":{"@id":"https:\/\/tuzlainfo.ba\/index.php\/novosti\/item\/184368-dogovorena-saradnja-gradonacelnik-imamovic-primio-predstavnike-fakulteta-za-tjelesni-odgoj-i-sport\/#primaryimage"},"thumbnailUrl":"https:\/\/tuzlainfo.ba\/wp-content\/uploads\/2022\/09\/1809_imamovic_separovic.jpg","datePublished":"2022-09-18T19:50:56+00:00","dateModified":"2022-09-18T19:51:43+00:00","breadcrumb":{"@id":"https:\/\/tuzlainfo.ba\/index.php\/novosti\/item\/184368-dogovorena-saradnja-gradonacelnik-imamovic-primio-predstavnike-fakulteta-za-tjelesni-odgoj-i-sport\/#breadcrumb"},"inLanguage":"bs-BA","potentialAction":[{"@type":"ReadAction","target":["https:\/\/tuzlainfo.ba\/index.php\/novosti\/item\/184368-dogovorena-saradnja-gradonacelnik-imamovic-primio-predstavnike-fakulteta-za-tjelesni-odgoj-i-sport\/"]}]},{"@type":"ImageObject","inLanguage":"bs-BA","@id":"https:\/\/tuzlainfo.ba\/index.php\/novosti\/item\/184368-dogovorena-saradnja-gradonacelnik-imamovic-primio-predstavnike-fakulteta-za-tjelesni-odgoj-i-sport\/#primaryimage","url":"https:\/\/tuzlainfo.ba\/wp-content\/uploads\/2022\/09\/1809_imamovic_separovic.jpg","contentUrl":"https:\/\/tuzlainfo.ba\/wp-content\/uploads\/2022\/09\/1809_imamovic_separovic.jpg","width":800,"height":533},{"@type":"BreadcrumbList","@id":"https:\/\/tuzlainfo.ba\/index.php\/novosti\/item\/184368-dogovorena-saradnja-gradonacelnik-imamovic-primio-predstavnike-fakulteta-za-tjelesni-odgoj-i-sport\/#breadcrumb","itemListElement":[{"@type":"ListItem","position":1,"name":"Home","item":"https:\/\/tuzlainfo.ba\/"},{"@type":"ListItem","position":2,"name":"Dogovorena saradnja: Gradona\u010delnik Imamovi\u0107 primio predstavnike Fakulteta za tjelesni odgoj i sport"}]},{"@type":"WebSite","@id":"https:\/\/tuzlainfo.ba\/#website","url":"https:\/\/tuzlainfo.ba\/","name":"TuzlaInfo.ba","description":"Tuzla info, gradski informator - Tuzla na dlanu","publisher":{"@id":"https:\/\/tuzlainfo.ba\/#organization"},"potentialAction":[{"@type":"SearchAction","target":{"@type":"EntryPoint","urlTemplate":"https:\/\/tuzlainfo.ba\/?s={search_term_string}"},"query-input":{"@type":"PropertyValueSpecification","valueRequired":true,"valueName":"search_term_string"}}],"inLanguage":"bs-BA"},{"@type":"Organization","@id":"https:\/\/tuzlainfo.ba\/#organization","name":"TuzlaInfo.ba","url":"https:\/\/tuzlainfo.ba\/","logo":{"@type":"ImageObject","inLanguage":"bs-BA","@id":"https:\/\/tuzlainfo.ba\/#\/schema\/logo\/image\/","url":"https:\/\/tuzlainfo.ba\/wp-content\/uploads\/2021\/03\/logo-ver-3-1.png","contentUrl":"https:\/\/tuzlainfo.ba\/wp-content\/uploads\/2021\/03\/logo-ver-3-1.png","width":350,"height":95,"caption":"TuzlaInfo.ba"},"image":{"@id":"https:\/\/tuzlainfo.ba\/#\/schema\/logo\/image\/"},"sameAs":["https:\/\/www.facebook.com\/tuzlainfo.ba\/"]},{"@type":"Person","@id":"https:\/\/tuzlainfo.ba\/#\/schema\/person\/f434e20dc27ea133923aab08451b7f7f","name":"nedim","image":{"@type":"ImageObject","inLanguage":"bs-BA","@id":"https:\/\/secure.gravatar.com\/avatar\/5b928a2e7e70a54208d2eb6c1edcb75a5350d6ae97d5f0a701203d456823f6f3?s=96&d=mm&r=g","url":"https:\/\/secure.gravatar.com\/avatar\/5b928a2e7e70a54208d2eb6c1edcb75a5350d6ae97d5f0a701203d456823f6f3?s=96&d=mm&r=g","contentUrl":"https:\/\/secure.gravatar.com\/avatar\/5b928a2e7e70a54208d2eb6c1edcb75a5350d6ae97d5f0a701203d456823f6f3?s=96&d=mm&r=g","caption":"nedim"},"description":"Tuzlainfo.ba pratite na dru\u0161tvenim mre\u017eama: Facebook, Instagram i Youtube. Svoje pri\u010de, upite i fotografije \u0161aljite na na\u0161u e-mail adresu."}]}},"_links":{"self":[{"href":"https:\/\/tuzlainfo.ba\/index.php\/wp-json\/wp\/v2\/posts\/184368","targetHints":{"allow":["GET"]}}],"collection":[{"href":"https:\/\/tuzlainfo.ba\/index.php\/wp-json\/wp\/v2\/posts"}],"about":[{"href":"https:\/\/tuzlainfo.ba\/index.php\/wp-json\/wp\/v2\/types\/post"}],"author":[{"embeddable":true,"href":"https:\/\/tuzlainfo.ba\/index.php\/wp-json\/wp\/v2\/users\/2"}],"replies":[{"embeddable":true,"href":"https:\/\/tuzlainfo.ba\/index.php\/wp-json\/wp\/v2\/comments?post=184368"}],"version-history":[{"count":0,"href":"https:\/\/tuzlainfo.ba\/index.php\/wp-json\/wp\/v2\/posts\/184368\/revisions"}],"wp:featuredmedia":[{"embeddable":true,"href":"https:\/\/tuzlainfo.ba\/index.php\/wp-json\/wp\/v2\/media\/184369"}],"wp:attachment":[{"href":"https:\/\/tuzlainfo.ba\/index.php\/wp-json\/wp\/v2\/media?parent=184368"}],"wp:term":[{"taxonomy":"category","embeddable":true,"href":"https:\/\/tuzlainfo.ba\/index.php\/wp-json\/wp\/v2\/categories?post=184368"},{"taxonomy":"post_tag","embeddable":true,"href":"https:\/\/tuzlainfo.ba\/index.php\/wp-json\/wp\/v2\/tags?post=184368"}],"curies":[{"name":"wp","href":"https:\/\/api.w.org\/{rel}","templated":true}]}}