{"id":184354,"date":"2022-09-18T13:28:45","date_gmt":"2022-09-18T11:28:45","guid":{"rendered":"https:\/\/tuzlainfo.ba\/?p=184354"},"modified":"2022-09-18T10:48:43","modified_gmt":"2022-09-18T08:48:43","slug":"slijede-li-nova-poskupljenja-cijene-mlijeka-i-mlijecnih-proizvoda-rastu-gotovo-svaki-dan","status":"publish","type":"post","link":"https:\/\/tuzlainfo.ba\/index.php\/bosna-i-hercegovina\/item\/184354-slijede-li-nova-poskupljenja-cijene-mlijeka-i-mlijecnih-proizvoda-rastu-gotovo-svaki-dan\/","title":{"rendered":"Slijede li nova poskupljenja: Cijene mlijeka i mlije\u010dnih proizvoda rastu gotovo svaki dan"},"content":{"rendered":"<p>Na policama marketa cijene mlijeka i mlije\u010dnih proizvoda rastu gotovo svaki dan, a taj trend bi se, prema rije\u010dima mljekara, mogao nastaviti zbog poskupljenja svih inputa u mljekarstvu. I farmeri su sve glasniji u zahtjevima za pove\u0107anjem otkupnih cijena. Dosada\u0161nja uve\u0107anja nisu dovoljna ni da pokriju proizvodnju, pi\u0161e BHRT.<\/p>\n<p>Manje koli\u010dine mlijeka na policama marketa su svakodnevno vidljive. Kupce iznenade i nove vi\u0161e cijene ove osnovne \u017eivotne namirnice i njenih prera\u0111evina. S druge strane, proizvo\u0111a\u010di mlijeka negoduju zbog niskih otkupnih cijena koje ih, ka\u017eu, guraju u propast. Cijene repromaterijala trostruko su ve\u0107e, a zbog su\u0161e manjak je i hrane za stoku.<\/p>\n<p><strong>&#8220;Ove godine mislim da \u0107e biti katastrofa, da ne\u0107emo imati ni za idu\u0107u godinu hrane, ovo sad \u0161to smo uspjeli da posijemo, a kamoli da se nastavimo baviti ovim poslom. Ja mislim da \u0107e biti mnogo te\u0161ko&#8221;, ka\u017ee farmer Neboj\u0161a \u0110oki\u0107.<\/strong><\/p>\n<p>Otkupna cijena 1,20 KM mogla bi odr\u017eati proizvodnju, no ona je sa najnovijih 10 posto pove\u0107anja u Republici Srpskoj 0,88 feninga po litri. U Udru\u017eenju mljekara ka\u017eu da je dogovoreno da bi u oktobru trebao biti odr\u017ean novi sastanak sa &#8216;Mlijekoproduktom&#8217; nakon \u010dega \u0107e se znati da li \u0107e do\u0107i do novih korekcija.<\/p>\n<p><strong>&#8220;Mlijeko je na svim stranama skuplje, a kod nas je 88 feninga najve\u0107a cijena. Nezadovoljni smo, ali idemo dalje. U oktobru \u0107emo ponovo sjesti. U Srbiji je 92 feninga, a kod nas 88, \u010detiri feninga vi\u0161e, a oni kukaju&#8221;, navodi predsjednik Udru\u017eenja poljoprivrednih proizvo\u0111a\u010da \u2013 mljekara RS Vladimir Usorac.\u00a0<\/strong><\/p>\n<p><iframe title=\"\u0160ta \u0107e biti sa cijenom mlijeka?\" width=\"1170\" height=\"658\" src=\"https:\/\/www.youtube.com\/embed\/yMSJMI9HzzU?feature=oembed\" frameborder=\"0\" allow=\"accelerometer; autoplay; clipboard-write; encrypted-media; gyroscope; picture-in-picture\" allowfullscreen><\/iframe><\/p>\n<p>Inputi u mljekarstvu u stalnom su rastu. U Udru\u017eenju poljoprivrednih proizvo\u0111a\u010da Federacije Bosne i Hercegovine ka\u017eu da bi, gledaju\u0107i na to, nove otkupne cijene trebalo gotovo svakodnevno korigovati. Smatraju da razlika u otkupnoj i cijeni na policama, koja prelazi dvije KM, ostavlja prostora za vi\u0161e cijene sirovog mlijeka.<\/p>\n<p><strong>&#8220;U zavisnosti od regije do regije, od koli\u010dina koje proizvo\u0111a\u010di mogu ponuditi, za avgust je ispla\u0107eno od 72-88 pfeninga, \u0161to ovim omjerom predstavlja veliku razliku izme\u0111u malih, srednjih i velikih proizvo\u0111a\u010da, koja je u svakom smislu cijena nedostatna da bi se odr\u017eala dalje proizvodnja&#8221;, smatra predsjednik Udru\u017eenja poljoprivrednih proizvo\u0111a\u010da FBiH Admir Kahriman.<\/strong><\/p>\n<p>Da su cijene otkupa niske, ne spore ni prera\u0111iva\u010di. One \u0107e morati rasti, ali \u0107e rasti i cijene gotovih proizvoda.<\/p>\n<p><strong>&#8220;\u0160to se ti\u010de proizvodnje, u preradi mlijeka cijena ambala\u017ee i nekih drugih elemenata oti\u0161la je preko 100 posto. Dok se god ne smire cijene goriva, ambala\u017ee, do sirovog mlijeka, one \u0107e morati i\u0107i gore i to je neizbje\u017eno&#8221;, navodi vlasnik mljekare &#8216;Pa\u0111eni&#8217; Nenad Vukoje.<\/strong><\/p>\n<p>Nema bojazni da \u0107emo se suo\u010diti sa nesta\u0161icom mlijeka, ocjenjuju mljekari. Mlijeka \u0107e biti, ali cijene vi\u0161e ne\u0107e biti socijalne, ve\u0107 proizvo\u0111a\u010dke.<\/p>\n","protected":false},"excerpt":{"rendered":"<p>Na policama marketa cijene mlijeka i mlije\u010dnih proizvoda rastu gotovo svaki dan, a taj trend&hellip;<\/p>\n","protected":false},"author":2,"featured_media":183438,"comment_status":"open","ping_status":"closed","sticky":false,"template":"","format":"standard","meta":{"_acf_changed":false,"footnotes":""},"categories":[291,304],"tags":[1369,4381],"acf":[],"yoast_head":"<!-- This site is optimized with the Yoast SEO plugin v23.5 - https:\/\/yoast.com\/wordpress\/plugins\/seo\/ -->\n<title>Slijede li nova poskupljenja: Cijene mlijeka i mlije\u010dnih proizvoda rastu gotovo svaki dan - TuzlaInfo.ba<\/title>\n<meta name=\"robots\" content=\"index, follow, max-snippet:-1, max-image-preview:large, max-video-preview:-1\" \/>\n<link rel=\"canonical\" href=\"https:\/\/tuzlainfo.ba\/index.php\/bosna-i-hercegovina\/item\/184354-slijede-li-nova-poskupljenja-cijene-mlijeka-i-mlijecnih-proizvoda-rastu-gotovo-svaki-dan\/\" \/>\n<meta property=\"og:locale\" content=\"bs_BA\" \/>\n<meta property=\"og:type\" content=\"article\" \/>\n<meta property=\"og:title\" content=\"Slijede li nova poskupljenja: Cijene mlijeka i mlije\u010dnih proizvoda rastu gotovo svaki dan - TuzlaInfo.ba\" \/>\n<meta property=\"og:description\" content=\"Na policama marketa cijene mlijeka i mlije\u010dnih proizvoda rastu gotovo svaki dan, a taj trend&hellip;\" \/>\n<meta property=\"og:url\" content=\"https:\/\/tuzlainfo.ba\/index.php\/bosna-i-hercegovina\/item\/184354-slijede-li-nova-poskupljenja-cijene-mlijeka-i-mlijecnih-proizvoda-rastu-gotovo-svaki-dan\/\" \/>\n<meta property=\"og:site_name\" content=\"TuzlaInfo.ba\" \/>\n<meta property=\"article:publisher\" content=\"https:\/\/www.facebook.com\/tuzlainfo.ba\/\" \/>\n<meta property=\"article:published_time\" content=\"2022-09-18T11:28:45+00:00\" \/>\n<meta property=\"article:modified_time\" content=\"2022-09-18T08:48:43+00:00\" \/>\n<meta property=\"og:image\" content=\"https:\/\/tuzlainfo.ba\/wp-content\/uploads\/2022\/09\/0809-krave_mlijeko.jpg\" \/>\n\t<meta property=\"og:image:width\" content=\"1734\" \/>\n\t<meta property=\"og:image:height\" content=\"1302\" \/>\n\t<meta property=\"og:image:type\" content=\"image\/jpeg\" \/>\n<meta name=\"author\" content=\"nedim\" \/>\n<meta name=\"twitter:card\" content=\"summary_large_image\" \/>\n<meta name=\"twitter:label1\" content=\"Written by\" \/>\n\t<meta name=\"twitter:data1\" content=\"nedim\" \/>\n\t<meta name=\"twitter:label2\" content=\"Est. reading time\" \/>\n\t<meta name=\"twitter:data2\" content=\"2 minute\" \/>\n<script type=\"application\/ld+json\" class=\"yoast-schema-graph\">{\"@context\":\"https:\/\/schema.org\",\"@graph\":[{\"@type\":\"Article\",\"@id\":\"https:\/\/tuzlainfo.ba\/index.php\/bosna-i-hercegovina\/item\/184354-slijede-li-nova-poskupljenja-cijene-mlijeka-i-mlijecnih-proizvoda-rastu-gotovo-svaki-dan\/#article\",\"isPartOf\":{\"@id\":\"https:\/\/tuzlainfo.ba\/index.php\/bosna-i-hercegovina\/item\/184354-slijede-li-nova-poskupljenja-cijene-mlijeka-i-mlijecnih-proizvoda-rastu-gotovo-svaki-dan\/\"},\"author\":{\"name\":\"nedim\",\"@id\":\"https:\/\/tuzlainfo.ba\/#\/schema\/person\/f434e20dc27ea133923aab08451b7f7f\"},\"headline\":\"Slijede li nova poskupljenja: Cijene mlijeka i mlije\u010dnih proizvoda rastu gotovo svaki dan\",\"datePublished\":\"2022-09-18T11:28:45+00:00\",\"dateModified\":\"2022-09-18T08:48:43+00:00\",\"mainEntityOfPage\":{\"@id\":\"https:\/\/tuzlainfo.ba\/index.php\/bosna-i-hercegovina\/item\/184354-slijede-li-nova-poskupljenja-cijene-mlijeka-i-mlijecnih-proizvoda-rastu-gotovo-svaki-dan\/\"},\"wordCount\":503,\"commentCount\":0,\"publisher\":{\"@id\":\"https:\/\/tuzlainfo.ba\/#organization\"},\"image\":{\"@id\":\"https:\/\/tuzlainfo.ba\/index.php\/bosna-i-hercegovina\/item\/184354-slijede-li-nova-poskupljenja-cijene-mlijeka-i-mlijecnih-proizvoda-rastu-gotovo-svaki-dan\/#primaryimage\"},\"thumbnailUrl\":\"https:\/\/tuzlainfo.ba\/wp-content\/uploads\/2022\/09\/0809-krave_mlijeko.jpg\",\"keywords\":[\"cijene\",\"Mlijeko\"],\"articleSection\":[\"Bosna i Hercegovina\",\"Istaknuto\"],\"inLanguage\":\"bs-BA\"},{\"@type\":\"WebPage\",\"@id\":\"https:\/\/tuzlainfo.ba\/index.php\/bosna-i-hercegovina\/item\/184354-slijede-li-nova-poskupljenja-cijene-mlijeka-i-mlijecnih-proizvoda-rastu-gotovo-svaki-dan\/\",\"url\":\"https:\/\/tuzlainfo.ba\/index.php\/bosna-i-hercegovina\/item\/184354-slijede-li-nova-poskupljenja-cijene-mlijeka-i-mlijecnih-proizvoda-rastu-gotovo-svaki-dan\/\",\"name\":\"Slijede li nova poskupljenja: Cijene mlijeka i mlije\u010dnih proizvoda rastu gotovo svaki dan - TuzlaInfo.ba\",\"isPartOf\":{\"@id\":\"https:\/\/tuzlainfo.ba\/#website\"},\"primaryImageOfPage\":{\"@id\":\"https:\/\/tuzlainfo.ba\/index.php\/bosna-i-hercegovina\/item\/184354-slijede-li-nova-poskupljenja-cijene-mlijeka-i-mlijecnih-proizvoda-rastu-gotovo-svaki-dan\/#primaryimage\"},\"image\":{\"@id\":\"https:\/\/tuzlainfo.ba\/index.php\/bosna-i-hercegovina\/item\/184354-slijede-li-nova-poskupljenja-cijene-mlijeka-i-mlijecnih-proizvoda-rastu-gotovo-svaki-dan\/#primaryimage\"},\"thumbnailUrl\":\"https:\/\/tuzlainfo.ba\/wp-content\/uploads\/2022\/09\/0809-krave_mlijeko.jpg\",\"datePublished\":\"2022-09-18T11:28:45+00:00\",\"dateModified\":\"2022-09-18T08:48:43+00:00\",\"breadcrumb\":{\"@id\":\"https:\/\/tuzlainfo.ba\/index.php\/bosna-i-hercegovina\/item\/184354-slijede-li-nova-poskupljenja-cijene-mlijeka-i-mlijecnih-proizvoda-rastu-gotovo-svaki-dan\/#breadcrumb\"},\"inLanguage\":\"bs-BA\",\"potentialAction\":[{\"@type\":\"ReadAction\",\"target\":[\"https:\/\/tuzlainfo.ba\/index.php\/bosna-i-hercegovina\/item\/184354-slijede-li-nova-poskupljenja-cijene-mlijeka-i-mlijecnih-proizvoda-rastu-gotovo-svaki-dan\/\"]}]},{\"@type\":\"ImageObject\",\"inLanguage\":\"bs-BA\",\"@id\":\"https:\/\/tuzlainfo.ba\/index.php\/bosna-i-hercegovina\/item\/184354-slijede-li-nova-poskupljenja-cijene-mlijeka-i-mlijecnih-proizvoda-rastu-gotovo-svaki-dan\/#primaryimage\",\"url\":\"https:\/\/tuzlainfo.ba\/wp-content\/uploads\/2022\/09\/0809-krave_mlijeko.jpg\",\"contentUrl\":\"https:\/\/tuzlainfo.ba\/wp-content\/uploads\/2022\/09\/0809-krave_mlijeko.jpg\",\"width\":1734,\"height\":1302},{\"@type\":\"BreadcrumbList\",\"@id\":\"https:\/\/tuzlainfo.ba\/index.php\/bosna-i-hercegovina\/item\/184354-slijede-li-nova-poskupljenja-cijene-mlijeka-i-mlijecnih-proizvoda-rastu-gotovo-svaki-dan\/#breadcrumb\",\"itemListElement\":[{\"@type\":\"ListItem\",\"position\":1,\"name\":\"Home\",\"item\":\"https:\/\/tuzlainfo.ba\/\"},{\"@type\":\"ListItem\",\"position\":2,\"name\":\"Slijede li nova poskupljenja: Cijene mlijeka i mlije\u010dnih proizvoda rastu gotovo svaki dan\"}]},{\"@type\":\"WebSite\",\"@id\":\"https:\/\/tuzlainfo.ba\/#website\",\"url\":\"https:\/\/tuzlainfo.ba\/\",\"name\":\"TuzlaInfo.ba\",\"description\":\"Tuzla info, gradski informator - Tuzla na dlanu\",\"publisher\":{\"@id\":\"https:\/\/tuzlainfo.ba\/#organization\"},\"potentialAction\":[{\"@type\":\"SearchAction\",\"target\":{\"@type\":\"EntryPoint\",\"urlTemplate\":\"https:\/\/tuzlainfo.ba\/?s={search_term_string}\"},\"query-input\":{\"@type\":\"PropertyValueSpecification\",\"valueRequired\":true,\"valueName\":\"search_term_string\"}}],\"inLanguage\":\"bs-BA\"},{\"@type\":\"Organization\",\"@id\":\"https:\/\/tuzlainfo.ba\/#organization\",\"name\":\"TuzlaInfo.ba\",\"url\":\"https:\/\/tuzlainfo.ba\/\",\"logo\":{\"@type\":\"ImageObject\",\"inLanguage\":\"bs-BA\",\"@id\":\"https:\/\/tuzlainfo.ba\/#\/schema\/logo\/image\/\",\"url\":\"https:\/\/tuzlainfo.ba\/wp-content\/uploads\/2021\/03\/logo-ver-3-1.png\",\"contentUrl\":\"https:\/\/tuzlainfo.ba\/wp-content\/uploads\/2021\/03\/logo-ver-3-1.png\",\"width\":350,\"height\":95,\"caption\":\"TuzlaInfo.ba\"},\"image\":{\"@id\":\"https:\/\/tuzlainfo.ba\/#\/schema\/logo\/image\/\"},\"sameAs\":[\"https:\/\/www.facebook.com\/tuzlainfo.ba\/\"]},{\"@type\":\"Person\",\"@id\":\"https:\/\/tuzlainfo.ba\/#\/schema\/person\/f434e20dc27ea133923aab08451b7f7f\",\"name\":\"nedim\",\"image\":{\"@type\":\"ImageObject\",\"inLanguage\":\"bs-BA\",\"@id\":\"https:\/\/tuzlainfo.ba\/#\/schema\/person\/image\/\",\"url\":\"https:\/\/tuzlainfo.ba\/wp-content\/litespeed\/avatar\/aabad687af24844af817603ac1cbdc4f.jpg?ver=1777306975\",\"contentUrl\":\"https:\/\/tuzlainfo.ba\/wp-content\/litespeed\/avatar\/aabad687af24844af817603ac1cbdc4f.jpg?ver=1777306975\",\"caption\":\"nedim\"},\"description\":\"Tuzlainfo.ba pratite na dru\u0161tvenim mre\u017eama: Facebook, Instagram i Youtube. Svoje pri\u010de, upite i fotografije \u0161aljite na na\u0161u e-mail adresu.\"}]}<\/script>\n<!-- \/ Yoast SEO plugin. -->","yoast_head_json":{"title":"Slijede li nova poskupljenja: Cijene mlijeka i mlije\u010dnih proizvoda rastu gotovo svaki dan - TuzlaInfo.ba","robots":{"index":"index","follow":"follow","max-snippet":"max-snippet:-1","max-image-preview":"max-image-preview:large","max-video-preview":"max-video-preview:-1"},"canonical":"https:\/\/tuzlainfo.ba\/index.php\/bosna-i-hercegovina\/item\/184354-slijede-li-nova-poskupljenja-cijene-mlijeka-i-mlijecnih-proizvoda-rastu-gotovo-svaki-dan\/","og_locale":"bs_BA","og_type":"article","og_title":"Slijede li nova poskupljenja: Cijene mlijeka i mlije\u010dnih proizvoda rastu gotovo svaki dan - TuzlaInfo.ba","og_description":"Na policama marketa cijene mlijeka i mlije\u010dnih proizvoda rastu gotovo svaki dan, a taj trend&hellip;","og_url":"https:\/\/tuzlainfo.ba\/index.php\/bosna-i-hercegovina\/item\/184354-slijede-li-nova-poskupljenja-cijene-mlijeka-i-mlijecnih-proizvoda-rastu-gotovo-svaki-dan\/","og_site_name":"TuzlaInfo.ba","article_publisher":"https:\/\/www.facebook.com\/tuzlainfo.ba\/","article_published_time":"2022-09-18T11:28:45+00:00","article_modified_time":"2022-09-18T08:48:43+00:00","og_image":[{"width":1734,"height":1302,"url":"https:\/\/tuzlainfo.ba\/wp-content\/uploads\/2022\/09\/0809-krave_mlijeko.jpg","type":"image\/jpeg"}],"author":"nedim","twitter_card":"summary_large_image","twitter_misc":{"Written by":"nedim","Est. reading time":"2 minute"},"schema":{"@context":"https:\/\/schema.org","@graph":[{"@type":"Article","@id":"https:\/\/tuzlainfo.ba\/index.php\/bosna-i-hercegovina\/item\/184354-slijede-li-nova-poskupljenja-cijene-mlijeka-i-mlijecnih-proizvoda-rastu-gotovo-svaki-dan\/#article","isPartOf":{"@id":"https:\/\/tuzlainfo.ba\/index.php\/bosna-i-hercegovina\/item\/184354-slijede-li-nova-poskupljenja-cijene-mlijeka-i-mlijecnih-proizvoda-rastu-gotovo-svaki-dan\/"},"author":{"name":"nedim","@id":"https:\/\/tuzlainfo.ba\/#\/schema\/person\/f434e20dc27ea133923aab08451b7f7f"},"headline":"Slijede li nova poskupljenja: Cijene mlijeka i mlije\u010dnih proizvoda rastu gotovo svaki dan","datePublished":"2022-09-18T11:28:45+00:00","dateModified":"2022-09-18T08:48:43+00:00","mainEntityOfPage":{"@id":"https:\/\/tuzlainfo.ba\/index.php\/bosna-i-hercegovina\/item\/184354-slijede-li-nova-poskupljenja-cijene-mlijeka-i-mlijecnih-proizvoda-rastu-gotovo-svaki-dan\/"},"wordCount":503,"commentCount":0,"publisher":{"@id":"https:\/\/tuzlainfo.ba\/#organization"},"image":{"@id":"https:\/\/tuzlainfo.ba\/index.php\/bosna-i-hercegovina\/item\/184354-slijede-li-nova-poskupljenja-cijene-mlijeka-i-mlijecnih-proizvoda-rastu-gotovo-svaki-dan\/#primaryimage"},"thumbnailUrl":"https:\/\/tuzlainfo.ba\/wp-content\/uploads\/2022\/09\/0809-krave_mlijeko.jpg","keywords":["cijene","Mlijeko"],"articleSection":["Bosna i Hercegovina","Istaknuto"],"inLanguage":"bs-BA"},{"@type":"WebPage","@id":"https:\/\/tuzlainfo.ba\/index.php\/bosna-i-hercegovina\/item\/184354-slijede-li-nova-poskupljenja-cijene-mlijeka-i-mlijecnih-proizvoda-rastu-gotovo-svaki-dan\/","url":"https:\/\/tuzlainfo.ba\/index.php\/bosna-i-hercegovina\/item\/184354-slijede-li-nova-poskupljenja-cijene-mlijeka-i-mlijecnih-proizvoda-rastu-gotovo-svaki-dan\/","name":"Slijede li nova poskupljenja: Cijene mlijeka i mlije\u010dnih proizvoda rastu gotovo svaki dan - TuzlaInfo.ba","isPartOf":{"@id":"https:\/\/tuzlainfo.ba\/#website"},"primaryImageOfPage":{"@id":"https:\/\/tuzlainfo.ba\/index.php\/bosna-i-hercegovina\/item\/184354-slijede-li-nova-poskupljenja-cijene-mlijeka-i-mlijecnih-proizvoda-rastu-gotovo-svaki-dan\/#primaryimage"},"image":{"@id":"https:\/\/tuzlainfo.ba\/index.php\/bosna-i-hercegovina\/item\/184354-slijede-li-nova-poskupljenja-cijene-mlijeka-i-mlijecnih-proizvoda-rastu-gotovo-svaki-dan\/#primaryimage"},"thumbnailUrl":"https:\/\/tuzlainfo.ba\/wp-content\/uploads\/2022\/09\/0809-krave_mlijeko.jpg","datePublished":"2022-09-18T11:28:45+00:00","dateModified":"2022-09-18T08:48:43+00:00","breadcrumb":{"@id":"https:\/\/tuzlainfo.ba\/index.php\/bosna-i-hercegovina\/item\/184354-slijede-li-nova-poskupljenja-cijene-mlijeka-i-mlijecnih-proizvoda-rastu-gotovo-svaki-dan\/#breadcrumb"},"inLanguage":"bs-BA","potentialAction":[{"@type":"ReadAction","target":["https:\/\/tuzlainfo.ba\/index.php\/bosna-i-hercegovina\/item\/184354-slijede-li-nova-poskupljenja-cijene-mlijeka-i-mlijecnih-proizvoda-rastu-gotovo-svaki-dan\/"]}]},{"@type":"ImageObject","inLanguage":"bs-BA","@id":"https:\/\/tuzlainfo.ba\/index.php\/bosna-i-hercegovina\/item\/184354-slijede-li-nova-poskupljenja-cijene-mlijeka-i-mlijecnih-proizvoda-rastu-gotovo-svaki-dan\/#primaryimage","url":"https:\/\/tuzlainfo.ba\/wp-content\/uploads\/2022\/09\/0809-krave_mlijeko.jpg","contentUrl":"https:\/\/tuzlainfo.ba\/wp-content\/uploads\/2022\/09\/0809-krave_mlijeko.jpg","width":1734,"height":1302},{"@type":"BreadcrumbList","@id":"https:\/\/tuzlainfo.ba\/index.php\/bosna-i-hercegovina\/item\/184354-slijede-li-nova-poskupljenja-cijene-mlijeka-i-mlijecnih-proizvoda-rastu-gotovo-svaki-dan\/#breadcrumb","itemListElement":[{"@type":"ListItem","position":1,"name":"Home","item":"https:\/\/tuzlainfo.ba\/"},{"@type":"ListItem","position":2,"name":"Slijede li nova poskupljenja: Cijene mlijeka i mlije\u010dnih proizvoda rastu gotovo svaki dan"}]},{"@type":"WebSite","@id":"https:\/\/tuzlainfo.ba\/#website","url":"https:\/\/tuzlainfo.ba\/","name":"TuzlaInfo.ba","description":"Tuzla info, gradski informator - Tuzla na dlanu","publisher":{"@id":"https:\/\/tuzlainfo.ba\/#organization"},"potentialAction":[{"@type":"SearchAction","target":{"@type":"EntryPoint","urlTemplate":"https:\/\/tuzlainfo.ba\/?s={search_term_string}"},"query-input":{"@type":"PropertyValueSpecification","valueRequired":true,"valueName":"search_term_string"}}],"inLanguage":"bs-BA"},{"@type":"Organization","@id":"https:\/\/tuzlainfo.ba\/#organization","name":"TuzlaInfo.ba","url":"https:\/\/tuzlainfo.ba\/","logo":{"@type":"ImageObject","inLanguage":"bs-BA","@id":"https:\/\/tuzlainfo.ba\/#\/schema\/logo\/image\/","url":"https:\/\/tuzlainfo.ba\/wp-content\/uploads\/2021\/03\/logo-ver-3-1.png","contentUrl":"https:\/\/tuzlainfo.ba\/wp-content\/uploads\/2021\/03\/logo-ver-3-1.png","width":350,"height":95,"caption":"TuzlaInfo.ba"},"image":{"@id":"https:\/\/tuzlainfo.ba\/#\/schema\/logo\/image\/"},"sameAs":["https:\/\/www.facebook.com\/tuzlainfo.ba\/"]},{"@type":"Person","@id":"https:\/\/tuzlainfo.ba\/#\/schema\/person\/f434e20dc27ea133923aab08451b7f7f","name":"nedim","image":{"@type":"ImageObject","inLanguage":"bs-BA","@id":"https:\/\/tuzlainfo.ba\/#\/schema\/person\/image\/","url":"https:\/\/tuzlainfo.ba\/wp-content\/litespeed\/avatar\/aabad687af24844af817603ac1cbdc4f.jpg?ver=1777306975","contentUrl":"https:\/\/tuzlainfo.ba\/wp-content\/litespeed\/avatar\/aabad687af24844af817603ac1cbdc4f.jpg?ver=1777306975","caption":"nedim"},"description":"Tuzlainfo.ba pratite na dru\u0161tvenim mre\u017eama: Facebook, Instagram i Youtube. Svoje pri\u010de, upite i fotografije \u0161aljite na na\u0161u e-mail adresu."}]}},"_links":{"self":[{"href":"https:\/\/tuzlainfo.ba\/index.php\/wp-json\/wp\/v2\/posts\/184354"}],"collection":[{"href":"https:\/\/tuzlainfo.ba\/index.php\/wp-json\/wp\/v2\/posts"}],"about":[{"href":"https:\/\/tuzlainfo.ba\/index.php\/wp-json\/wp\/v2\/types\/post"}],"author":[{"embeddable":true,"href":"https:\/\/tuzlainfo.ba\/index.php\/wp-json\/wp\/v2\/users\/2"}],"replies":[{"embeddable":true,"href":"https:\/\/tuzlainfo.ba\/index.php\/wp-json\/wp\/v2\/comments?post=184354"}],"version-history":[{"count":0,"href":"https:\/\/tuzlainfo.ba\/index.php\/wp-json\/wp\/v2\/posts\/184354\/revisions"}],"wp:featuredmedia":[{"embeddable":true,"href":"https:\/\/tuzlainfo.ba\/index.php\/wp-json\/wp\/v2\/media\/183438"}],"wp:attachment":[{"href":"https:\/\/tuzlainfo.ba\/index.php\/wp-json\/wp\/v2\/media?parent=184354"}],"wp:term":[{"taxonomy":"category","embeddable":true,"href":"https:\/\/tuzlainfo.ba\/index.php\/wp-json\/wp\/v2\/categories?post=184354"},{"taxonomy":"post_tag","embeddable":true,"href":"https:\/\/tuzlainfo.ba\/index.php\/wp-json\/wp\/v2\/tags?post=184354"}],"curies":[{"name":"wp","href":"https:\/\/api.w.org\/{rel}","templated":true}]}}