{"id":184093,"date":"2022-09-15T18:09:02","date_gmt":"2022-09-15T16:09:02","guid":{"rendered":"https:\/\/tuzlainfo.ba\/?p=184093"},"modified":"2022-09-15T14:27:06","modified_gmt":"2022-09-15T12:27:06","slug":"merhamet-pokrenuo-akciju-prikupljanja-pomoci-za-narod-pakistana","status":"publish","type":"post","link":"https:\/\/tuzlainfo.ba\/index.php\/bosna-i-hercegovina\/item\/184093-merhamet-pokrenuo-akciju-prikupljanja-pomoci-za-narod-pakistana\/","title":{"rendered":"\u201eMerhamet\u201c pokrenuo akciju prikupljanja pomo\u0107i za narod Pakistana"},"content":{"rendered":"<p><span style=\"font-family: Times New Roman, serif;\"><span style=\"font-size: large;\">Muslimansko dobrotvorno dru\u0161tvo \u201eMerhamet\u201c, odlukom Upravnog odbora, pokrenulo je humanitarnu akciju pod nazivom \u201cPomo\u0107 narodu Pakistana pogo\u0111enom poplavama\u201d.<\/span><\/span><\/p>\n<p>\u201e<span style=\"font-family: Times New Roman, serif;\"><span style=\"font-size: large;\"><span lang=\"hr-HR\">Merhamet\u201c \u0107e akciju prikupljanja pomo\u0107i za Pakistan provoditi u svim organizacionim jedinicama ove humanitarne organizacije u zemlji i inostranstvu.<\/span><\/span><\/span><\/p>\n<p><span style=\"font-family: Times New Roman, serif;\"><span style=\"font-size: large;\">Akcija \u0107e trajati od 15. septembra do 15. oktobra 2022. godine.<\/span><\/span><\/p>\n<p><span style=\"font-family: Times New Roman, serif;\"><span style=\"font-size: large;\">Sredstva za ovu akciju \u0107e se prikupljati:<\/span><\/span><\/p>\n<p><span style=\"font-family: Times New Roman, serif;\"><span style=\"font-size: large;\">1. putem humanitarnog telefona broj: <\/span><\/span><span style=\"font-family: Times New Roman, serif;\"><span style=\"font-size: large;\"><b>090 292 001<\/b><\/span><\/span><span style=\"font-family: Times New Roman, serif;\"><span style=\"font-size: large;\">.<\/span><\/span><\/p>\n<p><span style=\"font-family: Times New Roman, serif;\"><span style=\"font-size: large;\">Vrijednost poziva je <\/span><\/span><span style=\"font-family: Times New Roman, serif;\"><span style=\"font-size: large;\"><b>3,00 KM<\/b><\/span><\/span><span style=\"font-family: Times New Roman, serif;\"><span style=\"font-size: large;\">.<\/span><\/span><\/p>\n<p><span style=\"font-family: Times New Roman, serif;\"><span style=\"font-size: large;\">2. putem \u201cMerhametovih\u201d kasa, na otvorenim prostorima i punktovima u svim ve\u0107im gradovima Federacije Bosne i Hercegovine, u realizaciji organizacionih jedinica.<\/span><\/span><\/p>\n<p><span style=\"font-family: Times New Roman, serif;\"><span style=\"font-size: large;\">3. uplatama na namjenski ra\u010dun otvoren za ovu akciju: <\/span><\/span><\/p>\n<p><span style=\"font-family: Times New Roman, serif;\"><span style=\"font-size: large;\"><b>Za uplate u zemlji:<\/b><\/span><\/span><\/p>\n<p><span style=\"font-family: Times New Roman, serif;\"><span style=\"font-size: large;\"><b>ASA Banka d.d. Sarajevo<\/b><\/span><\/span><\/p>\n<p><span style=\"font-family: Times New Roman, serif;\"><span style=\"font-size: large;\">Ra\u010dun broj:1344701007212679 za uplate u KM<\/span><\/span><\/p>\n<p><span style=\"font-family: Times New Roman, serif;\"><span style=\"font-size: large;\"><b>Za uplate iz inostranstva (EUR):<\/b><\/span><\/span><\/p>\n<p><span style=\"font-family: Times New Roman, serif;\"><span style=\"font-size: large;\"><b>Beneficiary:HO MERHAMET MDD<\/b><\/span><\/span><\/p>\n<p><span style=\"font-family: Times New Roman, serif;\"><span style=\"font-size: large;\"><b>BISTRIK 2, SARAJEVO<\/b><\/span><\/span><\/p>\n<p><span style=\"font-family: Times New Roman, serif;\"><span style=\"font-size: large;\"><b>IBAN CODE: BA391345801007031137<\/b><\/span><\/span><\/p>\n<p><span style=\"font-family: Times New Roman, serif;\"><span style=\"font-size: large;\">Account with institution: ASA Banka d.d. Sarajevo<\/span><\/span><\/p>\n<p><span style=\"font-family: Times New Roman, serif;\"><span style=\"font-size: large;\">SWIFT:<\/span><\/span><span style=\"font-family: Times New Roman, serif;\"><span style=\"font-size: large;\"><b>IKBZBA2XX<\/b><\/span><\/span><\/p>\n<p><span style=\"font-family: Times New Roman, serif;\"><span style=\"font-size: large;\"><b>INTERMEDIARY:<\/b><\/span><\/span><\/p>\n<p><span style=\"font-family: Times New Roman, serif;\"><span style=\"font-size: large;\">For payments in EUR:<\/span><\/span><\/p>\n<p><span style=\"font-family: Times New Roman, serif;\"><span style=\"font-size: large;\">Privredna Banka Zagreb DD Zagreb\/Croatia<\/span><\/span><\/p>\n<p><span style=\"font-family: Times New Roman, serif;\"><span style=\"font-size: large;\">SWIFT:PBZGHR2XXXX<\/span><\/span><\/p>\n<p><span style=\"font-family: Times New Roman, serif;\"><span style=\"font-size: large;\">Erste Group Bank AG Vienna<\/span><\/span><\/p>\n<p><span style=\"font-family: Times New Roman, serif;\"><span style=\"font-size: large;\">SWIFT:GIBAATWGXXX<\/span><\/span><\/p>\n<p><span style=\"font-family: Times New Roman, serif;\"><span style=\"font-size: large;\">Intesa Sanpaolo SpA Milan<\/span><\/span><\/p>\n<p><span style=\"font-family: Times New Roman, serif;\"><span style=\"font-size: large;\">SWIFT:BCITITMMXXX<\/span><\/span><\/p>\n","protected":false},"excerpt":{"rendered":"<p>Muslimansko dobrotvorno dru\u0161tvo \u201eMerhamet\u201c, odlukom Upravnog odbora, pokrenulo je humanitarnu akciju pod nazivom \u201cPomo\u0107 narodu Pakistana pogo\u0111enom poplavama\u201d. \u201eMerhamet\u201c \u0107e akciju prikupljanja pomo\u0107i za Pakistan provoditi u svim organizacionim jedinicama ove humanitarne organizacije u zemlji i inostranstvu. Akcija \u0107e trajati od 15. septembra do 15. oktobra 2022. godine. Sredstva za ovu akciju \u0107e se prikupljati: [&hellip;]<\/p>\n","protected":false},"author":4,"featured_media":184095,"comment_status":"open","ping_status":"closed","sticky":false,"template":"","format":"standard","meta":{"footnotes":""},"categories":[291],"tags":[547,3305],"class_list":["post-184093","post","type-post","status-publish","format-standard","has-post-thumbnail","hentry","category-bosna-i-hercegovina","tag-merhamet","tag-pakistan"],"yoast_head":"<!-- This site is optimized with the Yoast SEO plugin v28.4 - https:\/\/yoast.com\/product\/yoast-seo-wordpress\/ -->\n<title>\u201eMerhamet\u201c pokrenuo akciju prikupljanja pomo\u0107i za narod Pakistana<\/title>\n<meta name=\"robots\" content=\"index, follow, max-snippet:-1, max-image-preview:large, max-video-preview:-1\" \/>\n<link rel=\"canonical\" href=\"https:\/\/tuzlainfo.ba\/index.php\/bosna-i-hercegovina\/item\/184093-merhamet-pokrenuo-akciju-prikupljanja-pomoci-za-narod-pakistana\/\" \/>\n<meta property=\"og:locale\" content=\"bs_BA\" \/>\n<meta property=\"og:type\" content=\"article\" \/>\n<meta property=\"og:title\" content=\"\u201eMerhamet\u201c pokrenuo akciju prikupljanja pomo\u0107i za narod Pakistana\" \/>\n<meta property=\"og:description\" content=\"Muslimansko dobrotvorno dru\u0161tvo \u201eMerhamet\u201c, odlukom Upravnog odbora, pokrenulo je humanitarnu akciju pod nazivom \u201cPomo\u0107 narodu Pakistana pogo\u0111enom poplavama\u201d. \u201eMerhamet\u201c \u0107e akciju prikupljanja pomo\u0107i za Pakistan provoditi u svim organizacionim jedinicama ove humanitarne organizacije u zemlji i inostranstvu. Akcija \u0107e trajati od 15. septembra do 15. oktobra 2022. godine. Sredstva za ovu akciju \u0107e se prikupljati: [&hellip;]\" \/>\n<meta property=\"og:url\" content=\"https:\/\/tuzlainfo.ba\/index.php\/bosna-i-hercegovina\/item\/184093-merhamet-pokrenuo-akciju-prikupljanja-pomoci-za-narod-pakistana\/\" \/>\n<meta property=\"og:site_name\" content=\"TuzlaInfo.ba\" \/>\n<meta property=\"article:publisher\" content=\"https:\/\/www.facebook.com\/tuzlainfo.ba\/\" \/>\n<meta property=\"article:published_time\" content=\"2022-09-15T16:09:02+00:00\" \/>\n<meta property=\"og:image\" content=\"https:\/\/tuzlainfo.ba\/wp-content\/uploads\/2022\/09\/pakistan-poplave.jpg\" \/>\n\t<meta property=\"og:image:width\" content=\"1280\" \/>\n\t<meta property=\"og:image:height\" content=\"879\" \/>\n\t<meta property=\"og:image:type\" content=\"image\/jpeg\" \/>\n<meta name=\"author\" content=\"Tuzla Info\" \/>\n<meta name=\"twitter:card\" content=\"summary_large_image\" \/>\n<meta name=\"twitter:label1\" content=\"Written by\" \/>\n\t<meta name=\"twitter:data1\" content=\"Tuzla Info\" \/>\n\t<meta name=\"twitter:label2\" content=\"Est. reading time\" \/>\n\t<meta name=\"twitter:data2\" content=\"1 minuta\" \/>\n<script type=\"application\/ld+json\" class=\"yoast-schema-graph\">{\"@context\":\"https:\\\/\\\/schema.org\",\"@graph\":[{\"@type\":\"Article\",\"@id\":\"https:\\\/\\\/tuzlainfo.ba\\\/index.php\\\/bosna-i-hercegovina\\\/item\\\/184093-merhamet-pokrenuo-akciju-prikupljanja-pomoci-za-narod-pakistana\\\/#article\",\"isPartOf\":{\"@id\":\"https:\\\/\\\/tuzlainfo.ba\\\/index.php\\\/bosna-i-hercegovina\\\/item\\\/184093-merhamet-pokrenuo-akciju-prikupljanja-pomoci-za-narod-pakistana\\\/\"},\"author\":{\"name\":\"Tuzla Info\",\"@id\":\"https:\\\/\\\/tuzlainfo.ba\\\/#\\\/schema\\\/person\\\/46cad4c57790cbc50781edd14870825a\"},\"headline\":\"\u201eMerhamet\u201c pokrenuo akciju prikupljanja pomo\u0107i za narod Pakistana\",\"datePublished\":\"2022-09-15T16:09:02+00:00\",\"mainEntityOfPage\":{\"@id\":\"https:\\\/\\\/tuzlainfo.ba\\\/index.php\\\/bosna-i-hercegovina\\\/item\\\/184093-merhamet-pokrenuo-akciju-prikupljanja-pomoci-za-narod-pakistana\\\/\"},\"wordCount\":170,\"commentCount\":0,\"publisher\":{\"@id\":\"https:\\\/\\\/tuzlainfo.ba\\\/#organization\"},\"image\":{\"@id\":\"https:\\\/\\\/tuzlainfo.ba\\\/index.php\\\/bosna-i-hercegovina\\\/item\\\/184093-merhamet-pokrenuo-akciju-prikupljanja-pomoci-za-narod-pakistana\\\/#primaryimage\"},\"thumbnailUrl\":\"https:\\\/\\\/tuzlainfo.ba\\\/wp-content\\\/uploads\\\/2022\\\/09\\\/pakistan-poplave.jpg\",\"keywords\":[\"merhamet\",\"pakistan\"],\"articleSection\":[\"Bosna i Hercegovina\"],\"inLanguage\":\"bs-BA\",\"copyrightYear\":\"2022\",\"copyrightHolder\":{\"@id\":\"https:\\\/\\\/tuzlainfo.ba\\\/#organization\"}},{\"@type\":\"WebPage\",\"@id\":\"https:\\\/\\\/tuzlainfo.ba\\\/index.php\\\/bosna-i-hercegovina\\\/item\\\/184093-merhamet-pokrenuo-akciju-prikupljanja-pomoci-za-narod-pakistana\\\/\",\"url\":\"https:\\\/\\\/tuzlainfo.ba\\\/index.php\\\/bosna-i-hercegovina\\\/item\\\/184093-merhamet-pokrenuo-akciju-prikupljanja-pomoci-za-narod-pakistana\\\/\",\"name\":\"\u201eMerhamet\u201c pokrenuo akciju prikupljanja pomo\u0107i za narod Pakistana\",\"isPartOf\":{\"@id\":\"https:\\\/\\\/tuzlainfo.ba\\\/#website\"},\"primaryImageOfPage\":{\"@id\":\"https:\\\/\\\/tuzlainfo.ba\\\/index.php\\\/bosna-i-hercegovina\\\/item\\\/184093-merhamet-pokrenuo-akciju-prikupljanja-pomoci-za-narod-pakistana\\\/#primaryimage\"},\"image\":{\"@id\":\"https:\\\/\\\/tuzlainfo.ba\\\/index.php\\\/bosna-i-hercegovina\\\/item\\\/184093-merhamet-pokrenuo-akciju-prikupljanja-pomoci-za-narod-pakistana\\\/#primaryimage\"},\"thumbnailUrl\":\"https:\\\/\\\/tuzlainfo.ba\\\/wp-content\\\/uploads\\\/2022\\\/09\\\/pakistan-poplave.jpg\",\"datePublished\":\"2022-09-15T16:09:02+00:00\",\"breadcrumb\":{\"@id\":\"https:\\\/\\\/tuzlainfo.ba\\\/index.php\\\/bosna-i-hercegovina\\\/item\\\/184093-merhamet-pokrenuo-akciju-prikupljanja-pomoci-za-narod-pakistana\\\/#breadcrumb\"},\"inLanguage\":\"bs-BA\",\"potentialAction\":[{\"@type\":\"ReadAction\",\"target\":[\"https:\\\/\\\/tuzlainfo.ba\\\/index.php\\\/bosna-i-hercegovina\\\/item\\\/184093-merhamet-pokrenuo-akciju-prikupljanja-pomoci-za-narod-pakistana\\\/\"]}]},{\"@type\":\"ImageObject\",\"inLanguage\":\"bs-BA\",\"@id\":\"https:\\\/\\\/tuzlainfo.ba\\\/index.php\\\/bosna-i-hercegovina\\\/item\\\/184093-merhamet-pokrenuo-akciju-prikupljanja-pomoci-za-narod-pakistana\\\/#primaryimage\",\"url\":\"https:\\\/\\\/tuzlainfo.ba\\\/wp-content\\\/uploads\\\/2022\\\/09\\\/pakistan-poplave.jpg\",\"contentUrl\":\"https:\\\/\\\/tuzlainfo.ba\\\/wp-content\\\/uploads\\\/2022\\\/09\\\/pakistan-poplave.jpg\",\"width\":1280,\"height\":879},{\"@type\":\"BreadcrumbList\",\"@id\":\"https:\\\/\\\/tuzlainfo.ba\\\/index.php\\\/bosna-i-hercegovina\\\/item\\\/184093-merhamet-pokrenuo-akciju-prikupljanja-pomoci-za-narod-pakistana\\\/#breadcrumb\",\"itemListElement\":[{\"@type\":\"ListItem\",\"position\":1,\"name\":\"Home\",\"item\":\"https:\\\/\\\/tuzlainfo.ba\\\/\"},{\"@type\":\"ListItem\",\"position\":2,\"name\":\"\u201eMerhamet\u201c pokrenuo akciju prikupljanja pomo\u0107i za narod Pakistana\"}]},{\"@type\":\"WebSite\",\"@id\":\"https:\\\/\\\/tuzlainfo.ba\\\/#website\",\"url\":\"https:\\\/\\\/tuzlainfo.ba\\\/\",\"name\":\"TuzlaInfo.ba\",\"description\":\"Tuzla info, gradski informator - Tuzla na dlanu\",\"publisher\":{\"@id\":\"https:\\\/\\\/tuzlainfo.ba\\\/#organization\"},\"potentialAction\":[{\"@type\":\"SearchAction\",\"target\":{\"@type\":\"EntryPoint\",\"urlTemplate\":\"https:\\\/\\\/tuzlainfo.ba\\\/?s={search_term_string}\"},\"query-input\":{\"@type\":\"PropertyValueSpecification\",\"valueRequired\":true,\"valueName\":\"search_term_string\"}}],\"inLanguage\":\"bs-BA\"},{\"@type\":\"Organization\",\"@id\":\"https:\\\/\\\/tuzlainfo.ba\\\/#organization\",\"name\":\"TuzlaInfo.ba\",\"url\":\"https:\\\/\\\/tuzlainfo.ba\\\/\",\"logo\":{\"@type\":\"ImageObject\",\"inLanguage\":\"bs-BA\",\"@id\":\"https:\\\/\\\/tuzlainfo.ba\\\/#\\\/schema\\\/logo\\\/image\\\/\",\"url\":\"https:\\\/\\\/tuzlainfo.ba\\\/wp-content\\\/uploads\\\/2021\\\/03\\\/logo-ver-3-1.png\",\"contentUrl\":\"https:\\\/\\\/tuzlainfo.ba\\\/wp-content\\\/uploads\\\/2021\\\/03\\\/logo-ver-3-1.png\",\"width\":350,\"height\":95,\"caption\":\"TuzlaInfo.ba\"},\"image\":{\"@id\":\"https:\\\/\\\/tuzlainfo.ba\\\/#\\\/schema\\\/logo\\\/image\\\/\"},\"sameAs\":[\"https:\\\/\\\/www.facebook.com\\\/tuzlainfo.ba\\\/\"]},{\"@type\":\"Person\",\"@id\":\"https:\\\/\\\/tuzlainfo.ba\\\/#\\\/schema\\\/person\\\/46cad4c57790cbc50781edd14870825a\",\"name\":\"Tuzla Info\",\"image\":{\"@type\":\"ImageObject\",\"inLanguage\":\"bs-BA\",\"@id\":\"https:\\\/\\\/secure.gravatar.com\\\/avatar\\\/e980921b00fa2e552723a2386544734ce6885d2b2304ccca3f45186f9ca4031d?s=96&d=mm&r=g\",\"url\":\"https:\\\/\\\/secure.gravatar.com\\\/avatar\\\/e980921b00fa2e552723a2386544734ce6885d2b2304ccca3f45186f9ca4031d?s=96&d=mm&r=g\",\"contentUrl\":\"https:\\\/\\\/secure.gravatar.com\\\/avatar\\\/e980921b00fa2e552723a2386544734ce6885d2b2304ccca3f45186f9ca4031d?s=96&d=mm&r=g\",\"caption\":\"Tuzla Info\"}}]}<\/script>\n<!-- \/ Yoast SEO plugin. -->","yoast_head_json":{"title":"\u201eMerhamet\u201c pokrenuo akciju prikupljanja pomo\u0107i za narod Pakistana","robots":{"index":"index","follow":"follow","max-snippet":"max-snippet:-1","max-image-preview":"max-image-preview:large","max-video-preview":"max-video-preview:-1"},"canonical":"https:\/\/tuzlainfo.ba\/index.php\/bosna-i-hercegovina\/item\/184093-merhamet-pokrenuo-akciju-prikupljanja-pomoci-za-narod-pakistana\/","og_locale":"bs_BA","og_type":"article","og_title":"\u201eMerhamet\u201c pokrenuo akciju prikupljanja pomo\u0107i za narod Pakistana","og_description":"Muslimansko dobrotvorno dru\u0161tvo \u201eMerhamet\u201c, odlukom Upravnog odbora, pokrenulo je humanitarnu akciju pod nazivom \u201cPomo\u0107 narodu Pakistana pogo\u0111enom poplavama\u201d. \u201eMerhamet\u201c \u0107e akciju prikupljanja pomo\u0107i za Pakistan provoditi u svim organizacionim jedinicama ove humanitarne organizacije u zemlji i inostranstvu. Akcija \u0107e trajati od 15. septembra do 15. oktobra 2022. godine. Sredstva za ovu akciju \u0107e se prikupljati: [&hellip;]","og_url":"https:\/\/tuzlainfo.ba\/index.php\/bosna-i-hercegovina\/item\/184093-merhamet-pokrenuo-akciju-prikupljanja-pomoci-za-narod-pakistana\/","og_site_name":"TuzlaInfo.ba","article_publisher":"https:\/\/www.facebook.com\/tuzlainfo.ba\/","article_published_time":"2022-09-15T16:09:02+00:00","og_image":[{"width":1280,"height":879,"url":"https:\/\/tuzlainfo.ba\/wp-content\/uploads\/2022\/09\/pakistan-poplave.jpg","type":"image\/jpeg"}],"author":"Tuzla Info","twitter_card":"summary_large_image","twitter_misc":{"Written by":"Tuzla Info","Est. reading time":"1 minuta"},"schema":{"@context":"https:\/\/schema.org","@graph":[{"@type":"Article","@id":"https:\/\/tuzlainfo.ba\/index.php\/bosna-i-hercegovina\/item\/184093-merhamet-pokrenuo-akciju-prikupljanja-pomoci-za-narod-pakistana\/#article","isPartOf":{"@id":"https:\/\/tuzlainfo.ba\/index.php\/bosna-i-hercegovina\/item\/184093-merhamet-pokrenuo-akciju-prikupljanja-pomoci-za-narod-pakistana\/"},"author":{"name":"Tuzla Info","@id":"https:\/\/tuzlainfo.ba\/#\/schema\/person\/46cad4c57790cbc50781edd14870825a"},"headline":"\u201eMerhamet\u201c pokrenuo akciju prikupljanja pomo\u0107i za narod Pakistana","datePublished":"2022-09-15T16:09:02+00:00","mainEntityOfPage":{"@id":"https:\/\/tuzlainfo.ba\/index.php\/bosna-i-hercegovina\/item\/184093-merhamet-pokrenuo-akciju-prikupljanja-pomoci-za-narod-pakistana\/"},"wordCount":170,"commentCount":0,"publisher":{"@id":"https:\/\/tuzlainfo.ba\/#organization"},"image":{"@id":"https:\/\/tuzlainfo.ba\/index.php\/bosna-i-hercegovina\/item\/184093-merhamet-pokrenuo-akciju-prikupljanja-pomoci-za-narod-pakistana\/#primaryimage"},"thumbnailUrl":"https:\/\/tuzlainfo.ba\/wp-content\/uploads\/2022\/09\/pakistan-poplave.jpg","keywords":["merhamet","pakistan"],"articleSection":["Bosna i Hercegovina"],"inLanguage":"bs-BA","copyrightYear":"2022","copyrightHolder":{"@id":"https:\/\/tuzlainfo.ba\/#organization"}},{"@type":"WebPage","@id":"https:\/\/tuzlainfo.ba\/index.php\/bosna-i-hercegovina\/item\/184093-merhamet-pokrenuo-akciju-prikupljanja-pomoci-za-narod-pakistana\/","url":"https:\/\/tuzlainfo.ba\/index.php\/bosna-i-hercegovina\/item\/184093-merhamet-pokrenuo-akciju-prikupljanja-pomoci-za-narod-pakistana\/","name":"\u201eMerhamet\u201c pokrenuo akciju prikupljanja pomo\u0107i za narod Pakistana","isPartOf":{"@id":"https:\/\/tuzlainfo.ba\/#website"},"primaryImageOfPage":{"@id":"https:\/\/tuzlainfo.ba\/index.php\/bosna-i-hercegovina\/item\/184093-merhamet-pokrenuo-akciju-prikupljanja-pomoci-za-narod-pakistana\/#primaryimage"},"image":{"@id":"https:\/\/tuzlainfo.ba\/index.php\/bosna-i-hercegovina\/item\/184093-merhamet-pokrenuo-akciju-prikupljanja-pomoci-za-narod-pakistana\/#primaryimage"},"thumbnailUrl":"https:\/\/tuzlainfo.ba\/wp-content\/uploads\/2022\/09\/pakistan-poplave.jpg","datePublished":"2022-09-15T16:09:02+00:00","breadcrumb":{"@id":"https:\/\/tuzlainfo.ba\/index.php\/bosna-i-hercegovina\/item\/184093-merhamet-pokrenuo-akciju-prikupljanja-pomoci-za-narod-pakistana\/#breadcrumb"},"inLanguage":"bs-BA","potentialAction":[{"@type":"ReadAction","target":["https:\/\/tuzlainfo.ba\/index.php\/bosna-i-hercegovina\/item\/184093-merhamet-pokrenuo-akciju-prikupljanja-pomoci-za-narod-pakistana\/"]}]},{"@type":"ImageObject","inLanguage":"bs-BA","@id":"https:\/\/tuzlainfo.ba\/index.php\/bosna-i-hercegovina\/item\/184093-merhamet-pokrenuo-akciju-prikupljanja-pomoci-za-narod-pakistana\/#primaryimage","url":"https:\/\/tuzlainfo.ba\/wp-content\/uploads\/2022\/09\/pakistan-poplave.jpg","contentUrl":"https:\/\/tuzlainfo.ba\/wp-content\/uploads\/2022\/09\/pakistan-poplave.jpg","width":1280,"height":879},{"@type":"BreadcrumbList","@id":"https:\/\/tuzlainfo.ba\/index.php\/bosna-i-hercegovina\/item\/184093-merhamet-pokrenuo-akciju-prikupljanja-pomoci-za-narod-pakistana\/#breadcrumb","itemListElement":[{"@type":"ListItem","position":1,"name":"Home","item":"https:\/\/tuzlainfo.ba\/"},{"@type":"ListItem","position":2,"name":"\u201eMerhamet\u201c pokrenuo akciju prikupljanja pomo\u0107i za narod Pakistana"}]},{"@type":"WebSite","@id":"https:\/\/tuzlainfo.ba\/#website","url":"https:\/\/tuzlainfo.ba\/","name":"TuzlaInfo.ba","description":"Tuzla info, gradski informator - Tuzla na dlanu","publisher":{"@id":"https:\/\/tuzlainfo.ba\/#organization"},"potentialAction":[{"@type":"SearchAction","target":{"@type":"EntryPoint","urlTemplate":"https:\/\/tuzlainfo.ba\/?s={search_term_string}"},"query-input":{"@type":"PropertyValueSpecification","valueRequired":true,"valueName":"search_term_string"}}],"inLanguage":"bs-BA"},{"@type":"Organization","@id":"https:\/\/tuzlainfo.ba\/#organization","name":"TuzlaInfo.ba","url":"https:\/\/tuzlainfo.ba\/","logo":{"@type":"ImageObject","inLanguage":"bs-BA","@id":"https:\/\/tuzlainfo.ba\/#\/schema\/logo\/image\/","url":"https:\/\/tuzlainfo.ba\/wp-content\/uploads\/2021\/03\/logo-ver-3-1.png","contentUrl":"https:\/\/tuzlainfo.ba\/wp-content\/uploads\/2021\/03\/logo-ver-3-1.png","width":350,"height":95,"caption":"TuzlaInfo.ba"},"image":{"@id":"https:\/\/tuzlainfo.ba\/#\/schema\/logo\/image\/"},"sameAs":["https:\/\/www.facebook.com\/tuzlainfo.ba\/"]},{"@type":"Person","@id":"https:\/\/tuzlainfo.ba\/#\/schema\/person\/46cad4c57790cbc50781edd14870825a","name":"Tuzla Info","image":{"@type":"ImageObject","inLanguage":"bs-BA","@id":"https:\/\/secure.gravatar.com\/avatar\/e980921b00fa2e552723a2386544734ce6885d2b2304ccca3f45186f9ca4031d?s=96&d=mm&r=g","url":"https:\/\/secure.gravatar.com\/avatar\/e980921b00fa2e552723a2386544734ce6885d2b2304ccca3f45186f9ca4031d?s=96&d=mm&r=g","contentUrl":"https:\/\/secure.gravatar.com\/avatar\/e980921b00fa2e552723a2386544734ce6885d2b2304ccca3f45186f9ca4031d?s=96&d=mm&r=g","caption":"Tuzla Info"}}]}},"_links":{"self":[{"href":"https:\/\/tuzlainfo.ba\/index.php\/wp-json\/wp\/v2\/posts\/184093","targetHints":{"allow":["GET"]}}],"collection":[{"href":"https:\/\/tuzlainfo.ba\/index.php\/wp-json\/wp\/v2\/posts"}],"about":[{"href":"https:\/\/tuzlainfo.ba\/index.php\/wp-json\/wp\/v2\/types\/post"}],"author":[{"embeddable":true,"href":"https:\/\/tuzlainfo.ba\/index.php\/wp-json\/wp\/v2\/users\/4"}],"replies":[{"embeddable":true,"href":"https:\/\/tuzlainfo.ba\/index.php\/wp-json\/wp\/v2\/comments?post=184093"}],"version-history":[{"count":0,"href":"https:\/\/tuzlainfo.ba\/index.php\/wp-json\/wp\/v2\/posts\/184093\/revisions"}],"wp:featuredmedia":[{"embeddable":true,"href":"https:\/\/tuzlainfo.ba\/index.php\/wp-json\/wp\/v2\/media\/184095"}],"wp:attachment":[{"href":"https:\/\/tuzlainfo.ba\/index.php\/wp-json\/wp\/v2\/media?parent=184093"}],"wp:term":[{"taxonomy":"category","embeddable":true,"href":"https:\/\/tuzlainfo.ba\/index.php\/wp-json\/wp\/v2\/categories?post=184093"},{"taxonomy":"post_tag","embeddable":true,"href":"https:\/\/tuzlainfo.ba\/index.php\/wp-json\/wp\/v2\/tags?post=184093"}],"curies":[{"name":"wp","href":"https:\/\/api.w.org\/{rel}","templated":true}]}}