{"id":183970,"date":"2022-09-14T09:00:57","date_gmt":"2022-09-14T07:00:57","guid":{"rendered":"https:\/\/tuzlainfo.ba\/?p=183970"},"modified":"2022-09-14T07:46:42","modified_gmt":"2022-09-14T05:46:42","slug":"azmir-husic-clan-ionsbih-nekome-je-u-cilju-da-narusi-atmosferu-u-reprezentaciji","status":"publish","type":"post","link":"https:\/\/tuzlainfo.ba\/index.php\/bosna-i-hercegovina\/item\/183970-azmir-husic-clan-ionsbih-nekome-je-u-cilju-da-narusi-atmosferu-u-reprezentaciji\/","title":{"rendered":"Azmir Husi\u0107, \u010dlan IONSBiH: Nekome je u cilju da naru\u0161i atmosferu u reprezentaciji"},"content":{"rendered":"<p>\u010clan Izvr\u0161nog odbora Nogometnog saveza Bosne i Hercegovine (NSBiH) Azmir Husi\u0107 u razgovoru za Avaz istakao je da treba uraditi sve da se ne odigra zakazana prijateljska utakmica Rusija \u2013 BiH u St. Peterburgu (19. novembar).<\/p>\n<p>Kako je rekao prvi \u010dovjek Tuzla Cityja \u2013 ne mo\u017eemo mimo svijeta.<\/p>\n<p><strong>\u201cJer, kada 90 posto svijeta osu\u0111uje agresiju Rusije na Ukrajinu, mislim da se toga trebamo dr\u017eati. Ne znam odakle da ba\u0161 mi budemo izabrani za odigravanje te utakmice, kao zemlja koja je osjetljiva u svakom pogledu\u201d<\/strong>, istakao je Husi\u0107 za\u00a0<a href=\"https:\/\/sport.avaz.ba\/nogomet\/771961\/azmir-husic-za-avaz-cim-srbija-i-hrvatska-odigraju-utakmicu-s-rusijom-i-bih-ce-ja-sam-ovu-drzavu-branio-tijelom?fbclid=IwAR3JUAABTdc2CSuDwP6uZEhHZNFP69mTQ6c3rYhVDfZ7MK3anC5Xnv8xOVg\" target=\"_blank\" rel=\"noreferrer noopener\">Avaz<\/a>.<\/p>\n<p>Sigurno nismo izabrani slu\u010dajno?<\/p>\n<p><strong>\u201cSla\u017eem se, nije slu\u010dajno. Nije ni moment, ni\u2026 Nama je najmanje potrebna ova utakmica.\u201d<\/strong><\/p>\n<p>Da li Vas je iko kontaktirao iz Nogometnog saveza ili Komiteta za hitnost NSBiH prije sporne sjednice na kojoj je donesena odluka o odigravanju prijateljske utakmice u St. Peterburgu?<\/p>\n<p><strong>\u201cNije. Irfan (Duri\u0107, potpredsjednik NSBiH, op. a.) me obavijestio o svemu kad je sav posao zavr\u0161en. Praksa je takva, a nije ni du\u017enost da se prije sjednice obavijeste ostali \u010dlanovi Izvr\u0161nog odbora, nego se samo upoznaju nakon odluke.\u201d<\/strong><\/p>\n<p>Ipak, ovo je bilo ba\u0161 osjetljivo pitanje, tako da je bilo logi\u010dno kontaktirati i ostale \u010dlanove IO NSBiH.<\/p>\n<p><strong>\u201cMene niko nije kontaktirao prije sjednice, ne znam za ostale. A, kad je sve zavr\u0161eno, kontaktirao me Irfan i rekao da je \u010copla (Fuad) glasao za odigravanje utakmice, da je on bio protiv. Rekao sam, kako god da je bilo, morali ste biti svjesni da ste to morali izbje\u0107i. A jedini na\u010din da se to uradi je bio da se ne u\u010destvuje na sjednici Komiteta za hitnost. Zna\u010di, ako ne u\u010destvuje\u0161, ne mo\u017ee se donijeti odluka. Mislim da ovdje nije bitno ko je glasao i ko je bio protiv, najbitnije je to da se ta sjednica nije smjela odr\u017eati\u201d<\/strong>, rekao je Husi\u0107.<\/p>\n<p>Prije same sjednice mogao se odr\u017eati barem neformalni u\u017ei sastanak \u010dlanova Izvr\u0161nog odbora NSBiH.<\/p>\n<p><strong>\u201cNikad, od marta pro\u0161le godine i na\u0161eg ulaska u NSBiH bo\u0161nja\u010dka komponenta nikad nije sjela zajedno da pri\u010da o ciljevima, strategijama, nekoj podr\u0161ci, nekim, tako da ka\u017eem, uputstvima kako treba raditi ili koje korake treba poduzimati. Dok ostali redovno sjede zajedno, dogovaraju se i prave, da ka\u017eem, neke svoje planove. Na\u017ealost, mi nemamo bo\u0161nja\u010dku komponentu u Savezu, to ja tvrdim. Jer da imamo, ne bi se desilo ovo \u0161to se desilo\u201d,<\/strong>\u00a0istakao je Husi\u0107.<\/p>\n<p>Predsjednik NSBiH je za kraj septembra ili po\u010detak oktobra najavio tematsku sjednicu u vezi s prijateljskom utakmicom protiv Rusije.<\/p>\n<p><strong>\u201cJa sam ovu dr\u017eavu branio tijelom, pa sam spreman da je danas branim i jezikom. Prvi sam rekao da \u0107u sve u\u010diniti da se ne odigra ta utakmica. U Statutu Saveza sam na\u0161ao osnovu da se ponovo zaka\u017ee sjednica na kojoj \u0107e biti samo jedna ta\u010dka dnevnog reda. \u010clan 36. ka\u017ee da se nova sjednica mo\u017ee zakazati zahtjevom i potpisima pet \u010dlanova Izvr\u0161nog odbora. U tom slu\u010daju predsjednik Saveza (Vico Zeljkovi\u0107, op. a.) je obavezan da je zaka\u017ee. Mi ve\u0107 imamo tih pet potpisa.\u201d<\/strong><\/p>\n<p><strong>\u201cJa sam potpisao ju\u010der, \u0161to su trebali uraditi i ostali. Taj zahtjev s potpisima \u0107emo uskoro poslati generalnom sekretaru (Adnan D\u017eemod\u017ei\u0107), koji je du\u017ean da obavijesti predsjednika da pet \u010dlanova Izvr\u0161nog odbora zahtijeva hitnu sjednicu s ta\u010dkom dnevnog reda \u2013 preispitivanje odluke koja je donesena na Komitetu za hitnost\u201d<\/strong>, dodao je on.<\/p>\n<p>Husi\u0107 posebno \u017eali \u0161to je ovim de\u0161avanjima naru\u0161en i ambijent me\u0111u bh. reprezentativcima pred odlu\u010duju\u0107i me\u010d s Crnom Gorom u Ligi nacija.<\/p>\n<p><strong>\u201cGeneralni sekretar trenutno nije u Sarajevu, nego na sjednici u Parizu s UEFA-om. Vra\u0107a se u srijedu (sutra) i to \u0107e mu biti dostavljeno. Njihovo je da zaka\u017eu sjednicu, a glavno pitanje \u0107e biti za\u0161to prijateljska utakmica s Rusijom u ovom trenutku. Me\u0111utim, sada imamo jo\u0161 jedan veliki problem jer je naru\u0161en ambijent me\u0111u na\u0161im reprezentativcima pred odlu\u010duju\u0107u utakmicu protiv Crne Gore (Liga nacija)\u201d<\/strong>, istakao je Husi\u0107.<\/p>\n<p>Mo\u017eda je i to nekome bio cilj?<\/p>\n<p><strong>\u201cNekome mo\u017eda nije cilj da budemo prvi u grupi i dobijemo \u0161to povoljniju kvalifikacionu grupu za Euro 2024. I naredne godine igramo u grupi A Lige nacija. Osvajanjem prvog mjesta u ovogodi\u0161njoj Ligi nacija mi idemo u drugi \u0161e\u0161ir spomenutog \u017erijeba, \u0161to je vrlo bitno, jer \u0107emo dobiti makar dvije slabije reprezentacije po rang-listi. Samim tim nam je ve\u0107a \u0161ansa da se izborimo za plasman na Evropsko prvenstvo. Sve se to sada treba preispitati. Jedno je sigurno, sve ovo nam nije trebalo u ovom trenutku. Na kraju krajeva, za\u0161to odluku o utakmici s Rusijom nismo mogli donijeti nakon septembarskih reprezentativnih utakmica? Da se ne naru\u0161ava ambijent pred va\u017ene utakmice. Svakako \u0107emo imati Izvr\u0161ni odbor nakon spomenutih utakmica\u201d<\/strong>, zaklju\u010dio je Husi\u0107 za\u00a0<a href=\"https:\/\/sport.avaz.ba\/nogomet\/771961\/azmir-husic-za-avaz-cim-srbija-i-hrvatska-odigraju-utakmicu-s-rusijom-i-bih-ce-ja-sam-ovu-drzavu-branio-tijelom?fbclid=IwAR3JUAABTdc2CSuDwP6uZEhHZNFP69mTQ6c3rYhVDfZ7MK3anC5Xnv8xOVg\" target=\"_blank\" rel=\"noreferrer noopener\">Avaz<\/a>.<\/p>\n<p>Jo\u0161 je na kraju dodao da prihvata da BiH odmah odigra utakmicu s Rusijom, \u010dim to u\u010dine Hrvatska i Srbija.<\/p>\n<p><strong>\u201cIpak, spomenute dvije zemlje su i ja\u010de od nas, i ekonomski i sa svim ostalim. Moj prijedlog je da \u0107emo, poslije Srbije, mi biti prvi koji \u0107emo igrati prijateljsku utakmicu protiv Rusije. Jer oni su bli\u017ee Moskvi, oni su isto\u010dnije od nas\u201d<\/strong>, kazao je Husi\u0107.<\/p>\n","protected":false},"excerpt":{"rendered":"<p>\u010clan Izvr\u0161nog odbora Nogometnog saveza Bosne i Hercegovine (NSBiH) Azmir Husi\u0107 u razgovoru za Avaz&hellip;<\/p>\n","protected":false},"author":2,"featured_media":61242,"comment_status":"open","ping_status":"closed","sticky":false,"template":"","format":"standard","meta":{"_acf_changed":false,"footnotes":""},"categories":[291,304],"tags":[4807,2530,915],"acf":[],"yoast_head":"<!-- This site is optimized with the Yoast SEO plugin v23.5 - https:\/\/yoast.com\/wordpress\/plugins\/seo\/ -->\n<title>Azmir Husi\u0107, \u010dlan IONSBiH: Nekome je u cilju da naru\u0161i atmosferu u reprezentaciji - TuzlaInfo.ba<\/title>\n<meta name=\"robots\" content=\"index, follow, max-snippet:-1, max-image-preview:large, max-video-preview:-1\" \/>\n<link rel=\"canonical\" href=\"https:\/\/tuzlainfo.ba\/index.php\/bosna-i-hercegovina\/item\/183970-azmir-husic-clan-ionsbih-nekome-je-u-cilju-da-narusi-atmosferu-u-reprezentaciji\/\" \/>\n<meta property=\"og:locale\" content=\"bs_BA\" \/>\n<meta property=\"og:type\" content=\"article\" \/>\n<meta property=\"og:title\" content=\"Azmir Husi\u0107, \u010dlan IONSBiH: Nekome je u cilju da naru\u0161i atmosferu u reprezentaciji - TuzlaInfo.ba\" \/>\n<meta property=\"og:description\" content=\"\u010clan Izvr\u0161nog odbora Nogometnog saveza Bosne i Hercegovine (NSBiH) Azmir Husi\u0107 u razgovoru za Avaz&hellip;\" \/>\n<meta property=\"og:url\" content=\"https:\/\/tuzlainfo.ba\/index.php\/bosna-i-hercegovina\/item\/183970-azmir-husic-clan-ionsbih-nekome-je-u-cilju-da-narusi-atmosferu-u-reprezentaciji\/\" \/>\n<meta property=\"og:site_name\" content=\"TuzlaInfo.ba\" \/>\n<meta property=\"article:publisher\" content=\"https:\/\/www.facebook.com\/tuzlainfo.ba\/\" \/>\n<meta property=\"article:published_time\" content=\"2022-09-14T07:00:57+00:00\" \/>\n<meta property=\"article:modified_time\" content=\"2022-09-14T05:46:42+00:00\" \/>\n<meta property=\"og:image\" content=\"https:\/\/tuzlainfo.ba\/wp-content\/uploads\/2018\/04\/sadrzaj_2018_20180401_0204_azmir.jpg\" \/>\n\t<meta property=\"og:image:width\" content=\"760\" \/>\n\t<meta property=\"og:image:height\" content=\"475\" \/>\n\t<meta property=\"og:image:type\" content=\"image\/jpeg\" \/>\n<meta name=\"author\" content=\"nedim\" \/>\n<meta name=\"twitter:card\" content=\"summary_large_image\" \/>\n<meta name=\"twitter:label1\" content=\"Written by\" \/>\n\t<meta name=\"twitter:data1\" content=\"nedim\" \/>\n\t<meta name=\"twitter:label2\" content=\"Est. reading time\" \/>\n\t<meta name=\"twitter:data2\" content=\"4 minute\" \/>\n<script type=\"application\/ld+json\" class=\"yoast-schema-graph\">{\"@context\":\"https:\/\/schema.org\",\"@graph\":[{\"@type\":\"Article\",\"@id\":\"https:\/\/tuzlainfo.ba\/index.php\/bosna-i-hercegovina\/item\/183970-azmir-husic-clan-ionsbih-nekome-je-u-cilju-da-narusi-atmosferu-u-reprezentaciji\/#article\",\"isPartOf\":{\"@id\":\"https:\/\/tuzlainfo.ba\/index.php\/bosna-i-hercegovina\/item\/183970-azmir-husic-clan-ionsbih-nekome-je-u-cilju-da-narusi-atmosferu-u-reprezentaciji\/\"},\"author\":{\"name\":\"nedim\",\"@id\":\"https:\/\/tuzlainfo.ba\/#\/schema\/person\/f434e20dc27ea133923aab08451b7f7f\"},\"headline\":\"Azmir Husi\u0107, \u010dlan IONSBiH: Nekome je u cilju da naru\u0161i atmosferu u reprezentaciji\",\"datePublished\":\"2022-09-14T07:00:57+00:00\",\"dateModified\":\"2022-09-14T05:46:42+00:00\",\"mainEntityOfPage\":{\"@id\":\"https:\/\/tuzlainfo.ba\/index.php\/bosna-i-hercegovina\/item\/183970-azmir-husic-clan-ionsbih-nekome-je-u-cilju-da-narusi-atmosferu-u-reprezentaciji\/\"},\"wordCount\":905,\"commentCount\":0,\"publisher\":{\"@id\":\"https:\/\/tuzlainfo.ba\/#organization\"},\"image\":{\"@id\":\"https:\/\/tuzlainfo.ba\/index.php\/bosna-i-hercegovina\/item\/183970-azmir-husic-clan-ionsbih-nekome-je-u-cilju-da-narusi-atmosferu-u-reprezentaciji\/#primaryimage\"},\"thumbnailUrl\":\"https:\/\/tuzlainfo.ba\/wp-content\/uploads\/2018\/04\/sadrzaj_2018_20180401_0204_azmir.jpg\",\"keywords\":[\"azmir husic\",\"NFSBiH\",\"sport\"],\"articleSection\":[\"Bosna i Hercegovina\",\"Istaknuto\"],\"inLanguage\":\"bs-BA\"},{\"@type\":\"WebPage\",\"@id\":\"https:\/\/tuzlainfo.ba\/index.php\/bosna-i-hercegovina\/item\/183970-azmir-husic-clan-ionsbih-nekome-je-u-cilju-da-narusi-atmosferu-u-reprezentaciji\/\",\"url\":\"https:\/\/tuzlainfo.ba\/index.php\/bosna-i-hercegovina\/item\/183970-azmir-husic-clan-ionsbih-nekome-je-u-cilju-da-narusi-atmosferu-u-reprezentaciji\/\",\"name\":\"Azmir Husi\u0107, \u010dlan IONSBiH: Nekome je u cilju da naru\u0161i atmosferu u reprezentaciji - TuzlaInfo.ba\",\"isPartOf\":{\"@id\":\"https:\/\/tuzlainfo.ba\/#website\"},\"primaryImageOfPage\":{\"@id\":\"https:\/\/tuzlainfo.ba\/index.php\/bosna-i-hercegovina\/item\/183970-azmir-husic-clan-ionsbih-nekome-je-u-cilju-da-narusi-atmosferu-u-reprezentaciji\/#primaryimage\"},\"image\":{\"@id\":\"https:\/\/tuzlainfo.ba\/index.php\/bosna-i-hercegovina\/item\/183970-azmir-husic-clan-ionsbih-nekome-je-u-cilju-da-narusi-atmosferu-u-reprezentaciji\/#primaryimage\"},\"thumbnailUrl\":\"https:\/\/tuzlainfo.ba\/wp-content\/uploads\/2018\/04\/sadrzaj_2018_20180401_0204_azmir.jpg\",\"datePublished\":\"2022-09-14T07:00:57+00:00\",\"dateModified\":\"2022-09-14T05:46:42+00:00\",\"breadcrumb\":{\"@id\":\"https:\/\/tuzlainfo.ba\/index.php\/bosna-i-hercegovina\/item\/183970-azmir-husic-clan-ionsbih-nekome-je-u-cilju-da-narusi-atmosferu-u-reprezentaciji\/#breadcrumb\"},\"inLanguage\":\"bs-BA\",\"potentialAction\":[{\"@type\":\"ReadAction\",\"target\":[\"https:\/\/tuzlainfo.ba\/index.php\/bosna-i-hercegovina\/item\/183970-azmir-husic-clan-ionsbih-nekome-je-u-cilju-da-narusi-atmosferu-u-reprezentaciji\/\"]}]},{\"@type\":\"ImageObject\",\"inLanguage\":\"bs-BA\",\"@id\":\"https:\/\/tuzlainfo.ba\/index.php\/bosna-i-hercegovina\/item\/183970-azmir-husic-clan-ionsbih-nekome-je-u-cilju-da-narusi-atmosferu-u-reprezentaciji\/#primaryimage\",\"url\":\"https:\/\/tuzlainfo.ba\/wp-content\/uploads\/2018\/04\/sadrzaj_2018_20180401_0204_azmir.jpg\",\"contentUrl\":\"https:\/\/tuzlainfo.ba\/wp-content\/uploads\/2018\/04\/sadrzaj_2018_20180401_0204_azmir.jpg\",\"width\":760,\"height\":475,\"caption\":\"0204 azmir\"},{\"@type\":\"BreadcrumbList\",\"@id\":\"https:\/\/tuzlainfo.ba\/index.php\/bosna-i-hercegovina\/item\/183970-azmir-husic-clan-ionsbih-nekome-je-u-cilju-da-narusi-atmosferu-u-reprezentaciji\/#breadcrumb\",\"itemListElement\":[{\"@type\":\"ListItem\",\"position\":1,\"name\":\"Home\",\"item\":\"https:\/\/tuzlainfo.ba\/\"},{\"@type\":\"ListItem\",\"position\":2,\"name\":\"Azmir Husi\u0107, \u010dlan IONSBiH: Nekome je u cilju da naru\u0161i atmosferu u reprezentaciji\"}]},{\"@type\":\"WebSite\",\"@id\":\"https:\/\/tuzlainfo.ba\/#website\",\"url\":\"https:\/\/tuzlainfo.ba\/\",\"name\":\"TuzlaInfo.ba\",\"description\":\"Tuzla info, gradski informator - Tuzla na dlanu\",\"publisher\":{\"@id\":\"https:\/\/tuzlainfo.ba\/#organization\"},\"potentialAction\":[{\"@type\":\"SearchAction\",\"target\":{\"@type\":\"EntryPoint\",\"urlTemplate\":\"https:\/\/tuzlainfo.ba\/?s={search_term_string}\"},\"query-input\":{\"@type\":\"PropertyValueSpecification\",\"valueRequired\":true,\"valueName\":\"search_term_string\"}}],\"inLanguage\":\"bs-BA\"},{\"@type\":\"Organization\",\"@id\":\"https:\/\/tuzlainfo.ba\/#organization\",\"name\":\"TuzlaInfo.ba\",\"url\":\"https:\/\/tuzlainfo.ba\/\",\"logo\":{\"@type\":\"ImageObject\",\"inLanguage\":\"bs-BA\",\"@id\":\"https:\/\/tuzlainfo.ba\/#\/schema\/logo\/image\/\",\"url\":\"https:\/\/tuzlainfo.ba\/wp-content\/uploads\/2021\/03\/logo-ver-3-1.png\",\"contentUrl\":\"https:\/\/tuzlainfo.ba\/wp-content\/uploads\/2021\/03\/logo-ver-3-1.png\",\"width\":350,\"height\":95,\"caption\":\"TuzlaInfo.ba\"},\"image\":{\"@id\":\"https:\/\/tuzlainfo.ba\/#\/schema\/logo\/image\/\"},\"sameAs\":[\"https:\/\/www.facebook.com\/tuzlainfo.ba\/\"]},{\"@type\":\"Person\",\"@id\":\"https:\/\/tuzlainfo.ba\/#\/schema\/person\/f434e20dc27ea133923aab08451b7f7f\",\"name\":\"nedim\",\"image\":{\"@type\":\"ImageObject\",\"inLanguage\":\"bs-BA\",\"@id\":\"https:\/\/tuzlainfo.ba\/#\/schema\/person\/image\/\",\"url\":\"https:\/\/tuzlainfo.ba\/wp-content\/litespeed\/avatar\/aabad687af24844af817603ac1cbdc4f.jpg?ver=1776702173\",\"contentUrl\":\"https:\/\/tuzlainfo.ba\/wp-content\/litespeed\/avatar\/aabad687af24844af817603ac1cbdc4f.jpg?ver=1776702173\",\"caption\":\"nedim\"},\"description\":\"Tuzlainfo.ba pratite na dru\u0161tvenim mre\u017eama: Facebook, Instagram i Youtube. Svoje pri\u010de, upite i fotografije \u0161aljite na na\u0161u e-mail adresu.\"}]}<\/script>\n<!-- \/ Yoast SEO plugin. -->","yoast_head_json":{"title":"Azmir Husi\u0107, \u010dlan IONSBiH: Nekome je u cilju da naru\u0161i atmosferu u reprezentaciji - TuzlaInfo.ba","robots":{"index":"index","follow":"follow","max-snippet":"max-snippet:-1","max-image-preview":"max-image-preview:large","max-video-preview":"max-video-preview:-1"},"canonical":"https:\/\/tuzlainfo.ba\/index.php\/bosna-i-hercegovina\/item\/183970-azmir-husic-clan-ionsbih-nekome-je-u-cilju-da-narusi-atmosferu-u-reprezentaciji\/","og_locale":"bs_BA","og_type":"article","og_title":"Azmir Husi\u0107, \u010dlan IONSBiH: Nekome je u cilju da naru\u0161i atmosferu u reprezentaciji - TuzlaInfo.ba","og_description":"\u010clan Izvr\u0161nog odbora Nogometnog saveza Bosne i Hercegovine (NSBiH) Azmir Husi\u0107 u razgovoru za Avaz&hellip;","og_url":"https:\/\/tuzlainfo.ba\/index.php\/bosna-i-hercegovina\/item\/183970-azmir-husic-clan-ionsbih-nekome-je-u-cilju-da-narusi-atmosferu-u-reprezentaciji\/","og_site_name":"TuzlaInfo.ba","article_publisher":"https:\/\/www.facebook.com\/tuzlainfo.ba\/","article_published_time":"2022-09-14T07:00:57+00:00","article_modified_time":"2022-09-14T05:46:42+00:00","og_image":[{"width":760,"height":475,"url":"https:\/\/tuzlainfo.ba\/wp-content\/uploads\/2018\/04\/sadrzaj_2018_20180401_0204_azmir.jpg","type":"image\/jpeg"}],"author":"nedim","twitter_card":"summary_large_image","twitter_misc":{"Written by":"nedim","Est. reading time":"4 minute"},"schema":{"@context":"https:\/\/schema.org","@graph":[{"@type":"Article","@id":"https:\/\/tuzlainfo.ba\/index.php\/bosna-i-hercegovina\/item\/183970-azmir-husic-clan-ionsbih-nekome-je-u-cilju-da-narusi-atmosferu-u-reprezentaciji\/#article","isPartOf":{"@id":"https:\/\/tuzlainfo.ba\/index.php\/bosna-i-hercegovina\/item\/183970-azmir-husic-clan-ionsbih-nekome-je-u-cilju-da-narusi-atmosferu-u-reprezentaciji\/"},"author":{"name":"nedim","@id":"https:\/\/tuzlainfo.ba\/#\/schema\/person\/f434e20dc27ea133923aab08451b7f7f"},"headline":"Azmir Husi\u0107, \u010dlan IONSBiH: Nekome je u cilju da naru\u0161i atmosferu u reprezentaciji","datePublished":"2022-09-14T07:00:57+00:00","dateModified":"2022-09-14T05:46:42+00:00","mainEntityOfPage":{"@id":"https:\/\/tuzlainfo.ba\/index.php\/bosna-i-hercegovina\/item\/183970-azmir-husic-clan-ionsbih-nekome-je-u-cilju-da-narusi-atmosferu-u-reprezentaciji\/"},"wordCount":905,"commentCount":0,"publisher":{"@id":"https:\/\/tuzlainfo.ba\/#organization"},"image":{"@id":"https:\/\/tuzlainfo.ba\/index.php\/bosna-i-hercegovina\/item\/183970-azmir-husic-clan-ionsbih-nekome-je-u-cilju-da-narusi-atmosferu-u-reprezentaciji\/#primaryimage"},"thumbnailUrl":"https:\/\/tuzlainfo.ba\/wp-content\/uploads\/2018\/04\/sadrzaj_2018_20180401_0204_azmir.jpg","keywords":["azmir husic","NFSBiH","sport"],"articleSection":["Bosna i Hercegovina","Istaknuto"],"inLanguage":"bs-BA"},{"@type":"WebPage","@id":"https:\/\/tuzlainfo.ba\/index.php\/bosna-i-hercegovina\/item\/183970-azmir-husic-clan-ionsbih-nekome-je-u-cilju-da-narusi-atmosferu-u-reprezentaciji\/","url":"https:\/\/tuzlainfo.ba\/index.php\/bosna-i-hercegovina\/item\/183970-azmir-husic-clan-ionsbih-nekome-je-u-cilju-da-narusi-atmosferu-u-reprezentaciji\/","name":"Azmir Husi\u0107, \u010dlan IONSBiH: Nekome je u cilju da naru\u0161i atmosferu u reprezentaciji - TuzlaInfo.ba","isPartOf":{"@id":"https:\/\/tuzlainfo.ba\/#website"},"primaryImageOfPage":{"@id":"https:\/\/tuzlainfo.ba\/index.php\/bosna-i-hercegovina\/item\/183970-azmir-husic-clan-ionsbih-nekome-je-u-cilju-da-narusi-atmosferu-u-reprezentaciji\/#primaryimage"},"image":{"@id":"https:\/\/tuzlainfo.ba\/index.php\/bosna-i-hercegovina\/item\/183970-azmir-husic-clan-ionsbih-nekome-je-u-cilju-da-narusi-atmosferu-u-reprezentaciji\/#primaryimage"},"thumbnailUrl":"https:\/\/tuzlainfo.ba\/wp-content\/uploads\/2018\/04\/sadrzaj_2018_20180401_0204_azmir.jpg","datePublished":"2022-09-14T07:00:57+00:00","dateModified":"2022-09-14T05:46:42+00:00","breadcrumb":{"@id":"https:\/\/tuzlainfo.ba\/index.php\/bosna-i-hercegovina\/item\/183970-azmir-husic-clan-ionsbih-nekome-je-u-cilju-da-narusi-atmosferu-u-reprezentaciji\/#breadcrumb"},"inLanguage":"bs-BA","potentialAction":[{"@type":"ReadAction","target":["https:\/\/tuzlainfo.ba\/index.php\/bosna-i-hercegovina\/item\/183970-azmir-husic-clan-ionsbih-nekome-je-u-cilju-da-narusi-atmosferu-u-reprezentaciji\/"]}]},{"@type":"ImageObject","inLanguage":"bs-BA","@id":"https:\/\/tuzlainfo.ba\/index.php\/bosna-i-hercegovina\/item\/183970-azmir-husic-clan-ionsbih-nekome-je-u-cilju-da-narusi-atmosferu-u-reprezentaciji\/#primaryimage","url":"https:\/\/tuzlainfo.ba\/wp-content\/uploads\/2018\/04\/sadrzaj_2018_20180401_0204_azmir.jpg","contentUrl":"https:\/\/tuzlainfo.ba\/wp-content\/uploads\/2018\/04\/sadrzaj_2018_20180401_0204_azmir.jpg","width":760,"height":475,"caption":"0204 azmir"},{"@type":"BreadcrumbList","@id":"https:\/\/tuzlainfo.ba\/index.php\/bosna-i-hercegovina\/item\/183970-azmir-husic-clan-ionsbih-nekome-je-u-cilju-da-narusi-atmosferu-u-reprezentaciji\/#breadcrumb","itemListElement":[{"@type":"ListItem","position":1,"name":"Home","item":"https:\/\/tuzlainfo.ba\/"},{"@type":"ListItem","position":2,"name":"Azmir Husi\u0107, \u010dlan IONSBiH: Nekome je u cilju da naru\u0161i atmosferu u reprezentaciji"}]},{"@type":"WebSite","@id":"https:\/\/tuzlainfo.ba\/#website","url":"https:\/\/tuzlainfo.ba\/","name":"TuzlaInfo.ba","description":"Tuzla info, gradski informator - Tuzla na dlanu","publisher":{"@id":"https:\/\/tuzlainfo.ba\/#organization"},"potentialAction":[{"@type":"SearchAction","target":{"@type":"EntryPoint","urlTemplate":"https:\/\/tuzlainfo.ba\/?s={search_term_string}"},"query-input":{"@type":"PropertyValueSpecification","valueRequired":true,"valueName":"search_term_string"}}],"inLanguage":"bs-BA"},{"@type":"Organization","@id":"https:\/\/tuzlainfo.ba\/#organization","name":"TuzlaInfo.ba","url":"https:\/\/tuzlainfo.ba\/","logo":{"@type":"ImageObject","inLanguage":"bs-BA","@id":"https:\/\/tuzlainfo.ba\/#\/schema\/logo\/image\/","url":"https:\/\/tuzlainfo.ba\/wp-content\/uploads\/2021\/03\/logo-ver-3-1.png","contentUrl":"https:\/\/tuzlainfo.ba\/wp-content\/uploads\/2021\/03\/logo-ver-3-1.png","width":350,"height":95,"caption":"TuzlaInfo.ba"},"image":{"@id":"https:\/\/tuzlainfo.ba\/#\/schema\/logo\/image\/"},"sameAs":["https:\/\/www.facebook.com\/tuzlainfo.ba\/"]},{"@type":"Person","@id":"https:\/\/tuzlainfo.ba\/#\/schema\/person\/f434e20dc27ea133923aab08451b7f7f","name":"nedim","image":{"@type":"ImageObject","inLanguage":"bs-BA","@id":"https:\/\/tuzlainfo.ba\/#\/schema\/person\/image\/","url":"https:\/\/tuzlainfo.ba\/wp-content\/litespeed\/avatar\/aabad687af24844af817603ac1cbdc4f.jpg?ver=1776702173","contentUrl":"https:\/\/tuzlainfo.ba\/wp-content\/litespeed\/avatar\/aabad687af24844af817603ac1cbdc4f.jpg?ver=1776702173","caption":"nedim"},"description":"Tuzlainfo.ba pratite na dru\u0161tvenim mre\u017eama: Facebook, Instagram i Youtube. Svoje pri\u010de, upite i fotografije \u0161aljite na na\u0161u e-mail adresu."}]}},"_links":{"self":[{"href":"https:\/\/tuzlainfo.ba\/index.php\/wp-json\/wp\/v2\/posts\/183970"}],"collection":[{"href":"https:\/\/tuzlainfo.ba\/index.php\/wp-json\/wp\/v2\/posts"}],"about":[{"href":"https:\/\/tuzlainfo.ba\/index.php\/wp-json\/wp\/v2\/types\/post"}],"author":[{"embeddable":true,"href":"https:\/\/tuzlainfo.ba\/index.php\/wp-json\/wp\/v2\/users\/2"}],"replies":[{"embeddable":true,"href":"https:\/\/tuzlainfo.ba\/index.php\/wp-json\/wp\/v2\/comments?post=183970"}],"version-history":[{"count":0,"href":"https:\/\/tuzlainfo.ba\/index.php\/wp-json\/wp\/v2\/posts\/183970\/revisions"}],"wp:featuredmedia":[{"embeddable":true,"href":"https:\/\/tuzlainfo.ba\/index.php\/wp-json\/wp\/v2\/media\/61242"}],"wp:attachment":[{"href":"https:\/\/tuzlainfo.ba\/index.php\/wp-json\/wp\/v2\/media?parent=183970"}],"wp:term":[{"taxonomy":"category","embeddable":true,"href":"https:\/\/tuzlainfo.ba\/index.php\/wp-json\/wp\/v2\/categories?post=183970"},{"taxonomy":"post_tag","embeddable":true,"href":"https:\/\/tuzlainfo.ba\/index.php\/wp-json\/wp\/v2\/tags?post=183970"}],"curies":[{"name":"wp","href":"https:\/\/api.w.org\/{rel}","templated":true}]}}