{"id":183908,"date":"2022-09-13T21:00:07","date_gmt":"2022-09-13T19:00:07","guid":{"rendered":"https:\/\/tuzlainfo.ba\/?p=183908"},"modified":"2022-09-13T17:53:36","modified_gmt":"2022-09-13T15:53:36","slug":"rekonstrukcije-zastita-od-poplava-vlada-tk-izdvaja-dva-miliona-km-za-vodoprivredu","status":"publish","type":"post","link":"https:\/\/tuzlainfo.ba\/index.php\/novosti\/item\/183908-rekonstrukcije-zastita-od-poplava-vlada-tk-izdvaja-dva-miliona-km-za-vodoprivredu\/","title":{"rendered":"Rekonstrukcije, za\u0161tita od poplava: Vlada TK izdvaja dva miliona KM za vodoprivredu"},"content":{"rendered":"<p lang=\"hr-HR\" align=\"justify\"><span style=\"color: #000000;\"><span lang=\"bs-BA\">Vlada Tuzlanskog kantona danas je donijela Odluku o izmjenama i dopunama Programa ulaganja sredstava vodnih naknada u oblast vodoprivrede u 2022. godini. S obzirom da je nakon dono\u0161enja Programa neraspore\u0111eno je ostalo ne\u0161to vi\u0161e od 2 miliona KM, te je Ministarstvo pozvalo gradove i op\u0107ine Tuzlanskog kantona da kandidiraju nove projekte iz ove oblasti koje \u0107e finansirati ili sufinansirati Vlada Tuzlanskog kantona. <\/span><\/span><\/p>\n<p lang=\"hr-HR\" align=\"justify\"><span style=\"color: #000000;\"><span lang=\"bs-BA\">Nakon \u0161to su pristigli prijedlozi jedinica lokalne samouprave, Vlada je pripremila izmjene Programa, kojima \u0107e se, izme\u0111u ostalog, osigurati 111.767,22 KM za rekonstrukciju potisnog cjevovoda od rezervoara Kloteks do rezervoara Zimar (vodovod Klokotnica), op\u0107ina Doboj Istok, odnosno za rekonstrukciju cjevovoda \u010dime bi se postigla ve\u0107a iskori\u0161tenost kapaciteta predmetnog bunara, smanjili gubici vode i obezbijedilo uredno vodosnabdijevanje MZ Lukavica u Gra\u010danici. <\/span><\/span><\/p>\n<p lang=\"hr-HR\" align=\"justify\"><span style=\"color: #000000;\"><span lang=\"bs-BA\">Za v<\/span><\/span><span style=\"color: #000000;\">odosnabdijevanje i odvodnju otpadnih voda u BiH II &#8211; komponenta Tuzla, za sufinansiranje kredita za realizaciju projekta iznos od 400.000,00 KM, koliko je inicijalno odobreno Gradu Tuzla, je uve\u0107an za dodatnih 80.000,00 KM. Tako\u0111er, za u<\/span><span style=\"color: #000000;\"><span lang=\"bs-BA\">re\u0111enje korita \u010celi\u0107ke rijeke u du\u017eini od 405 m, inicijalno odobrenih 200.000,00 KM Op\u0107ini \u010celi\u0107 bit \u0107e uve\u0107ano za dodatnih 150.000,00 KM. <\/span><\/span><\/p>\n<p lang=\"hr-HR\" align=\"justify\"><span style=\"color: #000000;\"><span lang=\"bs-BA\">Ovo uve\u0107anje rezultat je te\u017enje Vlade TK da pomogne \u010celi\u0107u u realizaciji projekta kojim \u0107e se obezbijediti za\u0161tita od poplava naseljenog mjesta, saop\u0107eno je iz Ureda za informisanje Vlade TK.<\/span><\/span><\/p>\n","protected":false},"excerpt":{"rendered":"<p>Vlada Tuzlanskog kantona danas je donijela Odluku o izmjenama i dopunama Programa ulaganja sredstava vodnih&hellip;<\/p>\n","protected":false},"author":4,"featured_media":174998,"comment_status":"open","ping_status":"closed","sticky":false,"template":"","format":"standard","meta":{"_acf_changed":false,"footnotes":""},"categories":[304,12],"tags":[336,5390],"acf":[],"yoast_head":"<!-- This site is optimized with the Yoast SEO plugin v23.5 - https:\/\/yoast.com\/wordpress\/plugins\/seo\/ -->\n<title>Rekonstrukcije, za\u0161tita od poplava: Vlada TK izdvaja dva miliona KM za vodoprivredu - TuzlaInfo.ba<\/title>\n<meta name=\"robots\" content=\"index, follow, max-snippet:-1, max-image-preview:large, max-video-preview:-1\" \/>\n<link rel=\"canonical\" href=\"https:\/\/tuzlainfo.ba\/index.php\/novosti\/item\/183908-rekonstrukcije-zastita-od-poplava-vlada-tk-izdvaja-dva-miliona-km-za-vodoprivredu\/\" \/>\n<meta property=\"og:locale\" content=\"bs_BA\" \/>\n<meta property=\"og:type\" content=\"article\" \/>\n<meta property=\"og:title\" content=\"Rekonstrukcije, za\u0161tita od poplava: Vlada TK izdvaja dva miliona KM za vodoprivredu - TuzlaInfo.ba\" \/>\n<meta property=\"og:description\" content=\"Vlada Tuzlanskog kantona danas je donijela Odluku o izmjenama i dopunama Programa ulaganja sredstava vodnih&hellip;\" \/>\n<meta property=\"og:url\" content=\"https:\/\/tuzlainfo.ba\/index.php\/novosti\/item\/183908-rekonstrukcije-zastita-od-poplava-vlada-tk-izdvaja-dva-miliona-km-za-vodoprivredu\/\" \/>\n<meta property=\"og:site_name\" content=\"TuzlaInfo.ba\" \/>\n<meta property=\"article:publisher\" content=\"https:\/\/www.facebook.com\/tuzlainfo.ba\/\" \/>\n<meta property=\"article:published_time\" content=\"2022-09-13T19:00:07+00:00\" \/>\n<meta property=\"article:modified_time\" content=\"2022-09-13T15:53:36+00:00\" \/>\n<meta property=\"og:image\" content=\"https:\/\/tuzlainfo.ba\/wp-content\/uploads\/2022\/06\/1106_poplave2.jpg\" \/>\n\t<meta property=\"og:image:width\" content=\"1000\" \/>\n\t<meta property=\"og:image:height\" content=\"748\" \/>\n\t<meta property=\"og:image:type\" content=\"image\/jpeg\" \/>\n<meta name=\"author\" content=\"Tuzla Info\" \/>\n<meta name=\"twitter:card\" content=\"summary_large_image\" \/>\n<meta name=\"twitter:label1\" content=\"Written by\" \/>\n\t<meta name=\"twitter:data1\" content=\"Tuzla Info\" \/>\n\t<meta name=\"twitter:label2\" content=\"Est. reading time\" \/>\n\t<meta name=\"twitter:data2\" content=\"1 minuta\" \/>\n<script type=\"application\/ld+json\" class=\"yoast-schema-graph\">{\"@context\":\"https:\/\/schema.org\",\"@graph\":[{\"@type\":\"Article\",\"@id\":\"https:\/\/tuzlainfo.ba\/index.php\/novosti\/item\/183908-rekonstrukcije-zastita-od-poplava-vlada-tk-izdvaja-dva-miliona-km-za-vodoprivredu\/#article\",\"isPartOf\":{\"@id\":\"https:\/\/tuzlainfo.ba\/index.php\/novosti\/item\/183908-rekonstrukcije-zastita-od-poplava-vlada-tk-izdvaja-dva-miliona-km-za-vodoprivredu\/\"},\"author\":{\"name\":\"Tuzla Info\",\"@id\":\"https:\/\/tuzlainfo.ba\/#\/schema\/person\/46cad4c57790cbc50781edd14870825a\"},\"headline\":\"Rekonstrukcije, za\u0161tita od poplava: Vlada TK izdvaja dva miliona KM za vodoprivredu\",\"datePublished\":\"2022-09-13T19:00:07+00:00\",\"dateModified\":\"2022-09-13T15:53:36+00:00\",\"mainEntityOfPage\":{\"@id\":\"https:\/\/tuzlainfo.ba\/index.php\/novosti\/item\/183908-rekonstrukcije-zastita-od-poplava-vlada-tk-izdvaja-dva-miliona-km-za-vodoprivredu\/\"},\"wordCount\":239,\"commentCount\":0,\"publisher\":{\"@id\":\"https:\/\/tuzlainfo.ba\/#organization\"},\"image\":{\"@id\":\"https:\/\/tuzlainfo.ba\/index.php\/novosti\/item\/183908-rekonstrukcije-zastita-od-poplava-vlada-tk-izdvaja-dva-miliona-km-za-vodoprivredu\/#primaryimage\"},\"thumbnailUrl\":\"https:\/\/tuzlainfo.ba\/wp-content\/uploads\/2022\/06\/1106_poplave2.jpg\",\"keywords\":[\"vlada tk\",\"vodoprivreda\"],\"articleSection\":[\"Istaknuto\",\"Novosti\"],\"inLanguage\":\"bs-BA\"},{\"@type\":\"WebPage\",\"@id\":\"https:\/\/tuzlainfo.ba\/index.php\/novosti\/item\/183908-rekonstrukcije-zastita-od-poplava-vlada-tk-izdvaja-dva-miliona-km-za-vodoprivredu\/\",\"url\":\"https:\/\/tuzlainfo.ba\/index.php\/novosti\/item\/183908-rekonstrukcije-zastita-od-poplava-vlada-tk-izdvaja-dva-miliona-km-za-vodoprivredu\/\",\"name\":\"Rekonstrukcije, za\u0161tita od poplava: Vlada TK izdvaja dva miliona KM za vodoprivredu - TuzlaInfo.ba\",\"isPartOf\":{\"@id\":\"https:\/\/tuzlainfo.ba\/#website\"},\"primaryImageOfPage\":{\"@id\":\"https:\/\/tuzlainfo.ba\/index.php\/novosti\/item\/183908-rekonstrukcije-zastita-od-poplava-vlada-tk-izdvaja-dva-miliona-km-za-vodoprivredu\/#primaryimage\"},\"image\":{\"@id\":\"https:\/\/tuzlainfo.ba\/index.php\/novosti\/item\/183908-rekonstrukcije-zastita-od-poplava-vlada-tk-izdvaja-dva-miliona-km-za-vodoprivredu\/#primaryimage\"},\"thumbnailUrl\":\"https:\/\/tuzlainfo.ba\/wp-content\/uploads\/2022\/06\/1106_poplave2.jpg\",\"datePublished\":\"2022-09-13T19:00:07+00:00\",\"dateModified\":\"2022-09-13T15:53:36+00:00\",\"breadcrumb\":{\"@id\":\"https:\/\/tuzlainfo.ba\/index.php\/novosti\/item\/183908-rekonstrukcije-zastita-od-poplava-vlada-tk-izdvaja-dva-miliona-km-za-vodoprivredu\/#breadcrumb\"},\"inLanguage\":\"bs-BA\",\"potentialAction\":[{\"@type\":\"ReadAction\",\"target\":[\"https:\/\/tuzlainfo.ba\/index.php\/novosti\/item\/183908-rekonstrukcije-zastita-od-poplava-vlada-tk-izdvaja-dva-miliona-km-za-vodoprivredu\/\"]}]},{\"@type\":\"ImageObject\",\"inLanguage\":\"bs-BA\",\"@id\":\"https:\/\/tuzlainfo.ba\/index.php\/novosti\/item\/183908-rekonstrukcije-zastita-od-poplava-vlada-tk-izdvaja-dva-miliona-km-za-vodoprivredu\/#primaryimage\",\"url\":\"https:\/\/tuzlainfo.ba\/wp-content\/uploads\/2022\/06\/1106_poplave2.jpg\",\"contentUrl\":\"https:\/\/tuzlainfo.ba\/wp-content\/uploads\/2022\/06\/1106_poplave2.jpg\",\"width\":1000,\"height\":748},{\"@type\":\"BreadcrumbList\",\"@id\":\"https:\/\/tuzlainfo.ba\/index.php\/novosti\/item\/183908-rekonstrukcije-zastita-od-poplava-vlada-tk-izdvaja-dva-miliona-km-za-vodoprivredu\/#breadcrumb\",\"itemListElement\":[{\"@type\":\"ListItem\",\"position\":1,\"name\":\"Home\",\"item\":\"https:\/\/tuzlainfo.ba\/\"},{\"@type\":\"ListItem\",\"position\":2,\"name\":\"Rekonstrukcije, za\u0161tita od poplava: Vlada TK izdvaja dva miliona KM za vodoprivredu\"}]},{\"@type\":\"WebSite\",\"@id\":\"https:\/\/tuzlainfo.ba\/#website\",\"url\":\"https:\/\/tuzlainfo.ba\/\",\"name\":\"TuzlaInfo.ba\",\"description\":\"Tuzla info, gradski informator - Tuzla na dlanu\",\"publisher\":{\"@id\":\"https:\/\/tuzlainfo.ba\/#organization\"},\"potentialAction\":[{\"@type\":\"SearchAction\",\"target\":{\"@type\":\"EntryPoint\",\"urlTemplate\":\"https:\/\/tuzlainfo.ba\/?s={search_term_string}\"},\"query-input\":{\"@type\":\"PropertyValueSpecification\",\"valueRequired\":true,\"valueName\":\"search_term_string\"}}],\"inLanguage\":\"bs-BA\"},{\"@type\":\"Organization\",\"@id\":\"https:\/\/tuzlainfo.ba\/#organization\",\"name\":\"TuzlaInfo.ba\",\"url\":\"https:\/\/tuzlainfo.ba\/\",\"logo\":{\"@type\":\"ImageObject\",\"inLanguage\":\"bs-BA\",\"@id\":\"https:\/\/tuzlainfo.ba\/#\/schema\/logo\/image\/\",\"url\":\"https:\/\/tuzlainfo.ba\/wp-content\/uploads\/2021\/03\/logo-ver-3-1.png\",\"contentUrl\":\"https:\/\/tuzlainfo.ba\/wp-content\/uploads\/2021\/03\/logo-ver-3-1.png\",\"width\":350,\"height\":95,\"caption\":\"TuzlaInfo.ba\"},\"image\":{\"@id\":\"https:\/\/tuzlainfo.ba\/#\/schema\/logo\/image\/\"},\"sameAs\":[\"https:\/\/www.facebook.com\/tuzlainfo.ba\/\"]},{\"@type\":\"Person\",\"@id\":\"https:\/\/tuzlainfo.ba\/#\/schema\/person\/46cad4c57790cbc50781edd14870825a\",\"name\":\"Tuzla Info\",\"image\":{\"@type\":\"ImageObject\",\"inLanguage\":\"bs-BA\",\"@id\":\"https:\/\/tuzlainfo.ba\/#\/schema\/person\/image\/\",\"url\":\"https:\/\/tuzlainfo.ba\/wp-content\/litespeed\/avatar\/b6c453a6c38e3654f2e4416c643fc25c.jpg?ver=1777656712\",\"contentUrl\":\"https:\/\/tuzlainfo.ba\/wp-content\/litespeed\/avatar\/b6c453a6c38e3654f2e4416c643fc25c.jpg?ver=1777656712\",\"caption\":\"Tuzla Info\"}}]}<\/script>\n<!-- \/ Yoast SEO plugin. -->","yoast_head_json":{"title":"Rekonstrukcije, za\u0161tita od poplava: Vlada TK izdvaja dva miliona KM za vodoprivredu - TuzlaInfo.ba","robots":{"index":"index","follow":"follow","max-snippet":"max-snippet:-1","max-image-preview":"max-image-preview:large","max-video-preview":"max-video-preview:-1"},"canonical":"https:\/\/tuzlainfo.ba\/index.php\/novosti\/item\/183908-rekonstrukcije-zastita-od-poplava-vlada-tk-izdvaja-dva-miliona-km-za-vodoprivredu\/","og_locale":"bs_BA","og_type":"article","og_title":"Rekonstrukcije, za\u0161tita od poplava: Vlada TK izdvaja dva miliona KM za vodoprivredu - TuzlaInfo.ba","og_description":"Vlada Tuzlanskog kantona danas je donijela Odluku o izmjenama i dopunama Programa ulaganja sredstava vodnih&hellip;","og_url":"https:\/\/tuzlainfo.ba\/index.php\/novosti\/item\/183908-rekonstrukcije-zastita-od-poplava-vlada-tk-izdvaja-dva-miliona-km-za-vodoprivredu\/","og_site_name":"TuzlaInfo.ba","article_publisher":"https:\/\/www.facebook.com\/tuzlainfo.ba\/","article_published_time":"2022-09-13T19:00:07+00:00","article_modified_time":"2022-09-13T15:53:36+00:00","og_image":[{"width":1000,"height":748,"url":"https:\/\/tuzlainfo.ba\/wp-content\/uploads\/2022\/06\/1106_poplave2.jpg","type":"image\/jpeg"}],"author":"Tuzla Info","twitter_card":"summary_large_image","twitter_misc":{"Written by":"Tuzla Info","Est. reading time":"1 minuta"},"schema":{"@context":"https:\/\/schema.org","@graph":[{"@type":"Article","@id":"https:\/\/tuzlainfo.ba\/index.php\/novosti\/item\/183908-rekonstrukcije-zastita-od-poplava-vlada-tk-izdvaja-dva-miliona-km-za-vodoprivredu\/#article","isPartOf":{"@id":"https:\/\/tuzlainfo.ba\/index.php\/novosti\/item\/183908-rekonstrukcije-zastita-od-poplava-vlada-tk-izdvaja-dva-miliona-km-za-vodoprivredu\/"},"author":{"name":"Tuzla Info","@id":"https:\/\/tuzlainfo.ba\/#\/schema\/person\/46cad4c57790cbc50781edd14870825a"},"headline":"Rekonstrukcije, za\u0161tita od poplava: Vlada TK izdvaja dva miliona KM za vodoprivredu","datePublished":"2022-09-13T19:00:07+00:00","dateModified":"2022-09-13T15:53:36+00:00","mainEntityOfPage":{"@id":"https:\/\/tuzlainfo.ba\/index.php\/novosti\/item\/183908-rekonstrukcije-zastita-od-poplava-vlada-tk-izdvaja-dva-miliona-km-za-vodoprivredu\/"},"wordCount":239,"commentCount":0,"publisher":{"@id":"https:\/\/tuzlainfo.ba\/#organization"},"image":{"@id":"https:\/\/tuzlainfo.ba\/index.php\/novosti\/item\/183908-rekonstrukcije-zastita-od-poplava-vlada-tk-izdvaja-dva-miliona-km-za-vodoprivredu\/#primaryimage"},"thumbnailUrl":"https:\/\/tuzlainfo.ba\/wp-content\/uploads\/2022\/06\/1106_poplave2.jpg","keywords":["vlada tk","vodoprivreda"],"articleSection":["Istaknuto","Novosti"],"inLanguage":"bs-BA"},{"@type":"WebPage","@id":"https:\/\/tuzlainfo.ba\/index.php\/novosti\/item\/183908-rekonstrukcije-zastita-od-poplava-vlada-tk-izdvaja-dva-miliona-km-za-vodoprivredu\/","url":"https:\/\/tuzlainfo.ba\/index.php\/novosti\/item\/183908-rekonstrukcije-zastita-od-poplava-vlada-tk-izdvaja-dva-miliona-km-za-vodoprivredu\/","name":"Rekonstrukcije, za\u0161tita od poplava: Vlada TK izdvaja dva miliona KM za vodoprivredu - TuzlaInfo.ba","isPartOf":{"@id":"https:\/\/tuzlainfo.ba\/#website"},"primaryImageOfPage":{"@id":"https:\/\/tuzlainfo.ba\/index.php\/novosti\/item\/183908-rekonstrukcije-zastita-od-poplava-vlada-tk-izdvaja-dva-miliona-km-za-vodoprivredu\/#primaryimage"},"image":{"@id":"https:\/\/tuzlainfo.ba\/index.php\/novosti\/item\/183908-rekonstrukcije-zastita-od-poplava-vlada-tk-izdvaja-dva-miliona-km-za-vodoprivredu\/#primaryimage"},"thumbnailUrl":"https:\/\/tuzlainfo.ba\/wp-content\/uploads\/2022\/06\/1106_poplave2.jpg","datePublished":"2022-09-13T19:00:07+00:00","dateModified":"2022-09-13T15:53:36+00:00","breadcrumb":{"@id":"https:\/\/tuzlainfo.ba\/index.php\/novosti\/item\/183908-rekonstrukcije-zastita-od-poplava-vlada-tk-izdvaja-dva-miliona-km-za-vodoprivredu\/#breadcrumb"},"inLanguage":"bs-BA","potentialAction":[{"@type":"ReadAction","target":["https:\/\/tuzlainfo.ba\/index.php\/novosti\/item\/183908-rekonstrukcije-zastita-od-poplava-vlada-tk-izdvaja-dva-miliona-km-za-vodoprivredu\/"]}]},{"@type":"ImageObject","inLanguage":"bs-BA","@id":"https:\/\/tuzlainfo.ba\/index.php\/novosti\/item\/183908-rekonstrukcije-zastita-od-poplava-vlada-tk-izdvaja-dva-miliona-km-za-vodoprivredu\/#primaryimage","url":"https:\/\/tuzlainfo.ba\/wp-content\/uploads\/2022\/06\/1106_poplave2.jpg","contentUrl":"https:\/\/tuzlainfo.ba\/wp-content\/uploads\/2022\/06\/1106_poplave2.jpg","width":1000,"height":748},{"@type":"BreadcrumbList","@id":"https:\/\/tuzlainfo.ba\/index.php\/novosti\/item\/183908-rekonstrukcije-zastita-od-poplava-vlada-tk-izdvaja-dva-miliona-km-za-vodoprivredu\/#breadcrumb","itemListElement":[{"@type":"ListItem","position":1,"name":"Home","item":"https:\/\/tuzlainfo.ba\/"},{"@type":"ListItem","position":2,"name":"Rekonstrukcije, za\u0161tita od poplava: Vlada TK izdvaja dva miliona KM za vodoprivredu"}]},{"@type":"WebSite","@id":"https:\/\/tuzlainfo.ba\/#website","url":"https:\/\/tuzlainfo.ba\/","name":"TuzlaInfo.ba","description":"Tuzla info, gradski informator - Tuzla na dlanu","publisher":{"@id":"https:\/\/tuzlainfo.ba\/#organization"},"potentialAction":[{"@type":"SearchAction","target":{"@type":"EntryPoint","urlTemplate":"https:\/\/tuzlainfo.ba\/?s={search_term_string}"},"query-input":{"@type":"PropertyValueSpecification","valueRequired":true,"valueName":"search_term_string"}}],"inLanguage":"bs-BA"},{"@type":"Organization","@id":"https:\/\/tuzlainfo.ba\/#organization","name":"TuzlaInfo.ba","url":"https:\/\/tuzlainfo.ba\/","logo":{"@type":"ImageObject","inLanguage":"bs-BA","@id":"https:\/\/tuzlainfo.ba\/#\/schema\/logo\/image\/","url":"https:\/\/tuzlainfo.ba\/wp-content\/uploads\/2021\/03\/logo-ver-3-1.png","contentUrl":"https:\/\/tuzlainfo.ba\/wp-content\/uploads\/2021\/03\/logo-ver-3-1.png","width":350,"height":95,"caption":"TuzlaInfo.ba"},"image":{"@id":"https:\/\/tuzlainfo.ba\/#\/schema\/logo\/image\/"},"sameAs":["https:\/\/www.facebook.com\/tuzlainfo.ba\/"]},{"@type":"Person","@id":"https:\/\/tuzlainfo.ba\/#\/schema\/person\/46cad4c57790cbc50781edd14870825a","name":"Tuzla Info","image":{"@type":"ImageObject","inLanguage":"bs-BA","@id":"https:\/\/tuzlainfo.ba\/#\/schema\/person\/image\/","url":"https:\/\/tuzlainfo.ba\/wp-content\/litespeed\/avatar\/b6c453a6c38e3654f2e4416c643fc25c.jpg?ver=1777656712","contentUrl":"https:\/\/tuzlainfo.ba\/wp-content\/litespeed\/avatar\/b6c453a6c38e3654f2e4416c643fc25c.jpg?ver=1777656712","caption":"Tuzla Info"}}]}},"_links":{"self":[{"href":"https:\/\/tuzlainfo.ba\/index.php\/wp-json\/wp\/v2\/posts\/183908"}],"collection":[{"href":"https:\/\/tuzlainfo.ba\/index.php\/wp-json\/wp\/v2\/posts"}],"about":[{"href":"https:\/\/tuzlainfo.ba\/index.php\/wp-json\/wp\/v2\/types\/post"}],"author":[{"embeddable":true,"href":"https:\/\/tuzlainfo.ba\/index.php\/wp-json\/wp\/v2\/users\/4"}],"replies":[{"embeddable":true,"href":"https:\/\/tuzlainfo.ba\/index.php\/wp-json\/wp\/v2\/comments?post=183908"}],"version-history":[{"count":0,"href":"https:\/\/tuzlainfo.ba\/index.php\/wp-json\/wp\/v2\/posts\/183908\/revisions"}],"wp:featuredmedia":[{"embeddable":true,"href":"https:\/\/tuzlainfo.ba\/index.php\/wp-json\/wp\/v2\/media\/174998"}],"wp:attachment":[{"href":"https:\/\/tuzlainfo.ba\/index.php\/wp-json\/wp\/v2\/media?parent=183908"}],"wp:term":[{"taxonomy":"category","embeddable":true,"href":"https:\/\/tuzlainfo.ba\/index.php\/wp-json\/wp\/v2\/categories?post=183908"},{"taxonomy":"post_tag","embeddable":true,"href":"https:\/\/tuzlainfo.ba\/index.php\/wp-json\/wp\/v2\/tags?post=183908"}],"curies":[{"name":"wp","href":"https:\/\/api.w.org\/{rel}","templated":true}]}}