{"id":183636,"date":"2022-09-10T16:27:47","date_gmt":"2022-09-10T14:27:47","guid":{"rendered":"https:\/\/tuzlainfo.ba\/?p=183636"},"modified":"2022-09-10T16:27:47","modified_gmt":"2022-09-10T14:27:47","slug":"u-zeljeznickoj-nesreci-u-hrvatskoj-poginuo-maloljetnik","status":"publish","type":"post","link":"https:\/\/tuzlainfo.ba\/index.php\/clanci\/sa-svih-strana\/item\/183636-u-zeljeznickoj-nesreci-u-hrvatskoj-poginuo-maloljetnik\/","title":{"rendered":"U \u017eeljezni\u010dkoj nesre\u0107i u Hrvatskoj poginuo maloljetnik"},"content":{"rendered":"<p>U \u017eeljezni\u010dkoj nesre\u0107i koja se u petak dogodila kod Novske\u00a0\u017eivot\u00a0su izgubila dvojica mu\u0161karaca zaposlena na Hrvatskim \u017eeljeznicama\u00a0 te\u00a017- godi\u0161njak, potvrdila je policija.<\/p>\n<p>Radi se o dvije odrasle osobe: kondukteru (60) i strojovo\u0111i (52) putni\u010dkog vlaka\u00a0s podru\u010dja Slavonskog Broda,\u00a0zaposlenima na Hrvatskim \u017eeljeznicama,\u00a0i jednoj osobi staroj 17 godina s podru\u010dja Novske, priop\u0107eno je iz \u017eupanijske policije.<\/p>\n<p>\u017dupanijska dr\u017eavna odvjetnica iz Siska\u00a0je priop\u0107ila da sa \u017eupanijskim policijskim slu\u017ebenicima i istra\u017eiteljem Agencije za istra\u017eivanje nesre\u0107a u zra\u010dnom, \u017eeljezni\u010dkom i pomorskom prometu obavlja o\u010devid\u00a0nesre\u0107e i utvr\u0111uje okolnosti nastanka nesre\u0107e.<\/p>\n<p>Prema dosad utvr\u0111enom, do\u0161lo je do naleta putni\u010dkog vlaka, koji je prometovao na relaciji Vinkovci \u2013 Novska, na zaustavljeni teretni vlak kod mjesta Raji\u0107 blizu Novske.<\/p>\n<p>Za sada proizlazi da su u nesre\u0107i smrtno stradale tri osobe, a jedanaest je osoba ozlije\u0111eno te je zbrinuto u najbli\u017eim bolnicama, navodi se u priop\u0107enju, prenosi Hina.<\/p>\n<p>Tijekom o\u010devida bit \u0107e izuzeti tragovi i provedene potrebne radnje radi utvr\u0111enja okolnosti nastanka \u017eeljezni\u010dke nesre\u0107e. Ujedno, dr\u017eavno odvjetni\u0161tvo \u0107e izdati potrebne naloge kako bi se utvrdio uzrok nesre\u0107e, prenose Agencije.<\/p>\n","protected":false},"excerpt":{"rendered":"<p>U \u017eeljezni\u010dkoj nesre\u0107i koja se u petak dogodila kod Novske\u00a0\u017eivot\u00a0su izgubila dvojica mu\u0161karaca zaposlena na Hrvatskim \u017eeljeznicama\u00a0 te\u00a017- godi\u0161njak, potvrdila je policija. Radi se o dvije odrasle osobe: kondukteru (60) i strojovo\u0111i (52) putni\u010dkog vlaka\u00a0s podru\u010dja Slavonskog Broda,\u00a0zaposlenima na Hrvatskim \u017eeljeznicama,\u00a0i jednoj osobi staroj 17 godina s podru\u010dja Novske, priop\u0107eno je iz \u017eupanijske policije. \u017dupanijska [&hellip;]<\/p>\n","protected":false},"author":4,"featured_media":183637,"comment_status":"open","ping_status":"closed","sticky":false,"template":"","format":"standard","meta":{"footnotes":""},"categories":[16],"tags":[359,5374],"class_list":["post-183636","post","type-post","status-publish","format-standard","has-post-thumbnail","hentry","category-sa-svih-strana","tag-hrvatska","tag-zeljeznicka-nesreca"],"yoast_head":"<!-- This site is optimized with the Yoast SEO plugin v28.4 - https:\/\/yoast.com\/product\/yoast-seo-wordpress\/ -->\n<title>U \u017eeljezni\u010dkoj nesre\u0107i u Hrvatskoj poginuo maloljetnik<\/title>\n<meta name=\"robots\" content=\"index, follow, max-snippet:-1, max-image-preview:large, max-video-preview:-1\" \/>\n<link rel=\"canonical\" href=\"https:\/\/tuzlainfo.ba\/index.php\/clanci\/sa-svih-strana\/item\/183636-u-zeljeznickoj-nesreci-u-hrvatskoj-poginuo-maloljetnik\/\" \/>\n<meta property=\"og:locale\" content=\"bs_BA\" \/>\n<meta property=\"og:type\" content=\"article\" \/>\n<meta property=\"og:title\" content=\"U \u017eeljezni\u010dkoj nesre\u0107i u Hrvatskoj poginuo maloljetnik\" \/>\n<meta property=\"og:description\" content=\"U \u017eeljezni\u010dkoj nesre\u0107i koja se u petak dogodila kod Novske\u00a0\u017eivot\u00a0su izgubila dvojica mu\u0161karaca zaposlena na Hrvatskim \u017eeljeznicama\u00a0 te\u00a017- godi\u0161njak, potvrdila je policija. Radi se o dvije odrasle osobe: kondukteru (60) i strojovo\u0111i (52) putni\u010dkog vlaka\u00a0s podru\u010dja Slavonskog Broda,\u00a0zaposlenima na Hrvatskim \u017eeljeznicama,\u00a0i jednoj osobi staroj 17 godina s podru\u010dja Novske, priop\u0107eno je iz \u017eupanijske policije. \u017dupanijska [&hellip;]\" \/>\n<meta property=\"og:url\" content=\"https:\/\/tuzlainfo.ba\/index.php\/clanci\/sa-svih-strana\/item\/183636-u-zeljeznickoj-nesreci-u-hrvatskoj-poginuo-maloljetnik\/\" \/>\n<meta property=\"og:site_name\" content=\"TuzlaInfo.ba\" \/>\n<meta property=\"article:publisher\" content=\"https:\/\/www.facebook.com\/tuzlainfo.ba\/\" \/>\n<meta property=\"article:published_time\" content=\"2022-09-10T14:27:47+00:00\" \/>\n<meta property=\"og:image\" content=\"https:\/\/tuzlainfo.ba\/wp-content\/uploads\/2022\/09\/1009-nesreca_voz_hrvatska.jpg\" \/>\n\t<meta property=\"og:image:width\" content=\"888\" \/>\n\t<meta property=\"og:image:height\" content=\"549\" \/>\n\t<meta property=\"og:image:type\" content=\"image\/jpeg\" \/>\n<meta name=\"author\" content=\"Tuzla Info\" \/>\n<meta name=\"twitter:card\" content=\"summary_large_image\" \/>\n<meta name=\"twitter:label1\" content=\"Written by\" \/>\n\t<meta name=\"twitter:data1\" content=\"Tuzla Info\" \/>\n\t<meta name=\"twitter:label2\" content=\"Est. reading time\" \/>\n\t<meta name=\"twitter:data2\" content=\"1 minuta\" \/>\n<script type=\"application\/ld+json\" class=\"yoast-schema-graph\">{\"@context\":\"https:\\\/\\\/schema.org\",\"@graph\":[{\"@type\":\"Article\",\"@id\":\"https:\\\/\\\/tuzlainfo.ba\\\/index.php\\\/clanci\\\/sa-svih-strana\\\/item\\\/183636-u-zeljeznickoj-nesreci-u-hrvatskoj-poginuo-maloljetnik\\\/#article\",\"isPartOf\":{\"@id\":\"https:\\\/\\\/tuzlainfo.ba\\\/index.php\\\/clanci\\\/sa-svih-strana\\\/item\\\/183636-u-zeljeznickoj-nesreci-u-hrvatskoj-poginuo-maloljetnik\\\/\"},\"author\":{\"name\":\"Tuzla Info\",\"@id\":\"https:\\\/\\\/tuzlainfo.ba\\\/#\\\/schema\\\/person\\\/46cad4c57790cbc50781edd14870825a\"},\"headline\":\"U \u017eeljezni\u010dkoj nesre\u0107i u Hrvatskoj poginuo maloljetnik\",\"datePublished\":\"2022-09-10T14:27:47+00:00\",\"mainEntityOfPage\":{\"@id\":\"https:\\\/\\\/tuzlainfo.ba\\\/index.php\\\/clanci\\\/sa-svih-strana\\\/item\\\/183636-u-zeljeznickoj-nesreci-u-hrvatskoj-poginuo-maloljetnik\\\/\"},\"wordCount\":217,\"commentCount\":0,\"publisher\":{\"@id\":\"https:\\\/\\\/tuzlainfo.ba\\\/#organization\"},\"image\":{\"@id\":\"https:\\\/\\\/tuzlainfo.ba\\\/index.php\\\/clanci\\\/sa-svih-strana\\\/item\\\/183636-u-zeljeznickoj-nesreci-u-hrvatskoj-poginuo-maloljetnik\\\/#primaryimage\"},\"thumbnailUrl\":\"https:\\\/\\\/tuzlainfo.ba\\\/wp-content\\\/uploads\\\/2022\\\/09\\\/1009-nesreca_voz_hrvatska.jpg\",\"keywords\":[\"hrvatska\",\"zeljeznicka nesreca\"],\"articleSection\":[\"Sa svih strana\"],\"inLanguage\":\"bs-BA\",\"copyrightYear\":\"2022\",\"copyrightHolder\":{\"@id\":\"https:\\\/\\\/tuzlainfo.ba\\\/#organization\"}},{\"@type\":\"WebPage\",\"@id\":\"https:\\\/\\\/tuzlainfo.ba\\\/index.php\\\/clanci\\\/sa-svih-strana\\\/item\\\/183636-u-zeljeznickoj-nesreci-u-hrvatskoj-poginuo-maloljetnik\\\/\",\"url\":\"https:\\\/\\\/tuzlainfo.ba\\\/index.php\\\/clanci\\\/sa-svih-strana\\\/item\\\/183636-u-zeljeznickoj-nesreci-u-hrvatskoj-poginuo-maloljetnik\\\/\",\"name\":\"U \u017eeljezni\u010dkoj nesre\u0107i u Hrvatskoj poginuo maloljetnik\",\"isPartOf\":{\"@id\":\"https:\\\/\\\/tuzlainfo.ba\\\/#website\"},\"primaryImageOfPage\":{\"@id\":\"https:\\\/\\\/tuzlainfo.ba\\\/index.php\\\/clanci\\\/sa-svih-strana\\\/item\\\/183636-u-zeljeznickoj-nesreci-u-hrvatskoj-poginuo-maloljetnik\\\/#primaryimage\"},\"image\":{\"@id\":\"https:\\\/\\\/tuzlainfo.ba\\\/index.php\\\/clanci\\\/sa-svih-strana\\\/item\\\/183636-u-zeljeznickoj-nesreci-u-hrvatskoj-poginuo-maloljetnik\\\/#primaryimage\"},\"thumbnailUrl\":\"https:\\\/\\\/tuzlainfo.ba\\\/wp-content\\\/uploads\\\/2022\\\/09\\\/1009-nesreca_voz_hrvatska.jpg\",\"datePublished\":\"2022-09-10T14:27:47+00:00\",\"breadcrumb\":{\"@id\":\"https:\\\/\\\/tuzlainfo.ba\\\/index.php\\\/clanci\\\/sa-svih-strana\\\/item\\\/183636-u-zeljeznickoj-nesreci-u-hrvatskoj-poginuo-maloljetnik\\\/#breadcrumb\"},\"inLanguage\":\"bs-BA\",\"potentialAction\":[{\"@type\":\"ReadAction\",\"target\":[\"https:\\\/\\\/tuzlainfo.ba\\\/index.php\\\/clanci\\\/sa-svih-strana\\\/item\\\/183636-u-zeljeznickoj-nesreci-u-hrvatskoj-poginuo-maloljetnik\\\/\"]}]},{\"@type\":\"ImageObject\",\"inLanguage\":\"bs-BA\",\"@id\":\"https:\\\/\\\/tuzlainfo.ba\\\/index.php\\\/clanci\\\/sa-svih-strana\\\/item\\\/183636-u-zeljeznickoj-nesreci-u-hrvatskoj-poginuo-maloljetnik\\\/#primaryimage\",\"url\":\"https:\\\/\\\/tuzlainfo.ba\\\/wp-content\\\/uploads\\\/2022\\\/09\\\/1009-nesreca_voz_hrvatska.jpg\",\"contentUrl\":\"https:\\\/\\\/tuzlainfo.ba\\\/wp-content\\\/uploads\\\/2022\\\/09\\\/1009-nesreca_voz_hrvatska.jpg\",\"width\":888,\"height\":549,\"caption\":\"FOTO: MATIJA HABLJAK \\\/ PIXSELL\"},{\"@type\":\"BreadcrumbList\",\"@id\":\"https:\\\/\\\/tuzlainfo.ba\\\/index.php\\\/clanci\\\/sa-svih-strana\\\/item\\\/183636-u-zeljeznickoj-nesreci-u-hrvatskoj-poginuo-maloljetnik\\\/#breadcrumb\",\"itemListElement\":[{\"@type\":\"ListItem\",\"position\":1,\"name\":\"Home\",\"item\":\"https:\\\/\\\/tuzlainfo.ba\\\/\"},{\"@type\":\"ListItem\",\"position\":2,\"name\":\"U \u017eeljezni\u010dkoj nesre\u0107i u Hrvatskoj poginuo maloljetnik\"}]},{\"@type\":\"WebSite\",\"@id\":\"https:\\\/\\\/tuzlainfo.ba\\\/#website\",\"url\":\"https:\\\/\\\/tuzlainfo.ba\\\/\",\"name\":\"TuzlaInfo.ba\",\"description\":\"Tuzla info, gradski informator - Tuzla na dlanu\",\"publisher\":{\"@id\":\"https:\\\/\\\/tuzlainfo.ba\\\/#organization\"},\"potentialAction\":[{\"@type\":\"SearchAction\",\"target\":{\"@type\":\"EntryPoint\",\"urlTemplate\":\"https:\\\/\\\/tuzlainfo.ba\\\/?s={search_term_string}\"},\"query-input\":{\"@type\":\"PropertyValueSpecification\",\"valueRequired\":true,\"valueName\":\"search_term_string\"}}],\"inLanguage\":\"bs-BA\"},{\"@type\":\"Organization\",\"@id\":\"https:\\\/\\\/tuzlainfo.ba\\\/#organization\",\"name\":\"TuzlaInfo.ba\",\"url\":\"https:\\\/\\\/tuzlainfo.ba\\\/\",\"logo\":{\"@type\":\"ImageObject\",\"inLanguage\":\"bs-BA\",\"@id\":\"https:\\\/\\\/tuzlainfo.ba\\\/#\\\/schema\\\/logo\\\/image\\\/\",\"url\":\"https:\\\/\\\/tuzlainfo.ba\\\/wp-content\\\/uploads\\\/2021\\\/03\\\/logo-ver-3-1.png\",\"contentUrl\":\"https:\\\/\\\/tuzlainfo.ba\\\/wp-content\\\/uploads\\\/2021\\\/03\\\/logo-ver-3-1.png\",\"width\":350,\"height\":95,\"caption\":\"TuzlaInfo.ba\"},\"image\":{\"@id\":\"https:\\\/\\\/tuzlainfo.ba\\\/#\\\/schema\\\/logo\\\/image\\\/\"},\"sameAs\":[\"https:\\\/\\\/www.facebook.com\\\/tuzlainfo.ba\\\/\"]},{\"@type\":\"Person\",\"@id\":\"https:\\\/\\\/tuzlainfo.ba\\\/#\\\/schema\\\/person\\\/46cad4c57790cbc50781edd14870825a\",\"name\":\"Tuzla Info\",\"image\":{\"@type\":\"ImageObject\",\"inLanguage\":\"bs-BA\",\"@id\":\"https:\\\/\\\/secure.gravatar.com\\\/avatar\\\/e980921b00fa2e552723a2386544734ce6885d2b2304ccca3f45186f9ca4031d?s=96&d=mm&r=g\",\"url\":\"https:\\\/\\\/secure.gravatar.com\\\/avatar\\\/e980921b00fa2e552723a2386544734ce6885d2b2304ccca3f45186f9ca4031d?s=96&d=mm&r=g\",\"contentUrl\":\"https:\\\/\\\/secure.gravatar.com\\\/avatar\\\/e980921b00fa2e552723a2386544734ce6885d2b2304ccca3f45186f9ca4031d?s=96&d=mm&r=g\",\"caption\":\"Tuzla Info\"}}]}<\/script>\n<!-- \/ Yoast SEO plugin. -->","yoast_head_json":{"title":"U \u017eeljezni\u010dkoj nesre\u0107i u Hrvatskoj poginuo maloljetnik","robots":{"index":"index","follow":"follow","max-snippet":"max-snippet:-1","max-image-preview":"max-image-preview:large","max-video-preview":"max-video-preview:-1"},"canonical":"https:\/\/tuzlainfo.ba\/index.php\/clanci\/sa-svih-strana\/item\/183636-u-zeljeznickoj-nesreci-u-hrvatskoj-poginuo-maloljetnik\/","og_locale":"bs_BA","og_type":"article","og_title":"U \u017eeljezni\u010dkoj nesre\u0107i u Hrvatskoj poginuo maloljetnik","og_description":"U \u017eeljezni\u010dkoj nesre\u0107i koja se u petak dogodila kod Novske\u00a0\u017eivot\u00a0su izgubila dvojica mu\u0161karaca zaposlena na Hrvatskim \u017eeljeznicama\u00a0 te\u00a017- godi\u0161njak, potvrdila je policija. Radi se o dvije odrasle osobe: kondukteru (60) i strojovo\u0111i (52) putni\u010dkog vlaka\u00a0s podru\u010dja Slavonskog Broda,\u00a0zaposlenima na Hrvatskim \u017eeljeznicama,\u00a0i jednoj osobi staroj 17 godina s podru\u010dja Novske, priop\u0107eno je iz \u017eupanijske policije. \u017dupanijska [&hellip;]","og_url":"https:\/\/tuzlainfo.ba\/index.php\/clanci\/sa-svih-strana\/item\/183636-u-zeljeznickoj-nesreci-u-hrvatskoj-poginuo-maloljetnik\/","og_site_name":"TuzlaInfo.ba","article_publisher":"https:\/\/www.facebook.com\/tuzlainfo.ba\/","article_published_time":"2022-09-10T14:27:47+00:00","og_image":[{"width":888,"height":549,"url":"https:\/\/tuzlainfo.ba\/wp-content\/uploads\/2022\/09\/1009-nesreca_voz_hrvatska.jpg","type":"image\/jpeg"}],"author":"Tuzla Info","twitter_card":"summary_large_image","twitter_misc":{"Written by":"Tuzla Info","Est. reading time":"1 minuta"},"schema":{"@context":"https:\/\/schema.org","@graph":[{"@type":"Article","@id":"https:\/\/tuzlainfo.ba\/index.php\/clanci\/sa-svih-strana\/item\/183636-u-zeljeznickoj-nesreci-u-hrvatskoj-poginuo-maloljetnik\/#article","isPartOf":{"@id":"https:\/\/tuzlainfo.ba\/index.php\/clanci\/sa-svih-strana\/item\/183636-u-zeljeznickoj-nesreci-u-hrvatskoj-poginuo-maloljetnik\/"},"author":{"name":"Tuzla Info","@id":"https:\/\/tuzlainfo.ba\/#\/schema\/person\/46cad4c57790cbc50781edd14870825a"},"headline":"U \u017eeljezni\u010dkoj nesre\u0107i u Hrvatskoj poginuo maloljetnik","datePublished":"2022-09-10T14:27:47+00:00","mainEntityOfPage":{"@id":"https:\/\/tuzlainfo.ba\/index.php\/clanci\/sa-svih-strana\/item\/183636-u-zeljeznickoj-nesreci-u-hrvatskoj-poginuo-maloljetnik\/"},"wordCount":217,"commentCount":0,"publisher":{"@id":"https:\/\/tuzlainfo.ba\/#organization"},"image":{"@id":"https:\/\/tuzlainfo.ba\/index.php\/clanci\/sa-svih-strana\/item\/183636-u-zeljeznickoj-nesreci-u-hrvatskoj-poginuo-maloljetnik\/#primaryimage"},"thumbnailUrl":"https:\/\/tuzlainfo.ba\/wp-content\/uploads\/2022\/09\/1009-nesreca_voz_hrvatska.jpg","keywords":["hrvatska","zeljeznicka nesreca"],"articleSection":["Sa svih strana"],"inLanguage":"bs-BA","copyrightYear":"2022","copyrightHolder":{"@id":"https:\/\/tuzlainfo.ba\/#organization"}},{"@type":"WebPage","@id":"https:\/\/tuzlainfo.ba\/index.php\/clanci\/sa-svih-strana\/item\/183636-u-zeljeznickoj-nesreci-u-hrvatskoj-poginuo-maloljetnik\/","url":"https:\/\/tuzlainfo.ba\/index.php\/clanci\/sa-svih-strana\/item\/183636-u-zeljeznickoj-nesreci-u-hrvatskoj-poginuo-maloljetnik\/","name":"U \u017eeljezni\u010dkoj nesre\u0107i u Hrvatskoj poginuo maloljetnik","isPartOf":{"@id":"https:\/\/tuzlainfo.ba\/#website"},"primaryImageOfPage":{"@id":"https:\/\/tuzlainfo.ba\/index.php\/clanci\/sa-svih-strana\/item\/183636-u-zeljeznickoj-nesreci-u-hrvatskoj-poginuo-maloljetnik\/#primaryimage"},"image":{"@id":"https:\/\/tuzlainfo.ba\/index.php\/clanci\/sa-svih-strana\/item\/183636-u-zeljeznickoj-nesreci-u-hrvatskoj-poginuo-maloljetnik\/#primaryimage"},"thumbnailUrl":"https:\/\/tuzlainfo.ba\/wp-content\/uploads\/2022\/09\/1009-nesreca_voz_hrvatska.jpg","datePublished":"2022-09-10T14:27:47+00:00","breadcrumb":{"@id":"https:\/\/tuzlainfo.ba\/index.php\/clanci\/sa-svih-strana\/item\/183636-u-zeljeznickoj-nesreci-u-hrvatskoj-poginuo-maloljetnik\/#breadcrumb"},"inLanguage":"bs-BA","potentialAction":[{"@type":"ReadAction","target":["https:\/\/tuzlainfo.ba\/index.php\/clanci\/sa-svih-strana\/item\/183636-u-zeljeznickoj-nesreci-u-hrvatskoj-poginuo-maloljetnik\/"]}]},{"@type":"ImageObject","inLanguage":"bs-BA","@id":"https:\/\/tuzlainfo.ba\/index.php\/clanci\/sa-svih-strana\/item\/183636-u-zeljeznickoj-nesreci-u-hrvatskoj-poginuo-maloljetnik\/#primaryimage","url":"https:\/\/tuzlainfo.ba\/wp-content\/uploads\/2022\/09\/1009-nesreca_voz_hrvatska.jpg","contentUrl":"https:\/\/tuzlainfo.ba\/wp-content\/uploads\/2022\/09\/1009-nesreca_voz_hrvatska.jpg","width":888,"height":549,"caption":"FOTO: MATIJA HABLJAK \/ PIXSELL"},{"@type":"BreadcrumbList","@id":"https:\/\/tuzlainfo.ba\/index.php\/clanci\/sa-svih-strana\/item\/183636-u-zeljeznickoj-nesreci-u-hrvatskoj-poginuo-maloljetnik\/#breadcrumb","itemListElement":[{"@type":"ListItem","position":1,"name":"Home","item":"https:\/\/tuzlainfo.ba\/"},{"@type":"ListItem","position":2,"name":"U \u017eeljezni\u010dkoj nesre\u0107i u Hrvatskoj poginuo maloljetnik"}]},{"@type":"WebSite","@id":"https:\/\/tuzlainfo.ba\/#website","url":"https:\/\/tuzlainfo.ba\/","name":"TuzlaInfo.ba","description":"Tuzla info, gradski informator - Tuzla na dlanu","publisher":{"@id":"https:\/\/tuzlainfo.ba\/#organization"},"potentialAction":[{"@type":"SearchAction","target":{"@type":"EntryPoint","urlTemplate":"https:\/\/tuzlainfo.ba\/?s={search_term_string}"},"query-input":{"@type":"PropertyValueSpecification","valueRequired":true,"valueName":"search_term_string"}}],"inLanguage":"bs-BA"},{"@type":"Organization","@id":"https:\/\/tuzlainfo.ba\/#organization","name":"TuzlaInfo.ba","url":"https:\/\/tuzlainfo.ba\/","logo":{"@type":"ImageObject","inLanguage":"bs-BA","@id":"https:\/\/tuzlainfo.ba\/#\/schema\/logo\/image\/","url":"https:\/\/tuzlainfo.ba\/wp-content\/uploads\/2021\/03\/logo-ver-3-1.png","contentUrl":"https:\/\/tuzlainfo.ba\/wp-content\/uploads\/2021\/03\/logo-ver-3-1.png","width":350,"height":95,"caption":"TuzlaInfo.ba"},"image":{"@id":"https:\/\/tuzlainfo.ba\/#\/schema\/logo\/image\/"},"sameAs":["https:\/\/www.facebook.com\/tuzlainfo.ba\/"]},{"@type":"Person","@id":"https:\/\/tuzlainfo.ba\/#\/schema\/person\/46cad4c57790cbc50781edd14870825a","name":"Tuzla Info","image":{"@type":"ImageObject","inLanguage":"bs-BA","@id":"https:\/\/secure.gravatar.com\/avatar\/e980921b00fa2e552723a2386544734ce6885d2b2304ccca3f45186f9ca4031d?s=96&d=mm&r=g","url":"https:\/\/secure.gravatar.com\/avatar\/e980921b00fa2e552723a2386544734ce6885d2b2304ccca3f45186f9ca4031d?s=96&d=mm&r=g","contentUrl":"https:\/\/secure.gravatar.com\/avatar\/e980921b00fa2e552723a2386544734ce6885d2b2304ccca3f45186f9ca4031d?s=96&d=mm&r=g","caption":"Tuzla Info"}}]}},"_links":{"self":[{"href":"https:\/\/tuzlainfo.ba\/index.php\/wp-json\/wp\/v2\/posts\/183636","targetHints":{"allow":["GET"]}}],"collection":[{"href":"https:\/\/tuzlainfo.ba\/index.php\/wp-json\/wp\/v2\/posts"}],"about":[{"href":"https:\/\/tuzlainfo.ba\/index.php\/wp-json\/wp\/v2\/types\/post"}],"author":[{"embeddable":true,"href":"https:\/\/tuzlainfo.ba\/index.php\/wp-json\/wp\/v2\/users\/4"}],"replies":[{"embeddable":true,"href":"https:\/\/tuzlainfo.ba\/index.php\/wp-json\/wp\/v2\/comments?post=183636"}],"version-history":[{"count":0,"href":"https:\/\/tuzlainfo.ba\/index.php\/wp-json\/wp\/v2\/posts\/183636\/revisions"}],"wp:featuredmedia":[{"embeddable":true,"href":"https:\/\/tuzlainfo.ba\/index.php\/wp-json\/wp\/v2\/media\/183637"}],"wp:attachment":[{"href":"https:\/\/tuzlainfo.ba\/index.php\/wp-json\/wp\/v2\/media?parent=183636"}],"wp:term":[{"taxonomy":"category","embeddable":true,"href":"https:\/\/tuzlainfo.ba\/index.php\/wp-json\/wp\/v2\/categories?post=183636"},{"taxonomy":"post_tag","embeddable":true,"href":"https:\/\/tuzlainfo.ba\/index.php\/wp-json\/wp\/v2\/tags?post=183636"}],"curies":[{"name":"wp","href":"https:\/\/api.w.org\/{rel}","templated":true}]}}