{"id":183520,"date":"2022-09-09T10:44:53","date_gmt":"2022-09-09T08:44:53","guid":{"rendered":"https:\/\/tuzlainfo.ba\/?p=183520"},"modified":"2022-09-09T17:32:57","modified_gmt":"2022-09-09T15:32:57","slug":"zdravstveni-radnicu-u-tuzlanskom-kantonu-12-septembra-stupaju-u-strajk-upozorenja","status":"publish","type":"post","link":"https:\/\/tuzlainfo.ba\/index.php\/novosti\/item\/183520-zdravstveni-radnicu-u-tuzlanskom-kantonu-12-septembra-stupaju-u-strajk-upozorenja\/","title":{"rendered":"Zdravstveni radnicu u Tuzlanskom kantonu 12. septembra stupaju u \u0161trajk upozorenja"},"content":{"rendered":"<p>Zaposleni u zdravstvu u Tuzlanskom kantonu od 12. septembra \u0107e stupiti u \u0161trajk upozorenja, a ukoliko\u00a0 se ne postigne dogovor vezan za njihov zahtjev o pove\u0107anju plata, ta\u010dnije satnice u visini od skoro pola konvertibilne marke, stupit \u0107e u generalni \u0161trajk 19. septembra 2022. godine.<\/p>\n<p>To je na danas odr\u017eanoj press konferenciji saop\u0161tio Nezavisni strukovni sindikat radnika zaposlenih u zdravstvu Tuzlanskog kantona.<\/p>\n<p>\u0160trajk upozorenja \u0107e zna\u010diti okupljanje uposlenih u zdravstvu tokom polusatne pauze, \u0161to ne\u0107e uticati na tretman pacijenata.<\/p>\n<p>Podsje\u0107amo da je spomenuti sindikat u maju ove godine nadle\u017enima u Tuzlanskom kantonu predlo\u017eio izmjenu kolektivnog ugovora, koji je ranije potpisan i va\u017ei do 31.12.2022. Kona\u010dan dogovor do danas nije postignut. <strong>\/TI\/<\/strong><\/p>\n","protected":false},"excerpt":{"rendered":"<p>Zaposleni u zdravstvu u Tuzlanskom kantonu od 12. septembra \u0107e stupiti u \u0161trajk upozorenja, a&hellip;<\/p>\n","protected":false},"author":2,"featured_media":183521,"comment_status":"open","ping_status":"closed","sticky":false,"template":"","format":"standard","meta":{"_acf_changed":false,"footnotes":""},"categories":[304,12,306],"tags":[5370,32],"acf":[],"yoast_head":"<!-- This site is optimized with the Yoast SEO plugin v23.5 - https:\/\/yoast.com\/wordpress\/plugins\/seo\/ -->\n<title>Zdravstveni radnicu u Tuzlanskom kantonu 12. septembra stupaju u \u0161trajk upozorenja - TuzlaInfo.ba<\/title>\n<meta name=\"robots\" content=\"index, follow, max-snippet:-1, max-image-preview:large, max-video-preview:-1\" \/>\n<link rel=\"canonical\" href=\"https:\/\/tuzlainfo.ba\/index.php\/novosti\/item\/183520-zdravstveni-radnicu-u-tuzlanskom-kantonu-12-septembra-stupaju-u-strajk-upozorenja\/\" \/>\n<meta property=\"og:locale\" content=\"bs_BA\" \/>\n<meta property=\"og:type\" content=\"article\" \/>\n<meta property=\"og:title\" content=\"Zdravstveni radnicu u Tuzlanskom kantonu 12. septembra stupaju u \u0161trajk upozorenja - TuzlaInfo.ba\" \/>\n<meta property=\"og:description\" content=\"Zaposleni u zdravstvu u Tuzlanskom kantonu od 12. septembra \u0107e stupiti u \u0161trajk upozorenja, a&hellip;\" \/>\n<meta property=\"og:url\" content=\"https:\/\/tuzlainfo.ba\/index.php\/novosti\/item\/183520-zdravstveni-radnicu-u-tuzlanskom-kantonu-12-septembra-stupaju-u-strajk-upozorenja\/\" \/>\n<meta property=\"og:site_name\" content=\"TuzlaInfo.ba\" \/>\n<meta property=\"article:publisher\" content=\"https:\/\/www.facebook.com\/tuzlainfo.ba\/\" \/>\n<meta property=\"article:published_time\" content=\"2022-09-09T08:44:53+00:00\" \/>\n<meta property=\"article:modified_time\" content=\"2022-09-09T15:32:57+00:00\" \/>\n<meta property=\"og:image\" content=\"https:\/\/tuzlainfo.ba\/wp-content\/uploads\/2022\/09\/0909_strajk_sindikat_zdravstvo.jpg\" \/>\n\t<meta property=\"og:image:width\" content=\"800\" \/>\n\t<meta property=\"og:image:height\" content=\"600\" \/>\n\t<meta property=\"og:image:type\" content=\"image\/jpeg\" \/>\n<meta name=\"author\" content=\"nedim\" \/>\n<meta name=\"twitter:card\" content=\"summary_large_image\" \/>\n<meta name=\"twitter:label1\" content=\"Written by\" \/>\n\t<meta name=\"twitter:data1\" content=\"nedim\" \/>\n\t<meta name=\"twitter:label2\" content=\"Est. reading time\" \/>\n\t<meta name=\"twitter:data2\" content=\"1 minuta\" \/>\n<script type=\"application\/ld+json\" class=\"yoast-schema-graph\">{\"@context\":\"https:\/\/schema.org\",\"@graph\":[{\"@type\":\"Article\",\"@id\":\"https:\/\/tuzlainfo.ba\/index.php\/novosti\/item\/183520-zdravstveni-radnicu-u-tuzlanskom-kantonu-12-septembra-stupaju-u-strajk-upozorenja\/#article\",\"isPartOf\":{\"@id\":\"https:\/\/tuzlainfo.ba\/index.php\/novosti\/item\/183520-zdravstveni-radnicu-u-tuzlanskom-kantonu-12-septembra-stupaju-u-strajk-upozorenja\/\"},\"author\":{\"name\":\"nedim\",\"@id\":\"https:\/\/tuzlainfo.ba\/#\/schema\/person\/f434e20dc27ea133923aab08451b7f7f\"},\"headline\":\"Zdravstveni radnicu u Tuzlanskom kantonu 12. septembra stupaju u \u0161trajk upozorenja\",\"datePublished\":\"2022-09-09T08:44:53+00:00\",\"dateModified\":\"2022-09-09T15:32:57+00:00\",\"mainEntityOfPage\":{\"@id\":\"https:\/\/tuzlainfo.ba\/index.php\/novosti\/item\/183520-zdravstveni-radnicu-u-tuzlanskom-kantonu-12-septembra-stupaju-u-strajk-upozorenja\/\"},\"wordCount\":128,\"commentCount\":0,\"publisher\":{\"@id\":\"https:\/\/tuzlainfo.ba\/#organization\"},\"image\":{\"@id\":\"https:\/\/tuzlainfo.ba\/index.php\/novosti\/item\/183520-zdravstveni-radnicu-u-tuzlanskom-kantonu-12-septembra-stupaju-u-strajk-upozorenja\/#primaryimage\"},\"thumbnailUrl\":\"https:\/\/tuzlainfo.ba\/wp-content\/uploads\/2022\/09\/0909_strajk_sindikat_zdravstvo.jpg\",\"keywords\":[\"sindikat radnika zaposlenih u zdravstvu\",\"\u0161trajk\"],\"articleSection\":[\"Istaknuto\",\"Novosti\",\"Preporu\u010dujemo\"],\"inLanguage\":\"bs-BA\"},{\"@type\":\"WebPage\",\"@id\":\"https:\/\/tuzlainfo.ba\/index.php\/novosti\/item\/183520-zdravstveni-radnicu-u-tuzlanskom-kantonu-12-septembra-stupaju-u-strajk-upozorenja\/\",\"url\":\"https:\/\/tuzlainfo.ba\/index.php\/novosti\/item\/183520-zdravstveni-radnicu-u-tuzlanskom-kantonu-12-septembra-stupaju-u-strajk-upozorenja\/\",\"name\":\"Zdravstveni radnicu u Tuzlanskom kantonu 12. septembra stupaju u \u0161trajk upozorenja - TuzlaInfo.ba\",\"isPartOf\":{\"@id\":\"https:\/\/tuzlainfo.ba\/#website\"},\"primaryImageOfPage\":{\"@id\":\"https:\/\/tuzlainfo.ba\/index.php\/novosti\/item\/183520-zdravstveni-radnicu-u-tuzlanskom-kantonu-12-septembra-stupaju-u-strajk-upozorenja\/#primaryimage\"},\"image\":{\"@id\":\"https:\/\/tuzlainfo.ba\/index.php\/novosti\/item\/183520-zdravstveni-radnicu-u-tuzlanskom-kantonu-12-septembra-stupaju-u-strajk-upozorenja\/#primaryimage\"},\"thumbnailUrl\":\"https:\/\/tuzlainfo.ba\/wp-content\/uploads\/2022\/09\/0909_strajk_sindikat_zdravstvo.jpg\",\"datePublished\":\"2022-09-09T08:44:53+00:00\",\"dateModified\":\"2022-09-09T15:32:57+00:00\",\"breadcrumb\":{\"@id\":\"https:\/\/tuzlainfo.ba\/index.php\/novosti\/item\/183520-zdravstveni-radnicu-u-tuzlanskom-kantonu-12-septembra-stupaju-u-strajk-upozorenja\/#breadcrumb\"},\"inLanguage\":\"bs-BA\",\"potentialAction\":[{\"@type\":\"ReadAction\",\"target\":[\"https:\/\/tuzlainfo.ba\/index.php\/novosti\/item\/183520-zdravstveni-radnicu-u-tuzlanskom-kantonu-12-septembra-stupaju-u-strajk-upozorenja\/\"]}]},{\"@type\":\"ImageObject\",\"inLanguage\":\"bs-BA\",\"@id\":\"https:\/\/tuzlainfo.ba\/index.php\/novosti\/item\/183520-zdravstveni-radnicu-u-tuzlanskom-kantonu-12-septembra-stupaju-u-strajk-upozorenja\/#primaryimage\",\"url\":\"https:\/\/tuzlainfo.ba\/wp-content\/uploads\/2022\/09\/0909_strajk_sindikat_zdravstvo.jpg\",\"contentUrl\":\"https:\/\/tuzlainfo.ba\/wp-content\/uploads\/2022\/09\/0909_strajk_sindikat_zdravstvo.jpg\",\"width\":800,\"height\":600},{\"@type\":\"BreadcrumbList\",\"@id\":\"https:\/\/tuzlainfo.ba\/index.php\/novosti\/item\/183520-zdravstveni-radnicu-u-tuzlanskom-kantonu-12-septembra-stupaju-u-strajk-upozorenja\/#breadcrumb\",\"itemListElement\":[{\"@type\":\"ListItem\",\"position\":1,\"name\":\"Home\",\"item\":\"https:\/\/tuzlainfo.ba\/\"},{\"@type\":\"ListItem\",\"position\":2,\"name\":\"Zdravstveni radnicu u Tuzlanskom kantonu 12. septembra stupaju u \u0161trajk upozorenja\"}]},{\"@type\":\"WebSite\",\"@id\":\"https:\/\/tuzlainfo.ba\/#website\",\"url\":\"https:\/\/tuzlainfo.ba\/\",\"name\":\"TuzlaInfo.ba\",\"description\":\"Tuzla info, gradski informator - Tuzla na dlanu\",\"publisher\":{\"@id\":\"https:\/\/tuzlainfo.ba\/#organization\"},\"potentialAction\":[{\"@type\":\"SearchAction\",\"target\":{\"@type\":\"EntryPoint\",\"urlTemplate\":\"https:\/\/tuzlainfo.ba\/?s={search_term_string}\"},\"query-input\":{\"@type\":\"PropertyValueSpecification\",\"valueRequired\":true,\"valueName\":\"search_term_string\"}}],\"inLanguage\":\"bs-BA\"},{\"@type\":\"Organization\",\"@id\":\"https:\/\/tuzlainfo.ba\/#organization\",\"name\":\"TuzlaInfo.ba\",\"url\":\"https:\/\/tuzlainfo.ba\/\",\"logo\":{\"@type\":\"ImageObject\",\"inLanguage\":\"bs-BA\",\"@id\":\"https:\/\/tuzlainfo.ba\/#\/schema\/logo\/image\/\",\"url\":\"https:\/\/tuzlainfo.ba\/wp-content\/uploads\/2021\/03\/logo-ver-3-1.png\",\"contentUrl\":\"https:\/\/tuzlainfo.ba\/wp-content\/uploads\/2021\/03\/logo-ver-3-1.png\",\"width\":350,\"height\":95,\"caption\":\"TuzlaInfo.ba\"},\"image\":{\"@id\":\"https:\/\/tuzlainfo.ba\/#\/schema\/logo\/image\/\"},\"sameAs\":[\"https:\/\/www.facebook.com\/tuzlainfo.ba\/\"]},{\"@type\":\"Person\",\"@id\":\"https:\/\/tuzlainfo.ba\/#\/schema\/person\/f434e20dc27ea133923aab08451b7f7f\",\"name\":\"nedim\",\"image\":{\"@type\":\"ImageObject\",\"inLanguage\":\"bs-BA\",\"@id\":\"https:\/\/tuzlainfo.ba\/#\/schema\/person\/image\/\",\"url\":\"https:\/\/tuzlainfo.ba\/wp-content\/litespeed\/avatar\/aabad687af24844af817603ac1cbdc4f.jpg?ver=1777306975\",\"contentUrl\":\"https:\/\/tuzlainfo.ba\/wp-content\/litespeed\/avatar\/aabad687af24844af817603ac1cbdc4f.jpg?ver=1777306975\",\"caption\":\"nedim\"},\"description\":\"Tuzlainfo.ba pratite na dru\u0161tvenim mre\u017eama: Facebook, Instagram i Youtube. Svoje pri\u010de, upite i fotografije \u0161aljite na na\u0161u e-mail adresu.\"}]}<\/script>\n<!-- \/ Yoast SEO plugin. -->","yoast_head_json":{"title":"Zdravstveni radnicu u Tuzlanskom kantonu 12. septembra stupaju u \u0161trajk upozorenja - TuzlaInfo.ba","robots":{"index":"index","follow":"follow","max-snippet":"max-snippet:-1","max-image-preview":"max-image-preview:large","max-video-preview":"max-video-preview:-1"},"canonical":"https:\/\/tuzlainfo.ba\/index.php\/novosti\/item\/183520-zdravstveni-radnicu-u-tuzlanskom-kantonu-12-septembra-stupaju-u-strajk-upozorenja\/","og_locale":"bs_BA","og_type":"article","og_title":"Zdravstveni radnicu u Tuzlanskom kantonu 12. septembra stupaju u \u0161trajk upozorenja - TuzlaInfo.ba","og_description":"Zaposleni u zdravstvu u Tuzlanskom kantonu od 12. septembra \u0107e stupiti u \u0161trajk upozorenja, a&hellip;","og_url":"https:\/\/tuzlainfo.ba\/index.php\/novosti\/item\/183520-zdravstveni-radnicu-u-tuzlanskom-kantonu-12-septembra-stupaju-u-strajk-upozorenja\/","og_site_name":"TuzlaInfo.ba","article_publisher":"https:\/\/www.facebook.com\/tuzlainfo.ba\/","article_published_time":"2022-09-09T08:44:53+00:00","article_modified_time":"2022-09-09T15:32:57+00:00","og_image":[{"width":800,"height":600,"url":"https:\/\/tuzlainfo.ba\/wp-content\/uploads\/2022\/09\/0909_strajk_sindikat_zdravstvo.jpg","type":"image\/jpeg"}],"author":"nedim","twitter_card":"summary_large_image","twitter_misc":{"Written by":"nedim","Est. reading time":"1 minuta"},"schema":{"@context":"https:\/\/schema.org","@graph":[{"@type":"Article","@id":"https:\/\/tuzlainfo.ba\/index.php\/novosti\/item\/183520-zdravstveni-radnicu-u-tuzlanskom-kantonu-12-septembra-stupaju-u-strajk-upozorenja\/#article","isPartOf":{"@id":"https:\/\/tuzlainfo.ba\/index.php\/novosti\/item\/183520-zdravstveni-radnicu-u-tuzlanskom-kantonu-12-septembra-stupaju-u-strajk-upozorenja\/"},"author":{"name":"nedim","@id":"https:\/\/tuzlainfo.ba\/#\/schema\/person\/f434e20dc27ea133923aab08451b7f7f"},"headline":"Zdravstveni radnicu u Tuzlanskom kantonu 12. septembra stupaju u \u0161trajk upozorenja","datePublished":"2022-09-09T08:44:53+00:00","dateModified":"2022-09-09T15:32:57+00:00","mainEntityOfPage":{"@id":"https:\/\/tuzlainfo.ba\/index.php\/novosti\/item\/183520-zdravstveni-radnicu-u-tuzlanskom-kantonu-12-septembra-stupaju-u-strajk-upozorenja\/"},"wordCount":128,"commentCount":0,"publisher":{"@id":"https:\/\/tuzlainfo.ba\/#organization"},"image":{"@id":"https:\/\/tuzlainfo.ba\/index.php\/novosti\/item\/183520-zdravstveni-radnicu-u-tuzlanskom-kantonu-12-septembra-stupaju-u-strajk-upozorenja\/#primaryimage"},"thumbnailUrl":"https:\/\/tuzlainfo.ba\/wp-content\/uploads\/2022\/09\/0909_strajk_sindikat_zdravstvo.jpg","keywords":["sindikat radnika zaposlenih u zdravstvu","\u0161trajk"],"articleSection":["Istaknuto","Novosti","Preporu\u010dujemo"],"inLanguage":"bs-BA"},{"@type":"WebPage","@id":"https:\/\/tuzlainfo.ba\/index.php\/novosti\/item\/183520-zdravstveni-radnicu-u-tuzlanskom-kantonu-12-septembra-stupaju-u-strajk-upozorenja\/","url":"https:\/\/tuzlainfo.ba\/index.php\/novosti\/item\/183520-zdravstveni-radnicu-u-tuzlanskom-kantonu-12-septembra-stupaju-u-strajk-upozorenja\/","name":"Zdravstveni radnicu u Tuzlanskom kantonu 12. septembra stupaju u \u0161trajk upozorenja - TuzlaInfo.ba","isPartOf":{"@id":"https:\/\/tuzlainfo.ba\/#website"},"primaryImageOfPage":{"@id":"https:\/\/tuzlainfo.ba\/index.php\/novosti\/item\/183520-zdravstveni-radnicu-u-tuzlanskom-kantonu-12-septembra-stupaju-u-strajk-upozorenja\/#primaryimage"},"image":{"@id":"https:\/\/tuzlainfo.ba\/index.php\/novosti\/item\/183520-zdravstveni-radnicu-u-tuzlanskom-kantonu-12-septembra-stupaju-u-strajk-upozorenja\/#primaryimage"},"thumbnailUrl":"https:\/\/tuzlainfo.ba\/wp-content\/uploads\/2022\/09\/0909_strajk_sindikat_zdravstvo.jpg","datePublished":"2022-09-09T08:44:53+00:00","dateModified":"2022-09-09T15:32:57+00:00","breadcrumb":{"@id":"https:\/\/tuzlainfo.ba\/index.php\/novosti\/item\/183520-zdravstveni-radnicu-u-tuzlanskom-kantonu-12-septembra-stupaju-u-strajk-upozorenja\/#breadcrumb"},"inLanguage":"bs-BA","potentialAction":[{"@type":"ReadAction","target":["https:\/\/tuzlainfo.ba\/index.php\/novosti\/item\/183520-zdravstveni-radnicu-u-tuzlanskom-kantonu-12-septembra-stupaju-u-strajk-upozorenja\/"]}]},{"@type":"ImageObject","inLanguage":"bs-BA","@id":"https:\/\/tuzlainfo.ba\/index.php\/novosti\/item\/183520-zdravstveni-radnicu-u-tuzlanskom-kantonu-12-septembra-stupaju-u-strajk-upozorenja\/#primaryimage","url":"https:\/\/tuzlainfo.ba\/wp-content\/uploads\/2022\/09\/0909_strajk_sindikat_zdravstvo.jpg","contentUrl":"https:\/\/tuzlainfo.ba\/wp-content\/uploads\/2022\/09\/0909_strajk_sindikat_zdravstvo.jpg","width":800,"height":600},{"@type":"BreadcrumbList","@id":"https:\/\/tuzlainfo.ba\/index.php\/novosti\/item\/183520-zdravstveni-radnicu-u-tuzlanskom-kantonu-12-septembra-stupaju-u-strajk-upozorenja\/#breadcrumb","itemListElement":[{"@type":"ListItem","position":1,"name":"Home","item":"https:\/\/tuzlainfo.ba\/"},{"@type":"ListItem","position":2,"name":"Zdravstveni radnicu u Tuzlanskom kantonu 12. septembra stupaju u \u0161trajk upozorenja"}]},{"@type":"WebSite","@id":"https:\/\/tuzlainfo.ba\/#website","url":"https:\/\/tuzlainfo.ba\/","name":"TuzlaInfo.ba","description":"Tuzla info, gradski informator - Tuzla na dlanu","publisher":{"@id":"https:\/\/tuzlainfo.ba\/#organization"},"potentialAction":[{"@type":"SearchAction","target":{"@type":"EntryPoint","urlTemplate":"https:\/\/tuzlainfo.ba\/?s={search_term_string}"},"query-input":{"@type":"PropertyValueSpecification","valueRequired":true,"valueName":"search_term_string"}}],"inLanguage":"bs-BA"},{"@type":"Organization","@id":"https:\/\/tuzlainfo.ba\/#organization","name":"TuzlaInfo.ba","url":"https:\/\/tuzlainfo.ba\/","logo":{"@type":"ImageObject","inLanguage":"bs-BA","@id":"https:\/\/tuzlainfo.ba\/#\/schema\/logo\/image\/","url":"https:\/\/tuzlainfo.ba\/wp-content\/uploads\/2021\/03\/logo-ver-3-1.png","contentUrl":"https:\/\/tuzlainfo.ba\/wp-content\/uploads\/2021\/03\/logo-ver-3-1.png","width":350,"height":95,"caption":"TuzlaInfo.ba"},"image":{"@id":"https:\/\/tuzlainfo.ba\/#\/schema\/logo\/image\/"},"sameAs":["https:\/\/www.facebook.com\/tuzlainfo.ba\/"]},{"@type":"Person","@id":"https:\/\/tuzlainfo.ba\/#\/schema\/person\/f434e20dc27ea133923aab08451b7f7f","name":"nedim","image":{"@type":"ImageObject","inLanguage":"bs-BA","@id":"https:\/\/tuzlainfo.ba\/#\/schema\/person\/image\/","url":"https:\/\/tuzlainfo.ba\/wp-content\/litespeed\/avatar\/aabad687af24844af817603ac1cbdc4f.jpg?ver=1777306975","contentUrl":"https:\/\/tuzlainfo.ba\/wp-content\/litespeed\/avatar\/aabad687af24844af817603ac1cbdc4f.jpg?ver=1777306975","caption":"nedim"},"description":"Tuzlainfo.ba pratite na dru\u0161tvenim mre\u017eama: Facebook, Instagram i Youtube. Svoje pri\u010de, upite i fotografije \u0161aljite na na\u0161u e-mail adresu."}]}},"_links":{"self":[{"href":"https:\/\/tuzlainfo.ba\/index.php\/wp-json\/wp\/v2\/posts\/183520"}],"collection":[{"href":"https:\/\/tuzlainfo.ba\/index.php\/wp-json\/wp\/v2\/posts"}],"about":[{"href":"https:\/\/tuzlainfo.ba\/index.php\/wp-json\/wp\/v2\/types\/post"}],"author":[{"embeddable":true,"href":"https:\/\/tuzlainfo.ba\/index.php\/wp-json\/wp\/v2\/users\/2"}],"replies":[{"embeddable":true,"href":"https:\/\/tuzlainfo.ba\/index.php\/wp-json\/wp\/v2\/comments?post=183520"}],"version-history":[{"count":0,"href":"https:\/\/tuzlainfo.ba\/index.php\/wp-json\/wp\/v2\/posts\/183520\/revisions"}],"wp:featuredmedia":[{"embeddable":true,"href":"https:\/\/tuzlainfo.ba\/index.php\/wp-json\/wp\/v2\/media\/183521"}],"wp:attachment":[{"href":"https:\/\/tuzlainfo.ba\/index.php\/wp-json\/wp\/v2\/media?parent=183520"}],"wp:term":[{"taxonomy":"category","embeddable":true,"href":"https:\/\/tuzlainfo.ba\/index.php\/wp-json\/wp\/v2\/categories?post=183520"},{"taxonomy":"post_tag","embeddable":true,"href":"https:\/\/tuzlainfo.ba\/index.php\/wp-json\/wp\/v2\/tags?post=183520"}],"curies":[{"name":"wp","href":"https:\/\/api.w.org\/{rel}","templated":true}]}}