{"id":183376,"date":"2022-09-07T22:20:43","date_gmt":"2022-09-07T20:20:43","guid":{"rendered":"https:\/\/tuzlainfo.ba\/?p=183376"},"modified":"2022-09-07T22:23:26","modified_gmt":"2022-09-07T20:23:26","slug":"andelija-el-energiju-koristimo-racionalno-da-ne-bi-morali-korigovati-cijene","status":"publish","type":"post","link":"https:\/\/tuzlainfo.ba\/index.php\/bosna-i-hercegovina\/item\/183376-andelija-el-energiju-koristimo-racionalno-da-ne-bi-morali-korigovati-cijene\/","title":{"rendered":"Andelija: El. energiju koristimo racionalno, da ne bi morali korigovati cijene"},"content":{"rendered":"<p>Javno preduze\u0107e Elektroprivreda BiH danas slavi 77 godina postojanja, stabilnog puta, rasta i razvoja. Elektroprivreda BiH prolazila je kroz organizacijske transformacije i razvojne faze, ali je uvijek imala ulogu nositelja ekonomskog razvoja Bosne i Hercegovine.<\/p>\n<p>Danas je ovo javno preduze\u0107e dru\u0161tveno odgovorna, moderno organizirana, tr\u017ei\u0161no orijentirana kompanija, \u010dije je djelovanje, misija i zna\u010daj od strate\u0161ke va\u017enosti za energetsku nezavisnost, privrednu stabilnost, razvoj i ekonomsko zdravlje na\u0161e zemlje. Kompanija elektri\u010dnom energijom snabdijeva vi\u0161e od 788 hiljada kupaca.<\/p>\n<p>Generalni direktor EPBiH Admir Andelija ka\u017ee da je posljednja godina jedna od najte\u017eih.<\/p>\n<p>&#8220;Od septembra 2021. smo imali neke nagovje\u0161taje da \u0107e do\u0107i do bitnih i zna\u010dajnih poreme\u0107aja na tr\u017ei\u0161tu elektri\u010dne energije. Najva\u017enije \u0161to smo uspjeli u ovoj godini je da izvr\u0161imo potpunu reorganizaciju \u010ditavog koncerna, da u\u0111emo u 23. godinu potpuno reogranizovani. Uspjeli smo da zna\u010dajno popravimo primanja uposlenika i da sredstvima EPBiH uplatimo sve poreze i doprinose za preko 700 uposlenika rudnika. Prili\u010dno te\u0161ka godina.&#8221;<\/p>\n<p>Nagla\u0161ava da kupci EPBiH ne treba da se brinu da li \u0107e biti dovoljnih koli\u010dina elektri\u010dne energije u narednom periodu.<\/p>\n<p>&#8220;Sve \u0161to smo uradili u prethodnom periodu, pogotovo produ\u017eetak rada Bloka 4 i Bloka 5, su bili preduslovi da zadr\u017eimo stabilnu cjenovnu politiku kada su u pitanju na\u0161i kupci. U narednom periodu ne o\u010dekujemo da \u0107e do\u0107i do pove\u0107anja cijene elektri\u010dne energije za sve kupce u kategoriji javne usluge. Kada su u pitanju kupci na tr\u017ei\u0161nom snabdijevanju, tu \u0107emo po\u0161tovati zakonska rje\u0161enja i odluke Vlade FBiH.&#8221;<\/p>\n<p>Andelija poja\u0161njava da da svaka ekstremna potro\u0161nja elektri\u010dne energije mo\u017ee uzrokovati odre\u0111ene probleme.<\/p>\n<p>&#8220;Smatramo da u nekim normalnim uslovima potro\u0161nje mi ne\u0107emo imati problem ni sa snabdijevanjem ni sa cijenom. Me\u0111utim, ukoliko do\u0111e do radikalnog pove\u0107anja potro\u0161nje elektri\u010dne energije, odnosno ukoliko tu elektri\u010dnu energiju budemo morali nabavljati na tr\u017ei\u0161tu, onda \u0107emo morati korigovati cijene. Pozivam svo stanovni\u0161tvo da elektir\u010dnu energiju koristimo racionalno. Elektri\u010dna energija ne mo\u017ee biti osnovni energent za zagrijavanje.&#8221;<\/p>\n<p>Isti\u010de da EPBiH, bez obzira na zna\u010dajno pove\u0107anje cijena i toplotne i elektri\u010dne energije, je zadr\u017eala cijenu toplotne energije za zagrijavanje gradova Tuzla, Lukavac i Kakanj.<\/p>\n<p>&#8220;To je na\u0161 doprinos prevazila\u017eenju ove te\u0161ke situacije. Svjedoci smo da, i pored toga \u0161to cijena elektri\u010dne energije nije poskupila, Vlada FBiH je odlu\u010dila da subvencionira, za po\u010detak najugro\u017eenije kategorije kupaca. O\u010dekujemo da i ostali nivoi vlasti, prije svega Vlada KS-a, po\u010dnu subvencionirati kupce plina na mre\u017eama Sarajevogasa ili toplana Sarajevo. Dugoro\u010dno, Kanton Sarajevo se treba spojiti na TE Kakanj i time za jedan dugi period rije\u0161iti problem zavisnosti od plina i skupog plina.&#8221;<\/p>\n<p>O Bloku 7 TE Tuzla Andelija ka\u017ee da su globalni trendovi odustajanja od proizvodnje elektri\u010dne energije iz uglja.<\/p>\n<p>&#8220;Samim time smanjen je broj firmi i kompanija koje se bave proizvodnjom opreme za takvu vrstu elektrana. Parlament mo\u017ee nalo\u017eiti Elektroprivredi da nastavi realizaciju tog projekta po izmijenjenim okolnostima, da izmijeni ugovor, a mo\u017ee da prihvati stav EPBiH da krenemo u raskid ovog ugovora.&#8221;<\/p>\n<p>Nagla\u0161ava da je opredjeljenje Elektroprivrede ka zelenoj tranziciji jasno.<\/p>\n<p>&#8220;Trenutno imamo aktuelno preko 15 objekata iz obnovljivih izvora. Ove godine smo imali prvi javni tender za izgradnju prve solarne elektrane.&#8221;<\/p>\n<p>Navodi da EPBiH ima takvu sudbinu da je njeno tranzicijsko gorivo ugalj.<\/p>\n<p>&#8220;Moramo se jo\u0161 dugoro\u010dno oslanjati na ugalj. Sve dok ne do\u0111emo u situaciju da postanemo kompanija koja proizvodi isklju\u010divo iz obnovljivih izvora, pi\u0161e federalna.ba.<\/p>\n","protected":false},"excerpt":{"rendered":"<p>Javno preduze\u0107e Elektroprivreda BiH danas slavi 77 godina postojanja, stabilnog puta, rasta i razvoja. Elektroprivreda&hellip;<\/p>\n","protected":false},"author":2,"featured_media":156029,"comment_status":"open","ping_status":"closed","sticky":false,"template":"","format":"standard","meta":{"_acf_changed":false,"footnotes":""},"categories":[291,304],"tags":[3148],"acf":[],"yoast_head":"<!-- This site is optimized with the Yoast SEO plugin v23.5 - https:\/\/yoast.com\/wordpress\/plugins\/seo\/ -->\n<title>Andelija: El. energiju koristimo racionalno, da ne bi morali korigovati cijene - TuzlaInfo.ba<\/title>\n<meta name=\"robots\" content=\"index, follow, max-snippet:-1, max-image-preview:large, max-video-preview:-1\" \/>\n<link rel=\"canonical\" href=\"https:\/\/tuzlainfo.ba\/index.php\/bosna-i-hercegovina\/item\/183376-andelija-el-energiju-koristimo-racionalno-da-ne-bi-morali-korigovati-cijene\/\" \/>\n<meta property=\"og:locale\" content=\"bs_BA\" \/>\n<meta property=\"og:type\" content=\"article\" \/>\n<meta property=\"og:title\" content=\"Andelija: El. energiju koristimo racionalno, da ne bi morali korigovati cijene - TuzlaInfo.ba\" \/>\n<meta property=\"og:description\" content=\"Javno preduze\u0107e Elektroprivreda BiH danas slavi 77 godina postojanja, stabilnog puta, rasta i razvoja. Elektroprivreda&hellip;\" \/>\n<meta property=\"og:url\" content=\"https:\/\/tuzlainfo.ba\/index.php\/bosna-i-hercegovina\/item\/183376-andelija-el-energiju-koristimo-racionalno-da-ne-bi-morali-korigovati-cijene\/\" \/>\n<meta property=\"og:site_name\" content=\"TuzlaInfo.ba\" \/>\n<meta property=\"article:publisher\" content=\"https:\/\/www.facebook.com\/tuzlainfo.ba\/\" \/>\n<meta property=\"article:published_time\" content=\"2022-09-07T20:20:43+00:00\" \/>\n<meta property=\"article:modified_time\" content=\"2022-09-07T20:23:26+00:00\" \/>\n<meta property=\"og:image\" content=\"https:\/\/tuzlainfo.ba\/wp-content\/uploads\/2021\/11\/2611_andelija.jpg\" \/>\n\t<meta property=\"og:image:width\" content=\"800\" \/>\n\t<meta property=\"og:image:height\" content=\"450\" \/>\n\t<meta property=\"og:image:type\" content=\"image\/jpeg\" \/>\n<meta name=\"author\" content=\"nedim\" \/>\n<meta name=\"twitter:card\" content=\"summary_large_image\" \/>\n<meta name=\"twitter:label1\" content=\"Written by\" \/>\n\t<meta name=\"twitter:data1\" content=\"nedim\" \/>\n\t<meta name=\"twitter:label2\" content=\"Est. reading time\" \/>\n\t<meta name=\"twitter:data2\" content=\"3 minute\" \/>\n<script type=\"application\/ld+json\" class=\"yoast-schema-graph\">{\"@context\":\"https:\/\/schema.org\",\"@graph\":[{\"@type\":\"Article\",\"@id\":\"https:\/\/tuzlainfo.ba\/index.php\/bosna-i-hercegovina\/item\/183376-andelija-el-energiju-koristimo-racionalno-da-ne-bi-morali-korigovati-cijene\/#article\",\"isPartOf\":{\"@id\":\"https:\/\/tuzlainfo.ba\/index.php\/bosna-i-hercegovina\/item\/183376-andelija-el-energiju-koristimo-racionalno-da-ne-bi-morali-korigovati-cijene\/\"},\"author\":{\"name\":\"nedim\",\"@id\":\"https:\/\/tuzlainfo.ba\/#\/schema\/person\/f434e20dc27ea133923aab08451b7f7f\"},\"headline\":\"Andelija: El. energiju koristimo racionalno, da ne bi morali korigovati cijene\",\"datePublished\":\"2022-09-07T20:20:43+00:00\",\"dateModified\":\"2022-09-07T20:23:26+00:00\",\"mainEntityOfPage\":{\"@id\":\"https:\/\/tuzlainfo.ba\/index.php\/bosna-i-hercegovina\/item\/183376-andelija-el-energiju-koristimo-racionalno-da-ne-bi-morali-korigovati-cijene\/\"},\"wordCount\":626,\"commentCount\":0,\"publisher\":{\"@id\":\"https:\/\/tuzlainfo.ba\/#organization\"},\"image\":{\"@id\":\"https:\/\/tuzlainfo.ba\/index.php\/bosna-i-hercegovina\/item\/183376-andelija-el-energiju-koristimo-racionalno-da-ne-bi-morali-korigovati-cijene\/#primaryimage\"},\"thumbnailUrl\":\"https:\/\/tuzlainfo.ba\/wp-content\/uploads\/2021\/11\/2611_andelija.jpg\",\"keywords\":[\"Admir Andelija\"],\"articleSection\":[\"Bosna i Hercegovina\",\"Istaknuto\"],\"inLanguage\":\"bs-BA\"},{\"@type\":\"WebPage\",\"@id\":\"https:\/\/tuzlainfo.ba\/index.php\/bosna-i-hercegovina\/item\/183376-andelija-el-energiju-koristimo-racionalno-da-ne-bi-morali-korigovati-cijene\/\",\"url\":\"https:\/\/tuzlainfo.ba\/index.php\/bosna-i-hercegovina\/item\/183376-andelija-el-energiju-koristimo-racionalno-da-ne-bi-morali-korigovati-cijene\/\",\"name\":\"Andelija: El. energiju koristimo racionalno, da ne bi morali korigovati cijene - TuzlaInfo.ba\",\"isPartOf\":{\"@id\":\"https:\/\/tuzlainfo.ba\/#website\"},\"primaryImageOfPage\":{\"@id\":\"https:\/\/tuzlainfo.ba\/index.php\/bosna-i-hercegovina\/item\/183376-andelija-el-energiju-koristimo-racionalno-da-ne-bi-morali-korigovati-cijene\/#primaryimage\"},\"image\":{\"@id\":\"https:\/\/tuzlainfo.ba\/index.php\/bosna-i-hercegovina\/item\/183376-andelija-el-energiju-koristimo-racionalno-da-ne-bi-morali-korigovati-cijene\/#primaryimage\"},\"thumbnailUrl\":\"https:\/\/tuzlainfo.ba\/wp-content\/uploads\/2021\/11\/2611_andelija.jpg\",\"datePublished\":\"2022-09-07T20:20:43+00:00\",\"dateModified\":\"2022-09-07T20:23:26+00:00\",\"breadcrumb\":{\"@id\":\"https:\/\/tuzlainfo.ba\/index.php\/bosna-i-hercegovina\/item\/183376-andelija-el-energiju-koristimo-racionalno-da-ne-bi-morali-korigovati-cijene\/#breadcrumb\"},\"inLanguage\":\"bs-BA\",\"potentialAction\":[{\"@type\":\"ReadAction\",\"target\":[\"https:\/\/tuzlainfo.ba\/index.php\/bosna-i-hercegovina\/item\/183376-andelija-el-energiju-koristimo-racionalno-da-ne-bi-morali-korigovati-cijene\/\"]}]},{\"@type\":\"ImageObject\",\"inLanguage\":\"bs-BA\",\"@id\":\"https:\/\/tuzlainfo.ba\/index.php\/bosna-i-hercegovina\/item\/183376-andelija-el-energiju-koristimo-racionalno-da-ne-bi-morali-korigovati-cijene\/#primaryimage\",\"url\":\"https:\/\/tuzlainfo.ba\/wp-content\/uploads\/2021\/11\/2611_andelija.jpg\",\"contentUrl\":\"https:\/\/tuzlainfo.ba\/wp-content\/uploads\/2021\/11\/2611_andelija.jpg\",\"width\":800,\"height\":450},{\"@type\":\"BreadcrumbList\",\"@id\":\"https:\/\/tuzlainfo.ba\/index.php\/bosna-i-hercegovina\/item\/183376-andelija-el-energiju-koristimo-racionalno-da-ne-bi-morali-korigovati-cijene\/#breadcrumb\",\"itemListElement\":[{\"@type\":\"ListItem\",\"position\":1,\"name\":\"Home\",\"item\":\"https:\/\/tuzlainfo.ba\/\"},{\"@type\":\"ListItem\",\"position\":2,\"name\":\"Andelija: El. energiju koristimo racionalno, da ne bi morali korigovati cijene\"}]},{\"@type\":\"WebSite\",\"@id\":\"https:\/\/tuzlainfo.ba\/#website\",\"url\":\"https:\/\/tuzlainfo.ba\/\",\"name\":\"TuzlaInfo.ba\",\"description\":\"Tuzla info, gradski informator - Tuzla na dlanu\",\"publisher\":{\"@id\":\"https:\/\/tuzlainfo.ba\/#organization\"},\"potentialAction\":[{\"@type\":\"SearchAction\",\"target\":{\"@type\":\"EntryPoint\",\"urlTemplate\":\"https:\/\/tuzlainfo.ba\/?s={search_term_string}\"},\"query-input\":{\"@type\":\"PropertyValueSpecification\",\"valueRequired\":true,\"valueName\":\"search_term_string\"}}],\"inLanguage\":\"bs-BA\"},{\"@type\":\"Organization\",\"@id\":\"https:\/\/tuzlainfo.ba\/#organization\",\"name\":\"TuzlaInfo.ba\",\"url\":\"https:\/\/tuzlainfo.ba\/\",\"logo\":{\"@type\":\"ImageObject\",\"inLanguage\":\"bs-BA\",\"@id\":\"https:\/\/tuzlainfo.ba\/#\/schema\/logo\/image\/\",\"url\":\"https:\/\/tuzlainfo.ba\/wp-content\/uploads\/2021\/03\/logo-ver-3-1.png\",\"contentUrl\":\"https:\/\/tuzlainfo.ba\/wp-content\/uploads\/2021\/03\/logo-ver-3-1.png\",\"width\":350,\"height\":95,\"caption\":\"TuzlaInfo.ba\"},\"image\":{\"@id\":\"https:\/\/tuzlainfo.ba\/#\/schema\/logo\/image\/\"},\"sameAs\":[\"https:\/\/www.facebook.com\/tuzlainfo.ba\/\"]},{\"@type\":\"Person\",\"@id\":\"https:\/\/tuzlainfo.ba\/#\/schema\/person\/f434e20dc27ea133923aab08451b7f7f\",\"name\":\"nedim\",\"image\":{\"@type\":\"ImageObject\",\"inLanguage\":\"bs-BA\",\"@id\":\"https:\/\/tuzlainfo.ba\/#\/schema\/person\/image\/\",\"url\":\"https:\/\/tuzlainfo.ba\/wp-content\/litespeed\/avatar\/aabad687af24844af817603ac1cbdc4f.jpg?ver=1776702173\",\"contentUrl\":\"https:\/\/tuzlainfo.ba\/wp-content\/litespeed\/avatar\/aabad687af24844af817603ac1cbdc4f.jpg?ver=1776702173\",\"caption\":\"nedim\"},\"description\":\"Tuzlainfo.ba pratite na dru\u0161tvenim mre\u017eama: Facebook, Instagram i Youtube. Svoje pri\u010de, upite i fotografije \u0161aljite na na\u0161u e-mail adresu.\"}]}<\/script>\n<!-- \/ Yoast SEO plugin. -->","yoast_head_json":{"title":"Andelija: El. energiju koristimo racionalno, da ne bi morali korigovati cijene - TuzlaInfo.ba","robots":{"index":"index","follow":"follow","max-snippet":"max-snippet:-1","max-image-preview":"max-image-preview:large","max-video-preview":"max-video-preview:-1"},"canonical":"https:\/\/tuzlainfo.ba\/index.php\/bosna-i-hercegovina\/item\/183376-andelija-el-energiju-koristimo-racionalno-da-ne-bi-morali-korigovati-cijene\/","og_locale":"bs_BA","og_type":"article","og_title":"Andelija: El. energiju koristimo racionalno, da ne bi morali korigovati cijene - TuzlaInfo.ba","og_description":"Javno preduze\u0107e Elektroprivreda BiH danas slavi 77 godina postojanja, stabilnog puta, rasta i razvoja. Elektroprivreda&hellip;","og_url":"https:\/\/tuzlainfo.ba\/index.php\/bosna-i-hercegovina\/item\/183376-andelija-el-energiju-koristimo-racionalno-da-ne-bi-morali-korigovati-cijene\/","og_site_name":"TuzlaInfo.ba","article_publisher":"https:\/\/www.facebook.com\/tuzlainfo.ba\/","article_published_time":"2022-09-07T20:20:43+00:00","article_modified_time":"2022-09-07T20:23:26+00:00","og_image":[{"width":800,"height":450,"url":"https:\/\/tuzlainfo.ba\/wp-content\/uploads\/2021\/11\/2611_andelija.jpg","type":"image\/jpeg"}],"author":"nedim","twitter_card":"summary_large_image","twitter_misc":{"Written by":"nedim","Est. reading time":"3 minute"},"schema":{"@context":"https:\/\/schema.org","@graph":[{"@type":"Article","@id":"https:\/\/tuzlainfo.ba\/index.php\/bosna-i-hercegovina\/item\/183376-andelija-el-energiju-koristimo-racionalno-da-ne-bi-morali-korigovati-cijene\/#article","isPartOf":{"@id":"https:\/\/tuzlainfo.ba\/index.php\/bosna-i-hercegovina\/item\/183376-andelija-el-energiju-koristimo-racionalno-da-ne-bi-morali-korigovati-cijene\/"},"author":{"name":"nedim","@id":"https:\/\/tuzlainfo.ba\/#\/schema\/person\/f434e20dc27ea133923aab08451b7f7f"},"headline":"Andelija: El. energiju koristimo racionalno, da ne bi morali korigovati cijene","datePublished":"2022-09-07T20:20:43+00:00","dateModified":"2022-09-07T20:23:26+00:00","mainEntityOfPage":{"@id":"https:\/\/tuzlainfo.ba\/index.php\/bosna-i-hercegovina\/item\/183376-andelija-el-energiju-koristimo-racionalno-da-ne-bi-morali-korigovati-cijene\/"},"wordCount":626,"commentCount":0,"publisher":{"@id":"https:\/\/tuzlainfo.ba\/#organization"},"image":{"@id":"https:\/\/tuzlainfo.ba\/index.php\/bosna-i-hercegovina\/item\/183376-andelija-el-energiju-koristimo-racionalno-da-ne-bi-morali-korigovati-cijene\/#primaryimage"},"thumbnailUrl":"https:\/\/tuzlainfo.ba\/wp-content\/uploads\/2021\/11\/2611_andelija.jpg","keywords":["Admir Andelija"],"articleSection":["Bosna i Hercegovina","Istaknuto"],"inLanguage":"bs-BA"},{"@type":"WebPage","@id":"https:\/\/tuzlainfo.ba\/index.php\/bosna-i-hercegovina\/item\/183376-andelija-el-energiju-koristimo-racionalno-da-ne-bi-morali-korigovati-cijene\/","url":"https:\/\/tuzlainfo.ba\/index.php\/bosna-i-hercegovina\/item\/183376-andelija-el-energiju-koristimo-racionalno-da-ne-bi-morali-korigovati-cijene\/","name":"Andelija: El. energiju koristimo racionalno, da ne bi morali korigovati cijene - TuzlaInfo.ba","isPartOf":{"@id":"https:\/\/tuzlainfo.ba\/#website"},"primaryImageOfPage":{"@id":"https:\/\/tuzlainfo.ba\/index.php\/bosna-i-hercegovina\/item\/183376-andelija-el-energiju-koristimo-racionalno-da-ne-bi-morali-korigovati-cijene\/#primaryimage"},"image":{"@id":"https:\/\/tuzlainfo.ba\/index.php\/bosna-i-hercegovina\/item\/183376-andelija-el-energiju-koristimo-racionalno-da-ne-bi-morali-korigovati-cijene\/#primaryimage"},"thumbnailUrl":"https:\/\/tuzlainfo.ba\/wp-content\/uploads\/2021\/11\/2611_andelija.jpg","datePublished":"2022-09-07T20:20:43+00:00","dateModified":"2022-09-07T20:23:26+00:00","breadcrumb":{"@id":"https:\/\/tuzlainfo.ba\/index.php\/bosna-i-hercegovina\/item\/183376-andelija-el-energiju-koristimo-racionalno-da-ne-bi-morali-korigovati-cijene\/#breadcrumb"},"inLanguage":"bs-BA","potentialAction":[{"@type":"ReadAction","target":["https:\/\/tuzlainfo.ba\/index.php\/bosna-i-hercegovina\/item\/183376-andelija-el-energiju-koristimo-racionalno-da-ne-bi-morali-korigovati-cijene\/"]}]},{"@type":"ImageObject","inLanguage":"bs-BA","@id":"https:\/\/tuzlainfo.ba\/index.php\/bosna-i-hercegovina\/item\/183376-andelija-el-energiju-koristimo-racionalno-da-ne-bi-morali-korigovati-cijene\/#primaryimage","url":"https:\/\/tuzlainfo.ba\/wp-content\/uploads\/2021\/11\/2611_andelija.jpg","contentUrl":"https:\/\/tuzlainfo.ba\/wp-content\/uploads\/2021\/11\/2611_andelija.jpg","width":800,"height":450},{"@type":"BreadcrumbList","@id":"https:\/\/tuzlainfo.ba\/index.php\/bosna-i-hercegovina\/item\/183376-andelija-el-energiju-koristimo-racionalno-da-ne-bi-morali-korigovati-cijene\/#breadcrumb","itemListElement":[{"@type":"ListItem","position":1,"name":"Home","item":"https:\/\/tuzlainfo.ba\/"},{"@type":"ListItem","position":2,"name":"Andelija: El. energiju koristimo racionalno, da ne bi morali korigovati cijene"}]},{"@type":"WebSite","@id":"https:\/\/tuzlainfo.ba\/#website","url":"https:\/\/tuzlainfo.ba\/","name":"TuzlaInfo.ba","description":"Tuzla info, gradski informator - Tuzla na dlanu","publisher":{"@id":"https:\/\/tuzlainfo.ba\/#organization"},"potentialAction":[{"@type":"SearchAction","target":{"@type":"EntryPoint","urlTemplate":"https:\/\/tuzlainfo.ba\/?s={search_term_string}"},"query-input":{"@type":"PropertyValueSpecification","valueRequired":true,"valueName":"search_term_string"}}],"inLanguage":"bs-BA"},{"@type":"Organization","@id":"https:\/\/tuzlainfo.ba\/#organization","name":"TuzlaInfo.ba","url":"https:\/\/tuzlainfo.ba\/","logo":{"@type":"ImageObject","inLanguage":"bs-BA","@id":"https:\/\/tuzlainfo.ba\/#\/schema\/logo\/image\/","url":"https:\/\/tuzlainfo.ba\/wp-content\/uploads\/2021\/03\/logo-ver-3-1.png","contentUrl":"https:\/\/tuzlainfo.ba\/wp-content\/uploads\/2021\/03\/logo-ver-3-1.png","width":350,"height":95,"caption":"TuzlaInfo.ba"},"image":{"@id":"https:\/\/tuzlainfo.ba\/#\/schema\/logo\/image\/"},"sameAs":["https:\/\/www.facebook.com\/tuzlainfo.ba\/"]},{"@type":"Person","@id":"https:\/\/tuzlainfo.ba\/#\/schema\/person\/f434e20dc27ea133923aab08451b7f7f","name":"nedim","image":{"@type":"ImageObject","inLanguage":"bs-BA","@id":"https:\/\/tuzlainfo.ba\/#\/schema\/person\/image\/","url":"https:\/\/tuzlainfo.ba\/wp-content\/litespeed\/avatar\/aabad687af24844af817603ac1cbdc4f.jpg?ver=1776702173","contentUrl":"https:\/\/tuzlainfo.ba\/wp-content\/litespeed\/avatar\/aabad687af24844af817603ac1cbdc4f.jpg?ver=1776702173","caption":"nedim"},"description":"Tuzlainfo.ba pratite na dru\u0161tvenim mre\u017eama: Facebook, Instagram i Youtube. Svoje pri\u010de, upite i fotografije \u0161aljite na na\u0161u e-mail adresu."}]}},"_links":{"self":[{"href":"https:\/\/tuzlainfo.ba\/index.php\/wp-json\/wp\/v2\/posts\/183376"}],"collection":[{"href":"https:\/\/tuzlainfo.ba\/index.php\/wp-json\/wp\/v2\/posts"}],"about":[{"href":"https:\/\/tuzlainfo.ba\/index.php\/wp-json\/wp\/v2\/types\/post"}],"author":[{"embeddable":true,"href":"https:\/\/tuzlainfo.ba\/index.php\/wp-json\/wp\/v2\/users\/2"}],"replies":[{"embeddable":true,"href":"https:\/\/tuzlainfo.ba\/index.php\/wp-json\/wp\/v2\/comments?post=183376"}],"version-history":[{"count":0,"href":"https:\/\/tuzlainfo.ba\/index.php\/wp-json\/wp\/v2\/posts\/183376\/revisions"}],"wp:featuredmedia":[{"embeddable":true,"href":"https:\/\/tuzlainfo.ba\/index.php\/wp-json\/wp\/v2\/media\/156029"}],"wp:attachment":[{"href":"https:\/\/tuzlainfo.ba\/index.php\/wp-json\/wp\/v2\/media?parent=183376"}],"wp:term":[{"taxonomy":"category","embeddable":true,"href":"https:\/\/tuzlainfo.ba\/index.php\/wp-json\/wp\/v2\/categories?post=183376"},{"taxonomy":"post_tag","embeddable":true,"href":"https:\/\/tuzlainfo.ba\/index.php\/wp-json\/wp\/v2\/tags?post=183376"}],"curies":[{"name":"wp","href":"https:\/\/api.w.org\/{rel}","templated":true}]}}