{"id":182720,"date":"2022-08-31T15:37:52","date_gmt":"2022-08-31T13:37:52","guid":{"rendered":"https:\/\/tuzlainfo.ba\/?p=182720"},"modified":"2022-09-01T11:57:32","modified_gmt":"2022-09-01T09:57:32","slug":"od-sutra-nize-cijene-karata-na-panonskim-jezerima","status":"publish","type":"post","link":"https:\/\/tuzlainfo.ba\/index.php\/novosti\/item\/182720-od-sutra-nize-cijene-karata-na-panonskim-jezerima\/","title":{"rendered":"Panonika: Od 1. septembra ni\u017ee cijene karata na Panonskim jezerima"},"content":{"rendered":"<p>Danas, u srijedu 31.8.2022.godine se zvani\u010dno zavr\u0161ava ljetna sezona 2022, a od \u010detvrtka 1.9.2022.godine kre\u0107e rad kompleksa slanih Panonskih jezera u podsezoni koja \u0107e trajati dok to budu dozvoljavali vremenski uslovi. Na osnovu Plana poslovanja JKP Pannonica d.o.o. Tuzla za 2022.godinu, cijene dnevnih ulaznica su sni\u017eene i iznose:<\/p>\n<p>DNEVNA ULAZNICA ( KM)<\/p>\n<p>Dnevna redovna ulaznica &#8211; 4,00<\/p>\n<p>Dnevna povla\u0161tena ulaznica<\/p>\n<p>(penzioneri,\/RVI\/por. \u0161ehida i pog. boraca\/inv.preko 60% )- 3,00<\/p>\n<p>Dnevna dje\u010dija ulaznica ( 2g.- 14.g.) &#8211; 3,00 KM<\/p>\n<p>(djeca do 2 godine imaju besplatan ulaz)<\/p>\n<p>Iznajmljivanje le\u017ealjke &#8211; 3,00<\/p>\n<p>Iznajmljivanje suncobrana -1,50<\/p>\n<p>Iznajmljivanje pla\u017enog kompleta &#8211; 6,50<\/p>\n<p>&nbsp;<\/p>\n<p>Kupljene sezonske ulaznice vrijede i za period rada kompleksa jezera i u podsezoni. Radno vrijeme kompleksa Panonskih jezera je od 10:00 do 18:00 sati uz potpuni nadzor nad kompleksom i stalnim odr\u017eavanjem fizi\u010dko-hemijske i bakteriolo\u0161ke ispravnosti vode u jezerima i slapovima.<\/p>\n<p>Pored odmora, sun\u010danja i kupanja tokom septembra, na Panonici \u0107e se odr\u017eati manifestacije:<\/p>\n<p>1.BIKE FEST PANONIKA 2022, 9.i 10.septembar 2022.godine<\/p>\n<p>&#8211; Petak 9.9.2022.\/ 20h.-02 h.koncert VIS RETRO\/ATOMSKO SKLONI\u0160TE\/INFUZIJA<\/p>\n<p>-Subota 10.9.2022.\/20h.-02h.koncert KillerFace\/OP\u0106A OPASNOST\/SNAKEBITE<\/p>\n<p>-Dnevne zabave: DJ Pjena party &#8211; bikini bike wash, bajkerske igre i takmi\u010denja, moto sajam.<\/p>\n<p>2.XIV RAFTLOOK 2022, 16.-18.9.2022.godine, tradicionalni me\u0111unarodni susreti raftera<\/p>\n<p>3. TUZLA AUTO SHOW \u2013 22.- 25.9.2022.godine<\/p>\n<p>&nbsp;<\/p>\n<p>Obzirom na povoljne vremenske prognoze za prvu polovinu septembra, pozivamo gra\u0111ane da provedu pod vrlo povoljnim uslovima svoje slobodno vrijeme na Panonici.<\/p>\n<p>&nbsp;<\/p>\n<p>DOBRO DO\u0160LI !<\/p>\n<p>JKP Pannonica d.o.o. Tuzla<\/p>\n<p>#tuzlasummer2022 #panonikatuzlabih #oazaslanogokusa #BHTelecom<\/p>\n","protected":false},"excerpt":{"rendered":"<p>Danas, u srijedu 31.8.2022.godine se zvani\u010dno zavr\u0161ava ljetna sezona 2022, a od \u010detvrtka 1.9.2022.godine kre\u0107e&hellip;<\/p>\n","protected":false},"author":4,"featured_media":139845,"comment_status":"open","ping_status":"closed","sticky":false,"template":"","format":"standard","meta":{"_acf_changed":false,"footnotes":""},"categories":[304,12,306],"tags":[3121],"acf":[],"yoast_head":"<!-- This site is optimized with the Yoast SEO plugin v23.5 - https:\/\/yoast.com\/wordpress\/plugins\/seo\/ -->\n<title>Panonika: Od 1. septembra ni\u017ee cijene karata na Panonskim jezerima - TuzlaInfo.ba<\/title>\n<meta name=\"robots\" content=\"index, follow, max-snippet:-1, max-image-preview:large, max-video-preview:-1\" \/>\n<link rel=\"canonical\" href=\"https:\/\/tuzlainfo.ba\/index.php\/novosti\/item\/182720-od-sutra-nize-cijene-karata-na-panonskim-jezerima\/\" \/>\n<meta property=\"og:locale\" content=\"bs_BA\" \/>\n<meta property=\"og:type\" content=\"article\" \/>\n<meta property=\"og:title\" content=\"Panonika: Od 1. septembra ni\u017ee cijene karata na Panonskim jezerima - TuzlaInfo.ba\" \/>\n<meta property=\"og:description\" content=\"Danas, u srijedu 31.8.2022.godine se zvani\u010dno zavr\u0161ava ljetna sezona 2022, a od \u010detvrtka 1.9.2022.godine kre\u0107e&hellip;\" \/>\n<meta property=\"og:url\" content=\"https:\/\/tuzlainfo.ba\/index.php\/novosti\/item\/182720-od-sutra-nize-cijene-karata-na-panonskim-jezerima\/\" \/>\n<meta property=\"og:site_name\" content=\"TuzlaInfo.ba\" \/>\n<meta property=\"article:publisher\" content=\"https:\/\/www.facebook.com\/tuzlainfo.ba\/\" \/>\n<meta property=\"article:published_time\" content=\"2022-08-31T13:37:52+00:00\" \/>\n<meta property=\"article:modified_time\" content=\"2022-09-01T09:57:32+00:00\" \/>\n<meta property=\"og:image\" content=\"https:\/\/tuzlainfo.ba\/wp-content\/uploads\/2021\/06\/1806_Panonska_4.jpg\" \/>\n\t<meta property=\"og:image:width\" content=\"2048\" \/>\n\t<meta property=\"og:image:height\" content=\"1152\" \/>\n\t<meta property=\"og:image:type\" content=\"image\/jpeg\" \/>\n<meta name=\"author\" content=\"Tuzla Info\" \/>\n<meta name=\"twitter:card\" content=\"summary_large_image\" \/>\n<meta name=\"twitter:label1\" content=\"Written by\" \/>\n\t<meta name=\"twitter:data1\" content=\"Tuzla Info\" \/>\n\t<meta name=\"twitter:label2\" content=\"Est. reading time\" \/>\n\t<meta name=\"twitter:data2\" content=\"1 minuta\" \/>\n<script type=\"application\/ld+json\" class=\"yoast-schema-graph\">{\"@context\":\"https:\/\/schema.org\",\"@graph\":[{\"@type\":\"Article\",\"@id\":\"https:\/\/tuzlainfo.ba\/index.php\/novosti\/item\/182720-od-sutra-nize-cijene-karata-na-panonskim-jezerima\/#article\",\"isPartOf\":{\"@id\":\"https:\/\/tuzlainfo.ba\/index.php\/novosti\/item\/182720-od-sutra-nize-cijene-karata-na-panonskim-jezerima\/\"},\"author\":{\"name\":\"Tuzla Info\",\"@id\":\"https:\/\/tuzlainfo.ba\/#\/schema\/person\/46cad4c57790cbc50781edd14870825a\"},\"headline\":\"Panonika: Od 1. septembra ni\u017ee cijene karata na Panonskim jezerima\",\"datePublished\":\"2022-08-31T13:37:52+00:00\",\"dateModified\":\"2022-09-01T09:57:32+00:00\",\"mainEntityOfPage\":{\"@id\":\"https:\/\/tuzlainfo.ba\/index.php\/novosti\/item\/182720-od-sutra-nize-cijene-karata-na-panonskim-jezerima\/\"},\"wordCount\":265,\"commentCount\":0,\"publisher\":{\"@id\":\"https:\/\/tuzlainfo.ba\/#organization\"},\"image\":{\"@id\":\"https:\/\/tuzlainfo.ba\/index.php\/novosti\/item\/182720-od-sutra-nize-cijene-karata-na-panonskim-jezerima\/#primaryimage\"},\"thumbnailUrl\":\"https:\/\/tuzlainfo.ba\/wp-content\/uploads\/2021\/06\/1806_Panonska_4.jpg\",\"keywords\":[\"JKP Panonika\"],\"articleSection\":[\"Istaknuto\",\"Novosti\",\"Preporu\u010dujemo\"],\"inLanguage\":\"bs-BA\"},{\"@type\":\"WebPage\",\"@id\":\"https:\/\/tuzlainfo.ba\/index.php\/novosti\/item\/182720-od-sutra-nize-cijene-karata-na-panonskim-jezerima\/\",\"url\":\"https:\/\/tuzlainfo.ba\/index.php\/novosti\/item\/182720-od-sutra-nize-cijene-karata-na-panonskim-jezerima\/\",\"name\":\"Panonika: Od 1. septembra ni\u017ee cijene karata na Panonskim jezerima - TuzlaInfo.ba\",\"isPartOf\":{\"@id\":\"https:\/\/tuzlainfo.ba\/#website\"},\"primaryImageOfPage\":{\"@id\":\"https:\/\/tuzlainfo.ba\/index.php\/novosti\/item\/182720-od-sutra-nize-cijene-karata-na-panonskim-jezerima\/#primaryimage\"},\"image\":{\"@id\":\"https:\/\/tuzlainfo.ba\/index.php\/novosti\/item\/182720-od-sutra-nize-cijene-karata-na-panonskim-jezerima\/#primaryimage\"},\"thumbnailUrl\":\"https:\/\/tuzlainfo.ba\/wp-content\/uploads\/2021\/06\/1806_Panonska_4.jpg\",\"datePublished\":\"2022-08-31T13:37:52+00:00\",\"dateModified\":\"2022-09-01T09:57:32+00:00\",\"breadcrumb\":{\"@id\":\"https:\/\/tuzlainfo.ba\/index.php\/novosti\/item\/182720-od-sutra-nize-cijene-karata-na-panonskim-jezerima\/#breadcrumb\"},\"inLanguage\":\"bs-BA\",\"potentialAction\":[{\"@type\":\"ReadAction\",\"target\":[\"https:\/\/tuzlainfo.ba\/index.php\/novosti\/item\/182720-od-sutra-nize-cijene-karata-na-panonskim-jezerima\/\"]}]},{\"@type\":\"ImageObject\",\"inLanguage\":\"bs-BA\",\"@id\":\"https:\/\/tuzlainfo.ba\/index.php\/novosti\/item\/182720-od-sutra-nize-cijene-karata-na-panonskim-jezerima\/#primaryimage\",\"url\":\"https:\/\/tuzlainfo.ba\/wp-content\/uploads\/2021\/06\/1806_Panonska_4.jpg\",\"contentUrl\":\"https:\/\/tuzlainfo.ba\/wp-content\/uploads\/2021\/06\/1806_Panonska_4.jpg\",\"width\":2048,\"height\":1152},{\"@type\":\"BreadcrumbList\",\"@id\":\"https:\/\/tuzlainfo.ba\/index.php\/novosti\/item\/182720-od-sutra-nize-cijene-karata-na-panonskim-jezerima\/#breadcrumb\",\"itemListElement\":[{\"@type\":\"ListItem\",\"position\":1,\"name\":\"Home\",\"item\":\"https:\/\/tuzlainfo.ba\/\"},{\"@type\":\"ListItem\",\"position\":2,\"name\":\"Panonika: Od 1. septembra ni\u017ee cijene karata na Panonskim jezerima\"}]},{\"@type\":\"WebSite\",\"@id\":\"https:\/\/tuzlainfo.ba\/#website\",\"url\":\"https:\/\/tuzlainfo.ba\/\",\"name\":\"TuzlaInfo.ba\",\"description\":\"Tuzla info, gradski informator - Tuzla na dlanu\",\"publisher\":{\"@id\":\"https:\/\/tuzlainfo.ba\/#organization\"},\"potentialAction\":[{\"@type\":\"SearchAction\",\"target\":{\"@type\":\"EntryPoint\",\"urlTemplate\":\"https:\/\/tuzlainfo.ba\/?s={search_term_string}\"},\"query-input\":{\"@type\":\"PropertyValueSpecification\",\"valueRequired\":true,\"valueName\":\"search_term_string\"}}],\"inLanguage\":\"bs-BA\"},{\"@type\":\"Organization\",\"@id\":\"https:\/\/tuzlainfo.ba\/#organization\",\"name\":\"TuzlaInfo.ba\",\"url\":\"https:\/\/tuzlainfo.ba\/\",\"logo\":{\"@type\":\"ImageObject\",\"inLanguage\":\"bs-BA\",\"@id\":\"https:\/\/tuzlainfo.ba\/#\/schema\/logo\/image\/\",\"url\":\"https:\/\/tuzlainfo.ba\/wp-content\/uploads\/2021\/03\/logo-ver-3-1.png\",\"contentUrl\":\"https:\/\/tuzlainfo.ba\/wp-content\/uploads\/2021\/03\/logo-ver-3-1.png\",\"width\":350,\"height\":95,\"caption\":\"TuzlaInfo.ba\"},\"image\":{\"@id\":\"https:\/\/tuzlainfo.ba\/#\/schema\/logo\/image\/\"},\"sameAs\":[\"https:\/\/www.facebook.com\/tuzlainfo.ba\/\"]},{\"@type\":\"Person\",\"@id\":\"https:\/\/tuzlainfo.ba\/#\/schema\/person\/46cad4c57790cbc50781edd14870825a\",\"name\":\"Tuzla Info\",\"image\":{\"@type\":\"ImageObject\",\"inLanguage\":\"bs-BA\",\"@id\":\"https:\/\/tuzlainfo.ba\/#\/schema\/person\/image\/\",\"url\":\"https:\/\/tuzlainfo.ba\/wp-content\/litespeed\/avatar\/b6c453a6c38e3654f2e4416c643fc25c.jpg?ver=1777051911\",\"contentUrl\":\"https:\/\/tuzlainfo.ba\/wp-content\/litespeed\/avatar\/b6c453a6c38e3654f2e4416c643fc25c.jpg?ver=1777051911\",\"caption\":\"Tuzla Info\"}}]}<\/script>\n<!-- \/ Yoast SEO plugin. -->","yoast_head_json":{"title":"Panonika: Od 1. septembra ni\u017ee cijene karata na Panonskim jezerima - TuzlaInfo.ba","robots":{"index":"index","follow":"follow","max-snippet":"max-snippet:-1","max-image-preview":"max-image-preview:large","max-video-preview":"max-video-preview:-1"},"canonical":"https:\/\/tuzlainfo.ba\/index.php\/novosti\/item\/182720-od-sutra-nize-cijene-karata-na-panonskim-jezerima\/","og_locale":"bs_BA","og_type":"article","og_title":"Panonika: Od 1. septembra ni\u017ee cijene karata na Panonskim jezerima - TuzlaInfo.ba","og_description":"Danas, u srijedu 31.8.2022.godine se zvani\u010dno zavr\u0161ava ljetna sezona 2022, a od \u010detvrtka 1.9.2022.godine kre\u0107e&hellip;","og_url":"https:\/\/tuzlainfo.ba\/index.php\/novosti\/item\/182720-od-sutra-nize-cijene-karata-na-panonskim-jezerima\/","og_site_name":"TuzlaInfo.ba","article_publisher":"https:\/\/www.facebook.com\/tuzlainfo.ba\/","article_published_time":"2022-08-31T13:37:52+00:00","article_modified_time":"2022-09-01T09:57:32+00:00","og_image":[{"width":2048,"height":1152,"url":"https:\/\/tuzlainfo.ba\/wp-content\/uploads\/2021\/06\/1806_Panonska_4.jpg","type":"image\/jpeg"}],"author":"Tuzla Info","twitter_card":"summary_large_image","twitter_misc":{"Written by":"Tuzla Info","Est. reading time":"1 minuta"},"schema":{"@context":"https:\/\/schema.org","@graph":[{"@type":"Article","@id":"https:\/\/tuzlainfo.ba\/index.php\/novosti\/item\/182720-od-sutra-nize-cijene-karata-na-panonskim-jezerima\/#article","isPartOf":{"@id":"https:\/\/tuzlainfo.ba\/index.php\/novosti\/item\/182720-od-sutra-nize-cijene-karata-na-panonskim-jezerima\/"},"author":{"name":"Tuzla Info","@id":"https:\/\/tuzlainfo.ba\/#\/schema\/person\/46cad4c57790cbc50781edd14870825a"},"headline":"Panonika: Od 1. septembra ni\u017ee cijene karata na Panonskim jezerima","datePublished":"2022-08-31T13:37:52+00:00","dateModified":"2022-09-01T09:57:32+00:00","mainEntityOfPage":{"@id":"https:\/\/tuzlainfo.ba\/index.php\/novosti\/item\/182720-od-sutra-nize-cijene-karata-na-panonskim-jezerima\/"},"wordCount":265,"commentCount":0,"publisher":{"@id":"https:\/\/tuzlainfo.ba\/#organization"},"image":{"@id":"https:\/\/tuzlainfo.ba\/index.php\/novosti\/item\/182720-od-sutra-nize-cijene-karata-na-panonskim-jezerima\/#primaryimage"},"thumbnailUrl":"https:\/\/tuzlainfo.ba\/wp-content\/uploads\/2021\/06\/1806_Panonska_4.jpg","keywords":["JKP Panonika"],"articleSection":["Istaknuto","Novosti","Preporu\u010dujemo"],"inLanguage":"bs-BA"},{"@type":"WebPage","@id":"https:\/\/tuzlainfo.ba\/index.php\/novosti\/item\/182720-od-sutra-nize-cijene-karata-na-panonskim-jezerima\/","url":"https:\/\/tuzlainfo.ba\/index.php\/novosti\/item\/182720-od-sutra-nize-cijene-karata-na-panonskim-jezerima\/","name":"Panonika: Od 1. septembra ni\u017ee cijene karata na Panonskim jezerima - TuzlaInfo.ba","isPartOf":{"@id":"https:\/\/tuzlainfo.ba\/#website"},"primaryImageOfPage":{"@id":"https:\/\/tuzlainfo.ba\/index.php\/novosti\/item\/182720-od-sutra-nize-cijene-karata-na-panonskim-jezerima\/#primaryimage"},"image":{"@id":"https:\/\/tuzlainfo.ba\/index.php\/novosti\/item\/182720-od-sutra-nize-cijene-karata-na-panonskim-jezerima\/#primaryimage"},"thumbnailUrl":"https:\/\/tuzlainfo.ba\/wp-content\/uploads\/2021\/06\/1806_Panonska_4.jpg","datePublished":"2022-08-31T13:37:52+00:00","dateModified":"2022-09-01T09:57:32+00:00","breadcrumb":{"@id":"https:\/\/tuzlainfo.ba\/index.php\/novosti\/item\/182720-od-sutra-nize-cijene-karata-na-panonskim-jezerima\/#breadcrumb"},"inLanguage":"bs-BA","potentialAction":[{"@type":"ReadAction","target":["https:\/\/tuzlainfo.ba\/index.php\/novosti\/item\/182720-od-sutra-nize-cijene-karata-na-panonskim-jezerima\/"]}]},{"@type":"ImageObject","inLanguage":"bs-BA","@id":"https:\/\/tuzlainfo.ba\/index.php\/novosti\/item\/182720-od-sutra-nize-cijene-karata-na-panonskim-jezerima\/#primaryimage","url":"https:\/\/tuzlainfo.ba\/wp-content\/uploads\/2021\/06\/1806_Panonska_4.jpg","contentUrl":"https:\/\/tuzlainfo.ba\/wp-content\/uploads\/2021\/06\/1806_Panonska_4.jpg","width":2048,"height":1152},{"@type":"BreadcrumbList","@id":"https:\/\/tuzlainfo.ba\/index.php\/novosti\/item\/182720-od-sutra-nize-cijene-karata-na-panonskim-jezerima\/#breadcrumb","itemListElement":[{"@type":"ListItem","position":1,"name":"Home","item":"https:\/\/tuzlainfo.ba\/"},{"@type":"ListItem","position":2,"name":"Panonika: Od 1. septembra ni\u017ee cijene karata na Panonskim jezerima"}]},{"@type":"WebSite","@id":"https:\/\/tuzlainfo.ba\/#website","url":"https:\/\/tuzlainfo.ba\/","name":"TuzlaInfo.ba","description":"Tuzla info, gradski informator - Tuzla na dlanu","publisher":{"@id":"https:\/\/tuzlainfo.ba\/#organization"},"potentialAction":[{"@type":"SearchAction","target":{"@type":"EntryPoint","urlTemplate":"https:\/\/tuzlainfo.ba\/?s={search_term_string}"},"query-input":{"@type":"PropertyValueSpecification","valueRequired":true,"valueName":"search_term_string"}}],"inLanguage":"bs-BA"},{"@type":"Organization","@id":"https:\/\/tuzlainfo.ba\/#organization","name":"TuzlaInfo.ba","url":"https:\/\/tuzlainfo.ba\/","logo":{"@type":"ImageObject","inLanguage":"bs-BA","@id":"https:\/\/tuzlainfo.ba\/#\/schema\/logo\/image\/","url":"https:\/\/tuzlainfo.ba\/wp-content\/uploads\/2021\/03\/logo-ver-3-1.png","contentUrl":"https:\/\/tuzlainfo.ba\/wp-content\/uploads\/2021\/03\/logo-ver-3-1.png","width":350,"height":95,"caption":"TuzlaInfo.ba"},"image":{"@id":"https:\/\/tuzlainfo.ba\/#\/schema\/logo\/image\/"},"sameAs":["https:\/\/www.facebook.com\/tuzlainfo.ba\/"]},{"@type":"Person","@id":"https:\/\/tuzlainfo.ba\/#\/schema\/person\/46cad4c57790cbc50781edd14870825a","name":"Tuzla Info","image":{"@type":"ImageObject","inLanguage":"bs-BA","@id":"https:\/\/tuzlainfo.ba\/#\/schema\/person\/image\/","url":"https:\/\/tuzlainfo.ba\/wp-content\/litespeed\/avatar\/b6c453a6c38e3654f2e4416c643fc25c.jpg?ver=1777051911","contentUrl":"https:\/\/tuzlainfo.ba\/wp-content\/litespeed\/avatar\/b6c453a6c38e3654f2e4416c643fc25c.jpg?ver=1777051911","caption":"Tuzla Info"}}]}},"_links":{"self":[{"href":"https:\/\/tuzlainfo.ba\/index.php\/wp-json\/wp\/v2\/posts\/182720"}],"collection":[{"href":"https:\/\/tuzlainfo.ba\/index.php\/wp-json\/wp\/v2\/posts"}],"about":[{"href":"https:\/\/tuzlainfo.ba\/index.php\/wp-json\/wp\/v2\/types\/post"}],"author":[{"embeddable":true,"href":"https:\/\/tuzlainfo.ba\/index.php\/wp-json\/wp\/v2\/users\/4"}],"replies":[{"embeddable":true,"href":"https:\/\/tuzlainfo.ba\/index.php\/wp-json\/wp\/v2\/comments?post=182720"}],"version-history":[{"count":0,"href":"https:\/\/tuzlainfo.ba\/index.php\/wp-json\/wp\/v2\/posts\/182720\/revisions"}],"wp:featuredmedia":[{"embeddable":true,"href":"https:\/\/tuzlainfo.ba\/index.php\/wp-json\/wp\/v2\/media\/139845"}],"wp:attachment":[{"href":"https:\/\/tuzlainfo.ba\/index.php\/wp-json\/wp\/v2\/media?parent=182720"}],"wp:term":[{"taxonomy":"category","embeddable":true,"href":"https:\/\/tuzlainfo.ba\/index.php\/wp-json\/wp\/v2\/categories?post=182720"},{"taxonomy":"post_tag","embeddable":true,"href":"https:\/\/tuzlainfo.ba\/index.php\/wp-json\/wp\/v2\/tags?post=182720"}],"curies":[{"name":"wp","href":"https:\/\/api.w.org\/{rel}","templated":true}]}}