{"id":182654,"date":"2022-08-30T18:50:43","date_gmt":"2022-08-30T16:50:43","guid":{"rendered":"https:\/\/tuzlainfo.ba\/?p=182654"},"modified":"2022-08-30T18:15:27","modified_gmt":"2022-08-30T16:15:27","slug":"upitno-hoce-li-biti-proveden-usvojen-zakon-o-uvodjenju-diferencirane-stope-pdv-a","status":"publish","type":"post","link":"https:\/\/tuzlainfo.ba\/index.php\/bosna-i-hercegovina\/item\/182654-upitno-hoce-li-biti-proveden-usvojen-zakon-o-uvodjenju-diferencirane-stope-pdv-a\/","title":{"rendered":"Upitno ho\u0107e li biti proveden: Usvojen Zakon o uvo\u0111enju diferencirane stope PDV-a"},"content":{"rendered":"<p>Na dana\u0161njoj, 32. sjednici Predstavni\u010dkog doma Parlamentarne skup\u0161tine BiH usvojen je Zakon o dopunama Zakona o porezu na dodatnu vrijednost, odnosno uvo\u0111enju diferencirane stope PDV-a.<\/p>\n<p>Na prijedlog zastupnice Du\u0161anke Majki\u0107 (SNSD), stopa PDV-a na osnovne namirnice \u0107e umjesto stope od pet posto, kako je to ranije predlo\u017eeno, biti nula.<\/p>\n<p>Podsjetit \u0107emo, prethodno je Dom naroda Parlamenta BiH usvojio Prijedlog dopune da stopa PDV-a za egzistencijalne potrep\u0161tine bude nula posto, odnosno za luksuzne potrebe 22.<\/p>\n<p>&nbsp;<\/p>\n<p>Dosada\u0161nja jedinstvena stopa poreza na dodatnu vrijednost je bila 17 posto.<\/p>\n<p>&nbsp;<\/p>\n<p>Novom odlukom, po sni\u017eenoj stopi PDV-a od nula posto, oporezuje se promet dobara i usluga i to na: lijekove, bra\u0161no, hljeb, mlijeko i mlije\u010dne proizvode, ulje, so, \u0161e\u0107er, hranu za bebe.<\/p>\n<p>&nbsp;<\/p>\n<p>Tako\u0111er, po vi\u0161oj stopi PDV-a od 22 posto, oporezivat \u0107e se promet i uvoz dobara i usluga i to na: visokokvalitetna vina i cigarete, parfeme, nakite, satove, luksuzna vozila, umjeti\u010dka djela te ostale porizvode koji se svrstavaju u luksuzne potrebe.<\/p>\n<p>&nbsp;<\/p>\n<p>Ovaj Zakon \u0107e biti na snazi do kraja godine, ta\u010dnije do 31. decembra.<\/p>\n<p>&nbsp;<\/p>\n<p>Zajedni\u010dku komisiju oba Doma naroda koja je donijela usagla\u0161enu odluku o diferenciranoj stopi PDV-a \u010dinili su Du\u0161anka Majki\u0107, Lidija Bradara, Amir Fazli\u0107, Predrag Ko\u017eul, Mirko \u0160arovi\u0107 i \u0160emsudin Dedi\u0107.<\/p>\n<p>Me\u0111utim, ranije su iz Uprave za indirektno oporezivanje (UIO) upozorili da uvo\u0111enje diferencirane stope PDV-a nije mogu\u0107e u\u010diniti u roku od osam dana, \u0161to zakon \u010dini neprovedivim, pi\u0161e Klix.<\/p>\n<p>&nbsp;<\/p>\n<p>iz UIO su ranije kazali da primjena ovog Zakona bi bila mogu\u0107a najranije u roku od \u0161est mjeseci nakon njegove objave. S obzirom da je, kako je to usvojeno danas na Predstavni\u010dkom domu Parlamentarne skup\u0161tine BiH, ovaj Zakon na snazi samo do kraja godine &#8211; te\u0161ko je re\u0107i da \u0107e se uop\u0107e i implementirati.<\/p>\n","protected":false},"excerpt":{"rendered":"<p>Na dana\u0161njoj, 32. sjednici Predstavni\u010dkog doma Parlamentarne skup\u0161tine BiH usvojen je Zakon o dopunama Zakona&hellip;<\/p>\n","protected":false},"author":4,"featured_media":141266,"comment_status":"open","ping_status":"closed","sticky":false,"template":"","format":"standard","meta":{"_acf_changed":false,"footnotes":""},"categories":[291,304],"tags":[3013],"acf":[],"yoast_head":"<!-- This site is optimized with the Yoast SEO plugin v23.5 - https:\/\/yoast.com\/wordpress\/plugins\/seo\/ -->\n<title>Upitno ho\u0107e li biti proveden: Usvojen Zakon o uvo\u0111enju diferencirane stope PDV-a - TuzlaInfo.ba<\/title>\n<meta name=\"robots\" content=\"index, follow, max-snippet:-1, max-image-preview:large, max-video-preview:-1\" \/>\n<link rel=\"canonical\" href=\"https:\/\/tuzlainfo.ba\/index.php\/bosna-i-hercegovina\/item\/182654-upitno-hoce-li-biti-proveden-usvojen-zakon-o-uvodjenju-diferencirane-stope-pdv-a\/\" \/>\n<meta property=\"og:locale\" content=\"bs_BA\" \/>\n<meta property=\"og:type\" content=\"article\" \/>\n<meta property=\"og:title\" content=\"Upitno ho\u0107e li biti proveden: Usvojen Zakon o uvo\u0111enju diferencirane stope PDV-a - TuzlaInfo.ba\" \/>\n<meta property=\"og:description\" content=\"Na dana\u0161njoj, 32. sjednici Predstavni\u010dkog doma Parlamentarne skup\u0161tine BiH usvojen je Zakon o dopunama Zakona&hellip;\" \/>\n<meta property=\"og:url\" content=\"https:\/\/tuzlainfo.ba\/index.php\/bosna-i-hercegovina\/item\/182654-upitno-hoce-li-biti-proveden-usvojen-zakon-o-uvodjenju-diferencirane-stope-pdv-a\/\" \/>\n<meta property=\"og:site_name\" content=\"TuzlaInfo.ba\" \/>\n<meta property=\"article:publisher\" content=\"https:\/\/www.facebook.com\/tuzlainfo.ba\/\" \/>\n<meta property=\"article:published_time\" content=\"2022-08-30T16:50:43+00:00\" \/>\n<meta property=\"article:modified_time\" content=\"2022-08-30T16:15:27+00:00\" \/>\n<meta property=\"og:image\" content=\"https:\/\/tuzlainfo.ba\/wp-content\/uploads\/2021\/07\/0807_potrosacka-korpa.jpeg\" \/>\n\t<meta property=\"og:image:width\" content=\"1044\" \/>\n\t<meta property=\"og:image:height\" content=\"522\" \/>\n\t<meta property=\"og:image:type\" content=\"image\/jpeg\" \/>\n<meta name=\"author\" content=\"Tuzla Info\" \/>\n<meta name=\"twitter:card\" content=\"summary_large_image\" \/>\n<meta name=\"twitter:label1\" content=\"Written by\" \/>\n\t<meta name=\"twitter:data1\" content=\"Tuzla Info\" \/>\n\t<meta name=\"twitter:label2\" content=\"Est. reading time\" \/>\n\t<meta name=\"twitter:data2\" content=\"2 minute\" \/>\n<script type=\"application\/ld+json\" class=\"yoast-schema-graph\">{\"@context\":\"https:\/\/schema.org\",\"@graph\":[{\"@type\":\"Article\",\"@id\":\"https:\/\/tuzlainfo.ba\/index.php\/bosna-i-hercegovina\/item\/182654-upitno-hoce-li-biti-proveden-usvojen-zakon-o-uvodjenju-diferencirane-stope-pdv-a\/#article\",\"isPartOf\":{\"@id\":\"https:\/\/tuzlainfo.ba\/index.php\/bosna-i-hercegovina\/item\/182654-upitno-hoce-li-biti-proveden-usvojen-zakon-o-uvodjenju-diferencirane-stope-pdv-a\/\"},\"author\":{\"name\":\"Tuzla Info\",\"@id\":\"https:\/\/tuzlainfo.ba\/#\/schema\/person\/46cad4c57790cbc50781edd14870825a\"},\"headline\":\"Upitno ho\u0107e li biti proveden: Usvojen Zakon o uvo\u0111enju diferencirane stope PDV-a\",\"datePublished\":\"2022-08-30T16:50:43+00:00\",\"dateModified\":\"2022-08-30T16:15:27+00:00\",\"mainEntityOfPage\":{\"@id\":\"https:\/\/tuzlainfo.ba\/index.php\/bosna-i-hercegovina\/item\/182654-upitno-hoce-li-biti-proveden-usvojen-zakon-o-uvodjenju-diferencirane-stope-pdv-a\/\"},\"wordCount\":327,\"commentCount\":0,\"publisher\":{\"@id\":\"https:\/\/tuzlainfo.ba\/#organization\"},\"image\":{\"@id\":\"https:\/\/tuzlainfo.ba\/index.php\/bosna-i-hercegovina\/item\/182654-upitno-hoce-li-biti-proveden-usvojen-zakon-o-uvodjenju-diferencirane-stope-pdv-a\/#primaryimage\"},\"thumbnailUrl\":\"https:\/\/tuzlainfo.ba\/wp-content\/uploads\/2021\/07\/0807_potrosacka-korpa.jpeg\",\"keywords\":[\"PDV\"],\"articleSection\":[\"Bosna i Hercegovina\",\"Istaknuto\"],\"inLanguage\":\"bs-BA\"},{\"@type\":\"WebPage\",\"@id\":\"https:\/\/tuzlainfo.ba\/index.php\/bosna-i-hercegovina\/item\/182654-upitno-hoce-li-biti-proveden-usvojen-zakon-o-uvodjenju-diferencirane-stope-pdv-a\/\",\"url\":\"https:\/\/tuzlainfo.ba\/index.php\/bosna-i-hercegovina\/item\/182654-upitno-hoce-li-biti-proveden-usvojen-zakon-o-uvodjenju-diferencirane-stope-pdv-a\/\",\"name\":\"Upitno ho\u0107e li biti proveden: Usvojen Zakon o uvo\u0111enju diferencirane stope PDV-a - TuzlaInfo.ba\",\"isPartOf\":{\"@id\":\"https:\/\/tuzlainfo.ba\/#website\"},\"primaryImageOfPage\":{\"@id\":\"https:\/\/tuzlainfo.ba\/index.php\/bosna-i-hercegovina\/item\/182654-upitno-hoce-li-biti-proveden-usvojen-zakon-o-uvodjenju-diferencirane-stope-pdv-a\/#primaryimage\"},\"image\":{\"@id\":\"https:\/\/tuzlainfo.ba\/index.php\/bosna-i-hercegovina\/item\/182654-upitno-hoce-li-biti-proveden-usvojen-zakon-o-uvodjenju-diferencirane-stope-pdv-a\/#primaryimage\"},\"thumbnailUrl\":\"https:\/\/tuzlainfo.ba\/wp-content\/uploads\/2021\/07\/0807_potrosacka-korpa.jpeg\",\"datePublished\":\"2022-08-30T16:50:43+00:00\",\"dateModified\":\"2022-08-30T16:15:27+00:00\",\"breadcrumb\":{\"@id\":\"https:\/\/tuzlainfo.ba\/index.php\/bosna-i-hercegovina\/item\/182654-upitno-hoce-li-biti-proveden-usvojen-zakon-o-uvodjenju-diferencirane-stope-pdv-a\/#breadcrumb\"},\"inLanguage\":\"bs-BA\",\"potentialAction\":[{\"@type\":\"ReadAction\",\"target\":[\"https:\/\/tuzlainfo.ba\/index.php\/bosna-i-hercegovina\/item\/182654-upitno-hoce-li-biti-proveden-usvojen-zakon-o-uvodjenju-diferencirane-stope-pdv-a\/\"]}]},{\"@type\":\"ImageObject\",\"inLanguage\":\"bs-BA\",\"@id\":\"https:\/\/tuzlainfo.ba\/index.php\/bosna-i-hercegovina\/item\/182654-upitno-hoce-li-biti-proveden-usvojen-zakon-o-uvodjenju-diferencirane-stope-pdv-a\/#primaryimage\",\"url\":\"https:\/\/tuzlainfo.ba\/wp-content\/uploads\/2021\/07\/0807_potrosacka-korpa.jpeg\",\"contentUrl\":\"https:\/\/tuzlainfo.ba\/wp-content\/uploads\/2021\/07\/0807_potrosacka-korpa.jpeg\",\"width\":1044,\"height\":522},{\"@type\":\"BreadcrumbList\",\"@id\":\"https:\/\/tuzlainfo.ba\/index.php\/bosna-i-hercegovina\/item\/182654-upitno-hoce-li-biti-proveden-usvojen-zakon-o-uvodjenju-diferencirane-stope-pdv-a\/#breadcrumb\",\"itemListElement\":[{\"@type\":\"ListItem\",\"position\":1,\"name\":\"Home\",\"item\":\"https:\/\/tuzlainfo.ba\/\"},{\"@type\":\"ListItem\",\"position\":2,\"name\":\"Upitno ho\u0107e li biti proveden: Usvojen Zakon o uvo\u0111enju diferencirane stope PDV-a\"}]},{\"@type\":\"WebSite\",\"@id\":\"https:\/\/tuzlainfo.ba\/#website\",\"url\":\"https:\/\/tuzlainfo.ba\/\",\"name\":\"TuzlaInfo.ba\",\"description\":\"Tuzla info, gradski informator - Tuzla na dlanu\",\"publisher\":{\"@id\":\"https:\/\/tuzlainfo.ba\/#organization\"},\"potentialAction\":[{\"@type\":\"SearchAction\",\"target\":{\"@type\":\"EntryPoint\",\"urlTemplate\":\"https:\/\/tuzlainfo.ba\/?s={search_term_string}\"},\"query-input\":{\"@type\":\"PropertyValueSpecification\",\"valueRequired\":true,\"valueName\":\"search_term_string\"}}],\"inLanguage\":\"bs-BA\"},{\"@type\":\"Organization\",\"@id\":\"https:\/\/tuzlainfo.ba\/#organization\",\"name\":\"TuzlaInfo.ba\",\"url\":\"https:\/\/tuzlainfo.ba\/\",\"logo\":{\"@type\":\"ImageObject\",\"inLanguage\":\"bs-BA\",\"@id\":\"https:\/\/tuzlainfo.ba\/#\/schema\/logo\/image\/\",\"url\":\"https:\/\/tuzlainfo.ba\/wp-content\/uploads\/2021\/03\/logo-ver-3-1.png\",\"contentUrl\":\"https:\/\/tuzlainfo.ba\/wp-content\/uploads\/2021\/03\/logo-ver-3-1.png\",\"width\":350,\"height\":95,\"caption\":\"TuzlaInfo.ba\"},\"image\":{\"@id\":\"https:\/\/tuzlainfo.ba\/#\/schema\/logo\/image\/\"},\"sameAs\":[\"https:\/\/www.facebook.com\/tuzlainfo.ba\/\"]},{\"@type\":\"Person\",\"@id\":\"https:\/\/tuzlainfo.ba\/#\/schema\/person\/46cad4c57790cbc50781edd14870825a\",\"name\":\"Tuzla Info\",\"image\":{\"@type\":\"ImageObject\",\"inLanguage\":\"bs-BA\",\"@id\":\"https:\/\/tuzlainfo.ba\/#\/schema\/person\/image\/\",\"url\":\"https:\/\/tuzlainfo.ba\/wp-content\/litespeed\/avatar\/b6c453a6c38e3654f2e4416c643fc25c.jpg?ver=1777051911\",\"contentUrl\":\"https:\/\/tuzlainfo.ba\/wp-content\/litespeed\/avatar\/b6c453a6c38e3654f2e4416c643fc25c.jpg?ver=1777051911\",\"caption\":\"Tuzla Info\"}}]}<\/script>\n<!-- \/ Yoast SEO plugin. -->","yoast_head_json":{"title":"Upitno ho\u0107e li biti proveden: Usvojen Zakon o uvo\u0111enju diferencirane stope PDV-a - TuzlaInfo.ba","robots":{"index":"index","follow":"follow","max-snippet":"max-snippet:-1","max-image-preview":"max-image-preview:large","max-video-preview":"max-video-preview:-1"},"canonical":"https:\/\/tuzlainfo.ba\/index.php\/bosna-i-hercegovina\/item\/182654-upitno-hoce-li-biti-proveden-usvojen-zakon-o-uvodjenju-diferencirane-stope-pdv-a\/","og_locale":"bs_BA","og_type":"article","og_title":"Upitno ho\u0107e li biti proveden: Usvojen Zakon o uvo\u0111enju diferencirane stope PDV-a - TuzlaInfo.ba","og_description":"Na dana\u0161njoj, 32. sjednici Predstavni\u010dkog doma Parlamentarne skup\u0161tine BiH usvojen je Zakon o dopunama Zakona&hellip;","og_url":"https:\/\/tuzlainfo.ba\/index.php\/bosna-i-hercegovina\/item\/182654-upitno-hoce-li-biti-proveden-usvojen-zakon-o-uvodjenju-diferencirane-stope-pdv-a\/","og_site_name":"TuzlaInfo.ba","article_publisher":"https:\/\/www.facebook.com\/tuzlainfo.ba\/","article_published_time":"2022-08-30T16:50:43+00:00","article_modified_time":"2022-08-30T16:15:27+00:00","og_image":[{"width":1044,"height":522,"url":"https:\/\/tuzlainfo.ba\/wp-content\/uploads\/2021\/07\/0807_potrosacka-korpa.jpeg","type":"image\/jpeg"}],"author":"Tuzla Info","twitter_card":"summary_large_image","twitter_misc":{"Written by":"Tuzla Info","Est. reading time":"2 minute"},"schema":{"@context":"https:\/\/schema.org","@graph":[{"@type":"Article","@id":"https:\/\/tuzlainfo.ba\/index.php\/bosna-i-hercegovina\/item\/182654-upitno-hoce-li-biti-proveden-usvojen-zakon-o-uvodjenju-diferencirane-stope-pdv-a\/#article","isPartOf":{"@id":"https:\/\/tuzlainfo.ba\/index.php\/bosna-i-hercegovina\/item\/182654-upitno-hoce-li-biti-proveden-usvojen-zakon-o-uvodjenju-diferencirane-stope-pdv-a\/"},"author":{"name":"Tuzla Info","@id":"https:\/\/tuzlainfo.ba\/#\/schema\/person\/46cad4c57790cbc50781edd14870825a"},"headline":"Upitno ho\u0107e li biti proveden: Usvojen Zakon o uvo\u0111enju diferencirane stope PDV-a","datePublished":"2022-08-30T16:50:43+00:00","dateModified":"2022-08-30T16:15:27+00:00","mainEntityOfPage":{"@id":"https:\/\/tuzlainfo.ba\/index.php\/bosna-i-hercegovina\/item\/182654-upitno-hoce-li-biti-proveden-usvojen-zakon-o-uvodjenju-diferencirane-stope-pdv-a\/"},"wordCount":327,"commentCount":0,"publisher":{"@id":"https:\/\/tuzlainfo.ba\/#organization"},"image":{"@id":"https:\/\/tuzlainfo.ba\/index.php\/bosna-i-hercegovina\/item\/182654-upitno-hoce-li-biti-proveden-usvojen-zakon-o-uvodjenju-diferencirane-stope-pdv-a\/#primaryimage"},"thumbnailUrl":"https:\/\/tuzlainfo.ba\/wp-content\/uploads\/2021\/07\/0807_potrosacka-korpa.jpeg","keywords":["PDV"],"articleSection":["Bosna i Hercegovina","Istaknuto"],"inLanguage":"bs-BA"},{"@type":"WebPage","@id":"https:\/\/tuzlainfo.ba\/index.php\/bosna-i-hercegovina\/item\/182654-upitno-hoce-li-biti-proveden-usvojen-zakon-o-uvodjenju-diferencirane-stope-pdv-a\/","url":"https:\/\/tuzlainfo.ba\/index.php\/bosna-i-hercegovina\/item\/182654-upitno-hoce-li-biti-proveden-usvojen-zakon-o-uvodjenju-diferencirane-stope-pdv-a\/","name":"Upitno ho\u0107e li biti proveden: Usvojen Zakon o uvo\u0111enju diferencirane stope PDV-a - TuzlaInfo.ba","isPartOf":{"@id":"https:\/\/tuzlainfo.ba\/#website"},"primaryImageOfPage":{"@id":"https:\/\/tuzlainfo.ba\/index.php\/bosna-i-hercegovina\/item\/182654-upitno-hoce-li-biti-proveden-usvojen-zakon-o-uvodjenju-diferencirane-stope-pdv-a\/#primaryimage"},"image":{"@id":"https:\/\/tuzlainfo.ba\/index.php\/bosna-i-hercegovina\/item\/182654-upitno-hoce-li-biti-proveden-usvojen-zakon-o-uvodjenju-diferencirane-stope-pdv-a\/#primaryimage"},"thumbnailUrl":"https:\/\/tuzlainfo.ba\/wp-content\/uploads\/2021\/07\/0807_potrosacka-korpa.jpeg","datePublished":"2022-08-30T16:50:43+00:00","dateModified":"2022-08-30T16:15:27+00:00","breadcrumb":{"@id":"https:\/\/tuzlainfo.ba\/index.php\/bosna-i-hercegovina\/item\/182654-upitno-hoce-li-biti-proveden-usvojen-zakon-o-uvodjenju-diferencirane-stope-pdv-a\/#breadcrumb"},"inLanguage":"bs-BA","potentialAction":[{"@type":"ReadAction","target":["https:\/\/tuzlainfo.ba\/index.php\/bosna-i-hercegovina\/item\/182654-upitno-hoce-li-biti-proveden-usvojen-zakon-o-uvodjenju-diferencirane-stope-pdv-a\/"]}]},{"@type":"ImageObject","inLanguage":"bs-BA","@id":"https:\/\/tuzlainfo.ba\/index.php\/bosna-i-hercegovina\/item\/182654-upitno-hoce-li-biti-proveden-usvojen-zakon-o-uvodjenju-diferencirane-stope-pdv-a\/#primaryimage","url":"https:\/\/tuzlainfo.ba\/wp-content\/uploads\/2021\/07\/0807_potrosacka-korpa.jpeg","contentUrl":"https:\/\/tuzlainfo.ba\/wp-content\/uploads\/2021\/07\/0807_potrosacka-korpa.jpeg","width":1044,"height":522},{"@type":"BreadcrumbList","@id":"https:\/\/tuzlainfo.ba\/index.php\/bosna-i-hercegovina\/item\/182654-upitno-hoce-li-biti-proveden-usvojen-zakon-o-uvodjenju-diferencirane-stope-pdv-a\/#breadcrumb","itemListElement":[{"@type":"ListItem","position":1,"name":"Home","item":"https:\/\/tuzlainfo.ba\/"},{"@type":"ListItem","position":2,"name":"Upitno ho\u0107e li biti proveden: Usvojen Zakon o uvo\u0111enju diferencirane stope PDV-a"}]},{"@type":"WebSite","@id":"https:\/\/tuzlainfo.ba\/#website","url":"https:\/\/tuzlainfo.ba\/","name":"TuzlaInfo.ba","description":"Tuzla info, gradski informator - Tuzla na dlanu","publisher":{"@id":"https:\/\/tuzlainfo.ba\/#organization"},"potentialAction":[{"@type":"SearchAction","target":{"@type":"EntryPoint","urlTemplate":"https:\/\/tuzlainfo.ba\/?s={search_term_string}"},"query-input":{"@type":"PropertyValueSpecification","valueRequired":true,"valueName":"search_term_string"}}],"inLanguage":"bs-BA"},{"@type":"Organization","@id":"https:\/\/tuzlainfo.ba\/#organization","name":"TuzlaInfo.ba","url":"https:\/\/tuzlainfo.ba\/","logo":{"@type":"ImageObject","inLanguage":"bs-BA","@id":"https:\/\/tuzlainfo.ba\/#\/schema\/logo\/image\/","url":"https:\/\/tuzlainfo.ba\/wp-content\/uploads\/2021\/03\/logo-ver-3-1.png","contentUrl":"https:\/\/tuzlainfo.ba\/wp-content\/uploads\/2021\/03\/logo-ver-3-1.png","width":350,"height":95,"caption":"TuzlaInfo.ba"},"image":{"@id":"https:\/\/tuzlainfo.ba\/#\/schema\/logo\/image\/"},"sameAs":["https:\/\/www.facebook.com\/tuzlainfo.ba\/"]},{"@type":"Person","@id":"https:\/\/tuzlainfo.ba\/#\/schema\/person\/46cad4c57790cbc50781edd14870825a","name":"Tuzla Info","image":{"@type":"ImageObject","inLanguage":"bs-BA","@id":"https:\/\/tuzlainfo.ba\/#\/schema\/person\/image\/","url":"https:\/\/tuzlainfo.ba\/wp-content\/litespeed\/avatar\/b6c453a6c38e3654f2e4416c643fc25c.jpg?ver=1777051911","contentUrl":"https:\/\/tuzlainfo.ba\/wp-content\/litespeed\/avatar\/b6c453a6c38e3654f2e4416c643fc25c.jpg?ver=1777051911","caption":"Tuzla Info"}}]}},"_links":{"self":[{"href":"https:\/\/tuzlainfo.ba\/index.php\/wp-json\/wp\/v2\/posts\/182654"}],"collection":[{"href":"https:\/\/tuzlainfo.ba\/index.php\/wp-json\/wp\/v2\/posts"}],"about":[{"href":"https:\/\/tuzlainfo.ba\/index.php\/wp-json\/wp\/v2\/types\/post"}],"author":[{"embeddable":true,"href":"https:\/\/tuzlainfo.ba\/index.php\/wp-json\/wp\/v2\/users\/4"}],"replies":[{"embeddable":true,"href":"https:\/\/tuzlainfo.ba\/index.php\/wp-json\/wp\/v2\/comments?post=182654"}],"version-history":[{"count":0,"href":"https:\/\/tuzlainfo.ba\/index.php\/wp-json\/wp\/v2\/posts\/182654\/revisions"}],"wp:featuredmedia":[{"embeddable":true,"href":"https:\/\/tuzlainfo.ba\/index.php\/wp-json\/wp\/v2\/media\/141266"}],"wp:attachment":[{"href":"https:\/\/tuzlainfo.ba\/index.php\/wp-json\/wp\/v2\/media?parent=182654"}],"wp:term":[{"taxonomy":"category","embeddable":true,"href":"https:\/\/tuzlainfo.ba\/index.php\/wp-json\/wp\/v2\/categories?post=182654"},{"taxonomy":"post_tag","embeddable":true,"href":"https:\/\/tuzlainfo.ba\/index.php\/wp-json\/wp\/v2\/tags?post=182654"}],"curies":[{"name":"wp","href":"https:\/\/api.w.org\/{rel}","templated":true}]}}