{"id":182646,"date":"2022-08-30T15:34:53","date_gmt":"2022-08-30T13:34:53","guid":{"rendered":"https:\/\/tuzlainfo.ba\/?p=182646"},"modified":"2022-08-30T15:05:37","modified_gmt":"2022-08-30T13:05:37","slug":"jednoglasno-usvojen-zakon-plate-policajcima-u-tk-kao-na-federalnom-nivou","status":"publish","type":"post","link":"https:\/\/tuzlainfo.ba\/index.php\/novosti\/item\/182646-jednoglasno-usvojen-zakon-plate-policajcima-u-tk-kao-na-federalnom-nivou\/","title":{"rendered":"Jednoglasno usvojen Zakon: Plate policajcima u TK kao na federalnom nivou"},"content":{"rendered":"<p>Na dana\u0161njoj sjednici Skup\u0161tine TK poslanici su jednoglasno usvojili Zakon o platama i naknadama policijskih slu\u017ebenika TK.<\/p>\n<p>&nbsp;<\/p>\n<p>Ovim Zakonom plate i naknade policijskih slu\u017ebenika TK bit \u0107e fiksno vezane za visinu plata koje su utvr\u0111ene Federalnoj upravi policije, jer je utvr\u0111ena i osnovica za obra\u010dun plata u visini od 90 posto od federalne osnovice, a koeficijent je identi\u010dan.<\/p>\n<p>&nbsp;<\/p>\n<p>Ovim zakonom se nastoji pravedno i u razmjernom odnosu vrednovati rad policijskih slu\u017ebenika.<\/p>\n","protected":false},"excerpt":{"rendered":"<p>Na dana\u0161njoj sjednici Skup\u0161tine TK poslanici su jednoglasno usvojili Zakon o platama i naknadama policijskih&hellip;<\/p>\n","protected":false},"author":4,"featured_media":182647,"comment_status":"open","ping_status":"closed","sticky":false,"template":"","format":"standard","meta":{"_acf_changed":false,"footnotes":""},"categories":[304,12],"tags":[4795,424,527],"acf":[],"yoast_head":"<!-- This site is optimized with the Yoast SEO plugin v23.5 - https:\/\/yoast.com\/wordpress\/plugins\/seo\/ -->\n<title>Jednoglasno usvojen Zakon: Plate policajcima u TK kao na federalnom nivou - TuzlaInfo.ba<\/title>\n<meta name=\"robots\" content=\"index, follow, max-snippet:-1, max-image-preview:large, max-video-preview:-1\" \/>\n<link rel=\"canonical\" href=\"https:\/\/tuzlainfo.ba\/index.php\/novosti\/item\/182646-jednoglasno-usvojen-zakon-plate-policajcima-u-tk-kao-na-federalnom-nivou\/\" \/>\n<meta property=\"og:locale\" content=\"bs_BA\" \/>\n<meta property=\"og:type\" content=\"article\" \/>\n<meta property=\"og:title\" content=\"Jednoglasno usvojen Zakon: Plate policajcima u TK kao na federalnom nivou - TuzlaInfo.ba\" \/>\n<meta property=\"og:description\" content=\"Na dana\u0161njoj sjednici Skup\u0161tine TK poslanici su jednoglasno usvojili Zakon o platama i naknadama policijskih&hellip;\" \/>\n<meta property=\"og:url\" content=\"https:\/\/tuzlainfo.ba\/index.php\/novosti\/item\/182646-jednoglasno-usvojen-zakon-plate-policajcima-u-tk-kao-na-federalnom-nivou\/\" \/>\n<meta property=\"og:site_name\" content=\"TuzlaInfo.ba\" \/>\n<meta property=\"article:publisher\" content=\"https:\/\/www.facebook.com\/tuzlainfo.ba\/\" \/>\n<meta property=\"article:published_time\" content=\"2022-08-30T13:34:53+00:00\" \/>\n<meta property=\"article:modified_time\" content=\"2022-08-30T13:05:37+00:00\" \/>\n<meta property=\"og:image\" content=\"https:\/\/tuzlainfo.ba\/wp-content\/uploads\/2022\/08\/inbound8334166905213480893.jpg\" \/>\n\t<meta property=\"og:image:width\" content=\"1600\" \/>\n\t<meta property=\"og:image:height\" content=\"900\" \/>\n\t<meta property=\"og:image:type\" content=\"image\/jpeg\" \/>\n<meta name=\"author\" content=\"Tuzla Info\" \/>\n<meta name=\"twitter:card\" content=\"summary_large_image\" \/>\n<meta name=\"twitter:label1\" content=\"Written by\" \/>\n\t<meta name=\"twitter:data1\" content=\"Tuzla Info\" \/>\n<script type=\"application\/ld+json\" class=\"yoast-schema-graph\">{\"@context\":\"https:\/\/schema.org\",\"@graph\":[{\"@type\":\"Article\",\"@id\":\"https:\/\/tuzlainfo.ba\/index.php\/novosti\/item\/182646-jednoglasno-usvojen-zakon-plate-policajcima-u-tk-kao-na-federalnom-nivou\/#article\",\"isPartOf\":{\"@id\":\"https:\/\/tuzlainfo.ba\/index.php\/novosti\/item\/182646-jednoglasno-usvojen-zakon-plate-policajcima-u-tk-kao-na-federalnom-nivou\/\"},\"author\":{\"name\":\"Tuzla Info\",\"@id\":\"https:\/\/tuzlainfo.ba\/#\/schema\/person\/46cad4c57790cbc50781edd14870825a\"},\"headline\":\"Jednoglasno usvojen Zakon: Plate policajcima u TK kao na federalnom nivou\",\"datePublished\":\"2022-08-30T13:34:53+00:00\",\"dateModified\":\"2022-08-30T13:05:37+00:00\",\"mainEntityOfPage\":{\"@id\":\"https:\/\/tuzlainfo.ba\/index.php\/novosti\/item\/182646-jednoglasno-usvojen-zakon-plate-policajcima-u-tk-kao-na-federalnom-nivou\/\"},\"wordCount\":92,\"commentCount\":0,\"publisher\":{\"@id\":\"https:\/\/tuzlainfo.ba\/#organization\"},\"image\":{\"@id\":\"https:\/\/tuzlainfo.ba\/index.php\/novosti\/item\/182646-jednoglasno-usvojen-zakon-plate-policajcima-u-tk-kao-na-federalnom-nivou\/#primaryimage\"},\"thumbnailUrl\":\"https:\/\/tuzlainfo.ba\/wp-content\/uploads\/2022\/08\/inbound8334166905213480893.jpg\",\"keywords\":[\"plate\",\"policija\",\"tk\"],\"articleSection\":[\"Istaknuto\",\"Novosti\"],\"inLanguage\":\"bs-BA\"},{\"@type\":\"WebPage\",\"@id\":\"https:\/\/tuzlainfo.ba\/index.php\/novosti\/item\/182646-jednoglasno-usvojen-zakon-plate-policajcima-u-tk-kao-na-federalnom-nivou\/\",\"url\":\"https:\/\/tuzlainfo.ba\/index.php\/novosti\/item\/182646-jednoglasno-usvojen-zakon-plate-policajcima-u-tk-kao-na-federalnom-nivou\/\",\"name\":\"Jednoglasno usvojen Zakon: Plate policajcima u TK kao na federalnom nivou - TuzlaInfo.ba\",\"isPartOf\":{\"@id\":\"https:\/\/tuzlainfo.ba\/#website\"},\"primaryImageOfPage\":{\"@id\":\"https:\/\/tuzlainfo.ba\/index.php\/novosti\/item\/182646-jednoglasno-usvojen-zakon-plate-policajcima-u-tk-kao-na-federalnom-nivou\/#primaryimage\"},\"image\":{\"@id\":\"https:\/\/tuzlainfo.ba\/index.php\/novosti\/item\/182646-jednoglasno-usvojen-zakon-plate-policajcima-u-tk-kao-na-federalnom-nivou\/#primaryimage\"},\"thumbnailUrl\":\"https:\/\/tuzlainfo.ba\/wp-content\/uploads\/2022\/08\/inbound8334166905213480893.jpg\",\"datePublished\":\"2022-08-30T13:34:53+00:00\",\"dateModified\":\"2022-08-30T13:05:37+00:00\",\"breadcrumb\":{\"@id\":\"https:\/\/tuzlainfo.ba\/index.php\/novosti\/item\/182646-jednoglasno-usvojen-zakon-plate-policajcima-u-tk-kao-na-federalnom-nivou\/#breadcrumb\"},\"inLanguage\":\"bs-BA\",\"potentialAction\":[{\"@type\":\"ReadAction\",\"target\":[\"https:\/\/tuzlainfo.ba\/index.php\/novosti\/item\/182646-jednoglasno-usvojen-zakon-plate-policajcima-u-tk-kao-na-federalnom-nivou\/\"]}]},{\"@type\":\"ImageObject\",\"inLanguage\":\"bs-BA\",\"@id\":\"https:\/\/tuzlainfo.ba\/index.php\/novosti\/item\/182646-jednoglasno-usvojen-zakon-plate-policajcima-u-tk-kao-na-federalnom-nivou\/#primaryimage\",\"url\":\"https:\/\/tuzlainfo.ba\/wp-content\/uploads\/2022\/08\/inbound8334166905213480893.jpg\",\"contentUrl\":\"https:\/\/tuzlainfo.ba\/wp-content\/uploads\/2022\/08\/inbound8334166905213480893.jpg\",\"width\":1600,\"height\":900},{\"@type\":\"BreadcrumbList\",\"@id\":\"https:\/\/tuzlainfo.ba\/index.php\/novosti\/item\/182646-jednoglasno-usvojen-zakon-plate-policajcima-u-tk-kao-na-federalnom-nivou\/#breadcrumb\",\"itemListElement\":[{\"@type\":\"ListItem\",\"position\":1,\"name\":\"Home\",\"item\":\"https:\/\/tuzlainfo.ba\/\"},{\"@type\":\"ListItem\",\"position\":2,\"name\":\"Jednoglasno usvojen Zakon: Plate policajcima u TK kao na federalnom nivou\"}]},{\"@type\":\"WebSite\",\"@id\":\"https:\/\/tuzlainfo.ba\/#website\",\"url\":\"https:\/\/tuzlainfo.ba\/\",\"name\":\"TuzlaInfo.ba\",\"description\":\"Tuzla info, gradski informator - Tuzla na dlanu\",\"publisher\":{\"@id\":\"https:\/\/tuzlainfo.ba\/#organization\"},\"potentialAction\":[{\"@type\":\"SearchAction\",\"target\":{\"@type\":\"EntryPoint\",\"urlTemplate\":\"https:\/\/tuzlainfo.ba\/?s={search_term_string}\"},\"query-input\":{\"@type\":\"PropertyValueSpecification\",\"valueRequired\":true,\"valueName\":\"search_term_string\"}}],\"inLanguage\":\"bs-BA\"},{\"@type\":\"Organization\",\"@id\":\"https:\/\/tuzlainfo.ba\/#organization\",\"name\":\"TuzlaInfo.ba\",\"url\":\"https:\/\/tuzlainfo.ba\/\",\"logo\":{\"@type\":\"ImageObject\",\"inLanguage\":\"bs-BA\",\"@id\":\"https:\/\/tuzlainfo.ba\/#\/schema\/logo\/image\/\",\"url\":\"https:\/\/tuzlainfo.ba\/wp-content\/uploads\/2021\/03\/logo-ver-3-1.png\",\"contentUrl\":\"https:\/\/tuzlainfo.ba\/wp-content\/uploads\/2021\/03\/logo-ver-3-1.png\",\"width\":350,\"height\":95,\"caption\":\"TuzlaInfo.ba\"},\"image\":{\"@id\":\"https:\/\/tuzlainfo.ba\/#\/schema\/logo\/image\/\"},\"sameAs\":[\"https:\/\/www.facebook.com\/tuzlainfo.ba\/\"]},{\"@type\":\"Person\",\"@id\":\"https:\/\/tuzlainfo.ba\/#\/schema\/person\/46cad4c57790cbc50781edd14870825a\",\"name\":\"Tuzla Info\",\"image\":{\"@type\":\"ImageObject\",\"inLanguage\":\"bs-BA\",\"@id\":\"https:\/\/tuzlainfo.ba\/#\/schema\/person\/image\/\",\"url\":\"https:\/\/tuzlainfo.ba\/wp-content\/litespeed\/avatar\/b6c453a6c38e3654f2e4416c643fc25c.jpg?ver=1777051911\",\"contentUrl\":\"https:\/\/tuzlainfo.ba\/wp-content\/litespeed\/avatar\/b6c453a6c38e3654f2e4416c643fc25c.jpg?ver=1777051911\",\"caption\":\"Tuzla Info\"}}]}<\/script>\n<!-- \/ Yoast SEO plugin. -->","yoast_head_json":{"title":"Jednoglasno usvojen Zakon: Plate policajcima u TK kao na federalnom nivou - TuzlaInfo.ba","robots":{"index":"index","follow":"follow","max-snippet":"max-snippet:-1","max-image-preview":"max-image-preview:large","max-video-preview":"max-video-preview:-1"},"canonical":"https:\/\/tuzlainfo.ba\/index.php\/novosti\/item\/182646-jednoglasno-usvojen-zakon-plate-policajcima-u-tk-kao-na-federalnom-nivou\/","og_locale":"bs_BA","og_type":"article","og_title":"Jednoglasno usvojen Zakon: Plate policajcima u TK kao na federalnom nivou - TuzlaInfo.ba","og_description":"Na dana\u0161njoj sjednici Skup\u0161tine TK poslanici su jednoglasno usvojili Zakon o platama i naknadama policijskih&hellip;","og_url":"https:\/\/tuzlainfo.ba\/index.php\/novosti\/item\/182646-jednoglasno-usvojen-zakon-plate-policajcima-u-tk-kao-na-federalnom-nivou\/","og_site_name":"TuzlaInfo.ba","article_publisher":"https:\/\/www.facebook.com\/tuzlainfo.ba\/","article_published_time":"2022-08-30T13:34:53+00:00","article_modified_time":"2022-08-30T13:05:37+00:00","og_image":[{"width":1600,"height":900,"url":"https:\/\/tuzlainfo.ba\/wp-content\/uploads\/2022\/08\/inbound8334166905213480893.jpg","type":"image\/jpeg"}],"author":"Tuzla Info","twitter_card":"summary_large_image","twitter_misc":{"Written by":"Tuzla Info"},"schema":{"@context":"https:\/\/schema.org","@graph":[{"@type":"Article","@id":"https:\/\/tuzlainfo.ba\/index.php\/novosti\/item\/182646-jednoglasno-usvojen-zakon-plate-policajcima-u-tk-kao-na-federalnom-nivou\/#article","isPartOf":{"@id":"https:\/\/tuzlainfo.ba\/index.php\/novosti\/item\/182646-jednoglasno-usvojen-zakon-plate-policajcima-u-tk-kao-na-federalnom-nivou\/"},"author":{"name":"Tuzla Info","@id":"https:\/\/tuzlainfo.ba\/#\/schema\/person\/46cad4c57790cbc50781edd14870825a"},"headline":"Jednoglasno usvojen Zakon: Plate policajcima u TK kao na federalnom nivou","datePublished":"2022-08-30T13:34:53+00:00","dateModified":"2022-08-30T13:05:37+00:00","mainEntityOfPage":{"@id":"https:\/\/tuzlainfo.ba\/index.php\/novosti\/item\/182646-jednoglasno-usvojen-zakon-plate-policajcima-u-tk-kao-na-federalnom-nivou\/"},"wordCount":92,"commentCount":0,"publisher":{"@id":"https:\/\/tuzlainfo.ba\/#organization"},"image":{"@id":"https:\/\/tuzlainfo.ba\/index.php\/novosti\/item\/182646-jednoglasno-usvojen-zakon-plate-policajcima-u-tk-kao-na-federalnom-nivou\/#primaryimage"},"thumbnailUrl":"https:\/\/tuzlainfo.ba\/wp-content\/uploads\/2022\/08\/inbound8334166905213480893.jpg","keywords":["plate","policija","tk"],"articleSection":["Istaknuto","Novosti"],"inLanguage":"bs-BA"},{"@type":"WebPage","@id":"https:\/\/tuzlainfo.ba\/index.php\/novosti\/item\/182646-jednoglasno-usvojen-zakon-plate-policajcima-u-tk-kao-na-federalnom-nivou\/","url":"https:\/\/tuzlainfo.ba\/index.php\/novosti\/item\/182646-jednoglasno-usvojen-zakon-plate-policajcima-u-tk-kao-na-federalnom-nivou\/","name":"Jednoglasno usvojen Zakon: Plate policajcima u TK kao na federalnom nivou - TuzlaInfo.ba","isPartOf":{"@id":"https:\/\/tuzlainfo.ba\/#website"},"primaryImageOfPage":{"@id":"https:\/\/tuzlainfo.ba\/index.php\/novosti\/item\/182646-jednoglasno-usvojen-zakon-plate-policajcima-u-tk-kao-na-federalnom-nivou\/#primaryimage"},"image":{"@id":"https:\/\/tuzlainfo.ba\/index.php\/novosti\/item\/182646-jednoglasno-usvojen-zakon-plate-policajcima-u-tk-kao-na-federalnom-nivou\/#primaryimage"},"thumbnailUrl":"https:\/\/tuzlainfo.ba\/wp-content\/uploads\/2022\/08\/inbound8334166905213480893.jpg","datePublished":"2022-08-30T13:34:53+00:00","dateModified":"2022-08-30T13:05:37+00:00","breadcrumb":{"@id":"https:\/\/tuzlainfo.ba\/index.php\/novosti\/item\/182646-jednoglasno-usvojen-zakon-plate-policajcima-u-tk-kao-na-federalnom-nivou\/#breadcrumb"},"inLanguage":"bs-BA","potentialAction":[{"@type":"ReadAction","target":["https:\/\/tuzlainfo.ba\/index.php\/novosti\/item\/182646-jednoglasno-usvojen-zakon-plate-policajcima-u-tk-kao-na-federalnom-nivou\/"]}]},{"@type":"ImageObject","inLanguage":"bs-BA","@id":"https:\/\/tuzlainfo.ba\/index.php\/novosti\/item\/182646-jednoglasno-usvojen-zakon-plate-policajcima-u-tk-kao-na-federalnom-nivou\/#primaryimage","url":"https:\/\/tuzlainfo.ba\/wp-content\/uploads\/2022\/08\/inbound8334166905213480893.jpg","contentUrl":"https:\/\/tuzlainfo.ba\/wp-content\/uploads\/2022\/08\/inbound8334166905213480893.jpg","width":1600,"height":900},{"@type":"BreadcrumbList","@id":"https:\/\/tuzlainfo.ba\/index.php\/novosti\/item\/182646-jednoglasno-usvojen-zakon-plate-policajcima-u-tk-kao-na-federalnom-nivou\/#breadcrumb","itemListElement":[{"@type":"ListItem","position":1,"name":"Home","item":"https:\/\/tuzlainfo.ba\/"},{"@type":"ListItem","position":2,"name":"Jednoglasno usvojen Zakon: Plate policajcima u TK kao na federalnom nivou"}]},{"@type":"WebSite","@id":"https:\/\/tuzlainfo.ba\/#website","url":"https:\/\/tuzlainfo.ba\/","name":"TuzlaInfo.ba","description":"Tuzla info, gradski informator - Tuzla na dlanu","publisher":{"@id":"https:\/\/tuzlainfo.ba\/#organization"},"potentialAction":[{"@type":"SearchAction","target":{"@type":"EntryPoint","urlTemplate":"https:\/\/tuzlainfo.ba\/?s={search_term_string}"},"query-input":{"@type":"PropertyValueSpecification","valueRequired":true,"valueName":"search_term_string"}}],"inLanguage":"bs-BA"},{"@type":"Organization","@id":"https:\/\/tuzlainfo.ba\/#organization","name":"TuzlaInfo.ba","url":"https:\/\/tuzlainfo.ba\/","logo":{"@type":"ImageObject","inLanguage":"bs-BA","@id":"https:\/\/tuzlainfo.ba\/#\/schema\/logo\/image\/","url":"https:\/\/tuzlainfo.ba\/wp-content\/uploads\/2021\/03\/logo-ver-3-1.png","contentUrl":"https:\/\/tuzlainfo.ba\/wp-content\/uploads\/2021\/03\/logo-ver-3-1.png","width":350,"height":95,"caption":"TuzlaInfo.ba"},"image":{"@id":"https:\/\/tuzlainfo.ba\/#\/schema\/logo\/image\/"},"sameAs":["https:\/\/www.facebook.com\/tuzlainfo.ba\/"]},{"@type":"Person","@id":"https:\/\/tuzlainfo.ba\/#\/schema\/person\/46cad4c57790cbc50781edd14870825a","name":"Tuzla Info","image":{"@type":"ImageObject","inLanguage":"bs-BA","@id":"https:\/\/tuzlainfo.ba\/#\/schema\/person\/image\/","url":"https:\/\/tuzlainfo.ba\/wp-content\/litespeed\/avatar\/b6c453a6c38e3654f2e4416c643fc25c.jpg?ver=1777051911","contentUrl":"https:\/\/tuzlainfo.ba\/wp-content\/litespeed\/avatar\/b6c453a6c38e3654f2e4416c643fc25c.jpg?ver=1777051911","caption":"Tuzla Info"}}]}},"_links":{"self":[{"href":"https:\/\/tuzlainfo.ba\/index.php\/wp-json\/wp\/v2\/posts\/182646"}],"collection":[{"href":"https:\/\/tuzlainfo.ba\/index.php\/wp-json\/wp\/v2\/posts"}],"about":[{"href":"https:\/\/tuzlainfo.ba\/index.php\/wp-json\/wp\/v2\/types\/post"}],"author":[{"embeddable":true,"href":"https:\/\/tuzlainfo.ba\/index.php\/wp-json\/wp\/v2\/users\/4"}],"replies":[{"embeddable":true,"href":"https:\/\/tuzlainfo.ba\/index.php\/wp-json\/wp\/v2\/comments?post=182646"}],"version-history":[{"count":0,"href":"https:\/\/tuzlainfo.ba\/index.php\/wp-json\/wp\/v2\/posts\/182646\/revisions"}],"wp:featuredmedia":[{"embeddable":true,"href":"https:\/\/tuzlainfo.ba\/index.php\/wp-json\/wp\/v2\/media\/182647"}],"wp:attachment":[{"href":"https:\/\/tuzlainfo.ba\/index.php\/wp-json\/wp\/v2\/media?parent=182646"}],"wp:term":[{"taxonomy":"category","embeddable":true,"href":"https:\/\/tuzlainfo.ba\/index.php\/wp-json\/wp\/v2\/categories?post=182646"},{"taxonomy":"post_tag","embeddable":true,"href":"https:\/\/tuzlainfo.ba\/index.php\/wp-json\/wp\/v2\/tags?post=182646"}],"curies":[{"name":"wp","href":"https:\/\/api.w.org\/{rel}","templated":true}]}}