{"id":182586,"date":"2022-08-29T20:10:46","date_gmt":"2022-08-29T18:10:46","guid":{"rendered":"https:\/\/tuzlainfo.ba\/?p=182586"},"modified":"2022-08-29T20:10:46","modified_gmt":"2022-08-29T18:10:46","slug":"predizborni-fazoni-hdz-i-snsd-ne-mogu-smijeniti-ministricu-turkovic","status":"publish","type":"post","link":"https:\/\/tuzlainfo.ba\/index.php\/bosna-i-hercegovina\/item\/182586-predizborni-fazoni-hdz-i-snsd-ne-mogu-smijeniti-ministricu-turkovic\/","title":{"rendered":"Predizborni fazoni: HDZ i SNSD ne mogu smijeniti ministricu Turkovi\u0107!"},"content":{"rendered":"<p>Dom naroda Parlamentarne skup\u0161tine Bosne i Hercegovine na dana\u0161njoj sjednici je na inicijativu klubova\u00a0\u00a0Hrvata i Srba, ve\u0107inom glasova zatra\u017eio od predsjedavaju\u0107eg Vije\u0107a ministara BiH\u00a0<strong>Zorana Tegeltije<\/strong>\u00a0da pokrene postupak smjene aktualne SDA-ove ministrice vanjskih poslova BiH\u00a0<strong>Bisere Turkovi\u0107<\/strong>.<\/p>\n<p>Obrazla\u017eu\u0107i inicijativu,\u00a0<strong>Lidija Bradara<\/strong>\u00a0(HDZ) je u ime hrvatskog kluba zastupnika izme\u0111u ostalog kazala da ministrica Turkovi\u0107 djeluje neprofesionalno, samovoljno te institucionalno neuskla\u0111eno, \u0161to \u0161teti me\u0111unarodnoj poziciji Bosne i Hercegovine.<\/p>\n<p>Prije glasanja o inicijativi, za smjenu su se deklarativno zalo\u017eili i izaslanica Kluba Srba\u00a0<strong>Du\u0161anka Majki\u0107<\/strong>\u00a0(SNSD) i dopredsjedavaju\u0107i Doma\u00a0<strong>Dragan \u010covi\u0107<\/strong>\u00a0(HDZ) optu\u017euju\u0107i Turkovi\u0107 i za djelovanje samo u interesu njenog politi\u010dkog miljea, a ne svih konstitutivnih naroda BiH.<\/p>\n<p>Nasuprot njihovim diskusijama, izaslanik Kluba Bo\u0161njaka\u00a0<strong>Asim Sarajli\u0107<\/strong>\u00a0(SDA) kazao je da poslijeratna Bosna i Hercegovina nije imala boljeg zvani\u010dnika na \u010delu Ministarstva vanjskih poslova od Bisere Turkovi\u0107, dok je dopredsjedavaju\u0107i Doma\u00a0<strong>Bakir Izetbegovi\u0107<\/strong>\u00a0(SDA) ustvrdio da Turkovi\u0107 djeluje upravo suprotno od onoga \u0161to su naveli inicijatori njene smjene, a to zna\u010di da je njeno zalaganje uvijek u cilju ja\u010danja me\u0111unarodnog ugleda BiH.<\/p>\n<p>Delegat Kluba Bo\u0161njaka\u00a0<strong>Denis Be\u0107irevi\u0107<\/strong>\u00a0(SDP) je prigovorio inicijatorima smjene ministrice Turkovi\u0107 kazav\u0161i da je zapravo trebalo tra\u017eiti smjenu Vije\u0107a ministara BiH jer je, po njegovim rije\u010dima, aktualni saziv tog tijela najneefikasniji od rata naovamo.<\/p>\n<p>Sude\u0107i po resporedu politi\u010dkih snaga, ministrica Turkovi\u0107 ostat \u0107e na \u010delu MIP-a do isteka manadata, budu\u0107i da HDZ i SNSD ni na koji na\u010din ne mogu osigurati ve\u0107inu u Predstavni\u010dkom domu Parlamenta BiH. Naime, za smjenu ministara potrebno je osigurati ve\u0107inu u oba doma Parlamenta BiH, a HDZ i SNSD u Predstavni\u010dkom domu imaju zajedno jedva tre\u0107inu glasova.<\/p>\n<p>Pokretanje procedure smjene ministra od strane HDZ-a i SNSD-a nije ni\u0161ta novo. U oktobru 2020. godine pokrenuta je procedura smjene ministra odbrane Sifeta Pod\u017ei\u0107a, ali je neslavno zavr\u0161ila.<\/p>\n<p>Predsjedavaju\u0107i Vije\u0107a ministara BiH Zoran Tegeltija je odluku o smjeni ministra odbrane donio 6. oktobra, nakon \u0161to je Pod\u017ei\u0107 zbog epidemiolo\u0161ke situacije odlu\u010dio da odgodi zajedni\u010dku vojnu vje\u017ebu Oru\u017eanih snaga Bosne i Hercegovine i Vojske Srbije na Manja\u010di.<\/p>\n<p>Me\u0111utim, nakon vi\u0161esatne i iscrpne rasprave o smjeni Pod\u017ei\u0107a, zastupnici Predstavni\u010dkog doma PS BiH su se izjasnili o tom prijedlogu tako \u0161to ih je 20 bilo protiv, a sedam za smjenu ministar odbrane. Suzdr\u017eanih rada nije bilo, pi\u0161e Slobodna Bosna.<\/p>\n","protected":false},"excerpt":{"rendered":"<p>Dom naroda Parlamentarne skup\u0161tine Bosne i Hercegovine na dana\u0161njoj sjednici je na inicijativu klubova\u00a0\u00a0Hrvata i&hellip;<\/p>\n","protected":false},"author":2,"featured_media":169364,"comment_status":"open","ping_status":"closed","sticky":false,"template":"","format":"standard","meta":{"_acf_changed":false,"footnotes":""},"categories":[291],"tags":[744],"acf":[],"yoast_head":"<!-- This site is optimized with the Yoast SEO plugin v23.5 - https:\/\/yoast.com\/wordpress\/plugins\/seo\/ -->\n<title>Predizborni fazoni: HDZ i SNSD ne mogu smijeniti ministricu Turkovi\u0107! - TuzlaInfo.ba<\/title>\n<meta name=\"robots\" content=\"index, follow, max-snippet:-1, max-image-preview:large, max-video-preview:-1\" \/>\n<link rel=\"canonical\" href=\"https:\/\/tuzlainfo.ba\/index.php\/bosna-i-hercegovina\/item\/182586-predizborni-fazoni-hdz-i-snsd-ne-mogu-smijeniti-ministricu-turkovic\/\" \/>\n<meta property=\"og:locale\" content=\"bs_BA\" \/>\n<meta property=\"og:type\" content=\"article\" \/>\n<meta property=\"og:title\" content=\"Predizborni fazoni: HDZ i SNSD ne mogu smijeniti ministricu Turkovi\u0107! - TuzlaInfo.ba\" \/>\n<meta property=\"og:description\" content=\"Dom naroda Parlamentarne skup\u0161tine Bosne i Hercegovine na dana\u0161njoj sjednici je na inicijativu klubova\u00a0\u00a0Hrvata i&hellip;\" \/>\n<meta property=\"og:url\" content=\"https:\/\/tuzlainfo.ba\/index.php\/bosna-i-hercegovina\/item\/182586-predizborni-fazoni-hdz-i-snsd-ne-mogu-smijeniti-ministricu-turkovic\/\" \/>\n<meta property=\"og:site_name\" content=\"TuzlaInfo.ba\" \/>\n<meta property=\"article:publisher\" content=\"https:\/\/www.facebook.com\/tuzlainfo.ba\/\" \/>\n<meta property=\"article:published_time\" content=\"2022-08-29T18:10:46+00:00\" \/>\n<meta property=\"og:image\" content=\"https:\/\/tuzlainfo.ba\/wp-content\/uploads\/2022\/04\/1404_bisera_turkovic.jpg\" \/>\n\t<meta property=\"og:image:width\" content=\"1000\" \/>\n\t<meta property=\"og:image:height\" content=\"667\" \/>\n\t<meta property=\"og:image:type\" content=\"image\/jpeg\" \/>\n<meta name=\"author\" content=\"nedim\" \/>\n<meta name=\"twitter:card\" content=\"summary_large_image\" \/>\n<meta name=\"twitter:label1\" content=\"Written by\" \/>\n\t<meta name=\"twitter:data1\" content=\"nedim\" \/>\n\t<meta name=\"twitter:label2\" content=\"Est. reading time\" \/>\n\t<meta name=\"twitter:data2\" content=\"2 minute\" \/>\n<script type=\"application\/ld+json\" class=\"yoast-schema-graph\">{\"@context\":\"https:\/\/schema.org\",\"@graph\":[{\"@type\":\"Article\",\"@id\":\"https:\/\/tuzlainfo.ba\/index.php\/bosna-i-hercegovina\/item\/182586-predizborni-fazoni-hdz-i-snsd-ne-mogu-smijeniti-ministricu-turkovic\/#article\",\"isPartOf\":{\"@id\":\"https:\/\/tuzlainfo.ba\/index.php\/bosna-i-hercegovina\/item\/182586-predizborni-fazoni-hdz-i-snsd-ne-mogu-smijeniti-ministricu-turkovic\/\"},\"author\":{\"name\":\"nedim\",\"@id\":\"https:\/\/tuzlainfo.ba\/#\/schema\/person\/f434e20dc27ea133923aab08451b7f7f\"},\"headline\":\"Predizborni fazoni: HDZ i SNSD ne mogu smijeniti ministricu Turkovi\u0107!\",\"datePublished\":\"2022-08-29T18:10:46+00:00\",\"dateModified\":\"2022-08-29T18:10:46+00:00\",\"mainEntityOfPage\":{\"@id\":\"https:\/\/tuzlainfo.ba\/index.php\/bosna-i-hercegovina\/item\/182586-predizborni-fazoni-hdz-i-snsd-ne-mogu-smijeniti-ministricu-turkovic\/\"},\"wordCount\":436,\"commentCount\":0,\"publisher\":{\"@id\":\"https:\/\/tuzlainfo.ba\/#organization\"},\"image\":{\"@id\":\"https:\/\/tuzlainfo.ba\/index.php\/bosna-i-hercegovina\/item\/182586-predizborni-fazoni-hdz-i-snsd-ne-mogu-smijeniti-ministricu-turkovic\/#primaryimage\"},\"thumbnailUrl\":\"https:\/\/tuzlainfo.ba\/wp-content\/uploads\/2022\/04\/1404_bisera_turkovic.jpg\",\"keywords\":[\"bisera turkovi\u0107\"],\"articleSection\":[\"Bosna i Hercegovina\"],\"inLanguage\":\"bs-BA\"},{\"@type\":\"WebPage\",\"@id\":\"https:\/\/tuzlainfo.ba\/index.php\/bosna-i-hercegovina\/item\/182586-predizborni-fazoni-hdz-i-snsd-ne-mogu-smijeniti-ministricu-turkovic\/\",\"url\":\"https:\/\/tuzlainfo.ba\/index.php\/bosna-i-hercegovina\/item\/182586-predizborni-fazoni-hdz-i-snsd-ne-mogu-smijeniti-ministricu-turkovic\/\",\"name\":\"Predizborni fazoni: HDZ i SNSD ne mogu smijeniti ministricu Turkovi\u0107! - TuzlaInfo.ba\",\"isPartOf\":{\"@id\":\"https:\/\/tuzlainfo.ba\/#website\"},\"primaryImageOfPage\":{\"@id\":\"https:\/\/tuzlainfo.ba\/index.php\/bosna-i-hercegovina\/item\/182586-predizborni-fazoni-hdz-i-snsd-ne-mogu-smijeniti-ministricu-turkovic\/#primaryimage\"},\"image\":{\"@id\":\"https:\/\/tuzlainfo.ba\/index.php\/bosna-i-hercegovina\/item\/182586-predizborni-fazoni-hdz-i-snsd-ne-mogu-smijeniti-ministricu-turkovic\/#primaryimage\"},\"thumbnailUrl\":\"https:\/\/tuzlainfo.ba\/wp-content\/uploads\/2022\/04\/1404_bisera_turkovic.jpg\",\"datePublished\":\"2022-08-29T18:10:46+00:00\",\"dateModified\":\"2022-08-29T18:10:46+00:00\",\"breadcrumb\":{\"@id\":\"https:\/\/tuzlainfo.ba\/index.php\/bosna-i-hercegovina\/item\/182586-predizborni-fazoni-hdz-i-snsd-ne-mogu-smijeniti-ministricu-turkovic\/#breadcrumb\"},\"inLanguage\":\"bs-BA\",\"potentialAction\":[{\"@type\":\"ReadAction\",\"target\":[\"https:\/\/tuzlainfo.ba\/index.php\/bosna-i-hercegovina\/item\/182586-predizborni-fazoni-hdz-i-snsd-ne-mogu-smijeniti-ministricu-turkovic\/\"]}]},{\"@type\":\"ImageObject\",\"inLanguage\":\"bs-BA\",\"@id\":\"https:\/\/tuzlainfo.ba\/index.php\/bosna-i-hercegovina\/item\/182586-predizborni-fazoni-hdz-i-snsd-ne-mogu-smijeniti-ministricu-turkovic\/#primaryimage\",\"url\":\"https:\/\/tuzlainfo.ba\/wp-content\/uploads\/2022\/04\/1404_bisera_turkovic.jpg\",\"contentUrl\":\"https:\/\/tuzlainfo.ba\/wp-content\/uploads\/2022\/04\/1404_bisera_turkovic.jpg\",\"width\":1000,\"height\":667},{\"@type\":\"BreadcrumbList\",\"@id\":\"https:\/\/tuzlainfo.ba\/index.php\/bosna-i-hercegovina\/item\/182586-predizborni-fazoni-hdz-i-snsd-ne-mogu-smijeniti-ministricu-turkovic\/#breadcrumb\",\"itemListElement\":[{\"@type\":\"ListItem\",\"position\":1,\"name\":\"Home\",\"item\":\"https:\/\/tuzlainfo.ba\/\"},{\"@type\":\"ListItem\",\"position\":2,\"name\":\"Predizborni fazoni: HDZ i SNSD ne mogu smijeniti ministricu Turkovi\u0107!\"}]},{\"@type\":\"WebSite\",\"@id\":\"https:\/\/tuzlainfo.ba\/#website\",\"url\":\"https:\/\/tuzlainfo.ba\/\",\"name\":\"TuzlaInfo.ba\",\"description\":\"Tuzla info, gradski informator - Tuzla na dlanu\",\"publisher\":{\"@id\":\"https:\/\/tuzlainfo.ba\/#organization\"},\"potentialAction\":[{\"@type\":\"SearchAction\",\"target\":{\"@type\":\"EntryPoint\",\"urlTemplate\":\"https:\/\/tuzlainfo.ba\/?s={search_term_string}\"},\"query-input\":{\"@type\":\"PropertyValueSpecification\",\"valueRequired\":true,\"valueName\":\"search_term_string\"}}],\"inLanguage\":\"bs-BA\"},{\"@type\":\"Organization\",\"@id\":\"https:\/\/tuzlainfo.ba\/#organization\",\"name\":\"TuzlaInfo.ba\",\"url\":\"https:\/\/tuzlainfo.ba\/\",\"logo\":{\"@type\":\"ImageObject\",\"inLanguage\":\"bs-BA\",\"@id\":\"https:\/\/tuzlainfo.ba\/#\/schema\/logo\/image\/\",\"url\":\"https:\/\/tuzlainfo.ba\/wp-content\/uploads\/2021\/03\/logo-ver-3-1.png\",\"contentUrl\":\"https:\/\/tuzlainfo.ba\/wp-content\/uploads\/2021\/03\/logo-ver-3-1.png\",\"width\":350,\"height\":95,\"caption\":\"TuzlaInfo.ba\"},\"image\":{\"@id\":\"https:\/\/tuzlainfo.ba\/#\/schema\/logo\/image\/\"},\"sameAs\":[\"https:\/\/www.facebook.com\/tuzlainfo.ba\/\"]},{\"@type\":\"Person\",\"@id\":\"https:\/\/tuzlainfo.ba\/#\/schema\/person\/f434e20dc27ea133923aab08451b7f7f\",\"name\":\"nedim\",\"image\":{\"@type\":\"ImageObject\",\"inLanguage\":\"bs-BA\",\"@id\":\"https:\/\/tuzlainfo.ba\/#\/schema\/person\/image\/\",\"url\":\"https:\/\/tuzlainfo.ba\/wp-content\/litespeed\/avatar\/aabad687af24844af817603ac1cbdc4f.jpg?ver=1776702173\",\"contentUrl\":\"https:\/\/tuzlainfo.ba\/wp-content\/litespeed\/avatar\/aabad687af24844af817603ac1cbdc4f.jpg?ver=1776702173\",\"caption\":\"nedim\"},\"description\":\"Tuzlainfo.ba pratite na dru\u0161tvenim mre\u017eama: Facebook, Instagram i Youtube. Svoje pri\u010de, upite i fotografije \u0161aljite na na\u0161u e-mail adresu.\"}]}<\/script>\n<!-- \/ Yoast SEO plugin. -->","yoast_head_json":{"title":"Predizborni fazoni: HDZ i SNSD ne mogu smijeniti ministricu Turkovi\u0107! - TuzlaInfo.ba","robots":{"index":"index","follow":"follow","max-snippet":"max-snippet:-1","max-image-preview":"max-image-preview:large","max-video-preview":"max-video-preview:-1"},"canonical":"https:\/\/tuzlainfo.ba\/index.php\/bosna-i-hercegovina\/item\/182586-predizborni-fazoni-hdz-i-snsd-ne-mogu-smijeniti-ministricu-turkovic\/","og_locale":"bs_BA","og_type":"article","og_title":"Predizborni fazoni: HDZ i SNSD ne mogu smijeniti ministricu Turkovi\u0107! - TuzlaInfo.ba","og_description":"Dom naroda Parlamentarne skup\u0161tine Bosne i Hercegovine na dana\u0161njoj sjednici je na inicijativu klubova\u00a0\u00a0Hrvata i&hellip;","og_url":"https:\/\/tuzlainfo.ba\/index.php\/bosna-i-hercegovina\/item\/182586-predizborni-fazoni-hdz-i-snsd-ne-mogu-smijeniti-ministricu-turkovic\/","og_site_name":"TuzlaInfo.ba","article_publisher":"https:\/\/www.facebook.com\/tuzlainfo.ba\/","article_published_time":"2022-08-29T18:10:46+00:00","og_image":[{"width":1000,"height":667,"url":"https:\/\/tuzlainfo.ba\/wp-content\/uploads\/2022\/04\/1404_bisera_turkovic.jpg","type":"image\/jpeg"}],"author":"nedim","twitter_card":"summary_large_image","twitter_misc":{"Written by":"nedim","Est. reading time":"2 minute"},"schema":{"@context":"https:\/\/schema.org","@graph":[{"@type":"Article","@id":"https:\/\/tuzlainfo.ba\/index.php\/bosna-i-hercegovina\/item\/182586-predizborni-fazoni-hdz-i-snsd-ne-mogu-smijeniti-ministricu-turkovic\/#article","isPartOf":{"@id":"https:\/\/tuzlainfo.ba\/index.php\/bosna-i-hercegovina\/item\/182586-predizborni-fazoni-hdz-i-snsd-ne-mogu-smijeniti-ministricu-turkovic\/"},"author":{"name":"nedim","@id":"https:\/\/tuzlainfo.ba\/#\/schema\/person\/f434e20dc27ea133923aab08451b7f7f"},"headline":"Predizborni fazoni: HDZ i SNSD ne mogu smijeniti ministricu Turkovi\u0107!","datePublished":"2022-08-29T18:10:46+00:00","dateModified":"2022-08-29T18:10:46+00:00","mainEntityOfPage":{"@id":"https:\/\/tuzlainfo.ba\/index.php\/bosna-i-hercegovina\/item\/182586-predizborni-fazoni-hdz-i-snsd-ne-mogu-smijeniti-ministricu-turkovic\/"},"wordCount":436,"commentCount":0,"publisher":{"@id":"https:\/\/tuzlainfo.ba\/#organization"},"image":{"@id":"https:\/\/tuzlainfo.ba\/index.php\/bosna-i-hercegovina\/item\/182586-predizborni-fazoni-hdz-i-snsd-ne-mogu-smijeniti-ministricu-turkovic\/#primaryimage"},"thumbnailUrl":"https:\/\/tuzlainfo.ba\/wp-content\/uploads\/2022\/04\/1404_bisera_turkovic.jpg","keywords":["bisera turkovi\u0107"],"articleSection":["Bosna i Hercegovina"],"inLanguage":"bs-BA"},{"@type":"WebPage","@id":"https:\/\/tuzlainfo.ba\/index.php\/bosna-i-hercegovina\/item\/182586-predizborni-fazoni-hdz-i-snsd-ne-mogu-smijeniti-ministricu-turkovic\/","url":"https:\/\/tuzlainfo.ba\/index.php\/bosna-i-hercegovina\/item\/182586-predizborni-fazoni-hdz-i-snsd-ne-mogu-smijeniti-ministricu-turkovic\/","name":"Predizborni fazoni: HDZ i SNSD ne mogu smijeniti ministricu Turkovi\u0107! - TuzlaInfo.ba","isPartOf":{"@id":"https:\/\/tuzlainfo.ba\/#website"},"primaryImageOfPage":{"@id":"https:\/\/tuzlainfo.ba\/index.php\/bosna-i-hercegovina\/item\/182586-predizborni-fazoni-hdz-i-snsd-ne-mogu-smijeniti-ministricu-turkovic\/#primaryimage"},"image":{"@id":"https:\/\/tuzlainfo.ba\/index.php\/bosna-i-hercegovina\/item\/182586-predizborni-fazoni-hdz-i-snsd-ne-mogu-smijeniti-ministricu-turkovic\/#primaryimage"},"thumbnailUrl":"https:\/\/tuzlainfo.ba\/wp-content\/uploads\/2022\/04\/1404_bisera_turkovic.jpg","datePublished":"2022-08-29T18:10:46+00:00","dateModified":"2022-08-29T18:10:46+00:00","breadcrumb":{"@id":"https:\/\/tuzlainfo.ba\/index.php\/bosna-i-hercegovina\/item\/182586-predizborni-fazoni-hdz-i-snsd-ne-mogu-smijeniti-ministricu-turkovic\/#breadcrumb"},"inLanguage":"bs-BA","potentialAction":[{"@type":"ReadAction","target":["https:\/\/tuzlainfo.ba\/index.php\/bosna-i-hercegovina\/item\/182586-predizborni-fazoni-hdz-i-snsd-ne-mogu-smijeniti-ministricu-turkovic\/"]}]},{"@type":"ImageObject","inLanguage":"bs-BA","@id":"https:\/\/tuzlainfo.ba\/index.php\/bosna-i-hercegovina\/item\/182586-predizborni-fazoni-hdz-i-snsd-ne-mogu-smijeniti-ministricu-turkovic\/#primaryimage","url":"https:\/\/tuzlainfo.ba\/wp-content\/uploads\/2022\/04\/1404_bisera_turkovic.jpg","contentUrl":"https:\/\/tuzlainfo.ba\/wp-content\/uploads\/2022\/04\/1404_bisera_turkovic.jpg","width":1000,"height":667},{"@type":"BreadcrumbList","@id":"https:\/\/tuzlainfo.ba\/index.php\/bosna-i-hercegovina\/item\/182586-predizborni-fazoni-hdz-i-snsd-ne-mogu-smijeniti-ministricu-turkovic\/#breadcrumb","itemListElement":[{"@type":"ListItem","position":1,"name":"Home","item":"https:\/\/tuzlainfo.ba\/"},{"@type":"ListItem","position":2,"name":"Predizborni fazoni: HDZ i SNSD ne mogu smijeniti ministricu Turkovi\u0107!"}]},{"@type":"WebSite","@id":"https:\/\/tuzlainfo.ba\/#website","url":"https:\/\/tuzlainfo.ba\/","name":"TuzlaInfo.ba","description":"Tuzla info, gradski informator - Tuzla na dlanu","publisher":{"@id":"https:\/\/tuzlainfo.ba\/#organization"},"potentialAction":[{"@type":"SearchAction","target":{"@type":"EntryPoint","urlTemplate":"https:\/\/tuzlainfo.ba\/?s={search_term_string}"},"query-input":{"@type":"PropertyValueSpecification","valueRequired":true,"valueName":"search_term_string"}}],"inLanguage":"bs-BA"},{"@type":"Organization","@id":"https:\/\/tuzlainfo.ba\/#organization","name":"TuzlaInfo.ba","url":"https:\/\/tuzlainfo.ba\/","logo":{"@type":"ImageObject","inLanguage":"bs-BA","@id":"https:\/\/tuzlainfo.ba\/#\/schema\/logo\/image\/","url":"https:\/\/tuzlainfo.ba\/wp-content\/uploads\/2021\/03\/logo-ver-3-1.png","contentUrl":"https:\/\/tuzlainfo.ba\/wp-content\/uploads\/2021\/03\/logo-ver-3-1.png","width":350,"height":95,"caption":"TuzlaInfo.ba"},"image":{"@id":"https:\/\/tuzlainfo.ba\/#\/schema\/logo\/image\/"},"sameAs":["https:\/\/www.facebook.com\/tuzlainfo.ba\/"]},{"@type":"Person","@id":"https:\/\/tuzlainfo.ba\/#\/schema\/person\/f434e20dc27ea133923aab08451b7f7f","name":"nedim","image":{"@type":"ImageObject","inLanguage":"bs-BA","@id":"https:\/\/tuzlainfo.ba\/#\/schema\/person\/image\/","url":"https:\/\/tuzlainfo.ba\/wp-content\/litespeed\/avatar\/aabad687af24844af817603ac1cbdc4f.jpg?ver=1776702173","contentUrl":"https:\/\/tuzlainfo.ba\/wp-content\/litespeed\/avatar\/aabad687af24844af817603ac1cbdc4f.jpg?ver=1776702173","caption":"nedim"},"description":"Tuzlainfo.ba pratite na dru\u0161tvenim mre\u017eama: Facebook, Instagram i Youtube. Svoje pri\u010de, upite i fotografije \u0161aljite na na\u0161u e-mail adresu."}]}},"_links":{"self":[{"href":"https:\/\/tuzlainfo.ba\/index.php\/wp-json\/wp\/v2\/posts\/182586"}],"collection":[{"href":"https:\/\/tuzlainfo.ba\/index.php\/wp-json\/wp\/v2\/posts"}],"about":[{"href":"https:\/\/tuzlainfo.ba\/index.php\/wp-json\/wp\/v2\/types\/post"}],"author":[{"embeddable":true,"href":"https:\/\/tuzlainfo.ba\/index.php\/wp-json\/wp\/v2\/users\/2"}],"replies":[{"embeddable":true,"href":"https:\/\/tuzlainfo.ba\/index.php\/wp-json\/wp\/v2\/comments?post=182586"}],"version-history":[{"count":0,"href":"https:\/\/tuzlainfo.ba\/index.php\/wp-json\/wp\/v2\/posts\/182586\/revisions"}],"wp:featuredmedia":[{"embeddable":true,"href":"https:\/\/tuzlainfo.ba\/index.php\/wp-json\/wp\/v2\/media\/169364"}],"wp:attachment":[{"href":"https:\/\/tuzlainfo.ba\/index.php\/wp-json\/wp\/v2\/media?parent=182586"}],"wp:term":[{"taxonomy":"category","embeddable":true,"href":"https:\/\/tuzlainfo.ba\/index.php\/wp-json\/wp\/v2\/categories?post=182586"},{"taxonomy":"post_tag","embeddable":true,"href":"https:\/\/tuzlainfo.ba\/index.php\/wp-json\/wp\/v2\/tags?post=182586"}],"curies":[{"name":"wp","href":"https:\/\/api.w.org\/{rel}","templated":true}]}}