{"id":182575,"date":"2022-08-29T18:01:50","date_gmt":"2022-08-29T16:01:50","guid":{"rendered":"https:\/\/tuzlainfo.ba\/?p=182575"},"modified":"2022-08-29T18:01:50","modified_gmt":"2022-08-29T16:01:50","slug":"omerovic-skole-u-tk-od-sada-ce-obiljezavati-datume-vezane-za-kulina-bana-i-kralja-tvrtka-kotromanica","status":"publish","type":"post","link":"https:\/\/tuzlainfo.ba\/index.php\/novosti\/item\/182575-omerovic-skole-u-tk-od-sada-ce-obiljezavati-datume-vezane-za-kulina-bana-i-kralja-tvrtka-kotromanica\/","title":{"rendered":"Omerovi\u0107: \u0160kole u TK od sada \u0107e obilje\u017eavati datume vezane za Kulina Bana i kralja Tvrtka Kotromani\u0107a"},"content":{"rendered":"<p>U \u0161kolama u Tuzlanskom kantonu od sada \u0107e se obilje\u017eavati datumi vezani za Bana Kulina i kralja Tvrtka Kotromani\u0107a.<\/p>\n<p>Ovu odluku na svojoj Facebook stranici je pojasnio ministar obrazovanja i nauke TK, Ahmed Omerovi\u0107, koji je kazao da je Tuzlanski kanton prvi u Federaciji Bosne i Hercegovine koji donosi Pravilnik o obilje\u017eavanju zna\u010dajnijih datuma u osnovnim i srednjim \u0161kolama.<\/p>\n<p>&#8220;Ove godine \u0107e sva odjeljenja u \u0161kolama obilje\u017eiti 26. okotobar, datum kada je krunisan na\u0161 bosanski kralj Tvrtko I Kotromani\u0107. Na taj na\u010din u\u010denici \u0107e se sjetiti na\u0161e hiljadugodi\u0161nje historije i biti ponosni \u0161to je Bosna bila banovina i kraljevina.<\/p>\n<p>Obilje\u017eavaju\u0107i i ostale datume kod na\u0161ih u\u010denika \u0107emo razvijati samopouzdanje i ljubav prema domovini Bosni i Hercegovini.<\/p>\n<p>Pravilnik smo donijeli na dan kada obilje\u017eavamo godi\u0161njicu datiranja Povelje Kulina bana, prvog pisanog dokumenta bosanskih vladara. U pravilniku se detaljno propisuje obilje\u017eavanje Dana dr\u017eavnosti i Dana nezavisnosti Bosne i Hercegovine, te drugih zna\u010dajnih datuma iz historije Bosne i Hercegovine&#8221; &#8211; kazao je Omerovi\u0107.<\/p>\n","protected":false},"excerpt":{"rendered":"<p>U \u0161kolama u Tuzlanskom kantonu od sada \u0107e se obilje\u017eavati datumi vezani za Bana Kulina&hellip;<\/p>\n","protected":false},"author":4,"featured_media":182289,"comment_status":"open","ping_status":"closed","sticky":false,"template":"","format":"standard","meta":{"_acf_changed":false,"footnotes":""},"categories":[304,12],"tags":[5289,1618],"acf":[],"yoast_head":"<!-- This site is optimized with the Yoast SEO plugin v23.5 - https:\/\/yoast.com\/wordpress\/plugins\/seo\/ -->\n<title>Omerovi\u0107: \u0160kole u TK od sada \u0107e obilje\u017eavati datume vezane za Kulina Bana i kralja Tvrtka Kotromani\u0107a - TuzlaInfo.ba<\/title>\n<meta name=\"robots\" content=\"index, follow, max-snippet:-1, max-image-preview:large, max-video-preview:-1\" \/>\n<link rel=\"canonical\" href=\"https:\/\/tuzlainfo.ba\/index.php\/novosti\/item\/182575-omerovic-skole-u-tk-od-sada-ce-obiljezavati-datume-vezane-za-kulina-bana-i-kralja-tvrtka-kotromanica\/\" \/>\n<meta property=\"og:locale\" content=\"bs_BA\" \/>\n<meta property=\"og:type\" content=\"article\" \/>\n<meta property=\"og:title\" content=\"Omerovi\u0107: \u0160kole u TK od sada \u0107e obilje\u017eavati datume vezane za Kulina Bana i kralja Tvrtka Kotromani\u0107a - TuzlaInfo.ba\" \/>\n<meta property=\"og:description\" content=\"U \u0161kolama u Tuzlanskom kantonu od sada \u0107e se obilje\u017eavati datumi vezani za Bana Kulina&hellip;\" \/>\n<meta property=\"og:url\" content=\"https:\/\/tuzlainfo.ba\/index.php\/novosti\/item\/182575-omerovic-skole-u-tk-od-sada-ce-obiljezavati-datume-vezane-za-kulina-bana-i-kralja-tvrtka-kotromanica\/\" \/>\n<meta property=\"og:site_name\" content=\"TuzlaInfo.ba\" \/>\n<meta property=\"article:publisher\" content=\"https:\/\/www.facebook.com\/tuzlainfo.ba\/\" \/>\n<meta property=\"article:published_time\" content=\"2022-08-29T16:01:50+00:00\" \/>\n<meta property=\"og:image\" content=\"https:\/\/tuzlainfo.ba\/wp-content\/uploads\/2022\/08\/inbound7570928450104455675.jpg\" \/>\n\t<meta property=\"og:image:width\" content=\"1080\" \/>\n\t<meta property=\"og:image:height\" content=\"722\" \/>\n\t<meta property=\"og:image:type\" content=\"image\/jpeg\" \/>\n<meta name=\"author\" content=\"Tuzla Info\" \/>\n<meta name=\"twitter:card\" content=\"summary_large_image\" \/>\n<meta name=\"twitter:label1\" content=\"Written by\" \/>\n\t<meta name=\"twitter:data1\" content=\"Tuzla Info\" \/>\n\t<meta name=\"twitter:label2\" content=\"Est. reading time\" \/>\n\t<meta name=\"twitter:data2\" content=\"1 minuta\" \/>\n<script type=\"application\/ld+json\" class=\"yoast-schema-graph\">{\"@context\":\"https:\/\/schema.org\",\"@graph\":[{\"@type\":\"Article\",\"@id\":\"https:\/\/tuzlainfo.ba\/index.php\/novosti\/item\/182575-omerovic-skole-u-tk-od-sada-ce-obiljezavati-datume-vezane-za-kulina-bana-i-kralja-tvrtka-kotromanica\/#article\",\"isPartOf\":{\"@id\":\"https:\/\/tuzlainfo.ba\/index.php\/novosti\/item\/182575-omerovic-skole-u-tk-od-sada-ce-obiljezavati-datume-vezane-za-kulina-bana-i-kralja-tvrtka-kotromanica\/\"},\"author\":{\"name\":\"Tuzla Info\",\"@id\":\"https:\/\/tuzlainfo.ba\/#\/schema\/person\/46cad4c57790cbc50781edd14870825a\"},\"headline\":\"Omerovi\u0107: \u0160kole u TK od sada \u0107e obilje\u017eavati datume vezane za Kulina Bana i kralja Tvrtka Kotromani\u0107a\",\"datePublished\":\"2022-08-29T16:01:50+00:00\",\"dateModified\":\"2022-08-29T16:01:50+00:00\",\"mainEntityOfPage\":{\"@id\":\"https:\/\/tuzlainfo.ba\/index.php\/novosti\/item\/182575-omerovic-skole-u-tk-od-sada-ce-obiljezavati-datume-vezane-za-kulina-bana-i-kralja-tvrtka-kotromanica\/\"},\"wordCount\":196,\"commentCount\":0,\"publisher\":{\"@id\":\"https:\/\/tuzlainfo.ba\/#organization\"},\"image\":{\"@id\":\"https:\/\/tuzlainfo.ba\/index.php\/novosti\/item\/182575-omerovic-skole-u-tk-od-sada-ce-obiljezavati-datume-vezane-za-kulina-bana-i-kralja-tvrtka-kotromanica\/#primaryimage\"},\"thumbnailUrl\":\"https:\/\/tuzlainfo.ba\/wp-content\/uploads\/2022\/08\/inbound7570928450104455675.jpg\",\"keywords\":[\"ahmed omerovi\u0107\",\"Ministarstvo obrazovanja i nauke\"],\"articleSection\":[\"Istaknuto\",\"Novosti\"],\"inLanguage\":\"bs-BA\"},{\"@type\":\"WebPage\",\"@id\":\"https:\/\/tuzlainfo.ba\/index.php\/novosti\/item\/182575-omerovic-skole-u-tk-od-sada-ce-obiljezavati-datume-vezane-za-kulina-bana-i-kralja-tvrtka-kotromanica\/\",\"url\":\"https:\/\/tuzlainfo.ba\/index.php\/novosti\/item\/182575-omerovic-skole-u-tk-od-sada-ce-obiljezavati-datume-vezane-za-kulina-bana-i-kralja-tvrtka-kotromanica\/\",\"name\":\"Omerovi\u0107: \u0160kole u TK od sada \u0107e obilje\u017eavati datume vezane za Kulina Bana i kralja Tvrtka Kotromani\u0107a - TuzlaInfo.ba\",\"isPartOf\":{\"@id\":\"https:\/\/tuzlainfo.ba\/#website\"},\"primaryImageOfPage\":{\"@id\":\"https:\/\/tuzlainfo.ba\/index.php\/novosti\/item\/182575-omerovic-skole-u-tk-od-sada-ce-obiljezavati-datume-vezane-za-kulina-bana-i-kralja-tvrtka-kotromanica\/#primaryimage\"},\"image\":{\"@id\":\"https:\/\/tuzlainfo.ba\/index.php\/novosti\/item\/182575-omerovic-skole-u-tk-od-sada-ce-obiljezavati-datume-vezane-za-kulina-bana-i-kralja-tvrtka-kotromanica\/#primaryimage\"},\"thumbnailUrl\":\"https:\/\/tuzlainfo.ba\/wp-content\/uploads\/2022\/08\/inbound7570928450104455675.jpg\",\"datePublished\":\"2022-08-29T16:01:50+00:00\",\"dateModified\":\"2022-08-29T16:01:50+00:00\",\"breadcrumb\":{\"@id\":\"https:\/\/tuzlainfo.ba\/index.php\/novosti\/item\/182575-omerovic-skole-u-tk-od-sada-ce-obiljezavati-datume-vezane-za-kulina-bana-i-kralja-tvrtka-kotromanica\/#breadcrumb\"},\"inLanguage\":\"bs-BA\",\"potentialAction\":[{\"@type\":\"ReadAction\",\"target\":[\"https:\/\/tuzlainfo.ba\/index.php\/novosti\/item\/182575-omerovic-skole-u-tk-od-sada-ce-obiljezavati-datume-vezane-za-kulina-bana-i-kralja-tvrtka-kotromanica\/\"]}]},{\"@type\":\"ImageObject\",\"inLanguage\":\"bs-BA\",\"@id\":\"https:\/\/tuzlainfo.ba\/index.php\/novosti\/item\/182575-omerovic-skole-u-tk-od-sada-ce-obiljezavati-datume-vezane-za-kulina-bana-i-kralja-tvrtka-kotromanica\/#primaryimage\",\"url\":\"https:\/\/tuzlainfo.ba\/wp-content\/uploads\/2022\/08\/inbound7570928450104455675.jpg\",\"contentUrl\":\"https:\/\/tuzlainfo.ba\/wp-content\/uploads\/2022\/08\/inbound7570928450104455675.jpg\",\"width\":1080,\"height\":722},{\"@type\":\"BreadcrumbList\",\"@id\":\"https:\/\/tuzlainfo.ba\/index.php\/novosti\/item\/182575-omerovic-skole-u-tk-od-sada-ce-obiljezavati-datume-vezane-za-kulina-bana-i-kralja-tvrtka-kotromanica\/#breadcrumb\",\"itemListElement\":[{\"@type\":\"ListItem\",\"position\":1,\"name\":\"Home\",\"item\":\"https:\/\/tuzlainfo.ba\/\"},{\"@type\":\"ListItem\",\"position\":2,\"name\":\"Omerovi\u0107: \u0160kole u TK od sada \u0107e obilje\u017eavati datume vezane za Kulina Bana i kralja Tvrtka Kotromani\u0107a\"}]},{\"@type\":\"WebSite\",\"@id\":\"https:\/\/tuzlainfo.ba\/#website\",\"url\":\"https:\/\/tuzlainfo.ba\/\",\"name\":\"TuzlaInfo.ba\",\"description\":\"Tuzla info, gradski informator - Tuzla na dlanu\",\"publisher\":{\"@id\":\"https:\/\/tuzlainfo.ba\/#organization\"},\"potentialAction\":[{\"@type\":\"SearchAction\",\"target\":{\"@type\":\"EntryPoint\",\"urlTemplate\":\"https:\/\/tuzlainfo.ba\/?s={search_term_string}\"},\"query-input\":{\"@type\":\"PropertyValueSpecification\",\"valueRequired\":true,\"valueName\":\"search_term_string\"}}],\"inLanguage\":\"bs-BA\"},{\"@type\":\"Organization\",\"@id\":\"https:\/\/tuzlainfo.ba\/#organization\",\"name\":\"TuzlaInfo.ba\",\"url\":\"https:\/\/tuzlainfo.ba\/\",\"logo\":{\"@type\":\"ImageObject\",\"inLanguage\":\"bs-BA\",\"@id\":\"https:\/\/tuzlainfo.ba\/#\/schema\/logo\/image\/\",\"url\":\"https:\/\/tuzlainfo.ba\/wp-content\/uploads\/2021\/03\/logo-ver-3-1.png\",\"contentUrl\":\"https:\/\/tuzlainfo.ba\/wp-content\/uploads\/2021\/03\/logo-ver-3-1.png\",\"width\":350,\"height\":95,\"caption\":\"TuzlaInfo.ba\"},\"image\":{\"@id\":\"https:\/\/tuzlainfo.ba\/#\/schema\/logo\/image\/\"},\"sameAs\":[\"https:\/\/www.facebook.com\/tuzlainfo.ba\/\"]},{\"@type\":\"Person\",\"@id\":\"https:\/\/tuzlainfo.ba\/#\/schema\/person\/46cad4c57790cbc50781edd14870825a\",\"name\":\"Tuzla Info\",\"image\":{\"@type\":\"ImageObject\",\"inLanguage\":\"bs-BA\",\"@id\":\"https:\/\/tuzlainfo.ba\/#\/schema\/person\/image\/\",\"url\":\"https:\/\/tuzlainfo.ba\/wp-content\/litespeed\/avatar\/b6c453a6c38e3654f2e4416c643fc25c.jpg?ver=1777051911\",\"contentUrl\":\"https:\/\/tuzlainfo.ba\/wp-content\/litespeed\/avatar\/b6c453a6c38e3654f2e4416c643fc25c.jpg?ver=1777051911\",\"caption\":\"Tuzla Info\"}}]}<\/script>\n<!-- \/ Yoast SEO plugin. -->","yoast_head_json":{"title":"Omerovi\u0107: \u0160kole u TK od sada \u0107e obilje\u017eavati datume vezane za Kulina Bana i kralja Tvrtka Kotromani\u0107a - TuzlaInfo.ba","robots":{"index":"index","follow":"follow","max-snippet":"max-snippet:-1","max-image-preview":"max-image-preview:large","max-video-preview":"max-video-preview:-1"},"canonical":"https:\/\/tuzlainfo.ba\/index.php\/novosti\/item\/182575-omerovic-skole-u-tk-od-sada-ce-obiljezavati-datume-vezane-za-kulina-bana-i-kralja-tvrtka-kotromanica\/","og_locale":"bs_BA","og_type":"article","og_title":"Omerovi\u0107: \u0160kole u TK od sada \u0107e obilje\u017eavati datume vezane za Kulina Bana i kralja Tvrtka Kotromani\u0107a - TuzlaInfo.ba","og_description":"U \u0161kolama u Tuzlanskom kantonu od sada \u0107e se obilje\u017eavati datumi vezani za Bana Kulina&hellip;","og_url":"https:\/\/tuzlainfo.ba\/index.php\/novosti\/item\/182575-omerovic-skole-u-tk-od-sada-ce-obiljezavati-datume-vezane-za-kulina-bana-i-kralja-tvrtka-kotromanica\/","og_site_name":"TuzlaInfo.ba","article_publisher":"https:\/\/www.facebook.com\/tuzlainfo.ba\/","article_published_time":"2022-08-29T16:01:50+00:00","og_image":[{"width":1080,"height":722,"url":"https:\/\/tuzlainfo.ba\/wp-content\/uploads\/2022\/08\/inbound7570928450104455675.jpg","type":"image\/jpeg"}],"author":"Tuzla Info","twitter_card":"summary_large_image","twitter_misc":{"Written by":"Tuzla Info","Est. reading time":"1 minuta"},"schema":{"@context":"https:\/\/schema.org","@graph":[{"@type":"Article","@id":"https:\/\/tuzlainfo.ba\/index.php\/novosti\/item\/182575-omerovic-skole-u-tk-od-sada-ce-obiljezavati-datume-vezane-za-kulina-bana-i-kralja-tvrtka-kotromanica\/#article","isPartOf":{"@id":"https:\/\/tuzlainfo.ba\/index.php\/novosti\/item\/182575-omerovic-skole-u-tk-od-sada-ce-obiljezavati-datume-vezane-za-kulina-bana-i-kralja-tvrtka-kotromanica\/"},"author":{"name":"Tuzla Info","@id":"https:\/\/tuzlainfo.ba\/#\/schema\/person\/46cad4c57790cbc50781edd14870825a"},"headline":"Omerovi\u0107: \u0160kole u TK od sada \u0107e obilje\u017eavati datume vezane za Kulina Bana i kralja Tvrtka Kotromani\u0107a","datePublished":"2022-08-29T16:01:50+00:00","dateModified":"2022-08-29T16:01:50+00:00","mainEntityOfPage":{"@id":"https:\/\/tuzlainfo.ba\/index.php\/novosti\/item\/182575-omerovic-skole-u-tk-od-sada-ce-obiljezavati-datume-vezane-za-kulina-bana-i-kralja-tvrtka-kotromanica\/"},"wordCount":196,"commentCount":0,"publisher":{"@id":"https:\/\/tuzlainfo.ba\/#organization"},"image":{"@id":"https:\/\/tuzlainfo.ba\/index.php\/novosti\/item\/182575-omerovic-skole-u-tk-od-sada-ce-obiljezavati-datume-vezane-za-kulina-bana-i-kralja-tvrtka-kotromanica\/#primaryimage"},"thumbnailUrl":"https:\/\/tuzlainfo.ba\/wp-content\/uploads\/2022\/08\/inbound7570928450104455675.jpg","keywords":["ahmed omerovi\u0107","Ministarstvo obrazovanja i nauke"],"articleSection":["Istaknuto","Novosti"],"inLanguage":"bs-BA"},{"@type":"WebPage","@id":"https:\/\/tuzlainfo.ba\/index.php\/novosti\/item\/182575-omerovic-skole-u-tk-od-sada-ce-obiljezavati-datume-vezane-za-kulina-bana-i-kralja-tvrtka-kotromanica\/","url":"https:\/\/tuzlainfo.ba\/index.php\/novosti\/item\/182575-omerovic-skole-u-tk-od-sada-ce-obiljezavati-datume-vezane-za-kulina-bana-i-kralja-tvrtka-kotromanica\/","name":"Omerovi\u0107: \u0160kole u TK od sada \u0107e obilje\u017eavati datume vezane za Kulina Bana i kralja Tvrtka Kotromani\u0107a - TuzlaInfo.ba","isPartOf":{"@id":"https:\/\/tuzlainfo.ba\/#website"},"primaryImageOfPage":{"@id":"https:\/\/tuzlainfo.ba\/index.php\/novosti\/item\/182575-omerovic-skole-u-tk-od-sada-ce-obiljezavati-datume-vezane-za-kulina-bana-i-kralja-tvrtka-kotromanica\/#primaryimage"},"image":{"@id":"https:\/\/tuzlainfo.ba\/index.php\/novosti\/item\/182575-omerovic-skole-u-tk-od-sada-ce-obiljezavati-datume-vezane-za-kulina-bana-i-kralja-tvrtka-kotromanica\/#primaryimage"},"thumbnailUrl":"https:\/\/tuzlainfo.ba\/wp-content\/uploads\/2022\/08\/inbound7570928450104455675.jpg","datePublished":"2022-08-29T16:01:50+00:00","dateModified":"2022-08-29T16:01:50+00:00","breadcrumb":{"@id":"https:\/\/tuzlainfo.ba\/index.php\/novosti\/item\/182575-omerovic-skole-u-tk-od-sada-ce-obiljezavati-datume-vezane-za-kulina-bana-i-kralja-tvrtka-kotromanica\/#breadcrumb"},"inLanguage":"bs-BA","potentialAction":[{"@type":"ReadAction","target":["https:\/\/tuzlainfo.ba\/index.php\/novosti\/item\/182575-omerovic-skole-u-tk-od-sada-ce-obiljezavati-datume-vezane-za-kulina-bana-i-kralja-tvrtka-kotromanica\/"]}]},{"@type":"ImageObject","inLanguage":"bs-BA","@id":"https:\/\/tuzlainfo.ba\/index.php\/novosti\/item\/182575-omerovic-skole-u-tk-od-sada-ce-obiljezavati-datume-vezane-za-kulina-bana-i-kralja-tvrtka-kotromanica\/#primaryimage","url":"https:\/\/tuzlainfo.ba\/wp-content\/uploads\/2022\/08\/inbound7570928450104455675.jpg","contentUrl":"https:\/\/tuzlainfo.ba\/wp-content\/uploads\/2022\/08\/inbound7570928450104455675.jpg","width":1080,"height":722},{"@type":"BreadcrumbList","@id":"https:\/\/tuzlainfo.ba\/index.php\/novosti\/item\/182575-omerovic-skole-u-tk-od-sada-ce-obiljezavati-datume-vezane-za-kulina-bana-i-kralja-tvrtka-kotromanica\/#breadcrumb","itemListElement":[{"@type":"ListItem","position":1,"name":"Home","item":"https:\/\/tuzlainfo.ba\/"},{"@type":"ListItem","position":2,"name":"Omerovi\u0107: \u0160kole u TK od sada \u0107e obilje\u017eavati datume vezane za Kulina Bana i kralja Tvrtka Kotromani\u0107a"}]},{"@type":"WebSite","@id":"https:\/\/tuzlainfo.ba\/#website","url":"https:\/\/tuzlainfo.ba\/","name":"TuzlaInfo.ba","description":"Tuzla info, gradski informator - Tuzla na dlanu","publisher":{"@id":"https:\/\/tuzlainfo.ba\/#organization"},"potentialAction":[{"@type":"SearchAction","target":{"@type":"EntryPoint","urlTemplate":"https:\/\/tuzlainfo.ba\/?s={search_term_string}"},"query-input":{"@type":"PropertyValueSpecification","valueRequired":true,"valueName":"search_term_string"}}],"inLanguage":"bs-BA"},{"@type":"Organization","@id":"https:\/\/tuzlainfo.ba\/#organization","name":"TuzlaInfo.ba","url":"https:\/\/tuzlainfo.ba\/","logo":{"@type":"ImageObject","inLanguage":"bs-BA","@id":"https:\/\/tuzlainfo.ba\/#\/schema\/logo\/image\/","url":"https:\/\/tuzlainfo.ba\/wp-content\/uploads\/2021\/03\/logo-ver-3-1.png","contentUrl":"https:\/\/tuzlainfo.ba\/wp-content\/uploads\/2021\/03\/logo-ver-3-1.png","width":350,"height":95,"caption":"TuzlaInfo.ba"},"image":{"@id":"https:\/\/tuzlainfo.ba\/#\/schema\/logo\/image\/"},"sameAs":["https:\/\/www.facebook.com\/tuzlainfo.ba\/"]},{"@type":"Person","@id":"https:\/\/tuzlainfo.ba\/#\/schema\/person\/46cad4c57790cbc50781edd14870825a","name":"Tuzla Info","image":{"@type":"ImageObject","inLanguage":"bs-BA","@id":"https:\/\/tuzlainfo.ba\/#\/schema\/person\/image\/","url":"https:\/\/tuzlainfo.ba\/wp-content\/litespeed\/avatar\/b6c453a6c38e3654f2e4416c643fc25c.jpg?ver=1777051911","contentUrl":"https:\/\/tuzlainfo.ba\/wp-content\/litespeed\/avatar\/b6c453a6c38e3654f2e4416c643fc25c.jpg?ver=1777051911","caption":"Tuzla Info"}}]}},"_links":{"self":[{"href":"https:\/\/tuzlainfo.ba\/index.php\/wp-json\/wp\/v2\/posts\/182575"}],"collection":[{"href":"https:\/\/tuzlainfo.ba\/index.php\/wp-json\/wp\/v2\/posts"}],"about":[{"href":"https:\/\/tuzlainfo.ba\/index.php\/wp-json\/wp\/v2\/types\/post"}],"author":[{"embeddable":true,"href":"https:\/\/tuzlainfo.ba\/index.php\/wp-json\/wp\/v2\/users\/4"}],"replies":[{"embeddable":true,"href":"https:\/\/tuzlainfo.ba\/index.php\/wp-json\/wp\/v2\/comments?post=182575"}],"version-history":[{"count":0,"href":"https:\/\/tuzlainfo.ba\/index.php\/wp-json\/wp\/v2\/posts\/182575\/revisions"}],"wp:featuredmedia":[{"embeddable":true,"href":"https:\/\/tuzlainfo.ba\/index.php\/wp-json\/wp\/v2\/media\/182289"}],"wp:attachment":[{"href":"https:\/\/tuzlainfo.ba\/index.php\/wp-json\/wp\/v2\/media?parent=182575"}],"wp:term":[{"taxonomy":"category","embeddable":true,"href":"https:\/\/tuzlainfo.ba\/index.php\/wp-json\/wp\/v2\/categories?post=182575"},{"taxonomy":"post_tag","embeddable":true,"href":"https:\/\/tuzlainfo.ba\/index.php\/wp-json\/wp\/v2\/tags?post=182575"}],"curies":[{"name":"wp","href":"https:\/\/api.w.org\/{rel}","templated":true}]}}