{"id":182243,"date":"2022-08-26T10:00:39","date_gmt":"2022-08-26T08:00:39","guid":{"rendered":"https:\/\/tuzlainfo.ba\/?p=182243"},"modified":"2022-08-26T20:50:03","modified_gmt":"2022-08-26T18:50:03","slug":"elektricni-romobili-opasnost-za-pjesake-u-tuzli-voze-ih-i-maloljetnici-kazni-nema","status":"publish","type":"post","link":"https:\/\/tuzlainfo.ba\/index.php\/novosti\/item\/182243-elektricni-romobili-opasnost-za-pjesake-u-tuzli-voze-ih-i-maloljetnici-kazni-nema\/","title":{"rendered":"Elektri\u010dni romobili opasnost za pje\u0161ake u Tuzli: Voze ih i maloljetnici, kazni nema"},"content":{"rendered":"<p>Elektri\u010dni romobili sve su popularniji me\u0111u gra\u0111anima u Bosni i Hercegovini. Iako se na bh. tr\u017ei\u0161tu ovo prevozno sredstvo nalazi godinama, u posljednjih godinu dana sve je vi\u0161e onih koji se odlu\u010duju na kori\u0161tenje romobila, posebno nakon naglog poskupljenja goriva. Me\u0111utim, problem je \u0161to elektri\u010dni romobili uop\u0107e nisu regulisani Zakonom o saobra\u0107aju u BiH, pa zbog toga, ukoliko po\u010dine prekr\u0161aj, voza\u010di romobila ne mogu ni biti ka\u017enjeni, a \u010dinjenica je da u\u010destvuju u sve vi\u0161e saobra\u0107ajnih nesre\u0107a.<\/p>\n<p>Problem su i pje\u0161a\u010dke zone, koje postaju glavna ruta voza\u010dima elektri\u010dnih romobila koji su naj\u010de\u0161\u010de takvih karateristika\u00a0razvijaju brzinu od 25 Km\/h do 40 Km\/h. Konkretno uTuzli, na Trgu slobode mo\u017eemo vidjeti i maloljetnike koji ih iznajmljuju i voze u samom centru grada.<\/p>\n<p>S obzirom da kori\u0161tenje elektri\u010dnih romobila ali i bicikala nije regulisano Zakonom niti gradskom odlukom, postoji opasnost da bi do nesre\u0107a moglo dolaziti i \u010de\u0161\u0107e.<\/p>\n<p>Zakonom o osnovama bezbjednosti saobra\u0107aja na putevima u BiH\u00a0 elektri\u010dni romobili kao posebna kategorija vozila nisu obra\u0111eni u predmetnm zakonu.<\/p>\n<p>Pje\u0161a\u010dka zona, navedenim Zakonom, definisana kao ure\u0111ena saobra\u0107ajnapovr\u0161ina namjenjena za kretanje pje\u0161aka, u kojoj je dozvoljeno kretanje motornih vozila sa posebnim odobrenjem. Kori\u0161tenje elektri\u010dnih romobila i bicikala u pje\u0161a\u010dkim zonama grada Tuzla nije regulisano Zakonom niti gradskom odlukom.<\/p>\n<p>Ukoliko bude dogovora na vi\u0161im nivoima vlasti, to bi se uskoro moglo i promijeniti, jer, kako su za <em><strong>Tuzlainfo<\/strong><\/em> kazali iz Uprave policije MUP-a TK, ovo Ministarstvo je dostavilo prijedlog izmjena i dopuna Zakona o saobra\u0107aju, koje mo\u017ee mijenjati samo Ministarstvu prometa i komunikacija Bosne i Hercegovine.<\/p>\n<p>&#8220;Polovinom 2020. godine je prema nadle\u017enom Ministarstvu dostavljen prijedlog izmjena i dopuna Zakona koji se odnosi na definisanje pojma elektri\u010dnih romobila u saobra\u0107aju, kao i prava, obaveze i du\u017enosti u\u010desnika u saobra\u0107aju sa navedenim vozilom&#8221; &#8211; kazali su nam iz Uprave policije MUP-a TK.<\/p>\n<p>Za sada, to ustvari zna\u010di da korisnici ovih prevoznih sredstava, jo\u0161 uvijek ne mogu biti ka\u017enjeni ukoliko se neodgovorno pona\u0161aju u vo\u017enji.<\/p>\n<p>\u201cZakonske odredbe nema, tako da je pripadnicima policije jako te\u0161ko da sankcioni\u0161u one koji se neodgovorno pona\u0161aju, pa i prema tome i ove voza\u010de elektri\u010dnih vozila\u201d kazao je Nenad Lukanovi\u0107, pomo\u0107nik ministra za saobra\u0107aj TK.<\/p>\n<p>Dok gra\u0111ani Tuzle \u010dekaju da se ovaj problem rije\u0161i, te da se kori\u0161tenje elektri\u010dnog romobila reguli\u0161e Zakonom na nivou BiH, vlasti u Kantonu Sarajevo su ve\u0107 poduzele konkretne mjere.<\/p>\n<p>Naime, tamo\u0161nja kantonalna vlast je izmijenila Zakon o ure\u0111enju saobra\u0107aja, prema \u010dijim propisima je voza\u010dima elektri\u010dnih romobila zabranjeno kretanje pje\u0161a\u010dkim povr\u0161inama, a oni koji to ne po\u0161tuju rizikuju kaznu.<\/p>\n<p>Dok do izmjene Zakona ne do\u0111e, gra\u0111anima Tuzle jedino ostaje da budu oprezni, posebno no\u0107u u ljetnom periodu, kada se u pje\u0161a\u010dkoj zoni grada nalazi mnogo ljudi, me\u0111u kojima su i oni koji voze elektri\u010dne romobile. <strong><em>\/Tuzlainfo\/<\/em><\/strong><\/p>\n","protected":false},"excerpt":{"rendered":"<p>Elektri\u010dni romobili sve su popularniji me\u0111u gra\u0111anima u Bosni i Hercegovini. Iako se na bh. tr\u017ei\u0161tu ovo prevozno sredstvo nalazi godinama, u posljednjih godinu dana sve je vi\u0161e onih koji se odlu\u010duju na kori\u0161tenje romobila, posebno nakon naglog poskupljenja goriva. Me\u0111utim, problem je \u0161to elektri\u010dni romobili uop\u0107e nisu regulisani Zakonom o saobra\u0107aju u BiH, pa [&hellip;]<\/p>\n","protected":false},"author":4,"featured_media":182244,"comment_status":"open","ping_status":"closed","sticky":false,"template":"","format":"standard","meta":{"footnotes":""},"categories":[304,12,306],"tags":[5313],"class_list":["post-182243","post","type-post","status-publish","format-standard","has-post-thumbnail","hentry","category-istaknuto","category-novosti","category-preporucujemo","tag-elektricni-romobil"],"yoast_head":"<!-- This site is optimized with the Yoast SEO plugin v28.3 - https:\/\/yoast.com\/product\/yoast-seo-wordpress\/ -->\n<title>Elektri\u010dni romobili opasnost za pje\u0161ake u Tuzli: Voze ih i maloljetnici, kazni nema<\/title>\n<meta name=\"robots\" content=\"index, follow, max-snippet:-1, max-image-preview:large, max-video-preview:-1\" \/>\n<link rel=\"canonical\" href=\"https:\/\/tuzlainfo.ba\/index.php\/novosti\/item\/182243-elektricni-romobili-opasnost-za-pjesake-u-tuzli-voze-ih-i-maloljetnici-kazni-nema\/\" \/>\n<meta property=\"og:locale\" content=\"bs_BA\" \/>\n<meta property=\"og:type\" content=\"article\" \/>\n<meta property=\"og:title\" content=\"Elektri\u010dni romobili opasnost za pje\u0161ake u Tuzli: Voze ih i maloljetnici, kazni nema\" \/>\n<meta property=\"og:description\" content=\"Elektri\u010dni romobili sve su popularniji me\u0111u gra\u0111anima u Bosni i Hercegovini. Iako se na bh. tr\u017ei\u0161tu ovo prevozno sredstvo nalazi godinama, u posljednjih godinu dana sve je vi\u0161e onih koji se odlu\u010duju na kori\u0161tenje romobila, posebno nakon naglog poskupljenja goriva. Me\u0111utim, problem je \u0161to elektri\u010dni romobili uop\u0107e nisu regulisani Zakonom o saobra\u0107aju u BiH, pa [&hellip;]\" \/>\n<meta property=\"og:url\" content=\"https:\/\/tuzlainfo.ba\/index.php\/novosti\/item\/182243-elektricni-romobili-opasnost-za-pjesake-u-tuzli-voze-ih-i-maloljetnici-kazni-nema\/\" \/>\n<meta property=\"og:site_name\" content=\"TuzlaInfo.ba\" \/>\n<meta property=\"article:publisher\" content=\"https:\/\/www.facebook.com\/tuzlainfo.ba\/\" \/>\n<meta property=\"article:published_time\" content=\"2022-08-26T08:00:39+00:00\" \/>\n<meta property=\"article:modified_time\" content=\"2022-08-26T18:50:03+00:00\" \/>\n<meta property=\"og:image\" content=\"https:\/\/tuzlainfo.ba\/wp-content\/uploads\/2022\/08\/inbound9161149548825529541.jpg\" \/>\n\t<meta property=\"og:image:width\" content=\"1080\" \/>\n\t<meta property=\"og:image:height\" content=\"486\" \/>\n\t<meta property=\"og:image:type\" content=\"image\/jpeg\" \/>\n<meta name=\"author\" content=\"Tuzla Info\" \/>\n<meta name=\"twitter:card\" content=\"summary_large_image\" \/>\n<meta name=\"twitter:label1\" content=\"Written by\" \/>\n\t<meta name=\"twitter:data1\" content=\"Tuzla Info\" \/>\n\t<meta name=\"twitter:label2\" content=\"Est. reading time\" \/>\n\t<meta name=\"twitter:data2\" content=\"3 minute\" \/>\n<script type=\"application\/ld+json\" class=\"yoast-schema-graph\">{\"@context\":\"https:\\\/\\\/schema.org\",\"@graph\":[{\"@type\":\"Article\",\"@id\":\"https:\\\/\\\/tuzlainfo.ba\\\/index.php\\\/novosti\\\/item\\\/182243-elektricni-romobili-opasnost-za-pjesake-u-tuzli-voze-ih-i-maloljetnici-kazni-nema\\\/#article\",\"isPartOf\":{\"@id\":\"https:\\\/\\\/tuzlainfo.ba\\\/index.php\\\/novosti\\\/item\\\/182243-elektricni-romobili-opasnost-za-pjesake-u-tuzli-voze-ih-i-maloljetnici-kazni-nema\\\/\"},\"author\":{\"name\":\"Tuzla Info\",\"@id\":\"https:\\\/\\\/tuzlainfo.ba\\\/#\\\/schema\\\/person\\\/46cad4c57790cbc50781edd14870825a\"},\"headline\":\"Elektri\u010dni romobili opasnost za pje\u0161ake u Tuzli: Voze ih i maloljetnici, kazni nema\",\"datePublished\":\"2022-08-26T08:00:39+00:00\",\"dateModified\":\"2022-08-26T18:50:03+00:00\",\"mainEntityOfPage\":{\"@id\":\"https:\\\/\\\/tuzlainfo.ba\\\/index.php\\\/novosti\\\/item\\\/182243-elektricni-romobili-opasnost-za-pjesake-u-tuzli-voze-ih-i-maloljetnici-kazni-nema\\\/\"},\"wordCount\":545,\"commentCount\":0,\"publisher\":{\"@id\":\"https:\\\/\\\/tuzlainfo.ba\\\/#organization\"},\"image\":{\"@id\":\"https:\\\/\\\/tuzlainfo.ba\\\/index.php\\\/novosti\\\/item\\\/182243-elektricni-romobili-opasnost-za-pjesake-u-tuzli-voze-ih-i-maloljetnici-kazni-nema\\\/#primaryimage\"},\"thumbnailUrl\":\"https:\\\/\\\/tuzlainfo.ba\\\/wp-content\\\/uploads\\\/2022\\\/08\\\/inbound9161149548825529541.jpg\",\"keywords\":[\"Elektri\u010dni romobil\"],\"articleSection\":[\"Istaknuto\",\"Novosti\",\"Preporu\u010dujemo\"],\"inLanguage\":\"bs-BA\",\"copyrightYear\":\"2022\",\"copyrightHolder\":{\"@id\":\"https:\\\/\\\/tuzlainfo.ba\\\/#organization\"}},{\"@type\":\"WebPage\",\"@id\":\"https:\\\/\\\/tuzlainfo.ba\\\/index.php\\\/novosti\\\/item\\\/182243-elektricni-romobili-opasnost-za-pjesake-u-tuzli-voze-ih-i-maloljetnici-kazni-nema\\\/\",\"url\":\"https:\\\/\\\/tuzlainfo.ba\\\/index.php\\\/novosti\\\/item\\\/182243-elektricni-romobili-opasnost-za-pjesake-u-tuzli-voze-ih-i-maloljetnici-kazni-nema\\\/\",\"name\":\"Elektri\u010dni romobili opasnost za pje\u0161ake u Tuzli: Voze ih i maloljetnici, kazni nema\",\"isPartOf\":{\"@id\":\"https:\\\/\\\/tuzlainfo.ba\\\/#website\"},\"primaryImageOfPage\":{\"@id\":\"https:\\\/\\\/tuzlainfo.ba\\\/index.php\\\/novosti\\\/item\\\/182243-elektricni-romobili-opasnost-za-pjesake-u-tuzli-voze-ih-i-maloljetnici-kazni-nema\\\/#primaryimage\"},\"image\":{\"@id\":\"https:\\\/\\\/tuzlainfo.ba\\\/index.php\\\/novosti\\\/item\\\/182243-elektricni-romobili-opasnost-za-pjesake-u-tuzli-voze-ih-i-maloljetnici-kazni-nema\\\/#primaryimage\"},\"thumbnailUrl\":\"https:\\\/\\\/tuzlainfo.ba\\\/wp-content\\\/uploads\\\/2022\\\/08\\\/inbound9161149548825529541.jpg\",\"datePublished\":\"2022-08-26T08:00:39+00:00\",\"dateModified\":\"2022-08-26T18:50:03+00:00\",\"breadcrumb\":{\"@id\":\"https:\\\/\\\/tuzlainfo.ba\\\/index.php\\\/novosti\\\/item\\\/182243-elektricni-romobili-opasnost-za-pjesake-u-tuzli-voze-ih-i-maloljetnici-kazni-nema\\\/#breadcrumb\"},\"inLanguage\":\"bs-BA\",\"potentialAction\":[{\"@type\":\"ReadAction\",\"target\":[\"https:\\\/\\\/tuzlainfo.ba\\\/index.php\\\/novosti\\\/item\\\/182243-elektricni-romobili-opasnost-za-pjesake-u-tuzli-voze-ih-i-maloljetnici-kazni-nema\\\/\"]}]},{\"@type\":\"ImageObject\",\"inLanguage\":\"bs-BA\",\"@id\":\"https:\\\/\\\/tuzlainfo.ba\\\/index.php\\\/novosti\\\/item\\\/182243-elektricni-romobili-opasnost-za-pjesake-u-tuzli-voze-ih-i-maloljetnici-kazni-nema\\\/#primaryimage\",\"url\":\"https:\\\/\\\/tuzlainfo.ba\\\/wp-content\\\/uploads\\\/2022\\\/08\\\/inbound9161149548825529541.jpg\",\"contentUrl\":\"https:\\\/\\\/tuzlainfo.ba\\\/wp-content\\\/uploads\\\/2022\\\/08\\\/inbound9161149548825529541.jpg\",\"width\":1080,\"height\":486},{\"@type\":\"BreadcrumbList\",\"@id\":\"https:\\\/\\\/tuzlainfo.ba\\\/index.php\\\/novosti\\\/item\\\/182243-elektricni-romobili-opasnost-za-pjesake-u-tuzli-voze-ih-i-maloljetnici-kazni-nema\\\/#breadcrumb\",\"itemListElement\":[{\"@type\":\"ListItem\",\"position\":1,\"name\":\"Home\",\"item\":\"https:\\\/\\\/tuzlainfo.ba\\\/\"},{\"@type\":\"ListItem\",\"position\":2,\"name\":\"Elektri\u010dni romobili opasnost za pje\u0161ake u Tuzli: Voze ih i maloljetnici, kazni nema\"}]},{\"@type\":\"WebSite\",\"@id\":\"https:\\\/\\\/tuzlainfo.ba\\\/#website\",\"url\":\"https:\\\/\\\/tuzlainfo.ba\\\/\",\"name\":\"TuzlaInfo.ba\",\"description\":\"Tuzla info, gradski informator - Tuzla na dlanu\",\"publisher\":{\"@id\":\"https:\\\/\\\/tuzlainfo.ba\\\/#organization\"},\"potentialAction\":[{\"@type\":\"SearchAction\",\"target\":{\"@type\":\"EntryPoint\",\"urlTemplate\":\"https:\\\/\\\/tuzlainfo.ba\\\/?s={search_term_string}\"},\"query-input\":{\"@type\":\"PropertyValueSpecification\",\"valueRequired\":true,\"valueName\":\"search_term_string\"}}],\"inLanguage\":\"bs-BA\"},{\"@type\":\"Organization\",\"@id\":\"https:\\\/\\\/tuzlainfo.ba\\\/#organization\",\"name\":\"TuzlaInfo.ba\",\"url\":\"https:\\\/\\\/tuzlainfo.ba\\\/\",\"logo\":{\"@type\":\"ImageObject\",\"inLanguage\":\"bs-BA\",\"@id\":\"https:\\\/\\\/tuzlainfo.ba\\\/#\\\/schema\\\/logo\\\/image\\\/\",\"url\":\"https:\\\/\\\/tuzlainfo.ba\\\/wp-content\\\/uploads\\\/2021\\\/03\\\/logo-ver-3-1.png\",\"contentUrl\":\"https:\\\/\\\/tuzlainfo.ba\\\/wp-content\\\/uploads\\\/2021\\\/03\\\/logo-ver-3-1.png\",\"width\":350,\"height\":95,\"caption\":\"TuzlaInfo.ba\"},\"image\":{\"@id\":\"https:\\\/\\\/tuzlainfo.ba\\\/#\\\/schema\\\/logo\\\/image\\\/\"},\"sameAs\":[\"https:\\\/\\\/www.facebook.com\\\/tuzlainfo.ba\\\/\"]},{\"@type\":\"Person\",\"@id\":\"https:\\\/\\\/tuzlainfo.ba\\\/#\\\/schema\\\/person\\\/46cad4c57790cbc50781edd14870825a\",\"name\":\"Tuzla Info\",\"image\":{\"@type\":\"ImageObject\",\"inLanguage\":\"bs-BA\",\"@id\":\"https:\\\/\\\/secure.gravatar.com\\\/avatar\\\/e980921b00fa2e552723a2386544734ce6885d2b2304ccca3f45186f9ca4031d?s=96&d=mm&r=g\",\"url\":\"https:\\\/\\\/secure.gravatar.com\\\/avatar\\\/e980921b00fa2e552723a2386544734ce6885d2b2304ccca3f45186f9ca4031d?s=96&d=mm&r=g\",\"contentUrl\":\"https:\\\/\\\/secure.gravatar.com\\\/avatar\\\/e980921b00fa2e552723a2386544734ce6885d2b2304ccca3f45186f9ca4031d?s=96&d=mm&r=g\",\"caption\":\"Tuzla Info\"}}]}<\/script>\n<!-- \/ Yoast SEO plugin. -->","yoast_head_json":{"title":"Elektri\u010dni romobili opasnost za pje\u0161ake u Tuzli: Voze ih i maloljetnici, kazni nema","robots":{"index":"index","follow":"follow","max-snippet":"max-snippet:-1","max-image-preview":"max-image-preview:large","max-video-preview":"max-video-preview:-1"},"canonical":"https:\/\/tuzlainfo.ba\/index.php\/novosti\/item\/182243-elektricni-romobili-opasnost-za-pjesake-u-tuzli-voze-ih-i-maloljetnici-kazni-nema\/","og_locale":"bs_BA","og_type":"article","og_title":"Elektri\u010dni romobili opasnost za pje\u0161ake u Tuzli: Voze ih i maloljetnici, kazni nema","og_description":"Elektri\u010dni romobili sve su popularniji me\u0111u gra\u0111anima u Bosni i Hercegovini. Iako se na bh. tr\u017ei\u0161tu ovo prevozno sredstvo nalazi godinama, u posljednjih godinu dana sve je vi\u0161e onih koji se odlu\u010duju na kori\u0161tenje romobila, posebno nakon naglog poskupljenja goriva. Me\u0111utim, problem je \u0161to elektri\u010dni romobili uop\u0107e nisu regulisani Zakonom o saobra\u0107aju u BiH, pa [&hellip;]","og_url":"https:\/\/tuzlainfo.ba\/index.php\/novosti\/item\/182243-elektricni-romobili-opasnost-za-pjesake-u-tuzli-voze-ih-i-maloljetnici-kazni-nema\/","og_site_name":"TuzlaInfo.ba","article_publisher":"https:\/\/www.facebook.com\/tuzlainfo.ba\/","article_published_time":"2022-08-26T08:00:39+00:00","article_modified_time":"2022-08-26T18:50:03+00:00","og_image":[{"width":1080,"height":486,"url":"https:\/\/tuzlainfo.ba\/wp-content\/uploads\/2022\/08\/inbound9161149548825529541.jpg","type":"image\/jpeg"}],"author":"Tuzla Info","twitter_card":"summary_large_image","twitter_misc":{"Written by":"Tuzla Info","Est. reading time":"3 minute"},"schema":{"@context":"https:\/\/schema.org","@graph":[{"@type":"Article","@id":"https:\/\/tuzlainfo.ba\/index.php\/novosti\/item\/182243-elektricni-romobili-opasnost-za-pjesake-u-tuzli-voze-ih-i-maloljetnici-kazni-nema\/#article","isPartOf":{"@id":"https:\/\/tuzlainfo.ba\/index.php\/novosti\/item\/182243-elektricni-romobili-opasnost-za-pjesake-u-tuzli-voze-ih-i-maloljetnici-kazni-nema\/"},"author":{"name":"Tuzla Info","@id":"https:\/\/tuzlainfo.ba\/#\/schema\/person\/46cad4c57790cbc50781edd14870825a"},"headline":"Elektri\u010dni romobili opasnost za pje\u0161ake u Tuzli: Voze ih i maloljetnici, kazni nema","datePublished":"2022-08-26T08:00:39+00:00","dateModified":"2022-08-26T18:50:03+00:00","mainEntityOfPage":{"@id":"https:\/\/tuzlainfo.ba\/index.php\/novosti\/item\/182243-elektricni-romobili-opasnost-za-pjesake-u-tuzli-voze-ih-i-maloljetnici-kazni-nema\/"},"wordCount":545,"commentCount":0,"publisher":{"@id":"https:\/\/tuzlainfo.ba\/#organization"},"image":{"@id":"https:\/\/tuzlainfo.ba\/index.php\/novosti\/item\/182243-elektricni-romobili-opasnost-za-pjesake-u-tuzli-voze-ih-i-maloljetnici-kazni-nema\/#primaryimage"},"thumbnailUrl":"https:\/\/tuzlainfo.ba\/wp-content\/uploads\/2022\/08\/inbound9161149548825529541.jpg","keywords":["Elektri\u010dni romobil"],"articleSection":["Istaknuto","Novosti","Preporu\u010dujemo"],"inLanguage":"bs-BA","copyrightYear":"2022","copyrightHolder":{"@id":"https:\/\/tuzlainfo.ba\/#organization"}},{"@type":"WebPage","@id":"https:\/\/tuzlainfo.ba\/index.php\/novosti\/item\/182243-elektricni-romobili-opasnost-za-pjesake-u-tuzli-voze-ih-i-maloljetnici-kazni-nema\/","url":"https:\/\/tuzlainfo.ba\/index.php\/novosti\/item\/182243-elektricni-romobili-opasnost-za-pjesake-u-tuzli-voze-ih-i-maloljetnici-kazni-nema\/","name":"Elektri\u010dni romobili opasnost za pje\u0161ake u Tuzli: Voze ih i maloljetnici, kazni nema","isPartOf":{"@id":"https:\/\/tuzlainfo.ba\/#website"},"primaryImageOfPage":{"@id":"https:\/\/tuzlainfo.ba\/index.php\/novosti\/item\/182243-elektricni-romobili-opasnost-za-pjesake-u-tuzli-voze-ih-i-maloljetnici-kazni-nema\/#primaryimage"},"image":{"@id":"https:\/\/tuzlainfo.ba\/index.php\/novosti\/item\/182243-elektricni-romobili-opasnost-za-pjesake-u-tuzli-voze-ih-i-maloljetnici-kazni-nema\/#primaryimage"},"thumbnailUrl":"https:\/\/tuzlainfo.ba\/wp-content\/uploads\/2022\/08\/inbound9161149548825529541.jpg","datePublished":"2022-08-26T08:00:39+00:00","dateModified":"2022-08-26T18:50:03+00:00","breadcrumb":{"@id":"https:\/\/tuzlainfo.ba\/index.php\/novosti\/item\/182243-elektricni-romobili-opasnost-za-pjesake-u-tuzli-voze-ih-i-maloljetnici-kazni-nema\/#breadcrumb"},"inLanguage":"bs-BA","potentialAction":[{"@type":"ReadAction","target":["https:\/\/tuzlainfo.ba\/index.php\/novosti\/item\/182243-elektricni-romobili-opasnost-za-pjesake-u-tuzli-voze-ih-i-maloljetnici-kazni-nema\/"]}]},{"@type":"ImageObject","inLanguage":"bs-BA","@id":"https:\/\/tuzlainfo.ba\/index.php\/novosti\/item\/182243-elektricni-romobili-opasnost-za-pjesake-u-tuzli-voze-ih-i-maloljetnici-kazni-nema\/#primaryimage","url":"https:\/\/tuzlainfo.ba\/wp-content\/uploads\/2022\/08\/inbound9161149548825529541.jpg","contentUrl":"https:\/\/tuzlainfo.ba\/wp-content\/uploads\/2022\/08\/inbound9161149548825529541.jpg","width":1080,"height":486},{"@type":"BreadcrumbList","@id":"https:\/\/tuzlainfo.ba\/index.php\/novosti\/item\/182243-elektricni-romobili-opasnost-za-pjesake-u-tuzli-voze-ih-i-maloljetnici-kazni-nema\/#breadcrumb","itemListElement":[{"@type":"ListItem","position":1,"name":"Home","item":"https:\/\/tuzlainfo.ba\/"},{"@type":"ListItem","position":2,"name":"Elektri\u010dni romobili opasnost za pje\u0161ake u Tuzli: Voze ih i maloljetnici, kazni nema"}]},{"@type":"WebSite","@id":"https:\/\/tuzlainfo.ba\/#website","url":"https:\/\/tuzlainfo.ba\/","name":"TuzlaInfo.ba","description":"Tuzla info, gradski informator - Tuzla na dlanu","publisher":{"@id":"https:\/\/tuzlainfo.ba\/#organization"},"potentialAction":[{"@type":"SearchAction","target":{"@type":"EntryPoint","urlTemplate":"https:\/\/tuzlainfo.ba\/?s={search_term_string}"},"query-input":{"@type":"PropertyValueSpecification","valueRequired":true,"valueName":"search_term_string"}}],"inLanguage":"bs-BA"},{"@type":"Organization","@id":"https:\/\/tuzlainfo.ba\/#organization","name":"TuzlaInfo.ba","url":"https:\/\/tuzlainfo.ba\/","logo":{"@type":"ImageObject","inLanguage":"bs-BA","@id":"https:\/\/tuzlainfo.ba\/#\/schema\/logo\/image\/","url":"https:\/\/tuzlainfo.ba\/wp-content\/uploads\/2021\/03\/logo-ver-3-1.png","contentUrl":"https:\/\/tuzlainfo.ba\/wp-content\/uploads\/2021\/03\/logo-ver-3-1.png","width":350,"height":95,"caption":"TuzlaInfo.ba"},"image":{"@id":"https:\/\/tuzlainfo.ba\/#\/schema\/logo\/image\/"},"sameAs":["https:\/\/www.facebook.com\/tuzlainfo.ba\/"]},{"@type":"Person","@id":"https:\/\/tuzlainfo.ba\/#\/schema\/person\/46cad4c57790cbc50781edd14870825a","name":"Tuzla Info","image":{"@type":"ImageObject","inLanguage":"bs-BA","@id":"https:\/\/secure.gravatar.com\/avatar\/e980921b00fa2e552723a2386544734ce6885d2b2304ccca3f45186f9ca4031d?s=96&d=mm&r=g","url":"https:\/\/secure.gravatar.com\/avatar\/e980921b00fa2e552723a2386544734ce6885d2b2304ccca3f45186f9ca4031d?s=96&d=mm&r=g","contentUrl":"https:\/\/secure.gravatar.com\/avatar\/e980921b00fa2e552723a2386544734ce6885d2b2304ccca3f45186f9ca4031d?s=96&d=mm&r=g","caption":"Tuzla Info"}}]}},"_links":{"self":[{"href":"https:\/\/tuzlainfo.ba\/index.php\/wp-json\/wp\/v2\/posts\/182243","targetHints":{"allow":["GET"]}}],"collection":[{"href":"https:\/\/tuzlainfo.ba\/index.php\/wp-json\/wp\/v2\/posts"}],"about":[{"href":"https:\/\/tuzlainfo.ba\/index.php\/wp-json\/wp\/v2\/types\/post"}],"author":[{"embeddable":true,"href":"https:\/\/tuzlainfo.ba\/index.php\/wp-json\/wp\/v2\/users\/4"}],"replies":[{"embeddable":true,"href":"https:\/\/tuzlainfo.ba\/index.php\/wp-json\/wp\/v2\/comments?post=182243"}],"version-history":[{"count":0,"href":"https:\/\/tuzlainfo.ba\/index.php\/wp-json\/wp\/v2\/posts\/182243\/revisions"}],"wp:featuredmedia":[{"embeddable":true,"href":"https:\/\/tuzlainfo.ba\/index.php\/wp-json\/wp\/v2\/media\/182244"}],"wp:attachment":[{"href":"https:\/\/tuzlainfo.ba\/index.php\/wp-json\/wp\/v2\/media?parent=182243"}],"wp:term":[{"taxonomy":"category","embeddable":true,"href":"https:\/\/tuzlainfo.ba\/index.php\/wp-json\/wp\/v2\/categories?post=182243"},{"taxonomy":"post_tag","embeddable":true,"href":"https:\/\/tuzlainfo.ba\/index.php\/wp-json\/wp\/v2\/tags?post=182243"}],"curies":[{"name":"wp","href":"https:\/\/api.w.org\/{rel}","templated":true}]}}