{"id":182163,"date":"2022-08-25T12:49:16","date_gmt":"2022-08-25T10:49:16","guid":{"rendered":"https:\/\/tuzlainfo.ba\/?p=182163"},"modified":"2022-08-25T12:49:16","modified_gmt":"2022-08-25T10:49:16","slug":"na-trzistu-bih-u-soku-za-djecu-pronadjena-magnetna-svojsta","status":"publish","type":"post","link":"https:\/\/tuzlainfo.ba\/index.php\/bosna-i-hercegovina\/item\/182163-na-trzistu-bih-u-soku-za-djecu-pronadjena-magnetna-svojsta\/","title":{"rendered":"Na tr\u017ei\u0161tu BiH: U soku za djecu prona\u0111ena magnetna svojsta"},"content":{"rendered":"<p>Agencija za sigurnost hrane Bosne i Hercegovine je putem Sistema brzog uzbunjivanja za hranu i hranu za \u017eivotinje (EU RASFF) obavije\u0161tena da je na tr\u017ei\u0161te Bosne i Hercegovine isporu\u010den dje\u010dji sok od jabuke porijeklom iz Ma\u0111arske u kojem je utvr\u0111ena prisutnost stranih tijela sa magnetnim svojstvima. Obavijest se odnosi isklju\u010divo na proizvod sa sljede\u0107im podacima:<\/p>\n<p>&nbsp;<\/p>\n<p>Naziv proizvoda (kao na oznaci): \u201cSok S\u0142odkie Jab\u0142ka HIPP BIO po 4. miesi\u0105cu\u201d (Sok od jabuke HIPP BIO nakon 4. mjeseca)<\/p>\n<p>&nbsp;<\/p>\n<p>Brand: HIPP<\/p>\n<p>&nbsp;<\/p>\n<p>Podrijetlo: Ma\u0111arska<\/p>\n<p>&nbsp;<\/p>\n<p>Pakiranje: 0,2 l<\/p>\n<p>&nbsp;<\/p>\n<p>Rok uporabe: 31.10.2023.<\/p>\n<p>&nbsp;<\/p>\n<p>Uvoznik u Bosnu i Hercegovinu: Ataco d.o.o., Kne\u0161polje b.b., 88220 \u0160iroki Brijeg<\/p>\n<p>&nbsp;<\/p>\n<p>S obzirom na prisutnost stranih tijela, proizvod nije u skladu s odredbama Zakona o hrani (\u201eSlu\u017ebeni glasnik BiH\u201c, broj 50\/04).<\/p>\n","protected":false},"excerpt":{"rendered":"<p>Agencija za sigurnost hrane Bosne i Hercegovine je putem Sistema brzog uzbunjivanja za hranu i&hellip;<\/p>\n","protected":false},"author":4,"featured_media":182164,"comment_status":"open","ping_status":"closed","sticky":false,"template":"","format":"standard","meta":{"_acf_changed":false,"footnotes":""},"categories":[291,304],"tags":[5308,5307],"acf":[],"yoast_head":"<!-- This site is optimized with the Yoast SEO plugin v23.5 - https:\/\/yoast.com\/wordpress\/plugins\/seo\/ -->\n<title>Na tr\u017ei\u0161tu BiH: U soku za djecu prona\u0111ena magnetna svojsta - TuzlaInfo.ba<\/title>\n<meta name=\"robots\" content=\"index, follow, max-snippet:-1, max-image-preview:large, max-video-preview:-1\" \/>\n<link rel=\"canonical\" href=\"https:\/\/tuzlainfo.ba\/index.php\/bosna-i-hercegovina\/item\/182163-na-trzistu-bih-u-soku-za-djecu-pronadjena-magnetna-svojsta\/\" \/>\n<meta property=\"og:locale\" content=\"bs_BA\" \/>\n<meta property=\"og:type\" content=\"article\" \/>\n<meta property=\"og:title\" content=\"Na tr\u017ei\u0161tu BiH: U soku za djecu prona\u0111ena magnetna svojsta - TuzlaInfo.ba\" \/>\n<meta property=\"og:description\" content=\"Agencija za sigurnost hrane Bosne i Hercegovine je putem Sistema brzog uzbunjivanja za hranu i&hellip;\" \/>\n<meta property=\"og:url\" content=\"https:\/\/tuzlainfo.ba\/index.php\/bosna-i-hercegovina\/item\/182163-na-trzistu-bih-u-soku-za-djecu-pronadjena-magnetna-svojsta\/\" \/>\n<meta property=\"og:site_name\" content=\"TuzlaInfo.ba\" \/>\n<meta property=\"article:publisher\" content=\"https:\/\/www.facebook.com\/tuzlainfo.ba\/\" \/>\n<meta property=\"article:published_time\" content=\"2022-08-25T10:49:16+00:00\" \/>\n<meta property=\"og:image\" content=\"https:\/\/tuzlainfo.ba\/wp-content\/uploads\/2022\/08\/inbound6135178852992732124.jpg\" \/>\n\t<meta property=\"og:image:width\" content=\"1080\" \/>\n\t<meta property=\"og:image:height\" content=\"724\" \/>\n\t<meta property=\"og:image:type\" content=\"image\/jpeg\" \/>\n<meta name=\"author\" content=\"Tuzla Info\" \/>\n<meta name=\"twitter:card\" content=\"summary_large_image\" \/>\n<meta name=\"twitter:label1\" content=\"Written by\" \/>\n\t<meta name=\"twitter:data1\" content=\"Tuzla Info\" \/>\n\t<meta name=\"twitter:label2\" content=\"Est. reading time\" \/>\n\t<meta name=\"twitter:data2\" content=\"1 minuta\" \/>\n<script type=\"application\/ld+json\" class=\"yoast-schema-graph\">{\"@context\":\"https:\/\/schema.org\",\"@graph\":[{\"@type\":\"Article\",\"@id\":\"https:\/\/tuzlainfo.ba\/index.php\/bosna-i-hercegovina\/item\/182163-na-trzistu-bih-u-soku-za-djecu-pronadjena-magnetna-svojsta\/#article\",\"isPartOf\":{\"@id\":\"https:\/\/tuzlainfo.ba\/index.php\/bosna-i-hercegovina\/item\/182163-na-trzistu-bih-u-soku-za-djecu-pronadjena-magnetna-svojsta\/\"},\"author\":{\"name\":\"Tuzla Info\",\"@id\":\"https:\/\/tuzlainfo.ba\/#\/schema\/person\/46cad4c57790cbc50781edd14870825a\"},\"headline\":\"Na tr\u017ei\u0161tu BiH: U soku za djecu prona\u0111ena magnetna svojsta\",\"datePublished\":\"2022-08-25T10:49:16+00:00\",\"dateModified\":\"2022-08-25T10:49:16+00:00\",\"mainEntityOfPage\":{\"@id\":\"https:\/\/tuzlainfo.ba\/index.php\/bosna-i-hercegovina\/item\/182163-na-trzistu-bih-u-soku-za-djecu-pronadjena-magnetna-svojsta\/\"},\"wordCount\":150,\"commentCount\":0,\"publisher\":{\"@id\":\"https:\/\/tuzlainfo.ba\/#organization\"},\"image\":{\"@id\":\"https:\/\/tuzlainfo.ba\/index.php\/bosna-i-hercegovina\/item\/182163-na-trzistu-bih-u-soku-za-djecu-pronadjena-magnetna-svojsta\/#primaryimage\"},\"thumbnailUrl\":\"https:\/\/tuzlainfo.ba\/wp-content\/uploads\/2022\/08\/inbound6135178852992732124.jpg\",\"keywords\":[\"agencija za sigurnost hrane BiH\",\"Sok za djecu\"],\"articleSection\":[\"Bosna i Hercegovina\",\"Istaknuto\"],\"inLanguage\":\"bs-BA\"},{\"@type\":\"WebPage\",\"@id\":\"https:\/\/tuzlainfo.ba\/index.php\/bosna-i-hercegovina\/item\/182163-na-trzistu-bih-u-soku-za-djecu-pronadjena-magnetna-svojsta\/\",\"url\":\"https:\/\/tuzlainfo.ba\/index.php\/bosna-i-hercegovina\/item\/182163-na-trzistu-bih-u-soku-za-djecu-pronadjena-magnetna-svojsta\/\",\"name\":\"Na tr\u017ei\u0161tu BiH: U soku za djecu prona\u0111ena magnetna svojsta - TuzlaInfo.ba\",\"isPartOf\":{\"@id\":\"https:\/\/tuzlainfo.ba\/#website\"},\"primaryImageOfPage\":{\"@id\":\"https:\/\/tuzlainfo.ba\/index.php\/bosna-i-hercegovina\/item\/182163-na-trzistu-bih-u-soku-za-djecu-pronadjena-magnetna-svojsta\/#primaryimage\"},\"image\":{\"@id\":\"https:\/\/tuzlainfo.ba\/index.php\/bosna-i-hercegovina\/item\/182163-na-trzistu-bih-u-soku-za-djecu-pronadjena-magnetna-svojsta\/#primaryimage\"},\"thumbnailUrl\":\"https:\/\/tuzlainfo.ba\/wp-content\/uploads\/2022\/08\/inbound6135178852992732124.jpg\",\"datePublished\":\"2022-08-25T10:49:16+00:00\",\"dateModified\":\"2022-08-25T10:49:16+00:00\",\"breadcrumb\":{\"@id\":\"https:\/\/tuzlainfo.ba\/index.php\/bosna-i-hercegovina\/item\/182163-na-trzistu-bih-u-soku-za-djecu-pronadjena-magnetna-svojsta\/#breadcrumb\"},\"inLanguage\":\"bs-BA\",\"potentialAction\":[{\"@type\":\"ReadAction\",\"target\":[\"https:\/\/tuzlainfo.ba\/index.php\/bosna-i-hercegovina\/item\/182163-na-trzistu-bih-u-soku-za-djecu-pronadjena-magnetna-svojsta\/\"]}]},{\"@type\":\"ImageObject\",\"inLanguage\":\"bs-BA\",\"@id\":\"https:\/\/tuzlainfo.ba\/index.php\/bosna-i-hercegovina\/item\/182163-na-trzistu-bih-u-soku-za-djecu-pronadjena-magnetna-svojsta\/#primaryimage\",\"url\":\"https:\/\/tuzlainfo.ba\/wp-content\/uploads\/2022\/08\/inbound6135178852992732124.jpg\",\"contentUrl\":\"https:\/\/tuzlainfo.ba\/wp-content\/uploads\/2022\/08\/inbound6135178852992732124.jpg\",\"width\":1080,\"height\":724},{\"@type\":\"BreadcrumbList\",\"@id\":\"https:\/\/tuzlainfo.ba\/index.php\/bosna-i-hercegovina\/item\/182163-na-trzistu-bih-u-soku-za-djecu-pronadjena-magnetna-svojsta\/#breadcrumb\",\"itemListElement\":[{\"@type\":\"ListItem\",\"position\":1,\"name\":\"Home\",\"item\":\"https:\/\/tuzlainfo.ba\/\"},{\"@type\":\"ListItem\",\"position\":2,\"name\":\"Na tr\u017ei\u0161tu BiH: U soku za djecu prona\u0111ena magnetna svojsta\"}]},{\"@type\":\"WebSite\",\"@id\":\"https:\/\/tuzlainfo.ba\/#website\",\"url\":\"https:\/\/tuzlainfo.ba\/\",\"name\":\"TuzlaInfo.ba\",\"description\":\"Tuzla info, gradski informator - Tuzla na dlanu\",\"publisher\":{\"@id\":\"https:\/\/tuzlainfo.ba\/#organization\"},\"potentialAction\":[{\"@type\":\"SearchAction\",\"target\":{\"@type\":\"EntryPoint\",\"urlTemplate\":\"https:\/\/tuzlainfo.ba\/?s={search_term_string}\"},\"query-input\":{\"@type\":\"PropertyValueSpecification\",\"valueRequired\":true,\"valueName\":\"search_term_string\"}}],\"inLanguage\":\"bs-BA\"},{\"@type\":\"Organization\",\"@id\":\"https:\/\/tuzlainfo.ba\/#organization\",\"name\":\"TuzlaInfo.ba\",\"url\":\"https:\/\/tuzlainfo.ba\/\",\"logo\":{\"@type\":\"ImageObject\",\"inLanguage\":\"bs-BA\",\"@id\":\"https:\/\/tuzlainfo.ba\/#\/schema\/logo\/image\/\",\"url\":\"https:\/\/tuzlainfo.ba\/wp-content\/uploads\/2021\/03\/logo-ver-3-1.png\",\"contentUrl\":\"https:\/\/tuzlainfo.ba\/wp-content\/uploads\/2021\/03\/logo-ver-3-1.png\",\"width\":350,\"height\":95,\"caption\":\"TuzlaInfo.ba\"},\"image\":{\"@id\":\"https:\/\/tuzlainfo.ba\/#\/schema\/logo\/image\/\"},\"sameAs\":[\"https:\/\/www.facebook.com\/tuzlainfo.ba\/\"]},{\"@type\":\"Person\",\"@id\":\"https:\/\/tuzlainfo.ba\/#\/schema\/person\/46cad4c57790cbc50781edd14870825a\",\"name\":\"Tuzla Info\",\"image\":{\"@type\":\"ImageObject\",\"inLanguage\":\"bs-BA\",\"@id\":\"https:\/\/tuzlainfo.ba\/#\/schema\/person\/image\/\",\"url\":\"https:\/\/tuzlainfo.ba\/wp-content\/litespeed\/avatar\/b6c453a6c38e3654f2e4416c643fc25c.jpg?ver=1777051911\",\"contentUrl\":\"https:\/\/tuzlainfo.ba\/wp-content\/litespeed\/avatar\/b6c453a6c38e3654f2e4416c643fc25c.jpg?ver=1777051911\",\"caption\":\"Tuzla Info\"}}]}<\/script>\n<!-- \/ Yoast SEO plugin. -->","yoast_head_json":{"title":"Na tr\u017ei\u0161tu BiH: U soku za djecu prona\u0111ena magnetna svojsta - TuzlaInfo.ba","robots":{"index":"index","follow":"follow","max-snippet":"max-snippet:-1","max-image-preview":"max-image-preview:large","max-video-preview":"max-video-preview:-1"},"canonical":"https:\/\/tuzlainfo.ba\/index.php\/bosna-i-hercegovina\/item\/182163-na-trzistu-bih-u-soku-za-djecu-pronadjena-magnetna-svojsta\/","og_locale":"bs_BA","og_type":"article","og_title":"Na tr\u017ei\u0161tu BiH: U soku za djecu prona\u0111ena magnetna svojsta - TuzlaInfo.ba","og_description":"Agencija za sigurnost hrane Bosne i Hercegovine je putem Sistema brzog uzbunjivanja za hranu i&hellip;","og_url":"https:\/\/tuzlainfo.ba\/index.php\/bosna-i-hercegovina\/item\/182163-na-trzistu-bih-u-soku-za-djecu-pronadjena-magnetna-svojsta\/","og_site_name":"TuzlaInfo.ba","article_publisher":"https:\/\/www.facebook.com\/tuzlainfo.ba\/","article_published_time":"2022-08-25T10:49:16+00:00","og_image":[{"width":1080,"height":724,"url":"https:\/\/tuzlainfo.ba\/wp-content\/uploads\/2022\/08\/inbound6135178852992732124.jpg","type":"image\/jpeg"}],"author":"Tuzla Info","twitter_card":"summary_large_image","twitter_misc":{"Written by":"Tuzla Info","Est. reading time":"1 minuta"},"schema":{"@context":"https:\/\/schema.org","@graph":[{"@type":"Article","@id":"https:\/\/tuzlainfo.ba\/index.php\/bosna-i-hercegovina\/item\/182163-na-trzistu-bih-u-soku-za-djecu-pronadjena-magnetna-svojsta\/#article","isPartOf":{"@id":"https:\/\/tuzlainfo.ba\/index.php\/bosna-i-hercegovina\/item\/182163-na-trzistu-bih-u-soku-za-djecu-pronadjena-magnetna-svojsta\/"},"author":{"name":"Tuzla Info","@id":"https:\/\/tuzlainfo.ba\/#\/schema\/person\/46cad4c57790cbc50781edd14870825a"},"headline":"Na tr\u017ei\u0161tu BiH: U soku za djecu prona\u0111ena magnetna svojsta","datePublished":"2022-08-25T10:49:16+00:00","dateModified":"2022-08-25T10:49:16+00:00","mainEntityOfPage":{"@id":"https:\/\/tuzlainfo.ba\/index.php\/bosna-i-hercegovina\/item\/182163-na-trzistu-bih-u-soku-za-djecu-pronadjena-magnetna-svojsta\/"},"wordCount":150,"commentCount":0,"publisher":{"@id":"https:\/\/tuzlainfo.ba\/#organization"},"image":{"@id":"https:\/\/tuzlainfo.ba\/index.php\/bosna-i-hercegovina\/item\/182163-na-trzistu-bih-u-soku-za-djecu-pronadjena-magnetna-svojsta\/#primaryimage"},"thumbnailUrl":"https:\/\/tuzlainfo.ba\/wp-content\/uploads\/2022\/08\/inbound6135178852992732124.jpg","keywords":["agencija za sigurnost hrane BiH","Sok za djecu"],"articleSection":["Bosna i Hercegovina","Istaknuto"],"inLanguage":"bs-BA"},{"@type":"WebPage","@id":"https:\/\/tuzlainfo.ba\/index.php\/bosna-i-hercegovina\/item\/182163-na-trzistu-bih-u-soku-za-djecu-pronadjena-magnetna-svojsta\/","url":"https:\/\/tuzlainfo.ba\/index.php\/bosna-i-hercegovina\/item\/182163-na-trzistu-bih-u-soku-za-djecu-pronadjena-magnetna-svojsta\/","name":"Na tr\u017ei\u0161tu BiH: U soku za djecu prona\u0111ena magnetna svojsta - TuzlaInfo.ba","isPartOf":{"@id":"https:\/\/tuzlainfo.ba\/#website"},"primaryImageOfPage":{"@id":"https:\/\/tuzlainfo.ba\/index.php\/bosna-i-hercegovina\/item\/182163-na-trzistu-bih-u-soku-za-djecu-pronadjena-magnetna-svojsta\/#primaryimage"},"image":{"@id":"https:\/\/tuzlainfo.ba\/index.php\/bosna-i-hercegovina\/item\/182163-na-trzistu-bih-u-soku-za-djecu-pronadjena-magnetna-svojsta\/#primaryimage"},"thumbnailUrl":"https:\/\/tuzlainfo.ba\/wp-content\/uploads\/2022\/08\/inbound6135178852992732124.jpg","datePublished":"2022-08-25T10:49:16+00:00","dateModified":"2022-08-25T10:49:16+00:00","breadcrumb":{"@id":"https:\/\/tuzlainfo.ba\/index.php\/bosna-i-hercegovina\/item\/182163-na-trzistu-bih-u-soku-za-djecu-pronadjena-magnetna-svojsta\/#breadcrumb"},"inLanguage":"bs-BA","potentialAction":[{"@type":"ReadAction","target":["https:\/\/tuzlainfo.ba\/index.php\/bosna-i-hercegovina\/item\/182163-na-trzistu-bih-u-soku-za-djecu-pronadjena-magnetna-svojsta\/"]}]},{"@type":"ImageObject","inLanguage":"bs-BA","@id":"https:\/\/tuzlainfo.ba\/index.php\/bosna-i-hercegovina\/item\/182163-na-trzistu-bih-u-soku-za-djecu-pronadjena-magnetna-svojsta\/#primaryimage","url":"https:\/\/tuzlainfo.ba\/wp-content\/uploads\/2022\/08\/inbound6135178852992732124.jpg","contentUrl":"https:\/\/tuzlainfo.ba\/wp-content\/uploads\/2022\/08\/inbound6135178852992732124.jpg","width":1080,"height":724},{"@type":"BreadcrumbList","@id":"https:\/\/tuzlainfo.ba\/index.php\/bosna-i-hercegovina\/item\/182163-na-trzistu-bih-u-soku-za-djecu-pronadjena-magnetna-svojsta\/#breadcrumb","itemListElement":[{"@type":"ListItem","position":1,"name":"Home","item":"https:\/\/tuzlainfo.ba\/"},{"@type":"ListItem","position":2,"name":"Na tr\u017ei\u0161tu BiH: U soku za djecu prona\u0111ena magnetna svojsta"}]},{"@type":"WebSite","@id":"https:\/\/tuzlainfo.ba\/#website","url":"https:\/\/tuzlainfo.ba\/","name":"TuzlaInfo.ba","description":"Tuzla info, gradski informator - Tuzla na dlanu","publisher":{"@id":"https:\/\/tuzlainfo.ba\/#organization"},"potentialAction":[{"@type":"SearchAction","target":{"@type":"EntryPoint","urlTemplate":"https:\/\/tuzlainfo.ba\/?s={search_term_string}"},"query-input":{"@type":"PropertyValueSpecification","valueRequired":true,"valueName":"search_term_string"}}],"inLanguage":"bs-BA"},{"@type":"Organization","@id":"https:\/\/tuzlainfo.ba\/#organization","name":"TuzlaInfo.ba","url":"https:\/\/tuzlainfo.ba\/","logo":{"@type":"ImageObject","inLanguage":"bs-BA","@id":"https:\/\/tuzlainfo.ba\/#\/schema\/logo\/image\/","url":"https:\/\/tuzlainfo.ba\/wp-content\/uploads\/2021\/03\/logo-ver-3-1.png","contentUrl":"https:\/\/tuzlainfo.ba\/wp-content\/uploads\/2021\/03\/logo-ver-3-1.png","width":350,"height":95,"caption":"TuzlaInfo.ba"},"image":{"@id":"https:\/\/tuzlainfo.ba\/#\/schema\/logo\/image\/"},"sameAs":["https:\/\/www.facebook.com\/tuzlainfo.ba\/"]},{"@type":"Person","@id":"https:\/\/tuzlainfo.ba\/#\/schema\/person\/46cad4c57790cbc50781edd14870825a","name":"Tuzla Info","image":{"@type":"ImageObject","inLanguage":"bs-BA","@id":"https:\/\/tuzlainfo.ba\/#\/schema\/person\/image\/","url":"https:\/\/tuzlainfo.ba\/wp-content\/litespeed\/avatar\/b6c453a6c38e3654f2e4416c643fc25c.jpg?ver=1777051911","contentUrl":"https:\/\/tuzlainfo.ba\/wp-content\/litespeed\/avatar\/b6c453a6c38e3654f2e4416c643fc25c.jpg?ver=1777051911","caption":"Tuzla Info"}}]}},"_links":{"self":[{"href":"https:\/\/tuzlainfo.ba\/index.php\/wp-json\/wp\/v2\/posts\/182163"}],"collection":[{"href":"https:\/\/tuzlainfo.ba\/index.php\/wp-json\/wp\/v2\/posts"}],"about":[{"href":"https:\/\/tuzlainfo.ba\/index.php\/wp-json\/wp\/v2\/types\/post"}],"author":[{"embeddable":true,"href":"https:\/\/tuzlainfo.ba\/index.php\/wp-json\/wp\/v2\/users\/4"}],"replies":[{"embeddable":true,"href":"https:\/\/tuzlainfo.ba\/index.php\/wp-json\/wp\/v2\/comments?post=182163"}],"version-history":[{"count":0,"href":"https:\/\/tuzlainfo.ba\/index.php\/wp-json\/wp\/v2\/posts\/182163\/revisions"}],"wp:featuredmedia":[{"embeddable":true,"href":"https:\/\/tuzlainfo.ba\/index.php\/wp-json\/wp\/v2\/media\/182164"}],"wp:attachment":[{"href":"https:\/\/tuzlainfo.ba\/index.php\/wp-json\/wp\/v2\/media?parent=182163"}],"wp:term":[{"taxonomy":"category","embeddable":true,"href":"https:\/\/tuzlainfo.ba\/index.php\/wp-json\/wp\/v2\/categories?post=182163"},{"taxonomy":"post_tag","embeddable":true,"href":"https:\/\/tuzlainfo.ba\/index.php\/wp-json\/wp\/v2\/tags?post=182163"}],"curies":[{"name":"wp","href":"https:\/\/api.w.org\/{rel}","templated":true}]}}