{"id":182026,"date":"2022-08-23T17:36:17","date_gmt":"2022-08-23T15:36:17","guid":{"rendered":"https:\/\/tuzlainfo.ba\/?p=182026"},"modified":"2022-08-23T17:36:17","modified_gmt":"2022-08-23T15:36:17","slug":"sokantan-slucaj-u-bih-ljekarima-ispala-beba-nakon-porodjaja-dobila-povrede-glave","status":"publish","type":"post","link":"https:\/\/tuzlainfo.ba\/index.php\/bosna-i-hercegovina\/item\/182026-sokantan-slucaj-u-bih-ljekarima-ispala-beba-nakon-porodjaja-dobila-povrede-glave\/","title":{"rendered":"\u0160okantan slu\u010daj u BiH: Ljekarima ispala beba nakon poro\u0111aja, dobila povrede glave"},"content":{"rendered":"<p>Policija provjerava navode prijave zboh nesavjesnog pru\u017eanja ljekarske pomo\u0107i u Univerzitetskoj bolnici Fo\u010da gdje je novoro\u0111en\u010de zadobilo povrede u predjelu glave, potvr\u0111eno je &#8220;Nezavisnim novinama&#8221;.<\/p>\n<p>&nbsp;<\/p>\n<p>Izvor \u201cNezavisnih\u201d rekao je da je beba ro\u0111ena prije nekoliko dana te da se provjeravaju navodi prijave da je tokom poroda medicinskom radniku beba ispala na pod \u010demu je navodno prisustvovalo vi\u0161e osoba, ali da u tom momentu nisu adekvatno odreagovali.<\/p>\n<p>&nbsp;<\/p>\n<p>\u201cBeba je u takvom stanju predata majci, ali se njeno stanje iskomplikovalo i beba je upu\u0107ena u Sarajevo gdje je konstatovano da ima povrede glave\u201d, rekli su na\u0161i izvori.<\/p>\n<p>&nbsp;<\/p>\n<p>Kako nam je re\u010deno u Policijskoj uprave Fo\u010da, slu\u010daj je 20. avgusta policiji prvo prijavio de\u017eurni ljekar KCU Sarajevo.<\/p>\n<p>&nbsp;<\/p>\n<p>Policiji je rekao da je u KCU Sarajevo dovezeno novoro\u0111en\u010de sa povredama u predjelu glave, ro\u0111eno u Univerzitetskoj bolnici Fo\u010da.<\/p>\n<p>&nbsp;<\/p>\n<p>\u201cIstog dana od strane oca novoro\u0111en\u010deta prijavljen je nesavjesan rad ljekara u Univerzitetskoj bolnici Fo\u010da. O svemu je obavije\u0161ten tu\u017eilac Okru\u017enog javnog tu\u017eila\u0161tva Trebinje koji je nalo\u017eio da se preduzmu sve mjere i radnje na dokumentovanju krivi\u010dnog djela nesavjesno pru\u017eanje ljekarske pomo\u0107i\u201d, rekli su u PU Fo\u010da.<\/p>\n<p>&nbsp;<\/p>\n<p>Na\u0161i izvori ka\u017eu da je beba operisana i prema nezvani\u010dnim informacijama nije \u017eivotno ugro\u017eena.<\/p>\n<p>&nbsp;<\/p>\n<p>Iz Okru\u017enog javnog Tu\u017eila\u0161tva Trebinje su nam rekli da je tu\u017eilac nalo\u017eio policijskim slu\u017ebenicima Policijske uprave Fo\u010da da iz bolnice u Fo\u010di izuzmu dokumentaciju i saslu\u0161aju medicinsko osoblje ali i o\u0161te\u0107enu porodicu, te nakon toga da dostave izvje\u0161taj Tu\u017eila\u0161tvu.<\/p>\n<p>&nbsp;<\/p>\n<p>Kako nezvani\u010dno saznajemo predmet istrage su dva doktora i medicinska sestra.<\/p>\n<p>&nbsp;<\/p>\n<p>O ovom slu\u010daju poku\u0161ali smo kontaktirati i fo\u010dansku bolnicu, ali niko se nije javljao na telefon pi\u0161u Nezavisne.<\/p>\n","protected":false},"excerpt":{"rendered":"<p>Policija provjerava navode prijave zboh nesavjesnog pru\u017eanja ljekarske pomo\u0107i u Univerzitetskoj bolnici Fo\u010da gdje je&hellip;<\/p>\n","protected":false},"author":4,"featured_media":76446,"comment_status":"open","ping_status":"closed","sticky":false,"template":"","format":"standard","meta":{"_acf_changed":false,"footnotes":""},"categories":[291],"tags":[2933,2858],"acf":[],"yoast_head":"<!-- This site is optimized with the Yoast SEO plugin v23.5 - https:\/\/yoast.com\/wordpress\/plugins\/seo\/ -->\n<title>\u0160okantan slu\u010daj u BiH: Ljekarima ispala beba nakon poro\u0111aja, dobila povrede glave - TuzlaInfo.ba<\/title>\n<meta name=\"robots\" content=\"index, follow, max-snippet:-1, max-image-preview:large, max-video-preview:-1\" \/>\n<link rel=\"canonical\" href=\"https:\/\/tuzlainfo.ba\/index.php\/bosna-i-hercegovina\/item\/182026-sokantan-slucaj-u-bih-ljekarima-ispala-beba-nakon-porodjaja-dobila-povrede-glave\/\" \/>\n<meta property=\"og:locale\" content=\"bs_BA\" \/>\n<meta property=\"og:type\" content=\"article\" \/>\n<meta property=\"og:title\" content=\"\u0160okantan slu\u010daj u BiH: Ljekarima ispala beba nakon poro\u0111aja, dobila povrede glave - TuzlaInfo.ba\" \/>\n<meta property=\"og:description\" content=\"Policija provjerava navode prijave zboh nesavjesnog pru\u017eanja ljekarske pomo\u0107i u Univerzitetskoj bolnici Fo\u010da gdje je&hellip;\" \/>\n<meta property=\"og:url\" content=\"https:\/\/tuzlainfo.ba\/index.php\/bosna-i-hercegovina\/item\/182026-sokantan-slucaj-u-bih-ljekarima-ispala-beba-nakon-porodjaja-dobila-povrede-glave\/\" \/>\n<meta property=\"og:site_name\" content=\"TuzlaInfo.ba\" \/>\n<meta property=\"article:publisher\" content=\"https:\/\/www.facebook.com\/tuzlainfo.ba\/\" \/>\n<meta property=\"article:published_time\" content=\"2022-08-23T15:36:17+00:00\" \/>\n<meta property=\"og:image\" content=\"https:\/\/tuzlainfo.ba\/wp-content\/uploads\/2020\/01\/sadrzaj_2020_20200102_2401_beba.jpg\" \/>\n\t<meta property=\"og:image:width\" content=\"770\" \/>\n\t<meta property=\"og:image:height\" content=\"513\" \/>\n\t<meta property=\"og:image:type\" content=\"image\/jpeg\" \/>\n<meta name=\"author\" content=\"Tuzla Info\" \/>\n<meta name=\"twitter:card\" content=\"summary_large_image\" \/>\n<meta name=\"twitter:label1\" content=\"Written by\" \/>\n\t<meta name=\"twitter:data1\" content=\"Tuzla Info\" \/>\n\t<meta name=\"twitter:label2\" content=\"Est. reading time\" \/>\n\t<meta name=\"twitter:data2\" content=\"2 minute\" \/>\n<script type=\"application\/ld+json\" class=\"yoast-schema-graph\">{\"@context\":\"https:\/\/schema.org\",\"@graph\":[{\"@type\":\"Article\",\"@id\":\"https:\/\/tuzlainfo.ba\/index.php\/bosna-i-hercegovina\/item\/182026-sokantan-slucaj-u-bih-ljekarima-ispala-beba-nakon-porodjaja-dobila-povrede-glave\/#article\",\"isPartOf\":{\"@id\":\"https:\/\/tuzlainfo.ba\/index.php\/bosna-i-hercegovina\/item\/182026-sokantan-slucaj-u-bih-ljekarima-ispala-beba-nakon-porodjaja-dobila-povrede-glave\/\"},\"author\":{\"name\":\"Tuzla Info\",\"@id\":\"https:\/\/tuzlainfo.ba\/#\/schema\/person\/46cad4c57790cbc50781edd14870825a\"},\"headline\":\"\u0160okantan slu\u010daj u BiH: Ljekarima ispala beba nakon poro\u0111aja, dobila povrede glave\",\"datePublished\":\"2022-08-23T15:36:17+00:00\",\"dateModified\":\"2022-08-23T15:36:17+00:00\",\"mainEntityOfPage\":{\"@id\":\"https:\/\/tuzlainfo.ba\/index.php\/bosna-i-hercegovina\/item\/182026-sokantan-slucaj-u-bih-ljekarima-ispala-beba-nakon-porodjaja-dobila-povrede-glave\/\"},\"wordCount\":339,\"commentCount\":0,\"publisher\":{\"@id\":\"https:\/\/tuzlainfo.ba\/#organization\"},\"image\":{\"@id\":\"https:\/\/tuzlainfo.ba\/index.php\/bosna-i-hercegovina\/item\/182026-sokantan-slucaj-u-bih-ljekarima-ispala-beba-nakon-porodjaja-dobila-povrede-glave\/#primaryimage\"},\"thumbnailUrl\":\"https:\/\/tuzlainfo.ba\/wp-content\/uploads\/2020\/01\/sadrzaj_2020_20200102_2401_beba.jpg\",\"keywords\":[\"beba\",\"poro\u0111aj\"],\"articleSection\":[\"Bosna i Hercegovina\"],\"inLanguage\":\"bs-BA\"},{\"@type\":\"WebPage\",\"@id\":\"https:\/\/tuzlainfo.ba\/index.php\/bosna-i-hercegovina\/item\/182026-sokantan-slucaj-u-bih-ljekarima-ispala-beba-nakon-porodjaja-dobila-povrede-glave\/\",\"url\":\"https:\/\/tuzlainfo.ba\/index.php\/bosna-i-hercegovina\/item\/182026-sokantan-slucaj-u-bih-ljekarima-ispala-beba-nakon-porodjaja-dobila-povrede-glave\/\",\"name\":\"\u0160okantan slu\u010daj u BiH: Ljekarima ispala beba nakon poro\u0111aja, dobila povrede glave - TuzlaInfo.ba\",\"isPartOf\":{\"@id\":\"https:\/\/tuzlainfo.ba\/#website\"},\"primaryImageOfPage\":{\"@id\":\"https:\/\/tuzlainfo.ba\/index.php\/bosna-i-hercegovina\/item\/182026-sokantan-slucaj-u-bih-ljekarima-ispala-beba-nakon-porodjaja-dobila-povrede-glave\/#primaryimage\"},\"image\":{\"@id\":\"https:\/\/tuzlainfo.ba\/index.php\/bosna-i-hercegovina\/item\/182026-sokantan-slucaj-u-bih-ljekarima-ispala-beba-nakon-porodjaja-dobila-povrede-glave\/#primaryimage\"},\"thumbnailUrl\":\"https:\/\/tuzlainfo.ba\/wp-content\/uploads\/2020\/01\/sadrzaj_2020_20200102_2401_beba.jpg\",\"datePublished\":\"2022-08-23T15:36:17+00:00\",\"dateModified\":\"2022-08-23T15:36:17+00:00\",\"breadcrumb\":{\"@id\":\"https:\/\/tuzlainfo.ba\/index.php\/bosna-i-hercegovina\/item\/182026-sokantan-slucaj-u-bih-ljekarima-ispala-beba-nakon-porodjaja-dobila-povrede-glave\/#breadcrumb\"},\"inLanguage\":\"bs-BA\",\"potentialAction\":[{\"@type\":\"ReadAction\",\"target\":[\"https:\/\/tuzlainfo.ba\/index.php\/bosna-i-hercegovina\/item\/182026-sokantan-slucaj-u-bih-ljekarima-ispala-beba-nakon-porodjaja-dobila-povrede-glave\/\"]}]},{\"@type\":\"ImageObject\",\"inLanguage\":\"bs-BA\",\"@id\":\"https:\/\/tuzlainfo.ba\/index.php\/bosna-i-hercegovina\/item\/182026-sokantan-slucaj-u-bih-ljekarima-ispala-beba-nakon-porodjaja-dobila-povrede-glave\/#primaryimage\",\"url\":\"https:\/\/tuzlainfo.ba\/wp-content\/uploads\/2020\/01\/sadrzaj_2020_20200102_2401_beba.jpg\",\"contentUrl\":\"https:\/\/tuzlainfo.ba\/wp-content\/uploads\/2020\/01\/sadrzaj_2020_20200102_2401_beba.jpg\",\"width\":770,\"height\":513,\"caption\":\"2401 beba\"},{\"@type\":\"BreadcrumbList\",\"@id\":\"https:\/\/tuzlainfo.ba\/index.php\/bosna-i-hercegovina\/item\/182026-sokantan-slucaj-u-bih-ljekarima-ispala-beba-nakon-porodjaja-dobila-povrede-glave\/#breadcrumb\",\"itemListElement\":[{\"@type\":\"ListItem\",\"position\":1,\"name\":\"Home\",\"item\":\"https:\/\/tuzlainfo.ba\/\"},{\"@type\":\"ListItem\",\"position\":2,\"name\":\"\u0160okantan slu\u010daj u BiH: Ljekarima ispala beba nakon poro\u0111aja, dobila povrede glave\"}]},{\"@type\":\"WebSite\",\"@id\":\"https:\/\/tuzlainfo.ba\/#website\",\"url\":\"https:\/\/tuzlainfo.ba\/\",\"name\":\"TuzlaInfo.ba\",\"description\":\"Tuzla info, gradski informator - Tuzla na dlanu\",\"publisher\":{\"@id\":\"https:\/\/tuzlainfo.ba\/#organization\"},\"potentialAction\":[{\"@type\":\"SearchAction\",\"target\":{\"@type\":\"EntryPoint\",\"urlTemplate\":\"https:\/\/tuzlainfo.ba\/?s={search_term_string}\"},\"query-input\":{\"@type\":\"PropertyValueSpecification\",\"valueRequired\":true,\"valueName\":\"search_term_string\"}}],\"inLanguage\":\"bs-BA\"},{\"@type\":\"Organization\",\"@id\":\"https:\/\/tuzlainfo.ba\/#organization\",\"name\":\"TuzlaInfo.ba\",\"url\":\"https:\/\/tuzlainfo.ba\/\",\"logo\":{\"@type\":\"ImageObject\",\"inLanguage\":\"bs-BA\",\"@id\":\"https:\/\/tuzlainfo.ba\/#\/schema\/logo\/image\/\",\"url\":\"https:\/\/tuzlainfo.ba\/wp-content\/uploads\/2021\/03\/logo-ver-3-1.png\",\"contentUrl\":\"https:\/\/tuzlainfo.ba\/wp-content\/uploads\/2021\/03\/logo-ver-3-1.png\",\"width\":350,\"height\":95,\"caption\":\"TuzlaInfo.ba\"},\"image\":{\"@id\":\"https:\/\/tuzlainfo.ba\/#\/schema\/logo\/image\/\"},\"sameAs\":[\"https:\/\/www.facebook.com\/tuzlainfo.ba\/\"]},{\"@type\":\"Person\",\"@id\":\"https:\/\/tuzlainfo.ba\/#\/schema\/person\/46cad4c57790cbc50781edd14870825a\",\"name\":\"Tuzla Info\",\"image\":{\"@type\":\"ImageObject\",\"inLanguage\":\"bs-BA\",\"@id\":\"https:\/\/tuzlainfo.ba\/#\/schema\/person\/image\/\",\"url\":\"https:\/\/tuzlainfo.ba\/wp-content\/litespeed\/avatar\/b6c453a6c38e3654f2e4416c643fc25c.jpg?ver=1777051911\",\"contentUrl\":\"https:\/\/tuzlainfo.ba\/wp-content\/litespeed\/avatar\/b6c453a6c38e3654f2e4416c643fc25c.jpg?ver=1777051911\",\"caption\":\"Tuzla Info\"}}]}<\/script>\n<!-- \/ Yoast SEO plugin. -->","yoast_head_json":{"title":"\u0160okantan slu\u010daj u BiH: Ljekarima ispala beba nakon poro\u0111aja, dobila povrede glave - TuzlaInfo.ba","robots":{"index":"index","follow":"follow","max-snippet":"max-snippet:-1","max-image-preview":"max-image-preview:large","max-video-preview":"max-video-preview:-1"},"canonical":"https:\/\/tuzlainfo.ba\/index.php\/bosna-i-hercegovina\/item\/182026-sokantan-slucaj-u-bih-ljekarima-ispala-beba-nakon-porodjaja-dobila-povrede-glave\/","og_locale":"bs_BA","og_type":"article","og_title":"\u0160okantan slu\u010daj u BiH: Ljekarima ispala beba nakon poro\u0111aja, dobila povrede glave - TuzlaInfo.ba","og_description":"Policija provjerava navode prijave zboh nesavjesnog pru\u017eanja ljekarske pomo\u0107i u Univerzitetskoj bolnici Fo\u010da gdje je&hellip;","og_url":"https:\/\/tuzlainfo.ba\/index.php\/bosna-i-hercegovina\/item\/182026-sokantan-slucaj-u-bih-ljekarima-ispala-beba-nakon-porodjaja-dobila-povrede-glave\/","og_site_name":"TuzlaInfo.ba","article_publisher":"https:\/\/www.facebook.com\/tuzlainfo.ba\/","article_published_time":"2022-08-23T15:36:17+00:00","og_image":[{"width":770,"height":513,"url":"https:\/\/tuzlainfo.ba\/wp-content\/uploads\/2020\/01\/sadrzaj_2020_20200102_2401_beba.jpg","type":"image\/jpeg"}],"author":"Tuzla Info","twitter_card":"summary_large_image","twitter_misc":{"Written by":"Tuzla Info","Est. reading time":"2 minute"},"schema":{"@context":"https:\/\/schema.org","@graph":[{"@type":"Article","@id":"https:\/\/tuzlainfo.ba\/index.php\/bosna-i-hercegovina\/item\/182026-sokantan-slucaj-u-bih-ljekarima-ispala-beba-nakon-porodjaja-dobila-povrede-glave\/#article","isPartOf":{"@id":"https:\/\/tuzlainfo.ba\/index.php\/bosna-i-hercegovina\/item\/182026-sokantan-slucaj-u-bih-ljekarima-ispala-beba-nakon-porodjaja-dobila-povrede-glave\/"},"author":{"name":"Tuzla Info","@id":"https:\/\/tuzlainfo.ba\/#\/schema\/person\/46cad4c57790cbc50781edd14870825a"},"headline":"\u0160okantan slu\u010daj u BiH: Ljekarima ispala beba nakon poro\u0111aja, dobila povrede glave","datePublished":"2022-08-23T15:36:17+00:00","dateModified":"2022-08-23T15:36:17+00:00","mainEntityOfPage":{"@id":"https:\/\/tuzlainfo.ba\/index.php\/bosna-i-hercegovina\/item\/182026-sokantan-slucaj-u-bih-ljekarima-ispala-beba-nakon-porodjaja-dobila-povrede-glave\/"},"wordCount":339,"commentCount":0,"publisher":{"@id":"https:\/\/tuzlainfo.ba\/#organization"},"image":{"@id":"https:\/\/tuzlainfo.ba\/index.php\/bosna-i-hercegovina\/item\/182026-sokantan-slucaj-u-bih-ljekarima-ispala-beba-nakon-porodjaja-dobila-povrede-glave\/#primaryimage"},"thumbnailUrl":"https:\/\/tuzlainfo.ba\/wp-content\/uploads\/2020\/01\/sadrzaj_2020_20200102_2401_beba.jpg","keywords":["beba","poro\u0111aj"],"articleSection":["Bosna i Hercegovina"],"inLanguage":"bs-BA"},{"@type":"WebPage","@id":"https:\/\/tuzlainfo.ba\/index.php\/bosna-i-hercegovina\/item\/182026-sokantan-slucaj-u-bih-ljekarima-ispala-beba-nakon-porodjaja-dobila-povrede-glave\/","url":"https:\/\/tuzlainfo.ba\/index.php\/bosna-i-hercegovina\/item\/182026-sokantan-slucaj-u-bih-ljekarima-ispala-beba-nakon-porodjaja-dobila-povrede-glave\/","name":"\u0160okantan slu\u010daj u BiH: Ljekarima ispala beba nakon poro\u0111aja, dobila povrede glave - TuzlaInfo.ba","isPartOf":{"@id":"https:\/\/tuzlainfo.ba\/#website"},"primaryImageOfPage":{"@id":"https:\/\/tuzlainfo.ba\/index.php\/bosna-i-hercegovina\/item\/182026-sokantan-slucaj-u-bih-ljekarima-ispala-beba-nakon-porodjaja-dobila-povrede-glave\/#primaryimage"},"image":{"@id":"https:\/\/tuzlainfo.ba\/index.php\/bosna-i-hercegovina\/item\/182026-sokantan-slucaj-u-bih-ljekarima-ispala-beba-nakon-porodjaja-dobila-povrede-glave\/#primaryimage"},"thumbnailUrl":"https:\/\/tuzlainfo.ba\/wp-content\/uploads\/2020\/01\/sadrzaj_2020_20200102_2401_beba.jpg","datePublished":"2022-08-23T15:36:17+00:00","dateModified":"2022-08-23T15:36:17+00:00","breadcrumb":{"@id":"https:\/\/tuzlainfo.ba\/index.php\/bosna-i-hercegovina\/item\/182026-sokantan-slucaj-u-bih-ljekarima-ispala-beba-nakon-porodjaja-dobila-povrede-glave\/#breadcrumb"},"inLanguage":"bs-BA","potentialAction":[{"@type":"ReadAction","target":["https:\/\/tuzlainfo.ba\/index.php\/bosna-i-hercegovina\/item\/182026-sokantan-slucaj-u-bih-ljekarima-ispala-beba-nakon-porodjaja-dobila-povrede-glave\/"]}]},{"@type":"ImageObject","inLanguage":"bs-BA","@id":"https:\/\/tuzlainfo.ba\/index.php\/bosna-i-hercegovina\/item\/182026-sokantan-slucaj-u-bih-ljekarima-ispala-beba-nakon-porodjaja-dobila-povrede-glave\/#primaryimage","url":"https:\/\/tuzlainfo.ba\/wp-content\/uploads\/2020\/01\/sadrzaj_2020_20200102_2401_beba.jpg","contentUrl":"https:\/\/tuzlainfo.ba\/wp-content\/uploads\/2020\/01\/sadrzaj_2020_20200102_2401_beba.jpg","width":770,"height":513,"caption":"2401 beba"},{"@type":"BreadcrumbList","@id":"https:\/\/tuzlainfo.ba\/index.php\/bosna-i-hercegovina\/item\/182026-sokantan-slucaj-u-bih-ljekarima-ispala-beba-nakon-porodjaja-dobila-povrede-glave\/#breadcrumb","itemListElement":[{"@type":"ListItem","position":1,"name":"Home","item":"https:\/\/tuzlainfo.ba\/"},{"@type":"ListItem","position":2,"name":"\u0160okantan slu\u010daj u BiH: Ljekarima ispala beba nakon poro\u0111aja, dobila povrede glave"}]},{"@type":"WebSite","@id":"https:\/\/tuzlainfo.ba\/#website","url":"https:\/\/tuzlainfo.ba\/","name":"TuzlaInfo.ba","description":"Tuzla info, gradski informator - Tuzla na dlanu","publisher":{"@id":"https:\/\/tuzlainfo.ba\/#organization"},"potentialAction":[{"@type":"SearchAction","target":{"@type":"EntryPoint","urlTemplate":"https:\/\/tuzlainfo.ba\/?s={search_term_string}"},"query-input":{"@type":"PropertyValueSpecification","valueRequired":true,"valueName":"search_term_string"}}],"inLanguage":"bs-BA"},{"@type":"Organization","@id":"https:\/\/tuzlainfo.ba\/#organization","name":"TuzlaInfo.ba","url":"https:\/\/tuzlainfo.ba\/","logo":{"@type":"ImageObject","inLanguage":"bs-BA","@id":"https:\/\/tuzlainfo.ba\/#\/schema\/logo\/image\/","url":"https:\/\/tuzlainfo.ba\/wp-content\/uploads\/2021\/03\/logo-ver-3-1.png","contentUrl":"https:\/\/tuzlainfo.ba\/wp-content\/uploads\/2021\/03\/logo-ver-3-1.png","width":350,"height":95,"caption":"TuzlaInfo.ba"},"image":{"@id":"https:\/\/tuzlainfo.ba\/#\/schema\/logo\/image\/"},"sameAs":["https:\/\/www.facebook.com\/tuzlainfo.ba\/"]},{"@type":"Person","@id":"https:\/\/tuzlainfo.ba\/#\/schema\/person\/46cad4c57790cbc50781edd14870825a","name":"Tuzla Info","image":{"@type":"ImageObject","inLanguage":"bs-BA","@id":"https:\/\/tuzlainfo.ba\/#\/schema\/person\/image\/","url":"https:\/\/tuzlainfo.ba\/wp-content\/litespeed\/avatar\/b6c453a6c38e3654f2e4416c643fc25c.jpg?ver=1777051911","contentUrl":"https:\/\/tuzlainfo.ba\/wp-content\/litespeed\/avatar\/b6c453a6c38e3654f2e4416c643fc25c.jpg?ver=1777051911","caption":"Tuzla Info"}}]}},"_links":{"self":[{"href":"https:\/\/tuzlainfo.ba\/index.php\/wp-json\/wp\/v2\/posts\/182026"}],"collection":[{"href":"https:\/\/tuzlainfo.ba\/index.php\/wp-json\/wp\/v2\/posts"}],"about":[{"href":"https:\/\/tuzlainfo.ba\/index.php\/wp-json\/wp\/v2\/types\/post"}],"author":[{"embeddable":true,"href":"https:\/\/tuzlainfo.ba\/index.php\/wp-json\/wp\/v2\/users\/4"}],"replies":[{"embeddable":true,"href":"https:\/\/tuzlainfo.ba\/index.php\/wp-json\/wp\/v2\/comments?post=182026"}],"version-history":[{"count":0,"href":"https:\/\/tuzlainfo.ba\/index.php\/wp-json\/wp\/v2\/posts\/182026\/revisions"}],"wp:featuredmedia":[{"embeddable":true,"href":"https:\/\/tuzlainfo.ba\/index.php\/wp-json\/wp\/v2\/media\/76446"}],"wp:attachment":[{"href":"https:\/\/tuzlainfo.ba\/index.php\/wp-json\/wp\/v2\/media?parent=182026"}],"wp:term":[{"taxonomy":"category","embeddable":true,"href":"https:\/\/tuzlainfo.ba\/index.php\/wp-json\/wp\/v2\/categories?post=182026"},{"taxonomy":"post_tag","embeddable":true,"href":"https:\/\/tuzlainfo.ba\/index.php\/wp-json\/wp\/v2\/tags?post=182026"}],"curies":[{"name":"wp","href":"https:\/\/api.w.org\/{rel}","templated":true}]}}