{"id":181991,"date":"2022-08-23T21:40:49","date_gmt":"2022-08-23T19:40:49","guid":{"rendered":"https:\/\/tuzlainfo.ba\/?p=181991"},"modified":"2022-08-23T16:44:31","modified_gmt":"2022-08-23T14:44:31","slug":"nezavidna-pozicija-bih-prva-u-svijetu-po-odlasku-stanovnistva-iz-zemlje","status":"publish","type":"post","link":"https:\/\/tuzlainfo.ba\/index.php\/bosna-i-hercegovina\/item\/181991-nezavidna-pozicija-bih-prva-u-svijetu-po-odlasku-stanovnistva-iz-zemlje\/","title":{"rendered":"Nezavidna pozicija: BiH prva u svijetu po odlasku stanovni\u0161tva iz zemlje"},"content":{"rendered":"<p>Ve\u0107 odavno nije tajna da se iz Bosne i Hercegovine iseljava alarmantno mnogo ljudi.<\/p>\n<p>&nbsp;<\/p>\n<p>Zapravo, BiH je zemalja s najve\u0107im smanjenjem broja stanovnika na svijetu.<\/p>\n<p>U top 10 zemalja na\u0161le su se \u010dak tri iz biv\u0161e Jugoslavije. BiH, koja godi\u0161nje gubi vi\u0161e od 1,5 posto svog stanovni\u0161tva, na vrhu je liste, a neslavno prvo mjesto dijeli s Bugarskom. Srbija je sedma dok je Hrvatska na osmom mjestu.<\/p>\n<p>&nbsp;<\/p>\n<p>Kako navodi Ve\u010dernji list, u samo 30 godina, od 1991. do 2022. godine, broj ro\u0111ene djece u Hrvatskoj smanjio se za 31 posto, a prema predvi\u0111anjima UN-a, do 2100. godine ova dr\u017eava bi mogla \u2018pasti\u2019 na 2.200.000 stanovnika.<\/p>\n<p><img fetchpriority=\"high\" decoding=\"async\" class=\"alignnone wp-image-181992 size-full\" src=\"https:\/\/tuzlainfo.ba\/wp-content\/uploads\/2022\/08\/inbound5093300681765115856.jpg\" alt=\"\" width=\"678\" height=\"592\" srcset=\"https:\/\/tuzlainfo.ba\/wp-content\/uploads\/2022\/08\/inbound5093300681765115856.jpg 678w, https:\/\/tuzlainfo.ba\/wp-content\/uploads\/2022\/08\/inbound5093300681765115856-300x262.jpg 300w, https:\/\/tuzlainfo.ba\/wp-content\/uploads\/2022\/08\/inbound5093300681765115856-585x511.jpg 585w, https:\/\/tuzlainfo.ba\/wp-content\/uploads\/2022\/08\/inbound5093300681765115856-150x131.jpg 150w, https:\/\/tuzlainfo.ba\/wp-content\/uploads\/2022\/08\/inbound5093300681765115856-500x437.jpg 500w\" sizes=\"(max-width: 678px) 100vw, 678px\" \/><\/p>\n","protected":false},"excerpt":{"rendered":"<p>Ve\u0107 odavno nije tajna da se iz Bosne i Hercegovine iseljava alarmantno mnogo ljudi. &nbsp; Zapravo, BiH je zemalja s najve\u0107im smanjenjem broja stanovnika na svijetu. U top 10 zemalja na\u0161le su se \u010dak tri iz biv\u0161e Jugoslavije. BiH, koja godi\u0161nje gubi vi\u0161e od 1,5 posto svog stanovni\u0161tva, na vrhu je liste, a neslavno prvo [&hellip;]<\/p>\n","protected":false},"author":4,"featured_media":74476,"comment_status":"open","ping_status":"closed","sticky":false,"template":"","format":"standard","meta":{"footnotes":""},"categories":[291,304],"tags":[706,5302],"class_list":["post-181991","post","type-post","status-publish","format-standard","has-post-thumbnail","hentry","category-bosna-i-hercegovina","category-istaknuto","tag-bih","tag-odlazak-stanovnistva"],"yoast_head":"<!-- This site is optimized with the Yoast SEO plugin v28.3 - https:\/\/yoast.com\/product\/yoast-seo-wordpress\/ -->\n<title>Nezavidna pozicija: BiH prva u svijetu po odlasku stanovni\u0161tva iz zemlje<\/title>\n<meta name=\"robots\" content=\"index, follow, max-snippet:-1, max-image-preview:large, max-video-preview:-1\" \/>\n<link rel=\"canonical\" href=\"https:\/\/tuzlainfo.ba\/index.php\/bosna-i-hercegovina\/item\/181991-nezavidna-pozicija-bih-prva-u-svijetu-po-odlasku-stanovnistva-iz-zemlje\/\" \/>\n<meta property=\"og:locale\" content=\"bs_BA\" \/>\n<meta property=\"og:type\" content=\"article\" \/>\n<meta property=\"og:title\" content=\"Nezavidna pozicija: BiH prva u svijetu po odlasku stanovni\u0161tva iz zemlje\" \/>\n<meta property=\"og:description\" content=\"Ve\u0107 odavno nije tajna da se iz Bosne i Hercegovine iseljava alarmantno mnogo ljudi. &nbsp; Zapravo, BiH je zemalja s najve\u0107im smanjenjem broja stanovnika na svijetu. U top 10 zemalja na\u0161le su se \u010dak tri iz biv\u0161e Jugoslavije. BiH, koja godi\u0161nje gubi vi\u0161e od 1,5 posto svog stanovni\u0161tva, na vrhu je liste, a neslavno prvo [&hellip;]\" \/>\n<meta property=\"og:url\" content=\"https:\/\/tuzlainfo.ba\/index.php\/bosna-i-hercegovina\/item\/181991-nezavidna-pozicija-bih-prva-u-svijetu-po-odlasku-stanovnistva-iz-zemlje\/\" \/>\n<meta property=\"og:site_name\" content=\"TuzlaInfo.ba\" \/>\n<meta property=\"article:publisher\" content=\"https:\/\/www.facebook.com\/tuzlainfo.ba\/\" \/>\n<meta property=\"article:published_time\" content=\"2022-08-23T19:40:49+00:00\" \/>\n<meta property=\"og:image\" content=\"https:\/\/tuzlainfo.ba\/wp-content\/uploads\/2019\/11\/sadrzaj_2019_20191101_0111_odlazak.jpg\" \/>\n\t<meta property=\"og:image:width\" content=\"770\" \/>\n\t<meta property=\"og:image:height\" content=\"447\" \/>\n\t<meta property=\"og:image:type\" content=\"image\/jpeg\" \/>\n<meta name=\"author\" content=\"Tuzla Info\" \/>\n<meta name=\"twitter:card\" content=\"summary_large_image\" \/>\n<meta name=\"twitter:label1\" content=\"Written by\" \/>\n\t<meta name=\"twitter:data1\" content=\"Tuzla Info\" \/>\n\t<meta name=\"twitter:label2\" content=\"Est. reading time\" \/>\n\t<meta name=\"twitter:data2\" content=\"1 minuta\" \/>\n<script type=\"application\/ld+json\" class=\"yoast-schema-graph\">{\"@context\":\"https:\\\/\\\/schema.org\",\"@graph\":[{\"@type\":\"Article\",\"@id\":\"https:\\\/\\\/tuzlainfo.ba\\\/index.php\\\/bosna-i-hercegovina\\\/item\\\/181991-nezavidna-pozicija-bih-prva-u-svijetu-po-odlasku-stanovnistva-iz-zemlje\\\/#article\",\"isPartOf\":{\"@id\":\"https:\\\/\\\/tuzlainfo.ba\\\/index.php\\\/bosna-i-hercegovina\\\/item\\\/181991-nezavidna-pozicija-bih-prva-u-svijetu-po-odlasku-stanovnistva-iz-zemlje\\\/\"},\"author\":{\"name\":\"Tuzla Info\",\"@id\":\"https:\\\/\\\/tuzlainfo.ba\\\/#\\\/schema\\\/person\\\/46cad4c57790cbc50781edd14870825a\"},\"headline\":\"Nezavidna pozicija: BiH prva u svijetu po odlasku stanovni\u0161tva iz zemlje\",\"datePublished\":\"2022-08-23T19:40:49+00:00\",\"mainEntityOfPage\":{\"@id\":\"https:\\\/\\\/tuzlainfo.ba\\\/index.php\\\/bosna-i-hercegovina\\\/item\\\/181991-nezavidna-pozicija-bih-prva-u-svijetu-po-odlasku-stanovnistva-iz-zemlje\\\/\"},\"wordCount\":121,\"commentCount\":0,\"publisher\":{\"@id\":\"https:\\\/\\\/tuzlainfo.ba\\\/#organization\"},\"image\":{\"@id\":\"https:\\\/\\\/tuzlainfo.ba\\\/index.php\\\/bosna-i-hercegovina\\\/item\\\/181991-nezavidna-pozicija-bih-prva-u-svijetu-po-odlasku-stanovnistva-iz-zemlje\\\/#primaryimage\"},\"thumbnailUrl\":\"https:\\\/\\\/tuzlainfo.ba\\\/wp-content\\\/uploads\\\/2019\\\/11\\\/sadrzaj_2019_20191101_0111_odlazak.jpg\",\"keywords\":[\"bih\",\"odlazak stanovni\u0161tva\"],\"articleSection\":[\"Bosna i Hercegovina\",\"Istaknuto\"],\"inLanguage\":\"bs-BA\",\"copyrightYear\":\"2022\",\"copyrightHolder\":{\"@id\":\"https:\\\/\\\/tuzlainfo.ba\\\/#organization\"}},{\"@type\":\"WebPage\",\"@id\":\"https:\\\/\\\/tuzlainfo.ba\\\/index.php\\\/bosna-i-hercegovina\\\/item\\\/181991-nezavidna-pozicija-bih-prva-u-svijetu-po-odlasku-stanovnistva-iz-zemlje\\\/\",\"url\":\"https:\\\/\\\/tuzlainfo.ba\\\/index.php\\\/bosna-i-hercegovina\\\/item\\\/181991-nezavidna-pozicija-bih-prva-u-svijetu-po-odlasku-stanovnistva-iz-zemlje\\\/\",\"name\":\"Nezavidna pozicija: BiH prva u svijetu po odlasku stanovni\u0161tva iz zemlje\",\"isPartOf\":{\"@id\":\"https:\\\/\\\/tuzlainfo.ba\\\/#website\"},\"primaryImageOfPage\":{\"@id\":\"https:\\\/\\\/tuzlainfo.ba\\\/index.php\\\/bosna-i-hercegovina\\\/item\\\/181991-nezavidna-pozicija-bih-prva-u-svijetu-po-odlasku-stanovnistva-iz-zemlje\\\/#primaryimage\"},\"image\":{\"@id\":\"https:\\\/\\\/tuzlainfo.ba\\\/index.php\\\/bosna-i-hercegovina\\\/item\\\/181991-nezavidna-pozicija-bih-prva-u-svijetu-po-odlasku-stanovnistva-iz-zemlje\\\/#primaryimage\"},\"thumbnailUrl\":\"https:\\\/\\\/tuzlainfo.ba\\\/wp-content\\\/uploads\\\/2019\\\/11\\\/sadrzaj_2019_20191101_0111_odlazak.jpg\",\"datePublished\":\"2022-08-23T19:40:49+00:00\",\"breadcrumb\":{\"@id\":\"https:\\\/\\\/tuzlainfo.ba\\\/index.php\\\/bosna-i-hercegovina\\\/item\\\/181991-nezavidna-pozicija-bih-prva-u-svijetu-po-odlasku-stanovnistva-iz-zemlje\\\/#breadcrumb\"},\"inLanguage\":\"bs-BA\",\"potentialAction\":[{\"@type\":\"ReadAction\",\"target\":[\"https:\\\/\\\/tuzlainfo.ba\\\/index.php\\\/bosna-i-hercegovina\\\/item\\\/181991-nezavidna-pozicija-bih-prva-u-svijetu-po-odlasku-stanovnistva-iz-zemlje\\\/\"]}]},{\"@type\":\"ImageObject\",\"inLanguage\":\"bs-BA\",\"@id\":\"https:\\\/\\\/tuzlainfo.ba\\\/index.php\\\/bosna-i-hercegovina\\\/item\\\/181991-nezavidna-pozicija-bih-prva-u-svijetu-po-odlasku-stanovnistva-iz-zemlje\\\/#primaryimage\",\"url\":\"https:\\\/\\\/tuzlainfo.ba\\\/wp-content\\\/uploads\\\/2019\\\/11\\\/sadrzaj_2019_20191101_0111_odlazak.jpg\",\"contentUrl\":\"https:\\\/\\\/tuzlainfo.ba\\\/wp-content\\\/uploads\\\/2019\\\/11\\\/sadrzaj_2019_20191101_0111_odlazak.jpg\",\"width\":770,\"height\":447,\"caption\":\"0111 odlazak\"},{\"@type\":\"BreadcrumbList\",\"@id\":\"https:\\\/\\\/tuzlainfo.ba\\\/index.php\\\/bosna-i-hercegovina\\\/item\\\/181991-nezavidna-pozicija-bih-prva-u-svijetu-po-odlasku-stanovnistva-iz-zemlje\\\/#breadcrumb\",\"itemListElement\":[{\"@type\":\"ListItem\",\"position\":1,\"name\":\"Home\",\"item\":\"https:\\\/\\\/tuzlainfo.ba\\\/\"},{\"@type\":\"ListItem\",\"position\":2,\"name\":\"Nezavidna pozicija: BiH prva u svijetu po odlasku stanovni\u0161tva iz zemlje\"}]},{\"@type\":\"WebSite\",\"@id\":\"https:\\\/\\\/tuzlainfo.ba\\\/#website\",\"url\":\"https:\\\/\\\/tuzlainfo.ba\\\/\",\"name\":\"TuzlaInfo.ba\",\"description\":\"Tuzla info, gradski informator - Tuzla na dlanu\",\"publisher\":{\"@id\":\"https:\\\/\\\/tuzlainfo.ba\\\/#organization\"},\"potentialAction\":[{\"@type\":\"SearchAction\",\"target\":{\"@type\":\"EntryPoint\",\"urlTemplate\":\"https:\\\/\\\/tuzlainfo.ba\\\/?s={search_term_string}\"},\"query-input\":{\"@type\":\"PropertyValueSpecification\",\"valueRequired\":true,\"valueName\":\"search_term_string\"}}],\"inLanguage\":\"bs-BA\"},{\"@type\":\"Organization\",\"@id\":\"https:\\\/\\\/tuzlainfo.ba\\\/#organization\",\"name\":\"TuzlaInfo.ba\",\"url\":\"https:\\\/\\\/tuzlainfo.ba\\\/\",\"logo\":{\"@type\":\"ImageObject\",\"inLanguage\":\"bs-BA\",\"@id\":\"https:\\\/\\\/tuzlainfo.ba\\\/#\\\/schema\\\/logo\\\/image\\\/\",\"url\":\"https:\\\/\\\/tuzlainfo.ba\\\/wp-content\\\/uploads\\\/2021\\\/03\\\/logo-ver-3-1.png\",\"contentUrl\":\"https:\\\/\\\/tuzlainfo.ba\\\/wp-content\\\/uploads\\\/2021\\\/03\\\/logo-ver-3-1.png\",\"width\":350,\"height\":95,\"caption\":\"TuzlaInfo.ba\"},\"image\":{\"@id\":\"https:\\\/\\\/tuzlainfo.ba\\\/#\\\/schema\\\/logo\\\/image\\\/\"},\"sameAs\":[\"https:\\\/\\\/www.facebook.com\\\/tuzlainfo.ba\\\/\"]},{\"@type\":\"Person\",\"@id\":\"https:\\\/\\\/tuzlainfo.ba\\\/#\\\/schema\\\/person\\\/46cad4c57790cbc50781edd14870825a\",\"name\":\"Tuzla Info\",\"image\":{\"@type\":\"ImageObject\",\"inLanguage\":\"bs-BA\",\"@id\":\"https:\\\/\\\/secure.gravatar.com\\\/avatar\\\/e980921b00fa2e552723a2386544734ce6885d2b2304ccca3f45186f9ca4031d?s=96&d=mm&r=g\",\"url\":\"https:\\\/\\\/secure.gravatar.com\\\/avatar\\\/e980921b00fa2e552723a2386544734ce6885d2b2304ccca3f45186f9ca4031d?s=96&d=mm&r=g\",\"contentUrl\":\"https:\\\/\\\/secure.gravatar.com\\\/avatar\\\/e980921b00fa2e552723a2386544734ce6885d2b2304ccca3f45186f9ca4031d?s=96&d=mm&r=g\",\"caption\":\"Tuzla Info\"}}]}<\/script>\n<!-- \/ Yoast SEO plugin. -->","yoast_head_json":{"title":"Nezavidna pozicija: BiH prva u svijetu po odlasku stanovni\u0161tva iz zemlje","robots":{"index":"index","follow":"follow","max-snippet":"max-snippet:-1","max-image-preview":"max-image-preview:large","max-video-preview":"max-video-preview:-1"},"canonical":"https:\/\/tuzlainfo.ba\/index.php\/bosna-i-hercegovina\/item\/181991-nezavidna-pozicija-bih-prva-u-svijetu-po-odlasku-stanovnistva-iz-zemlje\/","og_locale":"bs_BA","og_type":"article","og_title":"Nezavidna pozicija: BiH prva u svijetu po odlasku stanovni\u0161tva iz zemlje","og_description":"Ve\u0107 odavno nije tajna da se iz Bosne i Hercegovine iseljava alarmantno mnogo ljudi. &nbsp; Zapravo, BiH je zemalja s najve\u0107im smanjenjem broja stanovnika na svijetu. U top 10 zemalja na\u0161le su se \u010dak tri iz biv\u0161e Jugoslavije. BiH, koja godi\u0161nje gubi vi\u0161e od 1,5 posto svog stanovni\u0161tva, na vrhu je liste, a neslavno prvo [&hellip;]","og_url":"https:\/\/tuzlainfo.ba\/index.php\/bosna-i-hercegovina\/item\/181991-nezavidna-pozicija-bih-prva-u-svijetu-po-odlasku-stanovnistva-iz-zemlje\/","og_site_name":"TuzlaInfo.ba","article_publisher":"https:\/\/www.facebook.com\/tuzlainfo.ba\/","article_published_time":"2022-08-23T19:40:49+00:00","og_image":[{"width":770,"height":447,"url":"https:\/\/tuzlainfo.ba\/wp-content\/uploads\/2019\/11\/sadrzaj_2019_20191101_0111_odlazak.jpg","type":"image\/jpeg"}],"author":"Tuzla Info","twitter_card":"summary_large_image","twitter_misc":{"Written by":"Tuzla Info","Est. reading time":"1 minuta"},"schema":{"@context":"https:\/\/schema.org","@graph":[{"@type":"Article","@id":"https:\/\/tuzlainfo.ba\/index.php\/bosna-i-hercegovina\/item\/181991-nezavidna-pozicija-bih-prva-u-svijetu-po-odlasku-stanovnistva-iz-zemlje\/#article","isPartOf":{"@id":"https:\/\/tuzlainfo.ba\/index.php\/bosna-i-hercegovina\/item\/181991-nezavidna-pozicija-bih-prva-u-svijetu-po-odlasku-stanovnistva-iz-zemlje\/"},"author":{"name":"Tuzla Info","@id":"https:\/\/tuzlainfo.ba\/#\/schema\/person\/46cad4c57790cbc50781edd14870825a"},"headline":"Nezavidna pozicija: BiH prva u svijetu po odlasku stanovni\u0161tva iz zemlje","datePublished":"2022-08-23T19:40:49+00:00","mainEntityOfPage":{"@id":"https:\/\/tuzlainfo.ba\/index.php\/bosna-i-hercegovina\/item\/181991-nezavidna-pozicija-bih-prva-u-svijetu-po-odlasku-stanovnistva-iz-zemlje\/"},"wordCount":121,"commentCount":0,"publisher":{"@id":"https:\/\/tuzlainfo.ba\/#organization"},"image":{"@id":"https:\/\/tuzlainfo.ba\/index.php\/bosna-i-hercegovina\/item\/181991-nezavidna-pozicija-bih-prva-u-svijetu-po-odlasku-stanovnistva-iz-zemlje\/#primaryimage"},"thumbnailUrl":"https:\/\/tuzlainfo.ba\/wp-content\/uploads\/2019\/11\/sadrzaj_2019_20191101_0111_odlazak.jpg","keywords":["bih","odlazak stanovni\u0161tva"],"articleSection":["Bosna i Hercegovina","Istaknuto"],"inLanguage":"bs-BA","copyrightYear":"2022","copyrightHolder":{"@id":"https:\/\/tuzlainfo.ba\/#organization"}},{"@type":"WebPage","@id":"https:\/\/tuzlainfo.ba\/index.php\/bosna-i-hercegovina\/item\/181991-nezavidna-pozicija-bih-prva-u-svijetu-po-odlasku-stanovnistva-iz-zemlje\/","url":"https:\/\/tuzlainfo.ba\/index.php\/bosna-i-hercegovina\/item\/181991-nezavidna-pozicija-bih-prva-u-svijetu-po-odlasku-stanovnistva-iz-zemlje\/","name":"Nezavidna pozicija: BiH prva u svijetu po odlasku stanovni\u0161tva iz zemlje","isPartOf":{"@id":"https:\/\/tuzlainfo.ba\/#website"},"primaryImageOfPage":{"@id":"https:\/\/tuzlainfo.ba\/index.php\/bosna-i-hercegovina\/item\/181991-nezavidna-pozicija-bih-prva-u-svijetu-po-odlasku-stanovnistva-iz-zemlje\/#primaryimage"},"image":{"@id":"https:\/\/tuzlainfo.ba\/index.php\/bosna-i-hercegovina\/item\/181991-nezavidna-pozicija-bih-prva-u-svijetu-po-odlasku-stanovnistva-iz-zemlje\/#primaryimage"},"thumbnailUrl":"https:\/\/tuzlainfo.ba\/wp-content\/uploads\/2019\/11\/sadrzaj_2019_20191101_0111_odlazak.jpg","datePublished":"2022-08-23T19:40:49+00:00","breadcrumb":{"@id":"https:\/\/tuzlainfo.ba\/index.php\/bosna-i-hercegovina\/item\/181991-nezavidna-pozicija-bih-prva-u-svijetu-po-odlasku-stanovnistva-iz-zemlje\/#breadcrumb"},"inLanguage":"bs-BA","potentialAction":[{"@type":"ReadAction","target":["https:\/\/tuzlainfo.ba\/index.php\/bosna-i-hercegovina\/item\/181991-nezavidna-pozicija-bih-prva-u-svijetu-po-odlasku-stanovnistva-iz-zemlje\/"]}]},{"@type":"ImageObject","inLanguage":"bs-BA","@id":"https:\/\/tuzlainfo.ba\/index.php\/bosna-i-hercegovina\/item\/181991-nezavidna-pozicija-bih-prva-u-svijetu-po-odlasku-stanovnistva-iz-zemlje\/#primaryimage","url":"https:\/\/tuzlainfo.ba\/wp-content\/uploads\/2019\/11\/sadrzaj_2019_20191101_0111_odlazak.jpg","contentUrl":"https:\/\/tuzlainfo.ba\/wp-content\/uploads\/2019\/11\/sadrzaj_2019_20191101_0111_odlazak.jpg","width":770,"height":447,"caption":"0111 odlazak"},{"@type":"BreadcrumbList","@id":"https:\/\/tuzlainfo.ba\/index.php\/bosna-i-hercegovina\/item\/181991-nezavidna-pozicija-bih-prva-u-svijetu-po-odlasku-stanovnistva-iz-zemlje\/#breadcrumb","itemListElement":[{"@type":"ListItem","position":1,"name":"Home","item":"https:\/\/tuzlainfo.ba\/"},{"@type":"ListItem","position":2,"name":"Nezavidna pozicija: BiH prva u svijetu po odlasku stanovni\u0161tva iz zemlje"}]},{"@type":"WebSite","@id":"https:\/\/tuzlainfo.ba\/#website","url":"https:\/\/tuzlainfo.ba\/","name":"TuzlaInfo.ba","description":"Tuzla info, gradski informator - Tuzla na dlanu","publisher":{"@id":"https:\/\/tuzlainfo.ba\/#organization"},"potentialAction":[{"@type":"SearchAction","target":{"@type":"EntryPoint","urlTemplate":"https:\/\/tuzlainfo.ba\/?s={search_term_string}"},"query-input":{"@type":"PropertyValueSpecification","valueRequired":true,"valueName":"search_term_string"}}],"inLanguage":"bs-BA"},{"@type":"Organization","@id":"https:\/\/tuzlainfo.ba\/#organization","name":"TuzlaInfo.ba","url":"https:\/\/tuzlainfo.ba\/","logo":{"@type":"ImageObject","inLanguage":"bs-BA","@id":"https:\/\/tuzlainfo.ba\/#\/schema\/logo\/image\/","url":"https:\/\/tuzlainfo.ba\/wp-content\/uploads\/2021\/03\/logo-ver-3-1.png","contentUrl":"https:\/\/tuzlainfo.ba\/wp-content\/uploads\/2021\/03\/logo-ver-3-1.png","width":350,"height":95,"caption":"TuzlaInfo.ba"},"image":{"@id":"https:\/\/tuzlainfo.ba\/#\/schema\/logo\/image\/"},"sameAs":["https:\/\/www.facebook.com\/tuzlainfo.ba\/"]},{"@type":"Person","@id":"https:\/\/tuzlainfo.ba\/#\/schema\/person\/46cad4c57790cbc50781edd14870825a","name":"Tuzla Info","image":{"@type":"ImageObject","inLanguage":"bs-BA","@id":"https:\/\/secure.gravatar.com\/avatar\/e980921b00fa2e552723a2386544734ce6885d2b2304ccca3f45186f9ca4031d?s=96&d=mm&r=g","url":"https:\/\/secure.gravatar.com\/avatar\/e980921b00fa2e552723a2386544734ce6885d2b2304ccca3f45186f9ca4031d?s=96&d=mm&r=g","contentUrl":"https:\/\/secure.gravatar.com\/avatar\/e980921b00fa2e552723a2386544734ce6885d2b2304ccca3f45186f9ca4031d?s=96&d=mm&r=g","caption":"Tuzla Info"}}]}},"_links":{"self":[{"href":"https:\/\/tuzlainfo.ba\/index.php\/wp-json\/wp\/v2\/posts\/181991","targetHints":{"allow":["GET"]}}],"collection":[{"href":"https:\/\/tuzlainfo.ba\/index.php\/wp-json\/wp\/v2\/posts"}],"about":[{"href":"https:\/\/tuzlainfo.ba\/index.php\/wp-json\/wp\/v2\/types\/post"}],"author":[{"embeddable":true,"href":"https:\/\/tuzlainfo.ba\/index.php\/wp-json\/wp\/v2\/users\/4"}],"replies":[{"embeddable":true,"href":"https:\/\/tuzlainfo.ba\/index.php\/wp-json\/wp\/v2\/comments?post=181991"}],"version-history":[{"count":0,"href":"https:\/\/tuzlainfo.ba\/index.php\/wp-json\/wp\/v2\/posts\/181991\/revisions"}],"wp:featuredmedia":[{"embeddable":true,"href":"https:\/\/tuzlainfo.ba\/index.php\/wp-json\/wp\/v2\/media\/74476"}],"wp:attachment":[{"href":"https:\/\/tuzlainfo.ba\/index.php\/wp-json\/wp\/v2\/media?parent=181991"}],"wp:term":[{"taxonomy":"category","embeddable":true,"href":"https:\/\/tuzlainfo.ba\/index.php\/wp-json\/wp\/v2\/categories?post=181991"},{"taxonomy":"post_tag","embeddable":true,"href":"https:\/\/tuzlainfo.ba\/index.php\/wp-json\/wp\/v2\/tags?post=181991"}],"curies":[{"name":"wp","href":"https:\/\/api.w.org\/{rel}","templated":true}]}}