{"id":181613,"date":"2022-08-18T21:35:14","date_gmt":"2022-08-18T19:35:14","guid":{"rendered":"https:\/\/tuzlainfo.ba\/?p=181613"},"modified":"2022-08-18T21:37:56","modified_gmt":"2022-08-18T19:37:56","slug":"video-fukare-se-od-elisa-bricica-oprostile-bakljadom","status":"publish","type":"post","link":"https:\/\/tuzlainfo.ba\/index.php\/novosti\/item\/181613-video-fukare-se-od-elisa-bricica-oprostile-bakljadom\/","title":{"rendered":"VIDEO \/ &#8220;Fukare&#8221; se od Elisa Bri\u010di\u0107a oprostile bakljadom"},"content":{"rendered":"<p>Mnoge u Tuzli je zatekla vijest o tragi\u010dnoj smrti mladog Elisa Bri\u010di\u0107a (31) koji je izgubio \u017eivot 16. augusta u saobra\u0107ajnoj nesre\u0107i.<\/p>\n<p>Nakon vijesti o njegovom preranom odlasku na dru\u0161tvenim mre\u017eama su brojne poruke njegovih prijatelja i poznanika, a koliko je bio voljen i rado vi\u0111en kako na ulicama svog grada, tako i na tribini gdje je zdu\u0161no bodrio svoju Slobodu, a zahvalnost u vidu posljednjeg ispra\u0107aja ve\u010deras su mu priredil i \u010dlanovi navija\u010dke skupine &#8220;Fukare&#8221;.<\/p>\n<p>Ve\u010deras je u njegovu \u010dast prire\u0111ena bakljada uz poruku:<\/p>\n<div class=\"m8h3af8h l7ghb35v kjdc1dyq kmwttqpk gh25dzvf n3t5jt4f\">\n<div dir=\"auto\"><em><strong>Zaslu\u017eio si ti i vi\u0161e od ovoga , neka ti je rahmet du\u0161i brate! Elis Bri\u010di\u0107 jedan je od nas ! Tvoje Fukare Tuzla 1987!<\/strong><\/em><\/div>\n<\/div>\n<p>Posljednji ispra\u0107aj i d\u017eenaza obavljeni su danas ispred Komemorativnog centra u Tuzli i na mezarju Grabovica.<\/p>\n<p><iframe style=\"border: none; overflow: hidden;\" src=\"https:\/\/www.facebook.com\/plugins\/video.php?height=322&amp;href=https%3A%2F%2Fwww.facebook.com%2FFukareTuzla87%2Fvideos%2F779839380113976%2F&amp;show_text=false&amp;width=560&amp;t=0\" width=\"560\" height=\"322\" frameborder=\"0\" scrolling=\"no\" allowfullscreen=\"allowfullscreen\"><\/iframe><\/p>\n","protected":false},"excerpt":{"rendered":"<p>Mnoge u Tuzli je zatekla vijest o tragi\u010dnoj smrti mladog Elisa Bri\u010di\u0107a (31) koji je&hellip;<\/p>\n","protected":false},"author":2,"featured_media":181614,"comment_status":"open","ping_status":"closed","sticky":false,"template":"","format":"standard","meta":{"_acf_changed":false,"footnotes":""},"categories":[304,12],"tags":[5282,2741],"acf":[],"yoast_head":"<!-- This site is optimized with the Yoast SEO plugin v23.5 - https:\/\/yoast.com\/wordpress\/plugins\/seo\/ -->\n<title>VIDEO \/ &quot;Fukare&quot; se od Elisa Bri\u010di\u0107a oprostile bakljadom - TuzlaInfo.ba<\/title>\n<meta name=\"robots\" content=\"index, follow, max-snippet:-1, max-image-preview:large, max-video-preview:-1\" \/>\n<link rel=\"canonical\" href=\"https:\/\/tuzlainfo.ba\/index.php\/novosti\/item\/181613-video-fukare-se-od-elisa-bricica-oprostile-bakljadom\/\" \/>\n<meta property=\"og:locale\" content=\"bs_BA\" \/>\n<meta property=\"og:type\" content=\"article\" \/>\n<meta property=\"og:title\" content=\"VIDEO \/ &quot;Fukare&quot; se od Elisa Bri\u010di\u0107a oprostile bakljadom - TuzlaInfo.ba\" \/>\n<meta property=\"og:description\" content=\"Mnoge u Tuzli je zatekla vijest o tragi\u010dnoj smrti mladog Elisa Bri\u010di\u0107a (31) koji je&hellip;\" \/>\n<meta property=\"og:url\" content=\"https:\/\/tuzlainfo.ba\/index.php\/novosti\/item\/181613-video-fukare-se-od-elisa-bricica-oprostile-bakljadom\/\" \/>\n<meta property=\"og:site_name\" content=\"TuzlaInfo.ba\" \/>\n<meta property=\"article:publisher\" content=\"https:\/\/www.facebook.com\/tuzlainfo.ba\/\" \/>\n<meta property=\"article:published_time\" content=\"2022-08-18T19:35:14+00:00\" \/>\n<meta property=\"article:modified_time\" content=\"2022-08-18T19:37:56+00:00\" \/>\n<meta property=\"og:image\" content=\"https:\/\/tuzlainfo.ba\/wp-content\/uploads\/2022\/08\/1808_bakljada.jpg\" \/>\n\t<meta property=\"og:image:width\" content=\"800\" \/>\n\t<meta property=\"og:image:height\" content=\"447\" \/>\n\t<meta property=\"og:image:type\" content=\"image\/jpeg\" \/>\n<meta name=\"author\" content=\"nedim\" \/>\n<meta name=\"twitter:card\" content=\"summary_large_image\" \/>\n<meta name=\"twitter:label1\" content=\"Written by\" \/>\n\t<meta name=\"twitter:data1\" content=\"nedim\" \/>\n\t<meta name=\"twitter:label2\" content=\"Est. reading time\" \/>\n\t<meta name=\"twitter:data2\" content=\"1 minuta\" \/>\n<script type=\"application\/ld+json\" class=\"yoast-schema-graph\">{\"@context\":\"https:\/\/schema.org\",\"@graph\":[{\"@type\":\"Article\",\"@id\":\"https:\/\/tuzlainfo.ba\/index.php\/novosti\/item\/181613-video-fukare-se-od-elisa-bricica-oprostile-bakljadom\/#article\",\"isPartOf\":{\"@id\":\"https:\/\/tuzlainfo.ba\/index.php\/novosti\/item\/181613-video-fukare-se-od-elisa-bricica-oprostile-bakljadom\/\"},\"author\":{\"name\":\"nedim\",\"@id\":\"https:\/\/tuzlainfo.ba\/#\/schema\/person\/f434e20dc27ea133923aab08451b7f7f\"},\"headline\":\"VIDEO \/ &#8220;Fukare&#8221; se od Elisa Bri\u010di\u0107a oprostile bakljadom\",\"datePublished\":\"2022-08-18T19:35:14+00:00\",\"dateModified\":\"2022-08-18T19:37:56+00:00\",\"mainEntityOfPage\":{\"@id\":\"https:\/\/tuzlainfo.ba\/index.php\/novosti\/item\/181613-video-fukare-se-od-elisa-bricica-oprostile-bakljadom\/\"},\"wordCount\":151,\"commentCount\":0,\"publisher\":{\"@id\":\"https:\/\/tuzlainfo.ba\/#organization\"},\"image\":{\"@id\":\"https:\/\/tuzlainfo.ba\/index.php\/novosti\/item\/181613-video-fukare-se-od-elisa-bricica-oprostile-bakljadom\/#primaryimage\"},\"thumbnailUrl\":\"https:\/\/tuzlainfo.ba\/wp-content\/uploads\/2022\/08\/1808_bakljada.jpg\",\"keywords\":[\"elis bricic\",\"fukare\"],\"articleSection\":[\"Istaknuto\",\"Novosti\"],\"inLanguage\":\"bs-BA\"},{\"@type\":\"WebPage\",\"@id\":\"https:\/\/tuzlainfo.ba\/index.php\/novosti\/item\/181613-video-fukare-se-od-elisa-bricica-oprostile-bakljadom\/\",\"url\":\"https:\/\/tuzlainfo.ba\/index.php\/novosti\/item\/181613-video-fukare-se-od-elisa-bricica-oprostile-bakljadom\/\",\"name\":\"VIDEO \/ \\\"Fukare\\\" se od Elisa Bri\u010di\u0107a oprostile bakljadom - TuzlaInfo.ba\",\"isPartOf\":{\"@id\":\"https:\/\/tuzlainfo.ba\/#website\"},\"primaryImageOfPage\":{\"@id\":\"https:\/\/tuzlainfo.ba\/index.php\/novosti\/item\/181613-video-fukare-se-od-elisa-bricica-oprostile-bakljadom\/#primaryimage\"},\"image\":{\"@id\":\"https:\/\/tuzlainfo.ba\/index.php\/novosti\/item\/181613-video-fukare-se-od-elisa-bricica-oprostile-bakljadom\/#primaryimage\"},\"thumbnailUrl\":\"https:\/\/tuzlainfo.ba\/wp-content\/uploads\/2022\/08\/1808_bakljada.jpg\",\"datePublished\":\"2022-08-18T19:35:14+00:00\",\"dateModified\":\"2022-08-18T19:37:56+00:00\",\"breadcrumb\":{\"@id\":\"https:\/\/tuzlainfo.ba\/index.php\/novosti\/item\/181613-video-fukare-se-od-elisa-bricica-oprostile-bakljadom\/#breadcrumb\"},\"inLanguage\":\"bs-BA\",\"potentialAction\":[{\"@type\":\"ReadAction\",\"target\":[\"https:\/\/tuzlainfo.ba\/index.php\/novosti\/item\/181613-video-fukare-se-od-elisa-bricica-oprostile-bakljadom\/\"]}]},{\"@type\":\"ImageObject\",\"inLanguage\":\"bs-BA\",\"@id\":\"https:\/\/tuzlainfo.ba\/index.php\/novosti\/item\/181613-video-fukare-se-od-elisa-bricica-oprostile-bakljadom\/#primaryimage\",\"url\":\"https:\/\/tuzlainfo.ba\/wp-content\/uploads\/2022\/08\/1808_bakljada.jpg\",\"contentUrl\":\"https:\/\/tuzlainfo.ba\/wp-content\/uploads\/2022\/08\/1808_bakljada.jpg\",\"width\":800,\"height\":447},{\"@type\":\"BreadcrumbList\",\"@id\":\"https:\/\/tuzlainfo.ba\/index.php\/novosti\/item\/181613-video-fukare-se-od-elisa-bricica-oprostile-bakljadom\/#breadcrumb\",\"itemListElement\":[{\"@type\":\"ListItem\",\"position\":1,\"name\":\"Home\",\"item\":\"https:\/\/tuzlainfo.ba\/\"},{\"@type\":\"ListItem\",\"position\":2,\"name\":\"VIDEO \/ &#8220;Fukare&#8221; se od Elisa Bri\u010di\u0107a oprostile bakljadom\"}]},{\"@type\":\"WebSite\",\"@id\":\"https:\/\/tuzlainfo.ba\/#website\",\"url\":\"https:\/\/tuzlainfo.ba\/\",\"name\":\"TuzlaInfo.ba\",\"description\":\"Tuzla info, gradski informator - Tuzla na dlanu\",\"publisher\":{\"@id\":\"https:\/\/tuzlainfo.ba\/#organization\"},\"potentialAction\":[{\"@type\":\"SearchAction\",\"target\":{\"@type\":\"EntryPoint\",\"urlTemplate\":\"https:\/\/tuzlainfo.ba\/?s={search_term_string}\"},\"query-input\":{\"@type\":\"PropertyValueSpecification\",\"valueRequired\":true,\"valueName\":\"search_term_string\"}}],\"inLanguage\":\"bs-BA\"},{\"@type\":\"Organization\",\"@id\":\"https:\/\/tuzlainfo.ba\/#organization\",\"name\":\"TuzlaInfo.ba\",\"url\":\"https:\/\/tuzlainfo.ba\/\",\"logo\":{\"@type\":\"ImageObject\",\"inLanguage\":\"bs-BA\",\"@id\":\"https:\/\/tuzlainfo.ba\/#\/schema\/logo\/image\/\",\"url\":\"https:\/\/tuzlainfo.ba\/wp-content\/uploads\/2021\/03\/logo-ver-3-1.png\",\"contentUrl\":\"https:\/\/tuzlainfo.ba\/wp-content\/uploads\/2021\/03\/logo-ver-3-1.png\",\"width\":350,\"height\":95,\"caption\":\"TuzlaInfo.ba\"},\"image\":{\"@id\":\"https:\/\/tuzlainfo.ba\/#\/schema\/logo\/image\/\"},\"sameAs\":[\"https:\/\/www.facebook.com\/tuzlainfo.ba\/\"]},{\"@type\":\"Person\",\"@id\":\"https:\/\/tuzlainfo.ba\/#\/schema\/person\/f434e20dc27ea133923aab08451b7f7f\",\"name\":\"nedim\",\"image\":{\"@type\":\"ImageObject\",\"inLanguage\":\"bs-BA\",\"@id\":\"https:\/\/tuzlainfo.ba\/#\/schema\/person\/image\/\",\"url\":\"https:\/\/tuzlainfo.ba\/wp-content\/litespeed\/avatar\/aabad687af24844af817603ac1cbdc4f.jpg?ver=1776702173\",\"contentUrl\":\"https:\/\/tuzlainfo.ba\/wp-content\/litespeed\/avatar\/aabad687af24844af817603ac1cbdc4f.jpg?ver=1776702173\",\"caption\":\"nedim\"},\"description\":\"Tuzlainfo.ba pratite na dru\u0161tvenim mre\u017eama: Facebook, Instagram i Youtube. Svoje pri\u010de, upite i fotografije \u0161aljite na na\u0161u e-mail adresu.\"}]}<\/script>\n<!-- \/ Yoast SEO plugin. -->","yoast_head_json":{"title":"VIDEO \/ \"Fukare\" se od Elisa Bri\u010di\u0107a oprostile bakljadom - TuzlaInfo.ba","robots":{"index":"index","follow":"follow","max-snippet":"max-snippet:-1","max-image-preview":"max-image-preview:large","max-video-preview":"max-video-preview:-1"},"canonical":"https:\/\/tuzlainfo.ba\/index.php\/novosti\/item\/181613-video-fukare-se-od-elisa-bricica-oprostile-bakljadom\/","og_locale":"bs_BA","og_type":"article","og_title":"VIDEO \/ \"Fukare\" se od Elisa Bri\u010di\u0107a oprostile bakljadom - TuzlaInfo.ba","og_description":"Mnoge u Tuzli je zatekla vijest o tragi\u010dnoj smrti mladog Elisa Bri\u010di\u0107a (31) koji je&hellip;","og_url":"https:\/\/tuzlainfo.ba\/index.php\/novosti\/item\/181613-video-fukare-se-od-elisa-bricica-oprostile-bakljadom\/","og_site_name":"TuzlaInfo.ba","article_publisher":"https:\/\/www.facebook.com\/tuzlainfo.ba\/","article_published_time":"2022-08-18T19:35:14+00:00","article_modified_time":"2022-08-18T19:37:56+00:00","og_image":[{"width":800,"height":447,"url":"https:\/\/tuzlainfo.ba\/wp-content\/uploads\/2022\/08\/1808_bakljada.jpg","type":"image\/jpeg"}],"author":"nedim","twitter_card":"summary_large_image","twitter_misc":{"Written by":"nedim","Est. reading time":"1 minuta"},"schema":{"@context":"https:\/\/schema.org","@graph":[{"@type":"Article","@id":"https:\/\/tuzlainfo.ba\/index.php\/novosti\/item\/181613-video-fukare-se-od-elisa-bricica-oprostile-bakljadom\/#article","isPartOf":{"@id":"https:\/\/tuzlainfo.ba\/index.php\/novosti\/item\/181613-video-fukare-se-od-elisa-bricica-oprostile-bakljadom\/"},"author":{"name":"nedim","@id":"https:\/\/tuzlainfo.ba\/#\/schema\/person\/f434e20dc27ea133923aab08451b7f7f"},"headline":"VIDEO \/ &#8220;Fukare&#8221; se od Elisa Bri\u010di\u0107a oprostile bakljadom","datePublished":"2022-08-18T19:35:14+00:00","dateModified":"2022-08-18T19:37:56+00:00","mainEntityOfPage":{"@id":"https:\/\/tuzlainfo.ba\/index.php\/novosti\/item\/181613-video-fukare-se-od-elisa-bricica-oprostile-bakljadom\/"},"wordCount":151,"commentCount":0,"publisher":{"@id":"https:\/\/tuzlainfo.ba\/#organization"},"image":{"@id":"https:\/\/tuzlainfo.ba\/index.php\/novosti\/item\/181613-video-fukare-se-od-elisa-bricica-oprostile-bakljadom\/#primaryimage"},"thumbnailUrl":"https:\/\/tuzlainfo.ba\/wp-content\/uploads\/2022\/08\/1808_bakljada.jpg","keywords":["elis bricic","fukare"],"articleSection":["Istaknuto","Novosti"],"inLanguage":"bs-BA"},{"@type":"WebPage","@id":"https:\/\/tuzlainfo.ba\/index.php\/novosti\/item\/181613-video-fukare-se-od-elisa-bricica-oprostile-bakljadom\/","url":"https:\/\/tuzlainfo.ba\/index.php\/novosti\/item\/181613-video-fukare-se-od-elisa-bricica-oprostile-bakljadom\/","name":"VIDEO \/ \"Fukare\" se od Elisa Bri\u010di\u0107a oprostile bakljadom - TuzlaInfo.ba","isPartOf":{"@id":"https:\/\/tuzlainfo.ba\/#website"},"primaryImageOfPage":{"@id":"https:\/\/tuzlainfo.ba\/index.php\/novosti\/item\/181613-video-fukare-se-od-elisa-bricica-oprostile-bakljadom\/#primaryimage"},"image":{"@id":"https:\/\/tuzlainfo.ba\/index.php\/novosti\/item\/181613-video-fukare-se-od-elisa-bricica-oprostile-bakljadom\/#primaryimage"},"thumbnailUrl":"https:\/\/tuzlainfo.ba\/wp-content\/uploads\/2022\/08\/1808_bakljada.jpg","datePublished":"2022-08-18T19:35:14+00:00","dateModified":"2022-08-18T19:37:56+00:00","breadcrumb":{"@id":"https:\/\/tuzlainfo.ba\/index.php\/novosti\/item\/181613-video-fukare-se-od-elisa-bricica-oprostile-bakljadom\/#breadcrumb"},"inLanguage":"bs-BA","potentialAction":[{"@type":"ReadAction","target":["https:\/\/tuzlainfo.ba\/index.php\/novosti\/item\/181613-video-fukare-se-od-elisa-bricica-oprostile-bakljadom\/"]}]},{"@type":"ImageObject","inLanguage":"bs-BA","@id":"https:\/\/tuzlainfo.ba\/index.php\/novosti\/item\/181613-video-fukare-se-od-elisa-bricica-oprostile-bakljadom\/#primaryimage","url":"https:\/\/tuzlainfo.ba\/wp-content\/uploads\/2022\/08\/1808_bakljada.jpg","contentUrl":"https:\/\/tuzlainfo.ba\/wp-content\/uploads\/2022\/08\/1808_bakljada.jpg","width":800,"height":447},{"@type":"BreadcrumbList","@id":"https:\/\/tuzlainfo.ba\/index.php\/novosti\/item\/181613-video-fukare-se-od-elisa-bricica-oprostile-bakljadom\/#breadcrumb","itemListElement":[{"@type":"ListItem","position":1,"name":"Home","item":"https:\/\/tuzlainfo.ba\/"},{"@type":"ListItem","position":2,"name":"VIDEO \/ &#8220;Fukare&#8221; se od Elisa Bri\u010di\u0107a oprostile bakljadom"}]},{"@type":"WebSite","@id":"https:\/\/tuzlainfo.ba\/#website","url":"https:\/\/tuzlainfo.ba\/","name":"TuzlaInfo.ba","description":"Tuzla info, gradski informator - Tuzla na dlanu","publisher":{"@id":"https:\/\/tuzlainfo.ba\/#organization"},"potentialAction":[{"@type":"SearchAction","target":{"@type":"EntryPoint","urlTemplate":"https:\/\/tuzlainfo.ba\/?s={search_term_string}"},"query-input":{"@type":"PropertyValueSpecification","valueRequired":true,"valueName":"search_term_string"}}],"inLanguage":"bs-BA"},{"@type":"Organization","@id":"https:\/\/tuzlainfo.ba\/#organization","name":"TuzlaInfo.ba","url":"https:\/\/tuzlainfo.ba\/","logo":{"@type":"ImageObject","inLanguage":"bs-BA","@id":"https:\/\/tuzlainfo.ba\/#\/schema\/logo\/image\/","url":"https:\/\/tuzlainfo.ba\/wp-content\/uploads\/2021\/03\/logo-ver-3-1.png","contentUrl":"https:\/\/tuzlainfo.ba\/wp-content\/uploads\/2021\/03\/logo-ver-3-1.png","width":350,"height":95,"caption":"TuzlaInfo.ba"},"image":{"@id":"https:\/\/tuzlainfo.ba\/#\/schema\/logo\/image\/"},"sameAs":["https:\/\/www.facebook.com\/tuzlainfo.ba\/"]},{"@type":"Person","@id":"https:\/\/tuzlainfo.ba\/#\/schema\/person\/f434e20dc27ea133923aab08451b7f7f","name":"nedim","image":{"@type":"ImageObject","inLanguage":"bs-BA","@id":"https:\/\/tuzlainfo.ba\/#\/schema\/person\/image\/","url":"https:\/\/tuzlainfo.ba\/wp-content\/litespeed\/avatar\/aabad687af24844af817603ac1cbdc4f.jpg?ver=1776702173","contentUrl":"https:\/\/tuzlainfo.ba\/wp-content\/litespeed\/avatar\/aabad687af24844af817603ac1cbdc4f.jpg?ver=1776702173","caption":"nedim"},"description":"Tuzlainfo.ba pratite na dru\u0161tvenim mre\u017eama: Facebook, Instagram i Youtube. Svoje pri\u010de, upite i fotografije \u0161aljite na na\u0161u e-mail adresu."}]}},"_links":{"self":[{"href":"https:\/\/tuzlainfo.ba\/index.php\/wp-json\/wp\/v2\/posts\/181613"}],"collection":[{"href":"https:\/\/tuzlainfo.ba\/index.php\/wp-json\/wp\/v2\/posts"}],"about":[{"href":"https:\/\/tuzlainfo.ba\/index.php\/wp-json\/wp\/v2\/types\/post"}],"author":[{"embeddable":true,"href":"https:\/\/tuzlainfo.ba\/index.php\/wp-json\/wp\/v2\/users\/2"}],"replies":[{"embeddable":true,"href":"https:\/\/tuzlainfo.ba\/index.php\/wp-json\/wp\/v2\/comments?post=181613"}],"version-history":[{"count":0,"href":"https:\/\/tuzlainfo.ba\/index.php\/wp-json\/wp\/v2\/posts\/181613\/revisions"}],"wp:featuredmedia":[{"embeddable":true,"href":"https:\/\/tuzlainfo.ba\/index.php\/wp-json\/wp\/v2\/media\/181614"}],"wp:attachment":[{"href":"https:\/\/tuzlainfo.ba\/index.php\/wp-json\/wp\/v2\/media?parent=181613"}],"wp:term":[{"taxonomy":"category","embeddable":true,"href":"https:\/\/tuzlainfo.ba\/index.php\/wp-json\/wp\/v2\/categories?post=181613"},{"taxonomy":"post_tag","embeddable":true,"href":"https:\/\/tuzlainfo.ba\/index.php\/wp-json\/wp\/v2\/tags?post=181613"}],"curies":[{"name":"wp","href":"https:\/\/api.w.org\/{rel}","templated":true}]}}