{"id":181482,"date":"2022-08-17T15:34:45","date_gmt":"2022-08-17T13:34:45","guid":{"rendered":"https:\/\/tuzlainfo.ba\/?p=181482"},"modified":"2022-08-17T15:34:45","modified_gmt":"2022-08-17T13:34:45","slug":"sutra-ispracaj-tragicno-stradalom-elisu-bricicu-iz-tuzle","status":"publish","type":"post","link":"https:\/\/tuzlainfo.ba\/index.php\/novosti\/item\/181482-sutra-ispracaj-tragicno-stradalom-elisu-bricicu-iz-tuzle\/","title":{"rendered":"Sutra ispra\u0107aj tragi\u010dno stradalom Elisu Bri\u010di\u0107u iz Tuzle"},"content":{"rendered":"<p>U saobra\u0107ajnoj nesre\u0107i koja se ju\u010der dogodila rano ujutro, smrtno je stradao Tuzlak Elis Bri\u010di\u0107.<\/p>\n<p>Bri\u010di\u0107 je stradao u 31. godini svog \u017eivota.<\/p>\n<p>Prijatelji su se emotivnim porukama oprostili od prijatelja, a posljednji pozdrav poslali su i navija\u010di FK Sloboda.<\/p>\n<p>Posljednji ispra\u0107aj odr\u017eat \u0107e se 18.08. ispred Komemorativnog centra u Tuzli u 15:15 h, a d\u017eenaza i ukop odr\u017eat \u0107e se nakon toga na mezarju Grabovica.<\/p>\n","protected":false},"excerpt":{"rendered":"<p>U saobra\u0107ajnoj nesre\u0107i koja se ju\u010der dogodila rano ujutro, smrtno je stradao Tuzlak Elis Bri\u010di\u0107.&hellip;<\/p>\n","protected":false},"author":4,"featured_media":181483,"comment_status":"open","ping_status":"closed","sticky":false,"template":"","format":"standard","meta":{"_acf_changed":false,"footnotes":""},"categories":[12],"tags":[1453,5282],"acf":[],"yoast_head":"<!-- This site is optimized with the Yoast SEO plugin v23.5 - https:\/\/yoast.com\/wordpress\/plugins\/seo\/ -->\n<title>Sutra ispra\u0107aj tragi\u010dno stradalom Elisu Bri\u010di\u0107u iz Tuzle - TuzlaInfo.ba<\/title>\n<meta name=\"robots\" content=\"index, follow, max-snippet:-1, max-image-preview:large, max-video-preview:-1\" \/>\n<link rel=\"canonical\" href=\"https:\/\/tuzlainfo.ba\/index.php\/novosti\/item\/181482-sutra-ispracaj-tragicno-stradalom-elisu-bricicu-iz-tuzle\/\" \/>\n<meta property=\"og:locale\" content=\"bs_BA\" \/>\n<meta property=\"og:type\" content=\"article\" \/>\n<meta property=\"og:title\" content=\"Sutra ispra\u0107aj tragi\u010dno stradalom Elisu Bri\u010di\u0107u iz Tuzle - TuzlaInfo.ba\" \/>\n<meta property=\"og:description\" content=\"U saobra\u0107ajnoj nesre\u0107i koja se ju\u010der dogodila rano ujutro, smrtno je stradao Tuzlak Elis Bri\u010di\u0107.&hellip;\" \/>\n<meta property=\"og:url\" content=\"https:\/\/tuzlainfo.ba\/index.php\/novosti\/item\/181482-sutra-ispracaj-tragicno-stradalom-elisu-bricicu-iz-tuzle\/\" \/>\n<meta property=\"og:site_name\" content=\"TuzlaInfo.ba\" \/>\n<meta property=\"article:publisher\" content=\"https:\/\/www.facebook.com\/tuzlainfo.ba\/\" \/>\n<meta property=\"article:published_time\" content=\"2022-08-17T13:34:45+00:00\" \/>\n<meta property=\"og:image\" content=\"https:\/\/tuzlainfo.ba\/wp-content\/uploads\/2022\/08\/thumbnail_Posljednji-ispracaj-tragicno-preminulom-Elisu-Bricicu.jpg\" \/>\n\t<meta property=\"og:image:width\" content=\"1284\" \/>\n\t<meta property=\"og:image:height\" content=\"734\" \/>\n\t<meta property=\"og:image:type\" content=\"image\/jpeg\" \/>\n<meta name=\"author\" content=\"Tuzla Info\" \/>\n<meta name=\"twitter:card\" content=\"summary_large_image\" \/>\n<meta name=\"twitter:label1\" content=\"Written by\" \/>\n\t<meta name=\"twitter:data1\" content=\"Tuzla Info\" \/>\n<script type=\"application\/ld+json\" class=\"yoast-schema-graph\">{\"@context\":\"https:\/\/schema.org\",\"@graph\":[{\"@type\":\"Article\",\"@id\":\"https:\/\/tuzlainfo.ba\/index.php\/novosti\/item\/181482-sutra-ispracaj-tragicno-stradalom-elisu-bricicu-iz-tuzle\/#article\",\"isPartOf\":{\"@id\":\"https:\/\/tuzlainfo.ba\/index.php\/novosti\/item\/181482-sutra-ispracaj-tragicno-stradalom-elisu-bricicu-iz-tuzle\/\"},\"author\":{\"name\":\"Tuzla Info\",\"@id\":\"https:\/\/tuzlainfo.ba\/#\/schema\/person\/46cad4c57790cbc50781edd14870825a\"},\"headline\":\"Sutra ispra\u0107aj tragi\u010dno stradalom Elisu Bri\u010di\u0107u iz Tuzle\",\"datePublished\":\"2022-08-17T13:34:45+00:00\",\"dateModified\":\"2022-08-17T13:34:45+00:00\",\"mainEntityOfPage\":{\"@id\":\"https:\/\/tuzlainfo.ba\/index.php\/novosti\/item\/181482-sutra-ispracaj-tragicno-stradalom-elisu-bricicu-iz-tuzle\/\"},\"wordCount\":85,\"commentCount\":0,\"publisher\":{\"@id\":\"https:\/\/tuzlainfo.ba\/#organization\"},\"image\":{\"@id\":\"https:\/\/tuzlainfo.ba\/index.php\/novosti\/item\/181482-sutra-ispracaj-tragicno-stradalom-elisu-bricicu-iz-tuzle\/#primaryimage\"},\"thumbnailUrl\":\"https:\/\/tuzlainfo.ba\/wp-content\/uploads\/2022\/08\/thumbnail_Posljednji-ispracaj-tragicno-preminulom-Elisu-Bricicu.jpg\",\"keywords\":[\"d\u017eenaza\",\"elis bricic\"],\"articleSection\":[\"Novosti\"],\"inLanguage\":\"bs-BA\"},{\"@type\":\"WebPage\",\"@id\":\"https:\/\/tuzlainfo.ba\/index.php\/novosti\/item\/181482-sutra-ispracaj-tragicno-stradalom-elisu-bricicu-iz-tuzle\/\",\"url\":\"https:\/\/tuzlainfo.ba\/index.php\/novosti\/item\/181482-sutra-ispracaj-tragicno-stradalom-elisu-bricicu-iz-tuzle\/\",\"name\":\"Sutra ispra\u0107aj tragi\u010dno stradalom Elisu Bri\u010di\u0107u iz Tuzle - TuzlaInfo.ba\",\"isPartOf\":{\"@id\":\"https:\/\/tuzlainfo.ba\/#website\"},\"primaryImageOfPage\":{\"@id\":\"https:\/\/tuzlainfo.ba\/index.php\/novosti\/item\/181482-sutra-ispracaj-tragicno-stradalom-elisu-bricicu-iz-tuzle\/#primaryimage\"},\"image\":{\"@id\":\"https:\/\/tuzlainfo.ba\/index.php\/novosti\/item\/181482-sutra-ispracaj-tragicno-stradalom-elisu-bricicu-iz-tuzle\/#primaryimage\"},\"thumbnailUrl\":\"https:\/\/tuzlainfo.ba\/wp-content\/uploads\/2022\/08\/thumbnail_Posljednji-ispracaj-tragicno-preminulom-Elisu-Bricicu.jpg\",\"datePublished\":\"2022-08-17T13:34:45+00:00\",\"dateModified\":\"2022-08-17T13:34:45+00:00\",\"breadcrumb\":{\"@id\":\"https:\/\/tuzlainfo.ba\/index.php\/novosti\/item\/181482-sutra-ispracaj-tragicno-stradalom-elisu-bricicu-iz-tuzle\/#breadcrumb\"},\"inLanguage\":\"bs-BA\",\"potentialAction\":[{\"@type\":\"ReadAction\",\"target\":[\"https:\/\/tuzlainfo.ba\/index.php\/novosti\/item\/181482-sutra-ispracaj-tragicno-stradalom-elisu-bricicu-iz-tuzle\/\"]}]},{\"@type\":\"ImageObject\",\"inLanguage\":\"bs-BA\",\"@id\":\"https:\/\/tuzlainfo.ba\/index.php\/novosti\/item\/181482-sutra-ispracaj-tragicno-stradalom-elisu-bricicu-iz-tuzle\/#primaryimage\",\"url\":\"https:\/\/tuzlainfo.ba\/wp-content\/uploads\/2022\/08\/thumbnail_Posljednji-ispracaj-tragicno-preminulom-Elisu-Bricicu.jpg\",\"contentUrl\":\"https:\/\/tuzlainfo.ba\/wp-content\/uploads\/2022\/08\/thumbnail_Posljednji-ispracaj-tragicno-preminulom-Elisu-Bricicu.jpg\",\"width\":1284,\"height\":734},{\"@type\":\"BreadcrumbList\",\"@id\":\"https:\/\/tuzlainfo.ba\/index.php\/novosti\/item\/181482-sutra-ispracaj-tragicno-stradalom-elisu-bricicu-iz-tuzle\/#breadcrumb\",\"itemListElement\":[{\"@type\":\"ListItem\",\"position\":1,\"name\":\"Home\",\"item\":\"https:\/\/tuzlainfo.ba\/\"},{\"@type\":\"ListItem\",\"position\":2,\"name\":\"Sutra ispra\u0107aj tragi\u010dno stradalom Elisu Bri\u010di\u0107u iz Tuzle\"}]},{\"@type\":\"WebSite\",\"@id\":\"https:\/\/tuzlainfo.ba\/#website\",\"url\":\"https:\/\/tuzlainfo.ba\/\",\"name\":\"TuzlaInfo.ba\",\"description\":\"Tuzla info, gradski informator - Tuzla na dlanu\",\"publisher\":{\"@id\":\"https:\/\/tuzlainfo.ba\/#organization\"},\"potentialAction\":[{\"@type\":\"SearchAction\",\"target\":{\"@type\":\"EntryPoint\",\"urlTemplate\":\"https:\/\/tuzlainfo.ba\/?s={search_term_string}\"},\"query-input\":{\"@type\":\"PropertyValueSpecification\",\"valueRequired\":true,\"valueName\":\"search_term_string\"}}],\"inLanguage\":\"bs-BA\"},{\"@type\":\"Organization\",\"@id\":\"https:\/\/tuzlainfo.ba\/#organization\",\"name\":\"TuzlaInfo.ba\",\"url\":\"https:\/\/tuzlainfo.ba\/\",\"logo\":{\"@type\":\"ImageObject\",\"inLanguage\":\"bs-BA\",\"@id\":\"https:\/\/tuzlainfo.ba\/#\/schema\/logo\/image\/\",\"url\":\"https:\/\/tuzlainfo.ba\/wp-content\/uploads\/2021\/03\/logo-ver-3-1.png\",\"contentUrl\":\"https:\/\/tuzlainfo.ba\/wp-content\/uploads\/2021\/03\/logo-ver-3-1.png\",\"width\":350,\"height\":95,\"caption\":\"TuzlaInfo.ba\"},\"image\":{\"@id\":\"https:\/\/tuzlainfo.ba\/#\/schema\/logo\/image\/\"},\"sameAs\":[\"https:\/\/www.facebook.com\/tuzlainfo.ba\/\"]},{\"@type\":\"Person\",\"@id\":\"https:\/\/tuzlainfo.ba\/#\/schema\/person\/46cad4c57790cbc50781edd14870825a\",\"name\":\"Tuzla Info\",\"image\":{\"@type\":\"ImageObject\",\"inLanguage\":\"bs-BA\",\"@id\":\"https:\/\/tuzlainfo.ba\/#\/schema\/person\/image\/\",\"url\":\"https:\/\/tuzlainfo.ba\/wp-content\/litespeed\/avatar\/b6c453a6c38e3654f2e4416c643fc25c.jpg?ver=1777051911\",\"contentUrl\":\"https:\/\/tuzlainfo.ba\/wp-content\/litespeed\/avatar\/b6c453a6c38e3654f2e4416c643fc25c.jpg?ver=1777051911\",\"caption\":\"Tuzla Info\"}}]}<\/script>\n<!-- \/ Yoast SEO plugin. -->","yoast_head_json":{"title":"Sutra ispra\u0107aj tragi\u010dno stradalom Elisu Bri\u010di\u0107u iz Tuzle - TuzlaInfo.ba","robots":{"index":"index","follow":"follow","max-snippet":"max-snippet:-1","max-image-preview":"max-image-preview:large","max-video-preview":"max-video-preview:-1"},"canonical":"https:\/\/tuzlainfo.ba\/index.php\/novosti\/item\/181482-sutra-ispracaj-tragicno-stradalom-elisu-bricicu-iz-tuzle\/","og_locale":"bs_BA","og_type":"article","og_title":"Sutra ispra\u0107aj tragi\u010dno stradalom Elisu Bri\u010di\u0107u iz Tuzle - TuzlaInfo.ba","og_description":"U saobra\u0107ajnoj nesre\u0107i koja se ju\u010der dogodila rano ujutro, smrtno je stradao Tuzlak Elis Bri\u010di\u0107.&hellip;","og_url":"https:\/\/tuzlainfo.ba\/index.php\/novosti\/item\/181482-sutra-ispracaj-tragicno-stradalom-elisu-bricicu-iz-tuzle\/","og_site_name":"TuzlaInfo.ba","article_publisher":"https:\/\/www.facebook.com\/tuzlainfo.ba\/","article_published_time":"2022-08-17T13:34:45+00:00","og_image":[{"width":1284,"height":734,"url":"https:\/\/tuzlainfo.ba\/wp-content\/uploads\/2022\/08\/thumbnail_Posljednji-ispracaj-tragicno-preminulom-Elisu-Bricicu.jpg","type":"image\/jpeg"}],"author":"Tuzla Info","twitter_card":"summary_large_image","twitter_misc":{"Written by":"Tuzla Info"},"schema":{"@context":"https:\/\/schema.org","@graph":[{"@type":"Article","@id":"https:\/\/tuzlainfo.ba\/index.php\/novosti\/item\/181482-sutra-ispracaj-tragicno-stradalom-elisu-bricicu-iz-tuzle\/#article","isPartOf":{"@id":"https:\/\/tuzlainfo.ba\/index.php\/novosti\/item\/181482-sutra-ispracaj-tragicno-stradalom-elisu-bricicu-iz-tuzle\/"},"author":{"name":"Tuzla Info","@id":"https:\/\/tuzlainfo.ba\/#\/schema\/person\/46cad4c57790cbc50781edd14870825a"},"headline":"Sutra ispra\u0107aj tragi\u010dno stradalom Elisu Bri\u010di\u0107u iz Tuzle","datePublished":"2022-08-17T13:34:45+00:00","dateModified":"2022-08-17T13:34:45+00:00","mainEntityOfPage":{"@id":"https:\/\/tuzlainfo.ba\/index.php\/novosti\/item\/181482-sutra-ispracaj-tragicno-stradalom-elisu-bricicu-iz-tuzle\/"},"wordCount":85,"commentCount":0,"publisher":{"@id":"https:\/\/tuzlainfo.ba\/#organization"},"image":{"@id":"https:\/\/tuzlainfo.ba\/index.php\/novosti\/item\/181482-sutra-ispracaj-tragicno-stradalom-elisu-bricicu-iz-tuzle\/#primaryimage"},"thumbnailUrl":"https:\/\/tuzlainfo.ba\/wp-content\/uploads\/2022\/08\/thumbnail_Posljednji-ispracaj-tragicno-preminulom-Elisu-Bricicu.jpg","keywords":["d\u017eenaza","elis bricic"],"articleSection":["Novosti"],"inLanguage":"bs-BA"},{"@type":"WebPage","@id":"https:\/\/tuzlainfo.ba\/index.php\/novosti\/item\/181482-sutra-ispracaj-tragicno-stradalom-elisu-bricicu-iz-tuzle\/","url":"https:\/\/tuzlainfo.ba\/index.php\/novosti\/item\/181482-sutra-ispracaj-tragicno-stradalom-elisu-bricicu-iz-tuzle\/","name":"Sutra ispra\u0107aj tragi\u010dno stradalom Elisu Bri\u010di\u0107u iz Tuzle - TuzlaInfo.ba","isPartOf":{"@id":"https:\/\/tuzlainfo.ba\/#website"},"primaryImageOfPage":{"@id":"https:\/\/tuzlainfo.ba\/index.php\/novosti\/item\/181482-sutra-ispracaj-tragicno-stradalom-elisu-bricicu-iz-tuzle\/#primaryimage"},"image":{"@id":"https:\/\/tuzlainfo.ba\/index.php\/novosti\/item\/181482-sutra-ispracaj-tragicno-stradalom-elisu-bricicu-iz-tuzle\/#primaryimage"},"thumbnailUrl":"https:\/\/tuzlainfo.ba\/wp-content\/uploads\/2022\/08\/thumbnail_Posljednji-ispracaj-tragicno-preminulom-Elisu-Bricicu.jpg","datePublished":"2022-08-17T13:34:45+00:00","dateModified":"2022-08-17T13:34:45+00:00","breadcrumb":{"@id":"https:\/\/tuzlainfo.ba\/index.php\/novosti\/item\/181482-sutra-ispracaj-tragicno-stradalom-elisu-bricicu-iz-tuzle\/#breadcrumb"},"inLanguage":"bs-BA","potentialAction":[{"@type":"ReadAction","target":["https:\/\/tuzlainfo.ba\/index.php\/novosti\/item\/181482-sutra-ispracaj-tragicno-stradalom-elisu-bricicu-iz-tuzle\/"]}]},{"@type":"ImageObject","inLanguage":"bs-BA","@id":"https:\/\/tuzlainfo.ba\/index.php\/novosti\/item\/181482-sutra-ispracaj-tragicno-stradalom-elisu-bricicu-iz-tuzle\/#primaryimage","url":"https:\/\/tuzlainfo.ba\/wp-content\/uploads\/2022\/08\/thumbnail_Posljednji-ispracaj-tragicno-preminulom-Elisu-Bricicu.jpg","contentUrl":"https:\/\/tuzlainfo.ba\/wp-content\/uploads\/2022\/08\/thumbnail_Posljednji-ispracaj-tragicno-preminulom-Elisu-Bricicu.jpg","width":1284,"height":734},{"@type":"BreadcrumbList","@id":"https:\/\/tuzlainfo.ba\/index.php\/novosti\/item\/181482-sutra-ispracaj-tragicno-stradalom-elisu-bricicu-iz-tuzle\/#breadcrumb","itemListElement":[{"@type":"ListItem","position":1,"name":"Home","item":"https:\/\/tuzlainfo.ba\/"},{"@type":"ListItem","position":2,"name":"Sutra ispra\u0107aj tragi\u010dno stradalom Elisu Bri\u010di\u0107u iz Tuzle"}]},{"@type":"WebSite","@id":"https:\/\/tuzlainfo.ba\/#website","url":"https:\/\/tuzlainfo.ba\/","name":"TuzlaInfo.ba","description":"Tuzla info, gradski informator - Tuzla na dlanu","publisher":{"@id":"https:\/\/tuzlainfo.ba\/#organization"},"potentialAction":[{"@type":"SearchAction","target":{"@type":"EntryPoint","urlTemplate":"https:\/\/tuzlainfo.ba\/?s={search_term_string}"},"query-input":{"@type":"PropertyValueSpecification","valueRequired":true,"valueName":"search_term_string"}}],"inLanguage":"bs-BA"},{"@type":"Organization","@id":"https:\/\/tuzlainfo.ba\/#organization","name":"TuzlaInfo.ba","url":"https:\/\/tuzlainfo.ba\/","logo":{"@type":"ImageObject","inLanguage":"bs-BA","@id":"https:\/\/tuzlainfo.ba\/#\/schema\/logo\/image\/","url":"https:\/\/tuzlainfo.ba\/wp-content\/uploads\/2021\/03\/logo-ver-3-1.png","contentUrl":"https:\/\/tuzlainfo.ba\/wp-content\/uploads\/2021\/03\/logo-ver-3-1.png","width":350,"height":95,"caption":"TuzlaInfo.ba"},"image":{"@id":"https:\/\/tuzlainfo.ba\/#\/schema\/logo\/image\/"},"sameAs":["https:\/\/www.facebook.com\/tuzlainfo.ba\/"]},{"@type":"Person","@id":"https:\/\/tuzlainfo.ba\/#\/schema\/person\/46cad4c57790cbc50781edd14870825a","name":"Tuzla Info","image":{"@type":"ImageObject","inLanguage":"bs-BA","@id":"https:\/\/tuzlainfo.ba\/#\/schema\/person\/image\/","url":"https:\/\/tuzlainfo.ba\/wp-content\/litespeed\/avatar\/b6c453a6c38e3654f2e4416c643fc25c.jpg?ver=1777051911","contentUrl":"https:\/\/tuzlainfo.ba\/wp-content\/litespeed\/avatar\/b6c453a6c38e3654f2e4416c643fc25c.jpg?ver=1777051911","caption":"Tuzla Info"}}]}},"_links":{"self":[{"href":"https:\/\/tuzlainfo.ba\/index.php\/wp-json\/wp\/v2\/posts\/181482"}],"collection":[{"href":"https:\/\/tuzlainfo.ba\/index.php\/wp-json\/wp\/v2\/posts"}],"about":[{"href":"https:\/\/tuzlainfo.ba\/index.php\/wp-json\/wp\/v2\/types\/post"}],"author":[{"embeddable":true,"href":"https:\/\/tuzlainfo.ba\/index.php\/wp-json\/wp\/v2\/users\/4"}],"replies":[{"embeddable":true,"href":"https:\/\/tuzlainfo.ba\/index.php\/wp-json\/wp\/v2\/comments?post=181482"}],"version-history":[{"count":0,"href":"https:\/\/tuzlainfo.ba\/index.php\/wp-json\/wp\/v2\/posts\/181482\/revisions"}],"wp:featuredmedia":[{"embeddable":true,"href":"https:\/\/tuzlainfo.ba\/index.php\/wp-json\/wp\/v2\/media\/181483"}],"wp:attachment":[{"href":"https:\/\/tuzlainfo.ba\/index.php\/wp-json\/wp\/v2\/media?parent=181482"}],"wp:term":[{"taxonomy":"category","embeddable":true,"href":"https:\/\/tuzlainfo.ba\/index.php\/wp-json\/wp\/v2\/categories?post=181482"},{"taxonomy":"post_tag","embeddable":true,"href":"https:\/\/tuzlainfo.ba\/index.php\/wp-json\/wp\/v2\/tags?post=181482"}],"curies":[{"name":"wp","href":"https:\/\/api.w.org\/{rel}","templated":true}]}}