{"id":181020,"date":"2022-08-11T21:59:27","date_gmt":"2022-08-11T19:59:27","guid":{"rendered":"https:\/\/tuzlainfo.ba\/?p=181020"},"modified":"2022-08-11T21:59:27","modified_gmt":"2022-08-11T19:59:27","slug":"azem-vlasi-upozorava-zasto-vucic-dobija-oruzje-od-rusije-kad-srbiji-niko-ne-prijeti","status":"publish","type":"post","link":"https:\/\/tuzlainfo.ba\/index.php\/clanci\/sa-svih-strana\/item\/181020-azem-vlasi-upozorava-zasto-vucic-dobija-oruzje-od-rusije-kad-srbiji-niko-ne-prijeti\/","title":{"rendered":"Azem Vlasi upozorava: &#8220;Za\u0161to Vu\u010di\u0107 dobija oru\u017eje od Rusije, kad Srbiji niko ne prijeti?&#8221;"},"content":{"rendered":"<p>Nakon \u0161to je premijer Kosova<strong>\u00a0Albin Kurti\u00a0<\/strong>u intervjuu za Reuters istakao da ne treba isklju\u010diti mogu\u0107nost da se agresivna politika predsjednika Srbije\u00a0<strong>Aleksandra Vu\u010di\u0107a\u00a0<\/strong>pretvori u napad na Kosovo, te da je Kosovo spremno da se suprotstavi, advokat iz Pri\u0161tine\u00a0<strong>Azem Vllasi<\/strong>\u00a0za Gradsku RTV ka\u017ee da realnost od sukoba ne postoji. Rije\u010d je, kako dodaje, o propagandi Vu\u010di\u0107a, koji, svojom retorikom konstantno stvara tenzije u regionu.<\/p>\n<p>Ipak, o\u010dekuje, da sastanak Vu\u010di\u0107a i Kurtija u Briselu mo\u017ee doprinijeti smirivanju tenzija.<\/p>\n<p>Suludo je da Kosovo ratuje na svojoj teritoriji i protiv svojih gra\u0111ana, jasan je Vllasi. To potkrepljuje konketnim razlozima.<\/p>\n<p>\u201cPrvo, NATO je na Kosovu, to bi zna\u010dilo da Srbija ulazi u sukob sa NATO. Drugo, Kosovo je dr\u017eava, zna\u010di ulazi u sukob sa drugom dr\u017eavom. I, \u0161to je najva\u017enije, Srbija nema vi\u0161e taj potencijal kao \u201898, \u201899. kada je koncentrisala potencijal JNA u sedam garnizona na Kosovu, prema tome, to su \u010darke, rat rije\u010dima, realne opasnosti od nekog sukoba nema\u201d, ocjenjuje Vllasi.<\/p>\n<p>Predsjednik Srbije Aleksandar Vu\u010di\u0107, svojom retorikom i postupcima konstantno stvara tenzije u regionu, na jedan na\u010din u Crnoj Gori, na drugi u Bosni i Hercegovini, a na tre\u0107i na Kosovu.<\/p>\n<p>\u201cTo je realnost ovih prostora, a jedini je Vu\u010di\u0107 koji se stalno hvali kako \u0107e Srbija braniti mir, \u0161to zna\u010di ovi drugi oko nje je ugro\u017eavaju, a on brani i \u010duva mir, a istovremeno se naoru\u017eava i dobija oru\u017eje od Rusije. Postavlja se pitanje za koga i za kakvu odbranu, kad niti ko prijeti Srbiji, niit \u0107e ko napasti Srbiju\u201d, isti\u010de Vllasi.<\/p>\n<p>Vllasi smatra da Vu\u010di\u0107 unaprijed zna da od dijaloga sa Kurtijem ne\u0107e biti ni\u0161ta, jer, kako navodi, Vu\u010di\u0107u nije do sporazuma. Ipak, dodaje, razgovori slu\u017ee smirivanju a ne dizanju tenzija pa to o\u010dekuje i od predstoje\u0107eg sastanka Vu\u010di\u0107a i Kurtija 18-og avgusta u Briselu.<\/p>\n","protected":false},"excerpt":{"rendered":"<p>Nakon \u0161to je premijer Kosova\u00a0Albin Kurti\u00a0u intervjuu za Reuters istakao da ne treba isklju\u010diti mogu\u0107nost&hellip;<\/p>\n","protected":false},"author":2,"featured_media":136196,"comment_status":"open","ping_status":"closed","sticky":false,"template":"","format":"standard","meta":{"_acf_changed":false,"footnotes":""},"categories":[16],"tags":[821],"acf":[],"yoast_head":"<!-- This site is optimized with the Yoast SEO plugin v23.5 - https:\/\/yoast.com\/wordpress\/plugins\/seo\/ -->\n<title>Azem Vlasi upozorava: &quot;Za\u0161to Vu\u010di\u0107 dobija oru\u017eje od Rusije, kad Srbiji niko ne prijeti?&quot; - TuzlaInfo.ba<\/title>\n<meta name=\"robots\" content=\"index, follow, max-snippet:-1, max-image-preview:large, max-video-preview:-1\" \/>\n<link rel=\"canonical\" href=\"https:\/\/tuzlainfo.ba\/index.php\/clanci\/sa-svih-strana\/item\/181020-azem-vlasi-upozorava-zasto-vucic-dobija-oruzje-od-rusije-kad-srbiji-niko-ne-prijeti\/\" \/>\n<meta property=\"og:locale\" content=\"bs_BA\" \/>\n<meta property=\"og:type\" content=\"article\" \/>\n<meta property=\"og:title\" content=\"Azem Vlasi upozorava: &quot;Za\u0161to Vu\u010di\u0107 dobija oru\u017eje od Rusije, kad Srbiji niko ne prijeti?&quot; - TuzlaInfo.ba\" \/>\n<meta property=\"og:description\" content=\"Nakon \u0161to je premijer Kosova\u00a0Albin Kurti\u00a0u intervjuu za Reuters istakao da ne treba isklju\u010diti mogu\u0107nost&hellip;\" \/>\n<meta property=\"og:url\" content=\"https:\/\/tuzlainfo.ba\/index.php\/clanci\/sa-svih-strana\/item\/181020-azem-vlasi-upozorava-zasto-vucic-dobija-oruzje-od-rusije-kad-srbiji-niko-ne-prijeti\/\" \/>\n<meta property=\"og:site_name\" content=\"TuzlaInfo.ba\" \/>\n<meta property=\"article:publisher\" content=\"https:\/\/www.facebook.com\/tuzlainfo.ba\/\" \/>\n<meta property=\"article:published_time\" content=\"2022-08-11T19:59:27+00:00\" \/>\n<meta property=\"og:image\" content=\"https:\/\/tuzlainfo.ba\/wp-content\/uploads\/2021\/04\/2404_azem_vlasi.jpg\" \/>\n\t<meta property=\"og:image:width\" content=\"800\" \/>\n\t<meta property=\"og:image:height\" content=\"523\" \/>\n\t<meta property=\"og:image:type\" content=\"image\/jpeg\" \/>\n<meta name=\"author\" content=\"nedim\" \/>\n<meta name=\"twitter:card\" content=\"summary_large_image\" \/>\n<meta name=\"twitter:label1\" content=\"Written by\" \/>\n\t<meta name=\"twitter:data1\" content=\"nedim\" \/>\n\t<meta name=\"twitter:label2\" content=\"Est. reading time\" \/>\n\t<meta name=\"twitter:data2\" content=\"2 minute\" \/>\n<script type=\"application\/ld+json\" class=\"yoast-schema-graph\">{\"@context\":\"https:\/\/schema.org\",\"@graph\":[{\"@type\":\"Article\",\"@id\":\"https:\/\/tuzlainfo.ba\/index.php\/clanci\/sa-svih-strana\/item\/181020-azem-vlasi-upozorava-zasto-vucic-dobija-oruzje-od-rusije-kad-srbiji-niko-ne-prijeti\/#article\",\"isPartOf\":{\"@id\":\"https:\/\/tuzlainfo.ba\/index.php\/clanci\/sa-svih-strana\/item\/181020-azem-vlasi-upozorava-zasto-vucic-dobija-oruzje-od-rusije-kad-srbiji-niko-ne-prijeti\/\"},\"author\":{\"name\":\"nedim\",\"@id\":\"https:\/\/tuzlainfo.ba\/#\/schema\/person\/f434e20dc27ea133923aab08451b7f7f\"},\"headline\":\"Azem Vlasi upozorava: &#8220;Za\u0161to Vu\u010di\u0107 dobija oru\u017eje od Rusije, kad Srbiji niko ne prijeti?&#8221;\",\"datePublished\":\"2022-08-11T19:59:27+00:00\",\"dateModified\":\"2022-08-11T19:59:27+00:00\",\"mainEntityOfPage\":{\"@id\":\"https:\/\/tuzlainfo.ba\/index.php\/clanci\/sa-svih-strana\/item\/181020-azem-vlasi-upozorava-zasto-vucic-dobija-oruzje-od-rusije-kad-srbiji-niko-ne-prijeti\/\"},\"wordCount\":353,\"commentCount\":0,\"publisher\":{\"@id\":\"https:\/\/tuzlainfo.ba\/#organization\"},\"image\":{\"@id\":\"https:\/\/tuzlainfo.ba\/index.php\/clanci\/sa-svih-strana\/item\/181020-azem-vlasi-upozorava-zasto-vucic-dobija-oruzje-od-rusije-kad-srbiji-niko-ne-prijeti\/#primaryimage\"},\"thumbnailUrl\":\"https:\/\/tuzlainfo.ba\/wp-content\/uploads\/2021\/04\/2404_azem_vlasi.jpg\",\"keywords\":[\"azem vlasi\"],\"articleSection\":[\"Sa svih strana\"],\"inLanguage\":\"bs-BA\"},{\"@type\":\"WebPage\",\"@id\":\"https:\/\/tuzlainfo.ba\/index.php\/clanci\/sa-svih-strana\/item\/181020-azem-vlasi-upozorava-zasto-vucic-dobija-oruzje-od-rusije-kad-srbiji-niko-ne-prijeti\/\",\"url\":\"https:\/\/tuzlainfo.ba\/index.php\/clanci\/sa-svih-strana\/item\/181020-azem-vlasi-upozorava-zasto-vucic-dobija-oruzje-od-rusije-kad-srbiji-niko-ne-prijeti\/\",\"name\":\"Azem Vlasi upozorava: \\\"Za\u0161to Vu\u010di\u0107 dobija oru\u017eje od Rusije, kad Srbiji niko ne prijeti?\\\" - TuzlaInfo.ba\",\"isPartOf\":{\"@id\":\"https:\/\/tuzlainfo.ba\/#website\"},\"primaryImageOfPage\":{\"@id\":\"https:\/\/tuzlainfo.ba\/index.php\/clanci\/sa-svih-strana\/item\/181020-azem-vlasi-upozorava-zasto-vucic-dobija-oruzje-od-rusije-kad-srbiji-niko-ne-prijeti\/#primaryimage\"},\"image\":{\"@id\":\"https:\/\/tuzlainfo.ba\/index.php\/clanci\/sa-svih-strana\/item\/181020-azem-vlasi-upozorava-zasto-vucic-dobija-oruzje-od-rusije-kad-srbiji-niko-ne-prijeti\/#primaryimage\"},\"thumbnailUrl\":\"https:\/\/tuzlainfo.ba\/wp-content\/uploads\/2021\/04\/2404_azem_vlasi.jpg\",\"datePublished\":\"2022-08-11T19:59:27+00:00\",\"dateModified\":\"2022-08-11T19:59:27+00:00\",\"breadcrumb\":{\"@id\":\"https:\/\/tuzlainfo.ba\/index.php\/clanci\/sa-svih-strana\/item\/181020-azem-vlasi-upozorava-zasto-vucic-dobija-oruzje-od-rusije-kad-srbiji-niko-ne-prijeti\/#breadcrumb\"},\"inLanguage\":\"bs-BA\",\"potentialAction\":[{\"@type\":\"ReadAction\",\"target\":[\"https:\/\/tuzlainfo.ba\/index.php\/clanci\/sa-svih-strana\/item\/181020-azem-vlasi-upozorava-zasto-vucic-dobija-oruzje-od-rusije-kad-srbiji-niko-ne-prijeti\/\"]}]},{\"@type\":\"ImageObject\",\"inLanguage\":\"bs-BA\",\"@id\":\"https:\/\/tuzlainfo.ba\/index.php\/clanci\/sa-svih-strana\/item\/181020-azem-vlasi-upozorava-zasto-vucic-dobija-oruzje-od-rusije-kad-srbiji-niko-ne-prijeti\/#primaryimage\",\"url\":\"https:\/\/tuzlainfo.ba\/wp-content\/uploads\/2021\/04\/2404_azem_vlasi.jpg\",\"contentUrl\":\"https:\/\/tuzlainfo.ba\/wp-content\/uploads\/2021\/04\/2404_azem_vlasi.jpg\",\"width\":800,\"height\":523},{\"@type\":\"BreadcrumbList\",\"@id\":\"https:\/\/tuzlainfo.ba\/index.php\/clanci\/sa-svih-strana\/item\/181020-azem-vlasi-upozorava-zasto-vucic-dobija-oruzje-od-rusije-kad-srbiji-niko-ne-prijeti\/#breadcrumb\",\"itemListElement\":[{\"@type\":\"ListItem\",\"position\":1,\"name\":\"Home\",\"item\":\"https:\/\/tuzlainfo.ba\/\"},{\"@type\":\"ListItem\",\"position\":2,\"name\":\"Azem Vlasi upozorava: &#8220;Za\u0161to Vu\u010di\u0107 dobija oru\u017eje od Rusije, kad Srbiji niko ne prijeti?&#8221;\"}]},{\"@type\":\"WebSite\",\"@id\":\"https:\/\/tuzlainfo.ba\/#website\",\"url\":\"https:\/\/tuzlainfo.ba\/\",\"name\":\"TuzlaInfo.ba\",\"description\":\"Tuzla info, gradski informator - Tuzla na dlanu\",\"publisher\":{\"@id\":\"https:\/\/tuzlainfo.ba\/#organization\"},\"potentialAction\":[{\"@type\":\"SearchAction\",\"target\":{\"@type\":\"EntryPoint\",\"urlTemplate\":\"https:\/\/tuzlainfo.ba\/?s={search_term_string}\"},\"query-input\":{\"@type\":\"PropertyValueSpecification\",\"valueRequired\":true,\"valueName\":\"search_term_string\"}}],\"inLanguage\":\"bs-BA\"},{\"@type\":\"Organization\",\"@id\":\"https:\/\/tuzlainfo.ba\/#organization\",\"name\":\"TuzlaInfo.ba\",\"url\":\"https:\/\/tuzlainfo.ba\/\",\"logo\":{\"@type\":\"ImageObject\",\"inLanguage\":\"bs-BA\",\"@id\":\"https:\/\/tuzlainfo.ba\/#\/schema\/logo\/image\/\",\"url\":\"https:\/\/tuzlainfo.ba\/wp-content\/uploads\/2021\/03\/logo-ver-3-1.png\",\"contentUrl\":\"https:\/\/tuzlainfo.ba\/wp-content\/uploads\/2021\/03\/logo-ver-3-1.png\",\"width\":350,\"height\":95,\"caption\":\"TuzlaInfo.ba\"},\"image\":{\"@id\":\"https:\/\/tuzlainfo.ba\/#\/schema\/logo\/image\/\"},\"sameAs\":[\"https:\/\/www.facebook.com\/tuzlainfo.ba\/\"]},{\"@type\":\"Person\",\"@id\":\"https:\/\/tuzlainfo.ba\/#\/schema\/person\/f434e20dc27ea133923aab08451b7f7f\",\"name\":\"nedim\",\"image\":{\"@type\":\"ImageObject\",\"inLanguage\":\"bs-BA\",\"@id\":\"https:\/\/tuzlainfo.ba\/#\/schema\/person\/image\/\",\"url\":\"https:\/\/tuzlainfo.ba\/wp-content\/litespeed\/avatar\/aabad687af24844af817603ac1cbdc4f.jpg?ver=1777306975\",\"contentUrl\":\"https:\/\/tuzlainfo.ba\/wp-content\/litespeed\/avatar\/aabad687af24844af817603ac1cbdc4f.jpg?ver=1777306975\",\"caption\":\"nedim\"},\"description\":\"Tuzlainfo.ba pratite na dru\u0161tvenim mre\u017eama: Facebook, Instagram i Youtube. Svoje pri\u010de, upite i fotografije \u0161aljite na na\u0161u e-mail adresu.\"}]}<\/script>\n<!-- \/ Yoast SEO plugin. -->","yoast_head_json":{"title":"Azem Vlasi upozorava: \"Za\u0161to Vu\u010di\u0107 dobija oru\u017eje od Rusije, kad Srbiji niko ne prijeti?\" - TuzlaInfo.ba","robots":{"index":"index","follow":"follow","max-snippet":"max-snippet:-1","max-image-preview":"max-image-preview:large","max-video-preview":"max-video-preview:-1"},"canonical":"https:\/\/tuzlainfo.ba\/index.php\/clanci\/sa-svih-strana\/item\/181020-azem-vlasi-upozorava-zasto-vucic-dobija-oruzje-od-rusije-kad-srbiji-niko-ne-prijeti\/","og_locale":"bs_BA","og_type":"article","og_title":"Azem Vlasi upozorava: \"Za\u0161to Vu\u010di\u0107 dobija oru\u017eje od Rusije, kad Srbiji niko ne prijeti?\" - TuzlaInfo.ba","og_description":"Nakon \u0161to je premijer Kosova\u00a0Albin Kurti\u00a0u intervjuu za Reuters istakao da ne treba isklju\u010diti mogu\u0107nost&hellip;","og_url":"https:\/\/tuzlainfo.ba\/index.php\/clanci\/sa-svih-strana\/item\/181020-azem-vlasi-upozorava-zasto-vucic-dobija-oruzje-od-rusije-kad-srbiji-niko-ne-prijeti\/","og_site_name":"TuzlaInfo.ba","article_publisher":"https:\/\/www.facebook.com\/tuzlainfo.ba\/","article_published_time":"2022-08-11T19:59:27+00:00","og_image":[{"width":800,"height":523,"url":"https:\/\/tuzlainfo.ba\/wp-content\/uploads\/2021\/04\/2404_azem_vlasi.jpg","type":"image\/jpeg"}],"author":"nedim","twitter_card":"summary_large_image","twitter_misc":{"Written by":"nedim","Est. reading time":"2 minute"},"schema":{"@context":"https:\/\/schema.org","@graph":[{"@type":"Article","@id":"https:\/\/tuzlainfo.ba\/index.php\/clanci\/sa-svih-strana\/item\/181020-azem-vlasi-upozorava-zasto-vucic-dobija-oruzje-od-rusije-kad-srbiji-niko-ne-prijeti\/#article","isPartOf":{"@id":"https:\/\/tuzlainfo.ba\/index.php\/clanci\/sa-svih-strana\/item\/181020-azem-vlasi-upozorava-zasto-vucic-dobija-oruzje-od-rusije-kad-srbiji-niko-ne-prijeti\/"},"author":{"name":"nedim","@id":"https:\/\/tuzlainfo.ba\/#\/schema\/person\/f434e20dc27ea133923aab08451b7f7f"},"headline":"Azem Vlasi upozorava: &#8220;Za\u0161to Vu\u010di\u0107 dobija oru\u017eje od Rusije, kad Srbiji niko ne prijeti?&#8221;","datePublished":"2022-08-11T19:59:27+00:00","dateModified":"2022-08-11T19:59:27+00:00","mainEntityOfPage":{"@id":"https:\/\/tuzlainfo.ba\/index.php\/clanci\/sa-svih-strana\/item\/181020-azem-vlasi-upozorava-zasto-vucic-dobija-oruzje-od-rusije-kad-srbiji-niko-ne-prijeti\/"},"wordCount":353,"commentCount":0,"publisher":{"@id":"https:\/\/tuzlainfo.ba\/#organization"},"image":{"@id":"https:\/\/tuzlainfo.ba\/index.php\/clanci\/sa-svih-strana\/item\/181020-azem-vlasi-upozorava-zasto-vucic-dobija-oruzje-od-rusije-kad-srbiji-niko-ne-prijeti\/#primaryimage"},"thumbnailUrl":"https:\/\/tuzlainfo.ba\/wp-content\/uploads\/2021\/04\/2404_azem_vlasi.jpg","keywords":["azem vlasi"],"articleSection":["Sa svih strana"],"inLanguage":"bs-BA"},{"@type":"WebPage","@id":"https:\/\/tuzlainfo.ba\/index.php\/clanci\/sa-svih-strana\/item\/181020-azem-vlasi-upozorava-zasto-vucic-dobija-oruzje-od-rusije-kad-srbiji-niko-ne-prijeti\/","url":"https:\/\/tuzlainfo.ba\/index.php\/clanci\/sa-svih-strana\/item\/181020-azem-vlasi-upozorava-zasto-vucic-dobija-oruzje-od-rusije-kad-srbiji-niko-ne-prijeti\/","name":"Azem Vlasi upozorava: \"Za\u0161to Vu\u010di\u0107 dobija oru\u017eje od Rusije, kad Srbiji niko ne prijeti?\" - TuzlaInfo.ba","isPartOf":{"@id":"https:\/\/tuzlainfo.ba\/#website"},"primaryImageOfPage":{"@id":"https:\/\/tuzlainfo.ba\/index.php\/clanci\/sa-svih-strana\/item\/181020-azem-vlasi-upozorava-zasto-vucic-dobija-oruzje-od-rusije-kad-srbiji-niko-ne-prijeti\/#primaryimage"},"image":{"@id":"https:\/\/tuzlainfo.ba\/index.php\/clanci\/sa-svih-strana\/item\/181020-azem-vlasi-upozorava-zasto-vucic-dobija-oruzje-od-rusije-kad-srbiji-niko-ne-prijeti\/#primaryimage"},"thumbnailUrl":"https:\/\/tuzlainfo.ba\/wp-content\/uploads\/2021\/04\/2404_azem_vlasi.jpg","datePublished":"2022-08-11T19:59:27+00:00","dateModified":"2022-08-11T19:59:27+00:00","breadcrumb":{"@id":"https:\/\/tuzlainfo.ba\/index.php\/clanci\/sa-svih-strana\/item\/181020-azem-vlasi-upozorava-zasto-vucic-dobija-oruzje-od-rusije-kad-srbiji-niko-ne-prijeti\/#breadcrumb"},"inLanguage":"bs-BA","potentialAction":[{"@type":"ReadAction","target":["https:\/\/tuzlainfo.ba\/index.php\/clanci\/sa-svih-strana\/item\/181020-azem-vlasi-upozorava-zasto-vucic-dobija-oruzje-od-rusije-kad-srbiji-niko-ne-prijeti\/"]}]},{"@type":"ImageObject","inLanguage":"bs-BA","@id":"https:\/\/tuzlainfo.ba\/index.php\/clanci\/sa-svih-strana\/item\/181020-azem-vlasi-upozorava-zasto-vucic-dobija-oruzje-od-rusije-kad-srbiji-niko-ne-prijeti\/#primaryimage","url":"https:\/\/tuzlainfo.ba\/wp-content\/uploads\/2021\/04\/2404_azem_vlasi.jpg","contentUrl":"https:\/\/tuzlainfo.ba\/wp-content\/uploads\/2021\/04\/2404_azem_vlasi.jpg","width":800,"height":523},{"@type":"BreadcrumbList","@id":"https:\/\/tuzlainfo.ba\/index.php\/clanci\/sa-svih-strana\/item\/181020-azem-vlasi-upozorava-zasto-vucic-dobija-oruzje-od-rusije-kad-srbiji-niko-ne-prijeti\/#breadcrumb","itemListElement":[{"@type":"ListItem","position":1,"name":"Home","item":"https:\/\/tuzlainfo.ba\/"},{"@type":"ListItem","position":2,"name":"Azem Vlasi upozorava: &#8220;Za\u0161to Vu\u010di\u0107 dobija oru\u017eje od Rusije, kad Srbiji niko ne prijeti?&#8221;"}]},{"@type":"WebSite","@id":"https:\/\/tuzlainfo.ba\/#website","url":"https:\/\/tuzlainfo.ba\/","name":"TuzlaInfo.ba","description":"Tuzla info, gradski informator - Tuzla na dlanu","publisher":{"@id":"https:\/\/tuzlainfo.ba\/#organization"},"potentialAction":[{"@type":"SearchAction","target":{"@type":"EntryPoint","urlTemplate":"https:\/\/tuzlainfo.ba\/?s={search_term_string}"},"query-input":{"@type":"PropertyValueSpecification","valueRequired":true,"valueName":"search_term_string"}}],"inLanguage":"bs-BA"},{"@type":"Organization","@id":"https:\/\/tuzlainfo.ba\/#organization","name":"TuzlaInfo.ba","url":"https:\/\/tuzlainfo.ba\/","logo":{"@type":"ImageObject","inLanguage":"bs-BA","@id":"https:\/\/tuzlainfo.ba\/#\/schema\/logo\/image\/","url":"https:\/\/tuzlainfo.ba\/wp-content\/uploads\/2021\/03\/logo-ver-3-1.png","contentUrl":"https:\/\/tuzlainfo.ba\/wp-content\/uploads\/2021\/03\/logo-ver-3-1.png","width":350,"height":95,"caption":"TuzlaInfo.ba"},"image":{"@id":"https:\/\/tuzlainfo.ba\/#\/schema\/logo\/image\/"},"sameAs":["https:\/\/www.facebook.com\/tuzlainfo.ba\/"]},{"@type":"Person","@id":"https:\/\/tuzlainfo.ba\/#\/schema\/person\/f434e20dc27ea133923aab08451b7f7f","name":"nedim","image":{"@type":"ImageObject","inLanguage":"bs-BA","@id":"https:\/\/tuzlainfo.ba\/#\/schema\/person\/image\/","url":"https:\/\/tuzlainfo.ba\/wp-content\/litespeed\/avatar\/aabad687af24844af817603ac1cbdc4f.jpg?ver=1777306975","contentUrl":"https:\/\/tuzlainfo.ba\/wp-content\/litespeed\/avatar\/aabad687af24844af817603ac1cbdc4f.jpg?ver=1777306975","caption":"nedim"},"description":"Tuzlainfo.ba pratite na dru\u0161tvenim mre\u017eama: Facebook, Instagram i Youtube. Svoje pri\u010de, upite i fotografije \u0161aljite na na\u0161u e-mail adresu."}]}},"_links":{"self":[{"href":"https:\/\/tuzlainfo.ba\/index.php\/wp-json\/wp\/v2\/posts\/181020"}],"collection":[{"href":"https:\/\/tuzlainfo.ba\/index.php\/wp-json\/wp\/v2\/posts"}],"about":[{"href":"https:\/\/tuzlainfo.ba\/index.php\/wp-json\/wp\/v2\/types\/post"}],"author":[{"embeddable":true,"href":"https:\/\/tuzlainfo.ba\/index.php\/wp-json\/wp\/v2\/users\/2"}],"replies":[{"embeddable":true,"href":"https:\/\/tuzlainfo.ba\/index.php\/wp-json\/wp\/v2\/comments?post=181020"}],"version-history":[{"count":0,"href":"https:\/\/tuzlainfo.ba\/index.php\/wp-json\/wp\/v2\/posts\/181020\/revisions"}],"wp:featuredmedia":[{"embeddable":true,"href":"https:\/\/tuzlainfo.ba\/index.php\/wp-json\/wp\/v2\/media\/136196"}],"wp:attachment":[{"href":"https:\/\/tuzlainfo.ba\/index.php\/wp-json\/wp\/v2\/media?parent=181020"}],"wp:term":[{"taxonomy":"category","embeddable":true,"href":"https:\/\/tuzlainfo.ba\/index.php\/wp-json\/wp\/v2\/categories?post=181020"},{"taxonomy":"post_tag","embeddable":true,"href":"https:\/\/tuzlainfo.ba\/index.php\/wp-json\/wp\/v2\/tags?post=181020"}],"curies":[{"name":"wp","href":"https:\/\/api.w.org\/{rel}","templated":true}]}}