{"id":180862,"date":"2022-08-10T09:55:27","date_gmt":"2022-08-10T07:55:27","guid":{"rendered":"https:\/\/tuzlainfo.ba\/?p=180862"},"modified":"2022-08-10T10:57:40","modified_gmt":"2022-08-10T08:57:40","slug":"teza-saobracajna-nesreca-na-pisti-vozilo-se-prevrnulo-od-siline-udara","status":"publish","type":"post","link":"https:\/\/tuzlainfo.ba\/index.php\/novosti\/item\/180862-teza-saobracajna-nesreca-na-pisti-vozilo-se-prevrnulo-od-siline-udara\/","title":{"rendered":"Te\u017ea saobra\u0107ajna nesre\u0107a na &#8216;Pisti&#8217;, vozilo se prevrnulo od siline udara"},"content":{"rendered":"<p>Te\u017ea saobra\u0107ajna nesre\u0107a dogodila se na regionalnom putu \u017divinice &#8211; Kalesija, na tzv. &#8216;Pisti&#8217;.<\/p>\n<p>Sudarila su se dva vozila, a od siline udarca jedno se prevrnulo.<\/p>\n<p>Pri\u010dinjena je ve\u0107a materijalna \u0161teta, a za sada nije poznato ima li povrije\u0111enih osoba.<\/p>\n<p>Vi\u0161e informacija \u0107e biti poznato uskoro.<\/p>\n<p>&nbsp;<\/p>\n","protected":false},"excerpt":{"rendered":"<p>Te\u017ea saobra\u0107ajna nesre\u0107a dogodila se na regionalnom putu \u017divinice &#8211; Kalesija, na tzv. &#8216;Pisti&#8217;. Sudarila&hellip;<\/p>\n","protected":false},"author":4,"featured_media":180863,"comment_status":"open","ping_status":"closed","sticky":false,"template":"","format":"standard","meta":{"_acf_changed":false,"footnotes":""},"categories":[304,12],"tags":[482,338],"acf":[],"yoast_head":"<!-- This site is optimized with the Yoast SEO plugin v23.5 - https:\/\/yoast.com\/wordpress\/plugins\/seo\/ -->\n<title>Te\u017ea saobra\u0107ajna nesre\u0107a na &#039;Pisti&#039;, vozilo se prevrnulo od siline udara - TuzlaInfo.ba<\/title>\n<meta name=\"robots\" content=\"index, follow, max-snippet:-1, max-image-preview:large, max-video-preview:-1\" \/>\n<link rel=\"canonical\" href=\"https:\/\/tuzlainfo.ba\/index.php\/novosti\/item\/180862-teza-saobracajna-nesreca-na-pisti-vozilo-se-prevrnulo-od-siline-udara\/\" \/>\n<meta property=\"og:locale\" content=\"bs_BA\" \/>\n<meta property=\"og:type\" content=\"article\" \/>\n<meta property=\"og:title\" content=\"Te\u017ea saobra\u0107ajna nesre\u0107a na &#039;Pisti&#039;, vozilo se prevrnulo od siline udara - TuzlaInfo.ba\" \/>\n<meta property=\"og:description\" content=\"Te\u017ea saobra\u0107ajna nesre\u0107a dogodila se na regionalnom putu \u017divinice &#8211; Kalesija, na tzv. &#8216;Pisti&#8217;. Sudarila&hellip;\" \/>\n<meta property=\"og:url\" content=\"https:\/\/tuzlainfo.ba\/index.php\/novosti\/item\/180862-teza-saobracajna-nesreca-na-pisti-vozilo-se-prevrnulo-od-siline-udara\/\" \/>\n<meta property=\"og:site_name\" content=\"TuzlaInfo.ba\" \/>\n<meta property=\"article:publisher\" content=\"https:\/\/www.facebook.com\/tuzlainfo.ba\/\" \/>\n<meta property=\"article:published_time\" content=\"2022-08-10T07:55:27+00:00\" \/>\n<meta property=\"article:modified_time\" content=\"2022-08-10T08:57:40+00:00\" \/>\n<meta property=\"og:image\" content=\"https:\/\/tuzlainfo.ba\/wp-content\/uploads\/2022\/08\/inbound8587595096794792180.jpg\" \/>\n\t<meta property=\"og:image:width\" content=\"1064\" \/>\n\t<meta property=\"og:image:height\" content=\"820\" \/>\n\t<meta property=\"og:image:type\" content=\"image\/jpeg\" \/>\n<meta name=\"author\" content=\"Tuzla Info\" \/>\n<meta name=\"twitter:card\" content=\"summary_large_image\" \/>\n<meta name=\"twitter:label1\" content=\"Written by\" \/>\n\t<meta name=\"twitter:data1\" content=\"Tuzla Info\" \/>\n<script type=\"application\/ld+json\" class=\"yoast-schema-graph\">{\"@context\":\"https:\/\/schema.org\",\"@graph\":[{\"@type\":\"Article\",\"@id\":\"https:\/\/tuzlainfo.ba\/index.php\/novosti\/item\/180862-teza-saobracajna-nesreca-na-pisti-vozilo-se-prevrnulo-od-siline-udara\/#article\",\"isPartOf\":{\"@id\":\"https:\/\/tuzlainfo.ba\/index.php\/novosti\/item\/180862-teza-saobracajna-nesreca-na-pisti-vozilo-se-prevrnulo-od-siline-udara\/\"},\"author\":{\"name\":\"Tuzla Info\",\"@id\":\"https:\/\/tuzlainfo.ba\/#\/schema\/person\/46cad4c57790cbc50781edd14870825a\"},\"headline\":\"Te\u017ea saobra\u0107ajna nesre\u0107a na &#8216;Pisti&#8217;, vozilo se prevrnulo od siline udara\",\"datePublished\":\"2022-08-10T07:55:27+00:00\",\"dateModified\":\"2022-08-10T08:57:40+00:00\",\"mainEntityOfPage\":{\"@id\":\"https:\/\/tuzlainfo.ba\/index.php\/novosti\/item\/180862-teza-saobracajna-nesreca-na-pisti-vozilo-se-prevrnulo-od-siline-udara\/\"},\"wordCount\":68,\"commentCount\":0,\"publisher\":{\"@id\":\"https:\/\/tuzlainfo.ba\/#organization\"},\"image\":{\"@id\":\"https:\/\/tuzlainfo.ba\/index.php\/novosti\/item\/180862-teza-saobracajna-nesreca-na-pisti-vozilo-se-prevrnulo-od-siline-udara\/#primaryimage\"},\"thumbnailUrl\":\"https:\/\/tuzlainfo.ba\/wp-content\/uploads\/2022\/08\/inbound8587595096794792180.jpg\",\"keywords\":[\"mup tk\",\"saobracajna nesreca\"],\"articleSection\":[\"Istaknuto\",\"Novosti\"],\"inLanguage\":\"bs-BA\"},{\"@type\":\"WebPage\",\"@id\":\"https:\/\/tuzlainfo.ba\/index.php\/novosti\/item\/180862-teza-saobracajna-nesreca-na-pisti-vozilo-se-prevrnulo-od-siline-udara\/\",\"url\":\"https:\/\/tuzlainfo.ba\/index.php\/novosti\/item\/180862-teza-saobracajna-nesreca-na-pisti-vozilo-se-prevrnulo-od-siline-udara\/\",\"name\":\"Te\u017ea saobra\u0107ajna nesre\u0107a na 'Pisti', vozilo se prevrnulo od siline udara - TuzlaInfo.ba\",\"isPartOf\":{\"@id\":\"https:\/\/tuzlainfo.ba\/#website\"},\"primaryImageOfPage\":{\"@id\":\"https:\/\/tuzlainfo.ba\/index.php\/novosti\/item\/180862-teza-saobracajna-nesreca-na-pisti-vozilo-se-prevrnulo-od-siline-udara\/#primaryimage\"},\"image\":{\"@id\":\"https:\/\/tuzlainfo.ba\/index.php\/novosti\/item\/180862-teza-saobracajna-nesreca-na-pisti-vozilo-se-prevrnulo-od-siline-udara\/#primaryimage\"},\"thumbnailUrl\":\"https:\/\/tuzlainfo.ba\/wp-content\/uploads\/2022\/08\/inbound8587595096794792180.jpg\",\"datePublished\":\"2022-08-10T07:55:27+00:00\",\"dateModified\":\"2022-08-10T08:57:40+00:00\",\"breadcrumb\":{\"@id\":\"https:\/\/tuzlainfo.ba\/index.php\/novosti\/item\/180862-teza-saobracajna-nesreca-na-pisti-vozilo-se-prevrnulo-od-siline-udara\/#breadcrumb\"},\"inLanguage\":\"bs-BA\",\"potentialAction\":[{\"@type\":\"ReadAction\",\"target\":[\"https:\/\/tuzlainfo.ba\/index.php\/novosti\/item\/180862-teza-saobracajna-nesreca-na-pisti-vozilo-se-prevrnulo-od-siline-udara\/\"]}]},{\"@type\":\"ImageObject\",\"inLanguage\":\"bs-BA\",\"@id\":\"https:\/\/tuzlainfo.ba\/index.php\/novosti\/item\/180862-teza-saobracajna-nesreca-na-pisti-vozilo-se-prevrnulo-od-siline-udara\/#primaryimage\",\"url\":\"https:\/\/tuzlainfo.ba\/wp-content\/uploads\/2022\/08\/inbound8587595096794792180.jpg\",\"contentUrl\":\"https:\/\/tuzlainfo.ba\/wp-content\/uploads\/2022\/08\/inbound8587595096794792180.jpg\",\"width\":1064,\"height\":820,\"caption\":\"na regionalnom putu \u017divinice \u2013 Kalesija, \/ Foto: Facebook\"},{\"@type\":\"BreadcrumbList\",\"@id\":\"https:\/\/tuzlainfo.ba\/index.php\/novosti\/item\/180862-teza-saobracajna-nesreca-na-pisti-vozilo-se-prevrnulo-od-siline-udara\/#breadcrumb\",\"itemListElement\":[{\"@type\":\"ListItem\",\"position\":1,\"name\":\"Home\",\"item\":\"https:\/\/tuzlainfo.ba\/\"},{\"@type\":\"ListItem\",\"position\":2,\"name\":\"Te\u017ea saobra\u0107ajna nesre\u0107a na &#8216;Pisti&#8217;, vozilo se prevrnulo od siline udara\"}]},{\"@type\":\"WebSite\",\"@id\":\"https:\/\/tuzlainfo.ba\/#website\",\"url\":\"https:\/\/tuzlainfo.ba\/\",\"name\":\"TuzlaInfo.ba\",\"description\":\"Tuzla info, gradski informator - Tuzla na dlanu\",\"publisher\":{\"@id\":\"https:\/\/tuzlainfo.ba\/#organization\"},\"potentialAction\":[{\"@type\":\"SearchAction\",\"target\":{\"@type\":\"EntryPoint\",\"urlTemplate\":\"https:\/\/tuzlainfo.ba\/?s={search_term_string}\"},\"query-input\":{\"@type\":\"PropertyValueSpecification\",\"valueRequired\":true,\"valueName\":\"search_term_string\"}}],\"inLanguage\":\"bs-BA\"},{\"@type\":\"Organization\",\"@id\":\"https:\/\/tuzlainfo.ba\/#organization\",\"name\":\"TuzlaInfo.ba\",\"url\":\"https:\/\/tuzlainfo.ba\/\",\"logo\":{\"@type\":\"ImageObject\",\"inLanguage\":\"bs-BA\",\"@id\":\"https:\/\/tuzlainfo.ba\/#\/schema\/logo\/image\/\",\"url\":\"https:\/\/tuzlainfo.ba\/wp-content\/uploads\/2021\/03\/logo-ver-3-1.png\",\"contentUrl\":\"https:\/\/tuzlainfo.ba\/wp-content\/uploads\/2021\/03\/logo-ver-3-1.png\",\"width\":350,\"height\":95,\"caption\":\"TuzlaInfo.ba\"},\"image\":{\"@id\":\"https:\/\/tuzlainfo.ba\/#\/schema\/logo\/image\/\"},\"sameAs\":[\"https:\/\/www.facebook.com\/tuzlainfo.ba\/\"]},{\"@type\":\"Person\",\"@id\":\"https:\/\/tuzlainfo.ba\/#\/schema\/person\/46cad4c57790cbc50781edd14870825a\",\"name\":\"Tuzla Info\",\"image\":{\"@type\":\"ImageObject\",\"inLanguage\":\"bs-BA\",\"@id\":\"https:\/\/tuzlainfo.ba\/#\/schema\/person\/image\/\",\"url\":\"https:\/\/tuzlainfo.ba\/wp-content\/litespeed\/avatar\/b6c453a6c38e3654f2e4416c643fc25c.jpg?ver=1777051911\",\"contentUrl\":\"https:\/\/tuzlainfo.ba\/wp-content\/litespeed\/avatar\/b6c453a6c38e3654f2e4416c643fc25c.jpg?ver=1777051911\",\"caption\":\"Tuzla Info\"}}]}<\/script>\n<!-- \/ Yoast SEO plugin. -->","yoast_head_json":{"title":"Te\u017ea saobra\u0107ajna nesre\u0107a na 'Pisti', vozilo se prevrnulo od siline udara - TuzlaInfo.ba","robots":{"index":"index","follow":"follow","max-snippet":"max-snippet:-1","max-image-preview":"max-image-preview:large","max-video-preview":"max-video-preview:-1"},"canonical":"https:\/\/tuzlainfo.ba\/index.php\/novosti\/item\/180862-teza-saobracajna-nesreca-na-pisti-vozilo-se-prevrnulo-od-siline-udara\/","og_locale":"bs_BA","og_type":"article","og_title":"Te\u017ea saobra\u0107ajna nesre\u0107a na 'Pisti', vozilo se prevrnulo od siline udara - TuzlaInfo.ba","og_description":"Te\u017ea saobra\u0107ajna nesre\u0107a dogodila se na regionalnom putu \u017divinice &#8211; Kalesija, na tzv. &#8216;Pisti&#8217;. Sudarila&hellip;","og_url":"https:\/\/tuzlainfo.ba\/index.php\/novosti\/item\/180862-teza-saobracajna-nesreca-na-pisti-vozilo-se-prevrnulo-od-siline-udara\/","og_site_name":"TuzlaInfo.ba","article_publisher":"https:\/\/www.facebook.com\/tuzlainfo.ba\/","article_published_time":"2022-08-10T07:55:27+00:00","article_modified_time":"2022-08-10T08:57:40+00:00","og_image":[{"width":1064,"height":820,"url":"https:\/\/tuzlainfo.ba\/wp-content\/uploads\/2022\/08\/inbound8587595096794792180.jpg","type":"image\/jpeg"}],"author":"Tuzla Info","twitter_card":"summary_large_image","twitter_misc":{"Written by":"Tuzla Info"},"schema":{"@context":"https:\/\/schema.org","@graph":[{"@type":"Article","@id":"https:\/\/tuzlainfo.ba\/index.php\/novosti\/item\/180862-teza-saobracajna-nesreca-na-pisti-vozilo-se-prevrnulo-od-siline-udara\/#article","isPartOf":{"@id":"https:\/\/tuzlainfo.ba\/index.php\/novosti\/item\/180862-teza-saobracajna-nesreca-na-pisti-vozilo-se-prevrnulo-od-siline-udara\/"},"author":{"name":"Tuzla Info","@id":"https:\/\/tuzlainfo.ba\/#\/schema\/person\/46cad4c57790cbc50781edd14870825a"},"headline":"Te\u017ea saobra\u0107ajna nesre\u0107a na &#8216;Pisti&#8217;, vozilo se prevrnulo od siline udara","datePublished":"2022-08-10T07:55:27+00:00","dateModified":"2022-08-10T08:57:40+00:00","mainEntityOfPage":{"@id":"https:\/\/tuzlainfo.ba\/index.php\/novosti\/item\/180862-teza-saobracajna-nesreca-na-pisti-vozilo-se-prevrnulo-od-siline-udara\/"},"wordCount":68,"commentCount":0,"publisher":{"@id":"https:\/\/tuzlainfo.ba\/#organization"},"image":{"@id":"https:\/\/tuzlainfo.ba\/index.php\/novosti\/item\/180862-teza-saobracajna-nesreca-na-pisti-vozilo-se-prevrnulo-od-siline-udara\/#primaryimage"},"thumbnailUrl":"https:\/\/tuzlainfo.ba\/wp-content\/uploads\/2022\/08\/inbound8587595096794792180.jpg","keywords":["mup tk","saobracajna nesreca"],"articleSection":["Istaknuto","Novosti"],"inLanguage":"bs-BA"},{"@type":"WebPage","@id":"https:\/\/tuzlainfo.ba\/index.php\/novosti\/item\/180862-teza-saobracajna-nesreca-na-pisti-vozilo-se-prevrnulo-od-siline-udara\/","url":"https:\/\/tuzlainfo.ba\/index.php\/novosti\/item\/180862-teza-saobracajna-nesreca-na-pisti-vozilo-se-prevrnulo-od-siline-udara\/","name":"Te\u017ea saobra\u0107ajna nesre\u0107a na 'Pisti', vozilo se prevrnulo od siline udara - TuzlaInfo.ba","isPartOf":{"@id":"https:\/\/tuzlainfo.ba\/#website"},"primaryImageOfPage":{"@id":"https:\/\/tuzlainfo.ba\/index.php\/novosti\/item\/180862-teza-saobracajna-nesreca-na-pisti-vozilo-se-prevrnulo-od-siline-udara\/#primaryimage"},"image":{"@id":"https:\/\/tuzlainfo.ba\/index.php\/novosti\/item\/180862-teza-saobracajna-nesreca-na-pisti-vozilo-se-prevrnulo-od-siline-udara\/#primaryimage"},"thumbnailUrl":"https:\/\/tuzlainfo.ba\/wp-content\/uploads\/2022\/08\/inbound8587595096794792180.jpg","datePublished":"2022-08-10T07:55:27+00:00","dateModified":"2022-08-10T08:57:40+00:00","breadcrumb":{"@id":"https:\/\/tuzlainfo.ba\/index.php\/novosti\/item\/180862-teza-saobracajna-nesreca-na-pisti-vozilo-se-prevrnulo-od-siline-udara\/#breadcrumb"},"inLanguage":"bs-BA","potentialAction":[{"@type":"ReadAction","target":["https:\/\/tuzlainfo.ba\/index.php\/novosti\/item\/180862-teza-saobracajna-nesreca-na-pisti-vozilo-se-prevrnulo-od-siline-udara\/"]}]},{"@type":"ImageObject","inLanguage":"bs-BA","@id":"https:\/\/tuzlainfo.ba\/index.php\/novosti\/item\/180862-teza-saobracajna-nesreca-na-pisti-vozilo-se-prevrnulo-od-siline-udara\/#primaryimage","url":"https:\/\/tuzlainfo.ba\/wp-content\/uploads\/2022\/08\/inbound8587595096794792180.jpg","contentUrl":"https:\/\/tuzlainfo.ba\/wp-content\/uploads\/2022\/08\/inbound8587595096794792180.jpg","width":1064,"height":820,"caption":"na regionalnom putu \u017divinice \u2013 Kalesija, \/ Foto: Facebook"},{"@type":"BreadcrumbList","@id":"https:\/\/tuzlainfo.ba\/index.php\/novosti\/item\/180862-teza-saobracajna-nesreca-na-pisti-vozilo-se-prevrnulo-od-siline-udara\/#breadcrumb","itemListElement":[{"@type":"ListItem","position":1,"name":"Home","item":"https:\/\/tuzlainfo.ba\/"},{"@type":"ListItem","position":2,"name":"Te\u017ea saobra\u0107ajna nesre\u0107a na &#8216;Pisti&#8217;, vozilo se prevrnulo od siline udara"}]},{"@type":"WebSite","@id":"https:\/\/tuzlainfo.ba\/#website","url":"https:\/\/tuzlainfo.ba\/","name":"TuzlaInfo.ba","description":"Tuzla info, gradski informator - Tuzla na dlanu","publisher":{"@id":"https:\/\/tuzlainfo.ba\/#organization"},"potentialAction":[{"@type":"SearchAction","target":{"@type":"EntryPoint","urlTemplate":"https:\/\/tuzlainfo.ba\/?s={search_term_string}"},"query-input":{"@type":"PropertyValueSpecification","valueRequired":true,"valueName":"search_term_string"}}],"inLanguage":"bs-BA"},{"@type":"Organization","@id":"https:\/\/tuzlainfo.ba\/#organization","name":"TuzlaInfo.ba","url":"https:\/\/tuzlainfo.ba\/","logo":{"@type":"ImageObject","inLanguage":"bs-BA","@id":"https:\/\/tuzlainfo.ba\/#\/schema\/logo\/image\/","url":"https:\/\/tuzlainfo.ba\/wp-content\/uploads\/2021\/03\/logo-ver-3-1.png","contentUrl":"https:\/\/tuzlainfo.ba\/wp-content\/uploads\/2021\/03\/logo-ver-3-1.png","width":350,"height":95,"caption":"TuzlaInfo.ba"},"image":{"@id":"https:\/\/tuzlainfo.ba\/#\/schema\/logo\/image\/"},"sameAs":["https:\/\/www.facebook.com\/tuzlainfo.ba\/"]},{"@type":"Person","@id":"https:\/\/tuzlainfo.ba\/#\/schema\/person\/46cad4c57790cbc50781edd14870825a","name":"Tuzla Info","image":{"@type":"ImageObject","inLanguage":"bs-BA","@id":"https:\/\/tuzlainfo.ba\/#\/schema\/person\/image\/","url":"https:\/\/tuzlainfo.ba\/wp-content\/litespeed\/avatar\/b6c453a6c38e3654f2e4416c643fc25c.jpg?ver=1777051911","contentUrl":"https:\/\/tuzlainfo.ba\/wp-content\/litespeed\/avatar\/b6c453a6c38e3654f2e4416c643fc25c.jpg?ver=1777051911","caption":"Tuzla Info"}}]}},"_links":{"self":[{"href":"https:\/\/tuzlainfo.ba\/index.php\/wp-json\/wp\/v2\/posts\/180862"}],"collection":[{"href":"https:\/\/tuzlainfo.ba\/index.php\/wp-json\/wp\/v2\/posts"}],"about":[{"href":"https:\/\/tuzlainfo.ba\/index.php\/wp-json\/wp\/v2\/types\/post"}],"author":[{"embeddable":true,"href":"https:\/\/tuzlainfo.ba\/index.php\/wp-json\/wp\/v2\/users\/4"}],"replies":[{"embeddable":true,"href":"https:\/\/tuzlainfo.ba\/index.php\/wp-json\/wp\/v2\/comments?post=180862"}],"version-history":[{"count":0,"href":"https:\/\/tuzlainfo.ba\/index.php\/wp-json\/wp\/v2\/posts\/180862\/revisions"}],"wp:featuredmedia":[{"embeddable":true,"href":"https:\/\/tuzlainfo.ba\/index.php\/wp-json\/wp\/v2\/media\/180863"}],"wp:attachment":[{"href":"https:\/\/tuzlainfo.ba\/index.php\/wp-json\/wp\/v2\/media?parent=180862"}],"wp:term":[{"taxonomy":"category","embeddable":true,"href":"https:\/\/tuzlainfo.ba\/index.php\/wp-json\/wp\/v2\/categories?post=180862"},{"taxonomy":"post_tag","embeddable":true,"href":"https:\/\/tuzlainfo.ba\/index.php\/wp-json\/wp\/v2\/tags?post=180862"}],"curies":[{"name":"wp","href":"https:\/\/api.w.org\/{rel}","templated":true}]}}