{"id":180675,"date":"2022-08-07T18:36:14","date_gmt":"2022-08-07T16:36:14","guid":{"rendered":"https:\/\/tuzlainfo.ba\/?p=180675"},"modified":"2022-08-07T18:36:14","modified_gmt":"2022-08-07T16:36:14","slug":"njemacki-mediji-ulaskom-bih-u-eu-peljeski-most-nikome-ne-bi-trebao-najvise-su-profitirali-kinezi","status":"publish","type":"post","link":"https:\/\/tuzlainfo.ba\/index.php\/clanci\/sa-svih-strana\/item\/180675-njemacki-mediji-ulaskom-bih-u-eu-peljeski-most-nikome-ne-bi-trebao-najvise-su-profitirali-kinezi\/","title":{"rendered":"Njema\u010dki mediji: Ulaskom BiH u EU Pelje\u0161ki most nikome ne bi trebao, najvi\u0161e su profitirali Kinezi"},"content":{"rendered":"<p>\u010cinjenica da Bosna i Hercegovina ima izlaz na Jadran povezana je s vremenima kada su se u ovom dijelu Evrope su\u010deljavali Republika Venecija i Osmanlijsko carstvo. Izme\u0111u njih je bio mali grad-republika Raguza (Dubrovnik), koja se prije svega pla\u0161ila Venecije. Kako bi se za\u0161titili od Venecije, lukavi dubrova\u010dki diplomati pribjegli su jednom rje\u0161enju.<\/p>\n<p>Ustupili su dio zemlje na sjevernom rubu svog teritorija velikom veziru odnosno vladi Osmanlijskog carstva.<\/p>\n<p>Od tada se Venecija, da bi napala Dubrovnik, prvo morala obra\u010dunati s Osmanlijama. Raguza je stvorila osmanlijsku tampon zonu. A kada je kasnije ovo podru\u010dje pripalo Habsbur\u0161kom Carstvu, a zatim Jugoslaviji, ragu\u0161ki klin postao je dio Bosne \u2013 pi\u0161e Frankfurter Allgemeine Zeitung, a donosi\u00a0<a href=\"https:\/\/www.dw.com\/bs\/pelje%C5%A1ki-most-politi%C4%8Dka-zaobilaznica\/a-62709087\" target=\"_blank\" rel=\"noopener\"><em><strong>Deutsche Welle.<\/strong><\/em><\/a><\/p>\n<p>List navodi i kako to nije bilo tako va\u017eno, dok je postojala zajedni\u010dka dr\u017eava. Ali, nakon raspada Jugoslavije, a posebno nakon ulaska Hrvatske u EU 2013. granica s Bosnom je za Zagreb postala problem \u2013 sve do pu\u0161tanja u promet Pelje\u0161kog mosta (26.7.2022.) i saobra\u0107ajnice, kojom se zaobilazi dio magistrale od 7,5 km, koji pripada BiH.<\/p>\n<p>FAZ konstatuje i kako Hrvatska dugo nije mogla dobiti podr\u0161ku me\u0111unarodnih finansijskih institucija za gradnju mosta. Evropska investiciona banka je to odbila uz obrazlo\u017eenje da je projekat preskup, predlo\u017eiv\u0161i \u201cpragmati\u010dnu nagodbu sa BiH\u201d, kojom bi se to podru\u010dje \u201cproglasilo eksteritorijalnim koridorom\u201d. Sli\u010dno je bilo i sa Evropskom bankom za obnovu. No, most je u kona\u010dnici ipak izgra\u0111en i to najvi\u0161e novcima EU i Evropske investicione banke.<\/p>\n<p>Novinar FAZ-a potom iznosi za\u0161to je projekt gradnje Pelje\u0161kog mosta, koji je najprije bio odba\u010den kao besmislen, kasnije nai\u0161ao na podr\u0161ku Brisela.<\/p>\n<p>Da je postojala ikakva perspektiva da ova balkanska dr\u017eava postane \u010dlanica EU, Pelje\u0161ki most bi bio razlog za pobunu.<strong>\u00a0Jer, ulaskom BiH u EU grani\u010dne formalnosti s Hrvatskom kona\u010dno bi otpale i ogromni most nikome ne bi trebao.<\/strong>\u00a0Kada je EU 2017. odustala od otpora finansiranju gradnje mosta, moglo se zaklju\u010diti da niko u Bruxellesu nije ozbiljno o\u010dekivao ulazak BiH u EU.<\/p>\n<p>Jer, samo ovako se mogao opravdati bypass (zaobilaznica) oko Bosne, preko kojeg se, osim do Dubrovnika, br\u017ee sti\u017ee i do Kor\u010dule ili Mljeta \u2013 pi\u0161e FAZ.<\/p>\n<p>U tekstu se navodi i da<strong>\u00a0ovaj projekat \u201cnije razlog za istinsko likovanje\u201d jer je njegovom gradnjom \u201cnakon Hrvatske najvi\u0161e profitirala Kina\u201d.<\/strong><\/p>\n<p>Ukazuje se i na dogovor Evropske komisije, Evropskog parlamenta i zemalja, \u010dlanica EU kojim \u0107e \u201cKina u budu\u0107nosti biti izuzeta iz velikih projekata EU\u201d.<\/p>\n<p>Jer, \u201cne bi se vi\u0161e smjelo dogoditi da nekoliko stotina miliona eura novca poreskih plati\u0161a EU odu kineskoj diktaturi\u201d, zaklju\u010duje Frankfurter Allgemeine Zeitung.<\/p>\n","protected":false},"excerpt":{"rendered":"<p>\u010cinjenica da Bosna i Hercegovina ima izlaz na Jadran povezana je s vremenima kada su&hellip;<\/p>\n","protected":false},"author":2,"featured_media":180676,"comment_status":"open","ping_status":"closed","sticky":false,"template":"","format":"standard","meta":{"_acf_changed":false,"footnotes":""},"categories":[16],"tags":[1995],"acf":[],"yoast_head":"<!-- This site is optimized with the Yoast SEO plugin v23.5 - https:\/\/yoast.com\/wordpress\/plugins\/seo\/ -->\n<title>Njema\u010dki mediji: Ulaskom BiH u EU Pelje\u0161ki most nikome ne bi trebao, najvi\u0161e su profitirali Kinezi - TuzlaInfo.ba<\/title>\n<meta name=\"robots\" content=\"index, follow, max-snippet:-1, max-image-preview:large, max-video-preview:-1\" \/>\n<link rel=\"canonical\" href=\"https:\/\/tuzlainfo.ba\/index.php\/clanci\/sa-svih-strana\/item\/180675-njemacki-mediji-ulaskom-bih-u-eu-peljeski-most-nikome-ne-bi-trebao-najvise-su-profitirali-kinezi\/\" \/>\n<meta property=\"og:locale\" content=\"bs_BA\" \/>\n<meta property=\"og:type\" content=\"article\" \/>\n<meta property=\"og:title\" content=\"Njema\u010dki mediji: Ulaskom BiH u EU Pelje\u0161ki most nikome ne bi trebao, najvi\u0161e su profitirali Kinezi - TuzlaInfo.ba\" \/>\n<meta property=\"og:description\" content=\"\u010cinjenica da Bosna i Hercegovina ima izlaz na Jadran povezana je s vremenima kada su&hellip;\" \/>\n<meta property=\"og:url\" content=\"https:\/\/tuzlainfo.ba\/index.php\/clanci\/sa-svih-strana\/item\/180675-njemacki-mediji-ulaskom-bih-u-eu-peljeski-most-nikome-ne-bi-trebao-najvise-su-profitirali-kinezi\/\" \/>\n<meta property=\"og:site_name\" content=\"TuzlaInfo.ba\" \/>\n<meta property=\"article:publisher\" content=\"https:\/\/www.facebook.com\/tuzlainfo.ba\/\" \/>\n<meta property=\"article:published_time\" content=\"2022-08-07T16:36:14+00:00\" \/>\n<meta property=\"og:image\" content=\"https:\/\/tuzlainfo.ba\/wp-content\/uploads\/2022\/08\/0708_peljeskimost.jpg\" \/>\n\t<meta property=\"og:image:width\" content=\"800\" \/>\n\t<meta property=\"og:image:height\" content=\"603\" \/>\n\t<meta property=\"og:image:type\" content=\"image\/jpeg\" \/>\n<meta name=\"author\" content=\"nedim\" \/>\n<meta name=\"twitter:card\" content=\"summary_large_image\" \/>\n<meta name=\"twitter:label1\" content=\"Written by\" \/>\n\t<meta name=\"twitter:data1\" content=\"nedim\" \/>\n\t<meta name=\"twitter:label2\" content=\"Est. reading time\" \/>\n\t<meta name=\"twitter:data2\" content=\"2 minute\" \/>\n<script type=\"application\/ld+json\" class=\"yoast-schema-graph\">{\"@context\":\"https:\/\/schema.org\",\"@graph\":[{\"@type\":\"Article\",\"@id\":\"https:\/\/tuzlainfo.ba\/index.php\/clanci\/sa-svih-strana\/item\/180675-njemacki-mediji-ulaskom-bih-u-eu-peljeski-most-nikome-ne-bi-trebao-najvise-su-profitirali-kinezi\/#article\",\"isPartOf\":{\"@id\":\"https:\/\/tuzlainfo.ba\/index.php\/clanci\/sa-svih-strana\/item\/180675-njemacki-mediji-ulaskom-bih-u-eu-peljeski-most-nikome-ne-bi-trebao-najvise-su-profitirali-kinezi\/\"},\"author\":{\"name\":\"nedim\",\"@id\":\"https:\/\/tuzlainfo.ba\/#\/schema\/person\/f434e20dc27ea133923aab08451b7f7f\"},\"headline\":\"Njema\u010dki mediji: Ulaskom BiH u EU Pelje\u0161ki most nikome ne bi trebao, najvi\u0161e su profitirali Kinezi\",\"datePublished\":\"2022-08-07T16:36:14+00:00\",\"dateModified\":\"2022-08-07T16:36:14+00:00\",\"mainEntityOfPage\":{\"@id\":\"https:\/\/tuzlainfo.ba\/index.php\/clanci\/sa-svih-strana\/item\/180675-njemacki-mediji-ulaskom-bih-u-eu-peljeski-most-nikome-ne-bi-trebao-najvise-su-profitirali-kinezi\/\"},\"wordCount\":475,\"commentCount\":0,\"publisher\":{\"@id\":\"https:\/\/tuzlainfo.ba\/#organization\"},\"image\":{\"@id\":\"https:\/\/tuzlainfo.ba\/index.php\/clanci\/sa-svih-strana\/item\/180675-njemacki-mediji-ulaskom-bih-u-eu-peljeski-most-nikome-ne-bi-trebao-najvise-su-profitirali-kinezi\/#primaryimage\"},\"thumbnailUrl\":\"https:\/\/tuzlainfo.ba\/wp-content\/uploads\/2022\/08\/0708_peljeskimost.jpg\",\"keywords\":[\"pelje\u0161ki most\"],\"articleSection\":[\"Sa svih strana\"],\"inLanguage\":\"bs-BA\"},{\"@type\":\"WebPage\",\"@id\":\"https:\/\/tuzlainfo.ba\/index.php\/clanci\/sa-svih-strana\/item\/180675-njemacki-mediji-ulaskom-bih-u-eu-peljeski-most-nikome-ne-bi-trebao-najvise-su-profitirali-kinezi\/\",\"url\":\"https:\/\/tuzlainfo.ba\/index.php\/clanci\/sa-svih-strana\/item\/180675-njemacki-mediji-ulaskom-bih-u-eu-peljeski-most-nikome-ne-bi-trebao-najvise-su-profitirali-kinezi\/\",\"name\":\"Njema\u010dki mediji: Ulaskom BiH u EU Pelje\u0161ki most nikome ne bi trebao, najvi\u0161e su profitirali Kinezi - TuzlaInfo.ba\",\"isPartOf\":{\"@id\":\"https:\/\/tuzlainfo.ba\/#website\"},\"primaryImageOfPage\":{\"@id\":\"https:\/\/tuzlainfo.ba\/index.php\/clanci\/sa-svih-strana\/item\/180675-njemacki-mediji-ulaskom-bih-u-eu-peljeski-most-nikome-ne-bi-trebao-najvise-su-profitirali-kinezi\/#primaryimage\"},\"image\":{\"@id\":\"https:\/\/tuzlainfo.ba\/index.php\/clanci\/sa-svih-strana\/item\/180675-njemacki-mediji-ulaskom-bih-u-eu-peljeski-most-nikome-ne-bi-trebao-najvise-su-profitirali-kinezi\/#primaryimage\"},\"thumbnailUrl\":\"https:\/\/tuzlainfo.ba\/wp-content\/uploads\/2022\/08\/0708_peljeskimost.jpg\",\"datePublished\":\"2022-08-07T16:36:14+00:00\",\"dateModified\":\"2022-08-07T16:36:14+00:00\",\"breadcrumb\":{\"@id\":\"https:\/\/tuzlainfo.ba\/index.php\/clanci\/sa-svih-strana\/item\/180675-njemacki-mediji-ulaskom-bih-u-eu-peljeski-most-nikome-ne-bi-trebao-najvise-su-profitirali-kinezi\/#breadcrumb\"},\"inLanguage\":\"bs-BA\",\"potentialAction\":[{\"@type\":\"ReadAction\",\"target\":[\"https:\/\/tuzlainfo.ba\/index.php\/clanci\/sa-svih-strana\/item\/180675-njemacki-mediji-ulaskom-bih-u-eu-peljeski-most-nikome-ne-bi-trebao-najvise-su-profitirali-kinezi\/\"]}]},{\"@type\":\"ImageObject\",\"inLanguage\":\"bs-BA\",\"@id\":\"https:\/\/tuzlainfo.ba\/index.php\/clanci\/sa-svih-strana\/item\/180675-njemacki-mediji-ulaskom-bih-u-eu-peljeski-most-nikome-ne-bi-trebao-najvise-su-profitirali-kinezi\/#primaryimage\",\"url\":\"https:\/\/tuzlainfo.ba\/wp-content\/uploads\/2022\/08\/0708_peljeskimost.jpg\",\"contentUrl\":\"https:\/\/tuzlainfo.ba\/wp-content\/uploads\/2022\/08\/0708_peljeskimost.jpg\",\"width\":800,\"height\":603},{\"@type\":\"BreadcrumbList\",\"@id\":\"https:\/\/tuzlainfo.ba\/index.php\/clanci\/sa-svih-strana\/item\/180675-njemacki-mediji-ulaskom-bih-u-eu-peljeski-most-nikome-ne-bi-trebao-najvise-su-profitirali-kinezi\/#breadcrumb\",\"itemListElement\":[{\"@type\":\"ListItem\",\"position\":1,\"name\":\"Home\",\"item\":\"https:\/\/tuzlainfo.ba\/\"},{\"@type\":\"ListItem\",\"position\":2,\"name\":\"Njema\u010dki mediji: Ulaskom BiH u EU Pelje\u0161ki most nikome ne bi trebao, najvi\u0161e su profitirali Kinezi\"}]},{\"@type\":\"WebSite\",\"@id\":\"https:\/\/tuzlainfo.ba\/#website\",\"url\":\"https:\/\/tuzlainfo.ba\/\",\"name\":\"TuzlaInfo.ba\",\"description\":\"Tuzla info, gradski informator - Tuzla na dlanu\",\"publisher\":{\"@id\":\"https:\/\/tuzlainfo.ba\/#organization\"},\"potentialAction\":[{\"@type\":\"SearchAction\",\"target\":{\"@type\":\"EntryPoint\",\"urlTemplate\":\"https:\/\/tuzlainfo.ba\/?s={search_term_string}\"},\"query-input\":{\"@type\":\"PropertyValueSpecification\",\"valueRequired\":true,\"valueName\":\"search_term_string\"}}],\"inLanguage\":\"bs-BA\"},{\"@type\":\"Organization\",\"@id\":\"https:\/\/tuzlainfo.ba\/#organization\",\"name\":\"TuzlaInfo.ba\",\"url\":\"https:\/\/tuzlainfo.ba\/\",\"logo\":{\"@type\":\"ImageObject\",\"inLanguage\":\"bs-BA\",\"@id\":\"https:\/\/tuzlainfo.ba\/#\/schema\/logo\/image\/\",\"url\":\"https:\/\/tuzlainfo.ba\/wp-content\/uploads\/2021\/03\/logo-ver-3-1.png\",\"contentUrl\":\"https:\/\/tuzlainfo.ba\/wp-content\/uploads\/2021\/03\/logo-ver-3-1.png\",\"width\":350,\"height\":95,\"caption\":\"TuzlaInfo.ba\"},\"image\":{\"@id\":\"https:\/\/tuzlainfo.ba\/#\/schema\/logo\/image\/\"},\"sameAs\":[\"https:\/\/www.facebook.com\/tuzlainfo.ba\/\"]},{\"@type\":\"Person\",\"@id\":\"https:\/\/tuzlainfo.ba\/#\/schema\/person\/f434e20dc27ea133923aab08451b7f7f\",\"name\":\"nedim\",\"image\":{\"@type\":\"ImageObject\",\"inLanguage\":\"bs-BA\",\"@id\":\"https:\/\/tuzlainfo.ba\/#\/schema\/person\/image\/\",\"url\":\"https:\/\/tuzlainfo.ba\/wp-content\/litespeed\/avatar\/aabad687af24844af817603ac1cbdc4f.jpg?ver=1776702173\",\"contentUrl\":\"https:\/\/tuzlainfo.ba\/wp-content\/litespeed\/avatar\/aabad687af24844af817603ac1cbdc4f.jpg?ver=1776702173\",\"caption\":\"nedim\"},\"description\":\"Tuzlainfo.ba pratite na dru\u0161tvenim mre\u017eama: Facebook, Instagram i Youtube. Svoje pri\u010de, upite i fotografije \u0161aljite na na\u0161u e-mail adresu.\"}]}<\/script>\n<!-- \/ Yoast SEO plugin. -->","yoast_head_json":{"title":"Njema\u010dki mediji: Ulaskom BiH u EU Pelje\u0161ki most nikome ne bi trebao, najvi\u0161e su profitirali Kinezi - TuzlaInfo.ba","robots":{"index":"index","follow":"follow","max-snippet":"max-snippet:-1","max-image-preview":"max-image-preview:large","max-video-preview":"max-video-preview:-1"},"canonical":"https:\/\/tuzlainfo.ba\/index.php\/clanci\/sa-svih-strana\/item\/180675-njemacki-mediji-ulaskom-bih-u-eu-peljeski-most-nikome-ne-bi-trebao-najvise-su-profitirali-kinezi\/","og_locale":"bs_BA","og_type":"article","og_title":"Njema\u010dki mediji: Ulaskom BiH u EU Pelje\u0161ki most nikome ne bi trebao, najvi\u0161e su profitirali Kinezi - TuzlaInfo.ba","og_description":"\u010cinjenica da Bosna i Hercegovina ima izlaz na Jadran povezana je s vremenima kada su&hellip;","og_url":"https:\/\/tuzlainfo.ba\/index.php\/clanci\/sa-svih-strana\/item\/180675-njemacki-mediji-ulaskom-bih-u-eu-peljeski-most-nikome-ne-bi-trebao-najvise-su-profitirali-kinezi\/","og_site_name":"TuzlaInfo.ba","article_publisher":"https:\/\/www.facebook.com\/tuzlainfo.ba\/","article_published_time":"2022-08-07T16:36:14+00:00","og_image":[{"width":800,"height":603,"url":"https:\/\/tuzlainfo.ba\/wp-content\/uploads\/2022\/08\/0708_peljeskimost.jpg","type":"image\/jpeg"}],"author":"nedim","twitter_card":"summary_large_image","twitter_misc":{"Written by":"nedim","Est. reading time":"2 minute"},"schema":{"@context":"https:\/\/schema.org","@graph":[{"@type":"Article","@id":"https:\/\/tuzlainfo.ba\/index.php\/clanci\/sa-svih-strana\/item\/180675-njemacki-mediji-ulaskom-bih-u-eu-peljeski-most-nikome-ne-bi-trebao-najvise-su-profitirali-kinezi\/#article","isPartOf":{"@id":"https:\/\/tuzlainfo.ba\/index.php\/clanci\/sa-svih-strana\/item\/180675-njemacki-mediji-ulaskom-bih-u-eu-peljeski-most-nikome-ne-bi-trebao-najvise-su-profitirali-kinezi\/"},"author":{"name":"nedim","@id":"https:\/\/tuzlainfo.ba\/#\/schema\/person\/f434e20dc27ea133923aab08451b7f7f"},"headline":"Njema\u010dki mediji: Ulaskom BiH u EU Pelje\u0161ki most nikome ne bi trebao, najvi\u0161e su profitirali Kinezi","datePublished":"2022-08-07T16:36:14+00:00","dateModified":"2022-08-07T16:36:14+00:00","mainEntityOfPage":{"@id":"https:\/\/tuzlainfo.ba\/index.php\/clanci\/sa-svih-strana\/item\/180675-njemacki-mediji-ulaskom-bih-u-eu-peljeski-most-nikome-ne-bi-trebao-najvise-su-profitirali-kinezi\/"},"wordCount":475,"commentCount":0,"publisher":{"@id":"https:\/\/tuzlainfo.ba\/#organization"},"image":{"@id":"https:\/\/tuzlainfo.ba\/index.php\/clanci\/sa-svih-strana\/item\/180675-njemacki-mediji-ulaskom-bih-u-eu-peljeski-most-nikome-ne-bi-trebao-najvise-su-profitirali-kinezi\/#primaryimage"},"thumbnailUrl":"https:\/\/tuzlainfo.ba\/wp-content\/uploads\/2022\/08\/0708_peljeskimost.jpg","keywords":["pelje\u0161ki most"],"articleSection":["Sa svih strana"],"inLanguage":"bs-BA"},{"@type":"WebPage","@id":"https:\/\/tuzlainfo.ba\/index.php\/clanci\/sa-svih-strana\/item\/180675-njemacki-mediji-ulaskom-bih-u-eu-peljeski-most-nikome-ne-bi-trebao-najvise-su-profitirali-kinezi\/","url":"https:\/\/tuzlainfo.ba\/index.php\/clanci\/sa-svih-strana\/item\/180675-njemacki-mediji-ulaskom-bih-u-eu-peljeski-most-nikome-ne-bi-trebao-najvise-su-profitirali-kinezi\/","name":"Njema\u010dki mediji: Ulaskom BiH u EU Pelje\u0161ki most nikome ne bi trebao, najvi\u0161e su profitirali Kinezi - TuzlaInfo.ba","isPartOf":{"@id":"https:\/\/tuzlainfo.ba\/#website"},"primaryImageOfPage":{"@id":"https:\/\/tuzlainfo.ba\/index.php\/clanci\/sa-svih-strana\/item\/180675-njemacki-mediji-ulaskom-bih-u-eu-peljeski-most-nikome-ne-bi-trebao-najvise-su-profitirali-kinezi\/#primaryimage"},"image":{"@id":"https:\/\/tuzlainfo.ba\/index.php\/clanci\/sa-svih-strana\/item\/180675-njemacki-mediji-ulaskom-bih-u-eu-peljeski-most-nikome-ne-bi-trebao-najvise-su-profitirali-kinezi\/#primaryimage"},"thumbnailUrl":"https:\/\/tuzlainfo.ba\/wp-content\/uploads\/2022\/08\/0708_peljeskimost.jpg","datePublished":"2022-08-07T16:36:14+00:00","dateModified":"2022-08-07T16:36:14+00:00","breadcrumb":{"@id":"https:\/\/tuzlainfo.ba\/index.php\/clanci\/sa-svih-strana\/item\/180675-njemacki-mediji-ulaskom-bih-u-eu-peljeski-most-nikome-ne-bi-trebao-najvise-su-profitirali-kinezi\/#breadcrumb"},"inLanguage":"bs-BA","potentialAction":[{"@type":"ReadAction","target":["https:\/\/tuzlainfo.ba\/index.php\/clanci\/sa-svih-strana\/item\/180675-njemacki-mediji-ulaskom-bih-u-eu-peljeski-most-nikome-ne-bi-trebao-najvise-su-profitirali-kinezi\/"]}]},{"@type":"ImageObject","inLanguage":"bs-BA","@id":"https:\/\/tuzlainfo.ba\/index.php\/clanci\/sa-svih-strana\/item\/180675-njemacki-mediji-ulaskom-bih-u-eu-peljeski-most-nikome-ne-bi-trebao-najvise-su-profitirali-kinezi\/#primaryimage","url":"https:\/\/tuzlainfo.ba\/wp-content\/uploads\/2022\/08\/0708_peljeskimost.jpg","contentUrl":"https:\/\/tuzlainfo.ba\/wp-content\/uploads\/2022\/08\/0708_peljeskimost.jpg","width":800,"height":603},{"@type":"BreadcrumbList","@id":"https:\/\/tuzlainfo.ba\/index.php\/clanci\/sa-svih-strana\/item\/180675-njemacki-mediji-ulaskom-bih-u-eu-peljeski-most-nikome-ne-bi-trebao-najvise-su-profitirali-kinezi\/#breadcrumb","itemListElement":[{"@type":"ListItem","position":1,"name":"Home","item":"https:\/\/tuzlainfo.ba\/"},{"@type":"ListItem","position":2,"name":"Njema\u010dki mediji: Ulaskom BiH u EU Pelje\u0161ki most nikome ne bi trebao, najvi\u0161e su profitirali Kinezi"}]},{"@type":"WebSite","@id":"https:\/\/tuzlainfo.ba\/#website","url":"https:\/\/tuzlainfo.ba\/","name":"TuzlaInfo.ba","description":"Tuzla info, gradski informator - Tuzla na dlanu","publisher":{"@id":"https:\/\/tuzlainfo.ba\/#organization"},"potentialAction":[{"@type":"SearchAction","target":{"@type":"EntryPoint","urlTemplate":"https:\/\/tuzlainfo.ba\/?s={search_term_string}"},"query-input":{"@type":"PropertyValueSpecification","valueRequired":true,"valueName":"search_term_string"}}],"inLanguage":"bs-BA"},{"@type":"Organization","@id":"https:\/\/tuzlainfo.ba\/#organization","name":"TuzlaInfo.ba","url":"https:\/\/tuzlainfo.ba\/","logo":{"@type":"ImageObject","inLanguage":"bs-BA","@id":"https:\/\/tuzlainfo.ba\/#\/schema\/logo\/image\/","url":"https:\/\/tuzlainfo.ba\/wp-content\/uploads\/2021\/03\/logo-ver-3-1.png","contentUrl":"https:\/\/tuzlainfo.ba\/wp-content\/uploads\/2021\/03\/logo-ver-3-1.png","width":350,"height":95,"caption":"TuzlaInfo.ba"},"image":{"@id":"https:\/\/tuzlainfo.ba\/#\/schema\/logo\/image\/"},"sameAs":["https:\/\/www.facebook.com\/tuzlainfo.ba\/"]},{"@type":"Person","@id":"https:\/\/tuzlainfo.ba\/#\/schema\/person\/f434e20dc27ea133923aab08451b7f7f","name":"nedim","image":{"@type":"ImageObject","inLanguage":"bs-BA","@id":"https:\/\/tuzlainfo.ba\/#\/schema\/person\/image\/","url":"https:\/\/tuzlainfo.ba\/wp-content\/litespeed\/avatar\/aabad687af24844af817603ac1cbdc4f.jpg?ver=1776702173","contentUrl":"https:\/\/tuzlainfo.ba\/wp-content\/litespeed\/avatar\/aabad687af24844af817603ac1cbdc4f.jpg?ver=1776702173","caption":"nedim"},"description":"Tuzlainfo.ba pratite na dru\u0161tvenim mre\u017eama: Facebook, Instagram i Youtube. Svoje pri\u010de, upite i fotografije \u0161aljite na na\u0161u e-mail adresu."}]}},"_links":{"self":[{"href":"https:\/\/tuzlainfo.ba\/index.php\/wp-json\/wp\/v2\/posts\/180675"}],"collection":[{"href":"https:\/\/tuzlainfo.ba\/index.php\/wp-json\/wp\/v2\/posts"}],"about":[{"href":"https:\/\/tuzlainfo.ba\/index.php\/wp-json\/wp\/v2\/types\/post"}],"author":[{"embeddable":true,"href":"https:\/\/tuzlainfo.ba\/index.php\/wp-json\/wp\/v2\/users\/2"}],"replies":[{"embeddable":true,"href":"https:\/\/tuzlainfo.ba\/index.php\/wp-json\/wp\/v2\/comments?post=180675"}],"version-history":[{"count":0,"href":"https:\/\/tuzlainfo.ba\/index.php\/wp-json\/wp\/v2\/posts\/180675\/revisions"}],"wp:featuredmedia":[{"embeddable":true,"href":"https:\/\/tuzlainfo.ba\/index.php\/wp-json\/wp\/v2\/media\/180676"}],"wp:attachment":[{"href":"https:\/\/tuzlainfo.ba\/index.php\/wp-json\/wp\/v2\/media?parent=180675"}],"wp:term":[{"taxonomy":"category","embeddable":true,"href":"https:\/\/tuzlainfo.ba\/index.php\/wp-json\/wp\/v2\/categories?post=180675"},{"taxonomy":"post_tag","embeddable":true,"href":"https:\/\/tuzlainfo.ba\/index.php\/wp-json\/wp\/v2\/tags?post=180675"}],"curies":[{"name":"wp","href":"https:\/\/api.w.org\/{rel}","templated":true}]}}