{"id":180295,"date":"2022-08-04T12:00:20","date_gmt":"2022-08-04T10:00:20","guid":{"rendered":"https:\/\/tuzlainfo.ba\/?p=180295"},"modified":"2022-08-04T10:06:56","modified_gmt":"2022-08-04T08:06:56","slug":"veceras-u-tuzli-promocija-knjige-ogledalo-anele-kavgic-zaimovic","status":"publish","type":"post","link":"https:\/\/tuzlainfo.ba\/index.php\/najava-dogadaja-2\/item\/180295-veceras-u-tuzli-promocija-knjige-ogledalo-anele-kavgic-zaimovic\/","title":{"rendered":"Ve\u010deras u Tuzli promocija knjige &#8220;Ogledalo&#8221;, Anele Kavgi\u0107 Zaimovi\u0107"},"content":{"rendered":"<p style=\"font-weight: 400;\">BMG Bosanska medijska grupa i Me\u0111unarodna galerija portreta Tuzla, organizuju\u00a0<strong>u \u010detvrtak 4. avgusta 2022. godine, sa po\u010detkom u 19.00 sati, promociju knjige \u201eOgledalo\u201c, Anele Kavgi\u0107 Zaimovi\u0107<\/strong>.<\/p>\n<p style=\"font-weight: 400;\">Radi se o \u0161tivu, koje kroz autorica ispisuje na temelju bogatog iskustva na polju joge, meditacije i traganja za unutra\u0161njom ravnote\u017eom.<\/p>\n<p style=\"font-weight: 400;\">Knjiga se mo\u017ee \u010ditati kao zanimljiva autobiografska pri\u010da, a mo\u017ee poslu\u017eiti i kao va\u017ean priru\u010dnik za sve one koji \u017eele zakora\u010diti u ovu oblast ili su ve\u0107 u njoj.<\/p>\n<p style=\"font-weight: 400;\">Anela Kavgi\u0107 Zaimovi\u0107 ro\u0111ena je u Tuzli, a danas \u017eivi i radi u Holandiji.<\/p>\n<p style=\"font-weight: 400;\">Promocija knjige bit \u0107e odr\u017eana u prostorijama Me\u0111unarodne galerije portreta, a o knjizi \u0107e govoriti: Enisa Alibali\u0107, Zlatko Duki\u0107, Mehmed Pargan i autorica Anela Kavgi\u0107 Zaimovi\u0107.<\/p>\n","protected":false},"excerpt":{"rendered":"<p>BMG Bosanska medijska grupa i Me\u0111unarodna galerija portreta Tuzla, organizuju\u00a0u \u010detvrtak 4. avgusta 2022. godine,&hellip;<\/p>\n","protected":false},"author":2,"featured_media":180296,"comment_status":"open","ping_status":"closed","sticky":false,"template":"","format":"standard","meta":{"_acf_changed":false,"footnotes":""},"categories":[11],"tags":[5209,5210,1486],"acf":[],"yoast_head":"<!-- This site is optimized with the Yoast SEO plugin v23.5 - https:\/\/yoast.com\/wordpress\/plugins\/seo\/ -->\n<title>Ve\u010deras u Tuzli promocija knjige &quot;Ogledalo&quot;, Anele Kavgi\u0107 Zaimovi\u0107 - TuzlaInfo.ba<\/title>\n<meta name=\"robots\" content=\"index, follow, max-snippet:-1, max-image-preview:large, max-video-preview:-1\" \/>\n<link rel=\"canonical\" href=\"https:\/\/tuzlainfo.ba\/index.php\/najava-dogadaja-2\/item\/180295-veceras-u-tuzli-promocija-knjige-ogledalo-anele-kavgic-zaimovic\/\" \/>\n<meta property=\"og:locale\" content=\"bs_BA\" \/>\n<meta property=\"og:type\" content=\"article\" \/>\n<meta property=\"og:title\" content=\"Ve\u010deras u Tuzli promocija knjige &quot;Ogledalo&quot;, Anele Kavgi\u0107 Zaimovi\u0107 - TuzlaInfo.ba\" \/>\n<meta property=\"og:description\" content=\"BMG Bosanska medijska grupa i Me\u0111unarodna galerija portreta Tuzla, organizuju\u00a0u \u010detvrtak 4. avgusta 2022. godine,&hellip;\" \/>\n<meta property=\"og:url\" content=\"https:\/\/tuzlainfo.ba\/index.php\/najava-dogadaja-2\/item\/180295-veceras-u-tuzli-promocija-knjige-ogledalo-anele-kavgic-zaimovic\/\" \/>\n<meta property=\"og:site_name\" content=\"TuzlaInfo.ba\" \/>\n<meta property=\"article:publisher\" content=\"https:\/\/www.facebook.com\/tuzlainfo.ba\/\" \/>\n<meta property=\"article:published_time\" content=\"2022-08-04T10:00:20+00:00\" \/>\n<meta property=\"article:modified_time\" content=\"2022-08-04T08:06:56+00:00\" \/>\n<meta property=\"og:image\" content=\"https:\/\/tuzlainfo.ba\/wp-content\/uploads\/2022\/08\/0408_kavgic.jpg\" \/>\n\t<meta property=\"og:image:width\" content=\"800\" \/>\n\t<meta property=\"og:image:height\" content=\"448\" \/>\n\t<meta property=\"og:image:type\" content=\"image\/jpeg\" \/>\n<meta name=\"author\" content=\"nedim\" \/>\n<meta name=\"twitter:card\" content=\"summary_large_image\" \/>\n<meta name=\"twitter:label1\" content=\"Written by\" \/>\n\t<meta name=\"twitter:data1\" content=\"nedim\" \/>\n\t<meta name=\"twitter:label2\" content=\"Est. reading time\" \/>\n\t<meta name=\"twitter:data2\" content=\"1 minuta\" \/>\n<script type=\"application\/ld+json\" class=\"yoast-schema-graph\">{\"@context\":\"https:\/\/schema.org\",\"@graph\":[{\"@type\":\"Article\",\"@id\":\"https:\/\/tuzlainfo.ba\/index.php\/najava-dogadaja-2\/item\/180295-veceras-u-tuzli-promocija-knjige-ogledalo-anele-kavgic-zaimovic\/#article\",\"isPartOf\":{\"@id\":\"https:\/\/tuzlainfo.ba\/index.php\/najava-dogadaja-2\/item\/180295-veceras-u-tuzli-promocija-knjige-ogledalo-anele-kavgic-zaimovic\/\"},\"author\":{\"name\":\"nedim\",\"@id\":\"https:\/\/tuzlainfo.ba\/#\/schema\/person\/f434e20dc27ea133923aab08451b7f7f\"},\"headline\":\"Ve\u010deras u Tuzli promocija knjige &#8220;Ogledalo&#8221;, Anele Kavgi\u0107 Zaimovi\u0107\",\"datePublished\":\"2022-08-04T10:00:20+00:00\",\"dateModified\":\"2022-08-04T08:06:56+00:00\",\"mainEntityOfPage\":{\"@id\":\"https:\/\/tuzlainfo.ba\/index.php\/najava-dogadaja-2\/item\/180295-veceras-u-tuzli-promocija-knjige-ogledalo-anele-kavgic-zaimovic\/\"},\"wordCount\":138,\"commentCount\":0,\"publisher\":{\"@id\":\"https:\/\/tuzlainfo.ba\/#organization\"},\"image\":{\"@id\":\"https:\/\/tuzlainfo.ba\/index.php\/najava-dogadaja-2\/item\/180295-veceras-u-tuzli-promocija-knjige-ogledalo-anele-kavgic-zaimovic\/#primaryimage\"},\"thumbnailUrl\":\"https:\/\/tuzlainfo.ba\/wp-content\/uploads\/2022\/08\/0408_kavgic.jpg\",\"keywords\":[\"bmg tuzla\",\"Me\u0111unarodna galerija portreta Tuzla\",\"promocija knjige\"],\"articleSection\":[\"Najave i doga\u0111aji\"],\"inLanguage\":\"bs-BA\"},{\"@type\":\"WebPage\",\"@id\":\"https:\/\/tuzlainfo.ba\/index.php\/najava-dogadaja-2\/item\/180295-veceras-u-tuzli-promocija-knjige-ogledalo-anele-kavgic-zaimovic\/\",\"url\":\"https:\/\/tuzlainfo.ba\/index.php\/najava-dogadaja-2\/item\/180295-veceras-u-tuzli-promocija-knjige-ogledalo-anele-kavgic-zaimovic\/\",\"name\":\"Ve\u010deras u Tuzli promocija knjige \\\"Ogledalo\\\", Anele Kavgi\u0107 Zaimovi\u0107 - TuzlaInfo.ba\",\"isPartOf\":{\"@id\":\"https:\/\/tuzlainfo.ba\/#website\"},\"primaryImageOfPage\":{\"@id\":\"https:\/\/tuzlainfo.ba\/index.php\/najava-dogadaja-2\/item\/180295-veceras-u-tuzli-promocija-knjige-ogledalo-anele-kavgic-zaimovic\/#primaryimage\"},\"image\":{\"@id\":\"https:\/\/tuzlainfo.ba\/index.php\/najava-dogadaja-2\/item\/180295-veceras-u-tuzli-promocija-knjige-ogledalo-anele-kavgic-zaimovic\/#primaryimage\"},\"thumbnailUrl\":\"https:\/\/tuzlainfo.ba\/wp-content\/uploads\/2022\/08\/0408_kavgic.jpg\",\"datePublished\":\"2022-08-04T10:00:20+00:00\",\"dateModified\":\"2022-08-04T08:06:56+00:00\",\"breadcrumb\":{\"@id\":\"https:\/\/tuzlainfo.ba\/index.php\/najava-dogadaja-2\/item\/180295-veceras-u-tuzli-promocija-knjige-ogledalo-anele-kavgic-zaimovic\/#breadcrumb\"},\"inLanguage\":\"bs-BA\",\"potentialAction\":[{\"@type\":\"ReadAction\",\"target\":[\"https:\/\/tuzlainfo.ba\/index.php\/najava-dogadaja-2\/item\/180295-veceras-u-tuzli-promocija-knjige-ogledalo-anele-kavgic-zaimovic\/\"]}]},{\"@type\":\"ImageObject\",\"inLanguage\":\"bs-BA\",\"@id\":\"https:\/\/tuzlainfo.ba\/index.php\/najava-dogadaja-2\/item\/180295-veceras-u-tuzli-promocija-knjige-ogledalo-anele-kavgic-zaimovic\/#primaryimage\",\"url\":\"https:\/\/tuzlainfo.ba\/wp-content\/uploads\/2022\/08\/0408_kavgic.jpg\",\"contentUrl\":\"https:\/\/tuzlainfo.ba\/wp-content\/uploads\/2022\/08\/0408_kavgic.jpg\",\"width\":800,\"height\":448},{\"@type\":\"BreadcrumbList\",\"@id\":\"https:\/\/tuzlainfo.ba\/index.php\/najava-dogadaja-2\/item\/180295-veceras-u-tuzli-promocija-knjige-ogledalo-anele-kavgic-zaimovic\/#breadcrumb\",\"itemListElement\":[{\"@type\":\"ListItem\",\"position\":1,\"name\":\"Home\",\"item\":\"https:\/\/tuzlainfo.ba\/\"},{\"@type\":\"ListItem\",\"position\":2,\"name\":\"Ve\u010deras u Tuzli promocija knjige &#8220;Ogledalo&#8221;, Anele Kavgi\u0107 Zaimovi\u0107\"}]},{\"@type\":\"WebSite\",\"@id\":\"https:\/\/tuzlainfo.ba\/#website\",\"url\":\"https:\/\/tuzlainfo.ba\/\",\"name\":\"TuzlaInfo.ba\",\"description\":\"Tuzla info, gradski informator - Tuzla na dlanu\",\"publisher\":{\"@id\":\"https:\/\/tuzlainfo.ba\/#organization\"},\"potentialAction\":[{\"@type\":\"SearchAction\",\"target\":{\"@type\":\"EntryPoint\",\"urlTemplate\":\"https:\/\/tuzlainfo.ba\/?s={search_term_string}\"},\"query-input\":{\"@type\":\"PropertyValueSpecification\",\"valueRequired\":true,\"valueName\":\"search_term_string\"}}],\"inLanguage\":\"bs-BA\"},{\"@type\":\"Organization\",\"@id\":\"https:\/\/tuzlainfo.ba\/#organization\",\"name\":\"TuzlaInfo.ba\",\"url\":\"https:\/\/tuzlainfo.ba\/\",\"logo\":{\"@type\":\"ImageObject\",\"inLanguage\":\"bs-BA\",\"@id\":\"https:\/\/tuzlainfo.ba\/#\/schema\/logo\/image\/\",\"url\":\"https:\/\/tuzlainfo.ba\/wp-content\/uploads\/2021\/03\/logo-ver-3-1.png\",\"contentUrl\":\"https:\/\/tuzlainfo.ba\/wp-content\/uploads\/2021\/03\/logo-ver-3-1.png\",\"width\":350,\"height\":95,\"caption\":\"TuzlaInfo.ba\"},\"image\":{\"@id\":\"https:\/\/tuzlainfo.ba\/#\/schema\/logo\/image\/\"},\"sameAs\":[\"https:\/\/www.facebook.com\/tuzlainfo.ba\/\"]},{\"@type\":\"Person\",\"@id\":\"https:\/\/tuzlainfo.ba\/#\/schema\/person\/f434e20dc27ea133923aab08451b7f7f\",\"name\":\"nedim\",\"image\":{\"@type\":\"ImageObject\",\"inLanguage\":\"bs-BA\",\"@id\":\"https:\/\/tuzlainfo.ba\/#\/schema\/person\/image\/\",\"url\":\"https:\/\/tuzlainfo.ba\/wp-content\/litespeed\/avatar\/aabad687af24844af817603ac1cbdc4f.jpg?ver=1777306975\",\"contentUrl\":\"https:\/\/tuzlainfo.ba\/wp-content\/litespeed\/avatar\/aabad687af24844af817603ac1cbdc4f.jpg?ver=1777306975\",\"caption\":\"nedim\"},\"description\":\"Tuzlainfo.ba pratite na dru\u0161tvenim mre\u017eama: Facebook, Instagram i Youtube. Svoje pri\u010de, upite i fotografije \u0161aljite na na\u0161u e-mail adresu.\"}]}<\/script>\n<!-- \/ Yoast SEO plugin. -->","yoast_head_json":{"title":"Ve\u010deras u Tuzli promocija knjige \"Ogledalo\", Anele Kavgi\u0107 Zaimovi\u0107 - TuzlaInfo.ba","robots":{"index":"index","follow":"follow","max-snippet":"max-snippet:-1","max-image-preview":"max-image-preview:large","max-video-preview":"max-video-preview:-1"},"canonical":"https:\/\/tuzlainfo.ba\/index.php\/najava-dogadaja-2\/item\/180295-veceras-u-tuzli-promocija-knjige-ogledalo-anele-kavgic-zaimovic\/","og_locale":"bs_BA","og_type":"article","og_title":"Ve\u010deras u Tuzli promocija knjige \"Ogledalo\", Anele Kavgi\u0107 Zaimovi\u0107 - TuzlaInfo.ba","og_description":"BMG Bosanska medijska grupa i Me\u0111unarodna galerija portreta Tuzla, organizuju\u00a0u \u010detvrtak 4. avgusta 2022. godine,&hellip;","og_url":"https:\/\/tuzlainfo.ba\/index.php\/najava-dogadaja-2\/item\/180295-veceras-u-tuzli-promocija-knjige-ogledalo-anele-kavgic-zaimovic\/","og_site_name":"TuzlaInfo.ba","article_publisher":"https:\/\/www.facebook.com\/tuzlainfo.ba\/","article_published_time":"2022-08-04T10:00:20+00:00","article_modified_time":"2022-08-04T08:06:56+00:00","og_image":[{"width":800,"height":448,"url":"https:\/\/tuzlainfo.ba\/wp-content\/uploads\/2022\/08\/0408_kavgic.jpg","type":"image\/jpeg"}],"author":"nedim","twitter_card":"summary_large_image","twitter_misc":{"Written by":"nedim","Est. reading time":"1 minuta"},"schema":{"@context":"https:\/\/schema.org","@graph":[{"@type":"Article","@id":"https:\/\/tuzlainfo.ba\/index.php\/najava-dogadaja-2\/item\/180295-veceras-u-tuzli-promocija-knjige-ogledalo-anele-kavgic-zaimovic\/#article","isPartOf":{"@id":"https:\/\/tuzlainfo.ba\/index.php\/najava-dogadaja-2\/item\/180295-veceras-u-tuzli-promocija-knjige-ogledalo-anele-kavgic-zaimovic\/"},"author":{"name":"nedim","@id":"https:\/\/tuzlainfo.ba\/#\/schema\/person\/f434e20dc27ea133923aab08451b7f7f"},"headline":"Ve\u010deras u Tuzli promocija knjige &#8220;Ogledalo&#8221;, Anele Kavgi\u0107 Zaimovi\u0107","datePublished":"2022-08-04T10:00:20+00:00","dateModified":"2022-08-04T08:06:56+00:00","mainEntityOfPage":{"@id":"https:\/\/tuzlainfo.ba\/index.php\/najava-dogadaja-2\/item\/180295-veceras-u-tuzli-promocija-knjige-ogledalo-anele-kavgic-zaimovic\/"},"wordCount":138,"commentCount":0,"publisher":{"@id":"https:\/\/tuzlainfo.ba\/#organization"},"image":{"@id":"https:\/\/tuzlainfo.ba\/index.php\/najava-dogadaja-2\/item\/180295-veceras-u-tuzli-promocija-knjige-ogledalo-anele-kavgic-zaimovic\/#primaryimage"},"thumbnailUrl":"https:\/\/tuzlainfo.ba\/wp-content\/uploads\/2022\/08\/0408_kavgic.jpg","keywords":["bmg tuzla","Me\u0111unarodna galerija portreta Tuzla","promocija knjige"],"articleSection":["Najave i doga\u0111aji"],"inLanguage":"bs-BA"},{"@type":"WebPage","@id":"https:\/\/tuzlainfo.ba\/index.php\/najava-dogadaja-2\/item\/180295-veceras-u-tuzli-promocija-knjige-ogledalo-anele-kavgic-zaimovic\/","url":"https:\/\/tuzlainfo.ba\/index.php\/najava-dogadaja-2\/item\/180295-veceras-u-tuzli-promocija-knjige-ogledalo-anele-kavgic-zaimovic\/","name":"Ve\u010deras u Tuzli promocija knjige \"Ogledalo\", Anele Kavgi\u0107 Zaimovi\u0107 - TuzlaInfo.ba","isPartOf":{"@id":"https:\/\/tuzlainfo.ba\/#website"},"primaryImageOfPage":{"@id":"https:\/\/tuzlainfo.ba\/index.php\/najava-dogadaja-2\/item\/180295-veceras-u-tuzli-promocija-knjige-ogledalo-anele-kavgic-zaimovic\/#primaryimage"},"image":{"@id":"https:\/\/tuzlainfo.ba\/index.php\/najava-dogadaja-2\/item\/180295-veceras-u-tuzli-promocija-knjige-ogledalo-anele-kavgic-zaimovic\/#primaryimage"},"thumbnailUrl":"https:\/\/tuzlainfo.ba\/wp-content\/uploads\/2022\/08\/0408_kavgic.jpg","datePublished":"2022-08-04T10:00:20+00:00","dateModified":"2022-08-04T08:06:56+00:00","breadcrumb":{"@id":"https:\/\/tuzlainfo.ba\/index.php\/najava-dogadaja-2\/item\/180295-veceras-u-tuzli-promocija-knjige-ogledalo-anele-kavgic-zaimovic\/#breadcrumb"},"inLanguage":"bs-BA","potentialAction":[{"@type":"ReadAction","target":["https:\/\/tuzlainfo.ba\/index.php\/najava-dogadaja-2\/item\/180295-veceras-u-tuzli-promocija-knjige-ogledalo-anele-kavgic-zaimovic\/"]}]},{"@type":"ImageObject","inLanguage":"bs-BA","@id":"https:\/\/tuzlainfo.ba\/index.php\/najava-dogadaja-2\/item\/180295-veceras-u-tuzli-promocija-knjige-ogledalo-anele-kavgic-zaimovic\/#primaryimage","url":"https:\/\/tuzlainfo.ba\/wp-content\/uploads\/2022\/08\/0408_kavgic.jpg","contentUrl":"https:\/\/tuzlainfo.ba\/wp-content\/uploads\/2022\/08\/0408_kavgic.jpg","width":800,"height":448},{"@type":"BreadcrumbList","@id":"https:\/\/tuzlainfo.ba\/index.php\/najava-dogadaja-2\/item\/180295-veceras-u-tuzli-promocija-knjige-ogledalo-anele-kavgic-zaimovic\/#breadcrumb","itemListElement":[{"@type":"ListItem","position":1,"name":"Home","item":"https:\/\/tuzlainfo.ba\/"},{"@type":"ListItem","position":2,"name":"Ve\u010deras u Tuzli promocija knjige &#8220;Ogledalo&#8221;, Anele Kavgi\u0107 Zaimovi\u0107"}]},{"@type":"WebSite","@id":"https:\/\/tuzlainfo.ba\/#website","url":"https:\/\/tuzlainfo.ba\/","name":"TuzlaInfo.ba","description":"Tuzla info, gradski informator - Tuzla na dlanu","publisher":{"@id":"https:\/\/tuzlainfo.ba\/#organization"},"potentialAction":[{"@type":"SearchAction","target":{"@type":"EntryPoint","urlTemplate":"https:\/\/tuzlainfo.ba\/?s={search_term_string}"},"query-input":{"@type":"PropertyValueSpecification","valueRequired":true,"valueName":"search_term_string"}}],"inLanguage":"bs-BA"},{"@type":"Organization","@id":"https:\/\/tuzlainfo.ba\/#organization","name":"TuzlaInfo.ba","url":"https:\/\/tuzlainfo.ba\/","logo":{"@type":"ImageObject","inLanguage":"bs-BA","@id":"https:\/\/tuzlainfo.ba\/#\/schema\/logo\/image\/","url":"https:\/\/tuzlainfo.ba\/wp-content\/uploads\/2021\/03\/logo-ver-3-1.png","contentUrl":"https:\/\/tuzlainfo.ba\/wp-content\/uploads\/2021\/03\/logo-ver-3-1.png","width":350,"height":95,"caption":"TuzlaInfo.ba"},"image":{"@id":"https:\/\/tuzlainfo.ba\/#\/schema\/logo\/image\/"},"sameAs":["https:\/\/www.facebook.com\/tuzlainfo.ba\/"]},{"@type":"Person","@id":"https:\/\/tuzlainfo.ba\/#\/schema\/person\/f434e20dc27ea133923aab08451b7f7f","name":"nedim","image":{"@type":"ImageObject","inLanguage":"bs-BA","@id":"https:\/\/tuzlainfo.ba\/#\/schema\/person\/image\/","url":"https:\/\/tuzlainfo.ba\/wp-content\/litespeed\/avatar\/aabad687af24844af817603ac1cbdc4f.jpg?ver=1777306975","contentUrl":"https:\/\/tuzlainfo.ba\/wp-content\/litespeed\/avatar\/aabad687af24844af817603ac1cbdc4f.jpg?ver=1777306975","caption":"nedim"},"description":"Tuzlainfo.ba pratite na dru\u0161tvenim mre\u017eama: Facebook, Instagram i Youtube. Svoje pri\u010de, upite i fotografije \u0161aljite na na\u0161u e-mail adresu."}]}},"_links":{"self":[{"href":"https:\/\/tuzlainfo.ba\/index.php\/wp-json\/wp\/v2\/posts\/180295"}],"collection":[{"href":"https:\/\/tuzlainfo.ba\/index.php\/wp-json\/wp\/v2\/posts"}],"about":[{"href":"https:\/\/tuzlainfo.ba\/index.php\/wp-json\/wp\/v2\/types\/post"}],"author":[{"embeddable":true,"href":"https:\/\/tuzlainfo.ba\/index.php\/wp-json\/wp\/v2\/users\/2"}],"replies":[{"embeddable":true,"href":"https:\/\/tuzlainfo.ba\/index.php\/wp-json\/wp\/v2\/comments?post=180295"}],"version-history":[{"count":0,"href":"https:\/\/tuzlainfo.ba\/index.php\/wp-json\/wp\/v2\/posts\/180295\/revisions"}],"wp:featuredmedia":[{"embeddable":true,"href":"https:\/\/tuzlainfo.ba\/index.php\/wp-json\/wp\/v2\/media\/180296"}],"wp:attachment":[{"href":"https:\/\/tuzlainfo.ba\/index.php\/wp-json\/wp\/v2\/media?parent=180295"}],"wp:term":[{"taxonomy":"category","embeddable":true,"href":"https:\/\/tuzlainfo.ba\/index.php\/wp-json\/wp\/v2\/categories?post=180295"},{"taxonomy":"post_tag","embeddable":true,"href":"https:\/\/tuzlainfo.ba\/index.php\/wp-json\/wp\/v2\/tags?post=180295"}],"curies":[{"name":"wp","href":"https:\/\/api.w.org\/{rel}","templated":true}]}}