{"id":179439,"date":"2022-07-26T16:45:34","date_gmt":"2022-07-26T14:45:34","guid":{"rendered":"https:\/\/tuzlainfo.ba\/?p=179439"},"modified":"2022-07-26T16:45:34","modified_gmt":"2022-07-26T14:45:34","slug":"tk-za-zaposljavanje-i-samozaposljavanje-boracke-populacije-izdvojeno-15-miliona-km","status":"publish","type":"post","link":"https:\/\/tuzlainfo.ba\/index.php\/novosti\/item\/179439-tk-za-zaposljavanje-i-samozaposljavanje-boracke-populacije-izdvojeno-15-miliona-km\/","title":{"rendered":"TK: Za zapo\u0161ljavanje i samozapo\u0161ljavanje bora\u010dke populacije izdvojeno 1,5 miliona KM"},"content":{"rendered":"<p>Ministar za bora\u010dka pitanja Tuzlanskog kantona Zoran Blagojevi\u0107 potpisao je danas ugovore sa braniocima i \u010dlanovima njihovih porodica o ostvarivanju nov\u010danih sredstava za samozapo\u0161ljavanje i zapo\u0161ljavanje.<\/p>\n<p>Ministarstvo je nakon provedene procedure utvrdilo kona\u010dnu rang listu te \u0107e kod 45 poslodavaca biti zaposleno 79 osoba dok je za samozapo\u0161ljavanje 59 osoba izdvojeno 632.451 KM.<\/p>\n<p>Projekat je ove godine prema rije\u010dima ministra Blagojevi\u0107a ne\u0161to modifikovan.<\/p>\n<p>\u201eNa ovaj projekat su mogle konkurirati firme koje zapo\u0161ljavaju \u010dlanove bora\u010dke populacije i mogli su direktno borci koji bi otvorili neki obrt i sami sebe zaposlili. Mi smo primili 119 prijava a od toga je 104 pozitivno ocijenjeno. 138 ljudi \u0107e od po\u010detka narednog mjeseca dobiti novo uposlenje\u201c, nagla\u0161ava ministar Blagojevi\u0107.<\/p>\n<p>Za projekat zapo\u0161ljavanja i samozapo\u0161ljavanja bora\u010dke populacije i \u010dlanova njihovih porodica u 2022. godini Ministarstvo za bora\u010dka pitanja TK planiralo je sredstva u iznosu od 2 miliona KM. Za zapo\u0161ljavanje 138 osoba koje su danas potpisale ugovore bit \u0107e utro\u0161eno ne\u0161to manje od 1,5 miliona KM.<\/p>\n<p>Preostala finansijska sredstva u iznosu od 533.255 KM Ministarstvo za bora\u010dka pitanja planira utro\u0161iti u ponovljenom javnom pozivu.<\/p>\n<p>\u201eMi \u0107emo obnoviti konkurs u narednih 15 dana i ova sredstva koja su ostala da ih potro\u0161imo na istu namjenu. Ne\u0107emo ih prebacivati ni na kakav drugi projekat nego \u0107emo ponoviti konkurs\u201c, kazao je ministar Blagojevi\u0107.<\/p>\n<p>Za realizaciju sljede\u0107eg javnog poziva planirano je da traje 15 umjesto 30 dana a u resornom ministarstvu se nadaju da \u0107e posao u ovoj godini samo preko ovog projekta dobiti ne\u0161to manje od 200 ljudi.<\/p>\n","protected":false},"excerpt":{"rendered":"<p>Ministar za bora\u010dka pitanja Tuzlanskog kantona Zoran Blagojevi\u0107 potpisao je danas ugovore sa braniocima i&hellip;<\/p>\n","protected":false},"author":2,"featured_media":179440,"comment_status":"open","ping_status":"closed","sticky":false,"template":"","format":"standard","meta":{"_acf_changed":false,"footnotes":""},"categories":[304,12],"tags":[3276,336],"acf":[],"yoast_head":"<!-- This site is optimized with the Yoast SEO plugin v23.5 - https:\/\/yoast.com\/wordpress\/plugins\/seo\/ -->\n<title>TK: Za zapo\u0161ljavanje i samozapo\u0161ljavanje bora\u010dke populacije izdvojeno 1,5 miliona KM - TuzlaInfo.ba<\/title>\n<meta name=\"robots\" content=\"index, follow, max-snippet:-1, max-image-preview:large, max-video-preview:-1\" \/>\n<link rel=\"canonical\" href=\"https:\/\/tuzlainfo.ba\/index.php\/novosti\/item\/179439-tk-za-zaposljavanje-i-samozaposljavanje-boracke-populacije-izdvojeno-15-miliona-km\/\" \/>\n<meta property=\"og:locale\" content=\"bs_BA\" \/>\n<meta property=\"og:type\" content=\"article\" \/>\n<meta property=\"og:title\" content=\"TK: Za zapo\u0161ljavanje i samozapo\u0161ljavanje bora\u010dke populacije izdvojeno 1,5 miliona KM - TuzlaInfo.ba\" \/>\n<meta property=\"og:description\" content=\"Ministar za bora\u010dka pitanja Tuzlanskog kantona Zoran Blagojevi\u0107 potpisao je danas ugovore sa braniocima i&hellip;\" \/>\n<meta property=\"og:url\" content=\"https:\/\/tuzlainfo.ba\/index.php\/novosti\/item\/179439-tk-za-zaposljavanje-i-samozaposljavanje-boracke-populacije-izdvojeno-15-miliona-km\/\" \/>\n<meta property=\"og:site_name\" content=\"TuzlaInfo.ba\" \/>\n<meta property=\"article:publisher\" content=\"https:\/\/www.facebook.com\/tuzlainfo.ba\/\" \/>\n<meta property=\"article:published_time\" content=\"2022-07-26T14:45:34+00:00\" \/>\n<meta property=\"og:image\" content=\"https:\/\/tuzlainfo.ba\/wp-content\/uploads\/2022\/07\/2607_borci_ugovori.jpg\" \/>\n\t<meta property=\"og:image:width\" content=\"1000\" \/>\n\t<meta property=\"og:image:height\" content=\"750\" \/>\n\t<meta property=\"og:image:type\" content=\"image\/jpeg\" \/>\n<meta name=\"author\" content=\"nedim\" \/>\n<meta name=\"twitter:card\" content=\"summary_large_image\" \/>\n<meta name=\"twitter:label1\" content=\"Written by\" \/>\n\t<meta name=\"twitter:data1\" content=\"nedim\" \/>\n\t<meta name=\"twitter:label2\" content=\"Est. reading time\" \/>\n\t<meta name=\"twitter:data2\" content=\"1 minuta\" \/>\n<script type=\"application\/ld+json\" class=\"yoast-schema-graph\">{\"@context\":\"https:\/\/schema.org\",\"@graph\":[{\"@type\":\"Article\",\"@id\":\"https:\/\/tuzlainfo.ba\/index.php\/novosti\/item\/179439-tk-za-zaposljavanje-i-samozaposljavanje-boracke-populacije-izdvojeno-15-miliona-km\/#article\",\"isPartOf\":{\"@id\":\"https:\/\/tuzlainfo.ba\/index.php\/novosti\/item\/179439-tk-za-zaposljavanje-i-samozaposljavanje-boracke-populacije-izdvojeno-15-miliona-km\/\"},\"author\":{\"name\":\"nedim\",\"@id\":\"https:\/\/tuzlainfo.ba\/#\/schema\/person\/f434e20dc27ea133923aab08451b7f7f\"},\"headline\":\"TK: Za zapo\u0161ljavanje i samozapo\u0161ljavanje bora\u010dke populacije izdvojeno 1,5 miliona KM\",\"datePublished\":\"2022-07-26T14:45:34+00:00\",\"dateModified\":\"2022-07-26T14:45:34+00:00\",\"mainEntityOfPage\":{\"@id\":\"https:\/\/tuzlainfo.ba\/index.php\/novosti\/item\/179439-tk-za-zaposljavanje-i-samozaposljavanje-boracke-populacije-izdvojeno-15-miliona-km\/\"},\"wordCount\":272,\"commentCount\":0,\"publisher\":{\"@id\":\"https:\/\/tuzlainfo.ba\/#organization\"},\"image\":{\"@id\":\"https:\/\/tuzlainfo.ba\/index.php\/novosti\/item\/179439-tk-za-zaposljavanje-i-samozaposljavanje-boracke-populacije-izdvojeno-15-miliona-km\/#primaryimage\"},\"thumbnailUrl\":\"https:\/\/tuzlainfo.ba\/wp-content\/uploads\/2022\/07\/2607_borci_ugovori.jpg\",\"keywords\":[\"ministarstvo za boracka pitanja\",\"vlada tk\"],\"articleSection\":[\"Istaknuto\",\"Novosti\"],\"inLanguage\":\"bs-BA\"},{\"@type\":\"WebPage\",\"@id\":\"https:\/\/tuzlainfo.ba\/index.php\/novosti\/item\/179439-tk-za-zaposljavanje-i-samozaposljavanje-boracke-populacije-izdvojeno-15-miliona-km\/\",\"url\":\"https:\/\/tuzlainfo.ba\/index.php\/novosti\/item\/179439-tk-za-zaposljavanje-i-samozaposljavanje-boracke-populacije-izdvojeno-15-miliona-km\/\",\"name\":\"TK: Za zapo\u0161ljavanje i samozapo\u0161ljavanje bora\u010dke populacije izdvojeno 1,5 miliona KM - TuzlaInfo.ba\",\"isPartOf\":{\"@id\":\"https:\/\/tuzlainfo.ba\/#website\"},\"primaryImageOfPage\":{\"@id\":\"https:\/\/tuzlainfo.ba\/index.php\/novosti\/item\/179439-tk-za-zaposljavanje-i-samozaposljavanje-boracke-populacije-izdvojeno-15-miliona-km\/#primaryimage\"},\"image\":{\"@id\":\"https:\/\/tuzlainfo.ba\/index.php\/novosti\/item\/179439-tk-za-zaposljavanje-i-samozaposljavanje-boracke-populacije-izdvojeno-15-miliona-km\/#primaryimage\"},\"thumbnailUrl\":\"https:\/\/tuzlainfo.ba\/wp-content\/uploads\/2022\/07\/2607_borci_ugovori.jpg\",\"datePublished\":\"2022-07-26T14:45:34+00:00\",\"dateModified\":\"2022-07-26T14:45:34+00:00\",\"breadcrumb\":{\"@id\":\"https:\/\/tuzlainfo.ba\/index.php\/novosti\/item\/179439-tk-za-zaposljavanje-i-samozaposljavanje-boracke-populacije-izdvojeno-15-miliona-km\/#breadcrumb\"},\"inLanguage\":\"bs-BA\",\"potentialAction\":[{\"@type\":\"ReadAction\",\"target\":[\"https:\/\/tuzlainfo.ba\/index.php\/novosti\/item\/179439-tk-za-zaposljavanje-i-samozaposljavanje-boracke-populacije-izdvojeno-15-miliona-km\/\"]}]},{\"@type\":\"ImageObject\",\"inLanguage\":\"bs-BA\",\"@id\":\"https:\/\/tuzlainfo.ba\/index.php\/novosti\/item\/179439-tk-za-zaposljavanje-i-samozaposljavanje-boracke-populacije-izdvojeno-15-miliona-km\/#primaryimage\",\"url\":\"https:\/\/tuzlainfo.ba\/wp-content\/uploads\/2022\/07\/2607_borci_ugovori.jpg\",\"contentUrl\":\"https:\/\/tuzlainfo.ba\/wp-content\/uploads\/2022\/07\/2607_borci_ugovori.jpg\",\"width\":1000,\"height\":750},{\"@type\":\"BreadcrumbList\",\"@id\":\"https:\/\/tuzlainfo.ba\/index.php\/novosti\/item\/179439-tk-za-zaposljavanje-i-samozaposljavanje-boracke-populacije-izdvojeno-15-miliona-km\/#breadcrumb\",\"itemListElement\":[{\"@type\":\"ListItem\",\"position\":1,\"name\":\"Home\",\"item\":\"https:\/\/tuzlainfo.ba\/\"},{\"@type\":\"ListItem\",\"position\":2,\"name\":\"TK: Za zapo\u0161ljavanje i samozapo\u0161ljavanje bora\u010dke populacije izdvojeno 1,5 miliona KM\"}]},{\"@type\":\"WebSite\",\"@id\":\"https:\/\/tuzlainfo.ba\/#website\",\"url\":\"https:\/\/tuzlainfo.ba\/\",\"name\":\"TuzlaInfo.ba\",\"description\":\"Tuzla info, gradski informator - Tuzla na dlanu\",\"publisher\":{\"@id\":\"https:\/\/tuzlainfo.ba\/#organization\"},\"potentialAction\":[{\"@type\":\"SearchAction\",\"target\":{\"@type\":\"EntryPoint\",\"urlTemplate\":\"https:\/\/tuzlainfo.ba\/?s={search_term_string}\"},\"query-input\":{\"@type\":\"PropertyValueSpecification\",\"valueRequired\":true,\"valueName\":\"search_term_string\"}}],\"inLanguage\":\"bs-BA\"},{\"@type\":\"Organization\",\"@id\":\"https:\/\/tuzlainfo.ba\/#organization\",\"name\":\"TuzlaInfo.ba\",\"url\":\"https:\/\/tuzlainfo.ba\/\",\"logo\":{\"@type\":\"ImageObject\",\"inLanguage\":\"bs-BA\",\"@id\":\"https:\/\/tuzlainfo.ba\/#\/schema\/logo\/image\/\",\"url\":\"https:\/\/tuzlainfo.ba\/wp-content\/uploads\/2021\/03\/logo-ver-3-1.png\",\"contentUrl\":\"https:\/\/tuzlainfo.ba\/wp-content\/uploads\/2021\/03\/logo-ver-3-1.png\",\"width\":350,\"height\":95,\"caption\":\"TuzlaInfo.ba\"},\"image\":{\"@id\":\"https:\/\/tuzlainfo.ba\/#\/schema\/logo\/image\/\"},\"sameAs\":[\"https:\/\/www.facebook.com\/tuzlainfo.ba\/\"]},{\"@type\":\"Person\",\"@id\":\"https:\/\/tuzlainfo.ba\/#\/schema\/person\/f434e20dc27ea133923aab08451b7f7f\",\"name\":\"nedim\",\"image\":{\"@type\":\"ImageObject\",\"inLanguage\":\"bs-BA\",\"@id\":\"https:\/\/tuzlainfo.ba\/#\/schema\/person\/image\/\",\"url\":\"https:\/\/tuzlainfo.ba\/wp-content\/litespeed\/avatar\/aabad687af24844af817603ac1cbdc4f.jpg?ver=1776702173\",\"contentUrl\":\"https:\/\/tuzlainfo.ba\/wp-content\/litespeed\/avatar\/aabad687af24844af817603ac1cbdc4f.jpg?ver=1776702173\",\"caption\":\"nedim\"},\"description\":\"Tuzlainfo.ba pratite na dru\u0161tvenim mre\u017eama: Facebook, Instagram i Youtube. Svoje pri\u010de, upite i fotografije \u0161aljite na na\u0161u e-mail adresu.\"}]}<\/script>\n<!-- \/ Yoast SEO plugin. -->","yoast_head_json":{"title":"TK: Za zapo\u0161ljavanje i samozapo\u0161ljavanje bora\u010dke populacije izdvojeno 1,5 miliona KM - TuzlaInfo.ba","robots":{"index":"index","follow":"follow","max-snippet":"max-snippet:-1","max-image-preview":"max-image-preview:large","max-video-preview":"max-video-preview:-1"},"canonical":"https:\/\/tuzlainfo.ba\/index.php\/novosti\/item\/179439-tk-za-zaposljavanje-i-samozaposljavanje-boracke-populacije-izdvojeno-15-miliona-km\/","og_locale":"bs_BA","og_type":"article","og_title":"TK: Za zapo\u0161ljavanje i samozapo\u0161ljavanje bora\u010dke populacije izdvojeno 1,5 miliona KM - TuzlaInfo.ba","og_description":"Ministar za bora\u010dka pitanja Tuzlanskog kantona Zoran Blagojevi\u0107 potpisao je danas ugovore sa braniocima i&hellip;","og_url":"https:\/\/tuzlainfo.ba\/index.php\/novosti\/item\/179439-tk-za-zaposljavanje-i-samozaposljavanje-boracke-populacije-izdvojeno-15-miliona-km\/","og_site_name":"TuzlaInfo.ba","article_publisher":"https:\/\/www.facebook.com\/tuzlainfo.ba\/","article_published_time":"2022-07-26T14:45:34+00:00","og_image":[{"width":1000,"height":750,"url":"https:\/\/tuzlainfo.ba\/wp-content\/uploads\/2022\/07\/2607_borci_ugovori.jpg","type":"image\/jpeg"}],"author":"nedim","twitter_card":"summary_large_image","twitter_misc":{"Written by":"nedim","Est. reading time":"1 minuta"},"schema":{"@context":"https:\/\/schema.org","@graph":[{"@type":"Article","@id":"https:\/\/tuzlainfo.ba\/index.php\/novosti\/item\/179439-tk-za-zaposljavanje-i-samozaposljavanje-boracke-populacije-izdvojeno-15-miliona-km\/#article","isPartOf":{"@id":"https:\/\/tuzlainfo.ba\/index.php\/novosti\/item\/179439-tk-za-zaposljavanje-i-samozaposljavanje-boracke-populacije-izdvojeno-15-miliona-km\/"},"author":{"name":"nedim","@id":"https:\/\/tuzlainfo.ba\/#\/schema\/person\/f434e20dc27ea133923aab08451b7f7f"},"headline":"TK: Za zapo\u0161ljavanje i samozapo\u0161ljavanje bora\u010dke populacije izdvojeno 1,5 miliona KM","datePublished":"2022-07-26T14:45:34+00:00","dateModified":"2022-07-26T14:45:34+00:00","mainEntityOfPage":{"@id":"https:\/\/tuzlainfo.ba\/index.php\/novosti\/item\/179439-tk-za-zaposljavanje-i-samozaposljavanje-boracke-populacije-izdvojeno-15-miliona-km\/"},"wordCount":272,"commentCount":0,"publisher":{"@id":"https:\/\/tuzlainfo.ba\/#organization"},"image":{"@id":"https:\/\/tuzlainfo.ba\/index.php\/novosti\/item\/179439-tk-za-zaposljavanje-i-samozaposljavanje-boracke-populacije-izdvojeno-15-miliona-km\/#primaryimage"},"thumbnailUrl":"https:\/\/tuzlainfo.ba\/wp-content\/uploads\/2022\/07\/2607_borci_ugovori.jpg","keywords":["ministarstvo za boracka pitanja","vlada tk"],"articleSection":["Istaknuto","Novosti"],"inLanguage":"bs-BA"},{"@type":"WebPage","@id":"https:\/\/tuzlainfo.ba\/index.php\/novosti\/item\/179439-tk-za-zaposljavanje-i-samozaposljavanje-boracke-populacije-izdvojeno-15-miliona-km\/","url":"https:\/\/tuzlainfo.ba\/index.php\/novosti\/item\/179439-tk-za-zaposljavanje-i-samozaposljavanje-boracke-populacije-izdvojeno-15-miliona-km\/","name":"TK: Za zapo\u0161ljavanje i samozapo\u0161ljavanje bora\u010dke populacije izdvojeno 1,5 miliona KM - TuzlaInfo.ba","isPartOf":{"@id":"https:\/\/tuzlainfo.ba\/#website"},"primaryImageOfPage":{"@id":"https:\/\/tuzlainfo.ba\/index.php\/novosti\/item\/179439-tk-za-zaposljavanje-i-samozaposljavanje-boracke-populacije-izdvojeno-15-miliona-km\/#primaryimage"},"image":{"@id":"https:\/\/tuzlainfo.ba\/index.php\/novosti\/item\/179439-tk-za-zaposljavanje-i-samozaposljavanje-boracke-populacije-izdvojeno-15-miliona-km\/#primaryimage"},"thumbnailUrl":"https:\/\/tuzlainfo.ba\/wp-content\/uploads\/2022\/07\/2607_borci_ugovori.jpg","datePublished":"2022-07-26T14:45:34+00:00","dateModified":"2022-07-26T14:45:34+00:00","breadcrumb":{"@id":"https:\/\/tuzlainfo.ba\/index.php\/novosti\/item\/179439-tk-za-zaposljavanje-i-samozaposljavanje-boracke-populacije-izdvojeno-15-miliona-km\/#breadcrumb"},"inLanguage":"bs-BA","potentialAction":[{"@type":"ReadAction","target":["https:\/\/tuzlainfo.ba\/index.php\/novosti\/item\/179439-tk-za-zaposljavanje-i-samozaposljavanje-boracke-populacije-izdvojeno-15-miliona-km\/"]}]},{"@type":"ImageObject","inLanguage":"bs-BA","@id":"https:\/\/tuzlainfo.ba\/index.php\/novosti\/item\/179439-tk-za-zaposljavanje-i-samozaposljavanje-boracke-populacije-izdvojeno-15-miliona-km\/#primaryimage","url":"https:\/\/tuzlainfo.ba\/wp-content\/uploads\/2022\/07\/2607_borci_ugovori.jpg","contentUrl":"https:\/\/tuzlainfo.ba\/wp-content\/uploads\/2022\/07\/2607_borci_ugovori.jpg","width":1000,"height":750},{"@type":"BreadcrumbList","@id":"https:\/\/tuzlainfo.ba\/index.php\/novosti\/item\/179439-tk-za-zaposljavanje-i-samozaposljavanje-boracke-populacije-izdvojeno-15-miliona-km\/#breadcrumb","itemListElement":[{"@type":"ListItem","position":1,"name":"Home","item":"https:\/\/tuzlainfo.ba\/"},{"@type":"ListItem","position":2,"name":"TK: Za zapo\u0161ljavanje i samozapo\u0161ljavanje bora\u010dke populacije izdvojeno 1,5 miliona KM"}]},{"@type":"WebSite","@id":"https:\/\/tuzlainfo.ba\/#website","url":"https:\/\/tuzlainfo.ba\/","name":"TuzlaInfo.ba","description":"Tuzla info, gradski informator - Tuzla na dlanu","publisher":{"@id":"https:\/\/tuzlainfo.ba\/#organization"},"potentialAction":[{"@type":"SearchAction","target":{"@type":"EntryPoint","urlTemplate":"https:\/\/tuzlainfo.ba\/?s={search_term_string}"},"query-input":{"@type":"PropertyValueSpecification","valueRequired":true,"valueName":"search_term_string"}}],"inLanguage":"bs-BA"},{"@type":"Organization","@id":"https:\/\/tuzlainfo.ba\/#organization","name":"TuzlaInfo.ba","url":"https:\/\/tuzlainfo.ba\/","logo":{"@type":"ImageObject","inLanguage":"bs-BA","@id":"https:\/\/tuzlainfo.ba\/#\/schema\/logo\/image\/","url":"https:\/\/tuzlainfo.ba\/wp-content\/uploads\/2021\/03\/logo-ver-3-1.png","contentUrl":"https:\/\/tuzlainfo.ba\/wp-content\/uploads\/2021\/03\/logo-ver-3-1.png","width":350,"height":95,"caption":"TuzlaInfo.ba"},"image":{"@id":"https:\/\/tuzlainfo.ba\/#\/schema\/logo\/image\/"},"sameAs":["https:\/\/www.facebook.com\/tuzlainfo.ba\/"]},{"@type":"Person","@id":"https:\/\/tuzlainfo.ba\/#\/schema\/person\/f434e20dc27ea133923aab08451b7f7f","name":"nedim","image":{"@type":"ImageObject","inLanguage":"bs-BA","@id":"https:\/\/tuzlainfo.ba\/#\/schema\/person\/image\/","url":"https:\/\/tuzlainfo.ba\/wp-content\/litespeed\/avatar\/aabad687af24844af817603ac1cbdc4f.jpg?ver=1776702173","contentUrl":"https:\/\/tuzlainfo.ba\/wp-content\/litespeed\/avatar\/aabad687af24844af817603ac1cbdc4f.jpg?ver=1776702173","caption":"nedim"},"description":"Tuzlainfo.ba pratite na dru\u0161tvenim mre\u017eama: Facebook, Instagram i Youtube. Svoje pri\u010de, upite i fotografije \u0161aljite na na\u0161u e-mail adresu."}]}},"_links":{"self":[{"href":"https:\/\/tuzlainfo.ba\/index.php\/wp-json\/wp\/v2\/posts\/179439"}],"collection":[{"href":"https:\/\/tuzlainfo.ba\/index.php\/wp-json\/wp\/v2\/posts"}],"about":[{"href":"https:\/\/tuzlainfo.ba\/index.php\/wp-json\/wp\/v2\/types\/post"}],"author":[{"embeddable":true,"href":"https:\/\/tuzlainfo.ba\/index.php\/wp-json\/wp\/v2\/users\/2"}],"replies":[{"embeddable":true,"href":"https:\/\/tuzlainfo.ba\/index.php\/wp-json\/wp\/v2\/comments?post=179439"}],"version-history":[{"count":0,"href":"https:\/\/tuzlainfo.ba\/index.php\/wp-json\/wp\/v2\/posts\/179439\/revisions"}],"wp:featuredmedia":[{"embeddable":true,"href":"https:\/\/tuzlainfo.ba\/index.php\/wp-json\/wp\/v2\/media\/179440"}],"wp:attachment":[{"href":"https:\/\/tuzlainfo.ba\/index.php\/wp-json\/wp\/v2\/media?parent=179439"}],"wp:term":[{"taxonomy":"category","embeddable":true,"href":"https:\/\/tuzlainfo.ba\/index.php\/wp-json\/wp\/v2\/categories?post=179439"},{"taxonomy":"post_tag","embeddable":true,"href":"https:\/\/tuzlainfo.ba\/index.php\/wp-json\/wp\/v2\/tags?post=179439"}],"curies":[{"name":"wp","href":"https:\/\/api.w.org\/{rel}","templated":true}]}}