{"id":179397,"date":"2022-07-26T09:46:00","date_gmt":"2022-07-26T07:46:00","guid":{"rendered":"https:\/\/tuzlainfo.ba\/?p=179397"},"modified":"2022-07-26T09:46:00","modified_gmt":"2022-07-26T07:46:00","slug":"pogledajte-koje-auto-ce-prvo-proci-danas-svecano-otvaranje-peljeskog-mosta","status":"publish","type":"post","link":"https:\/\/tuzlainfo.ba\/index.php\/clanci\/sa-svih-strana\/item\/179397-pogledajte-koje-auto-ce-prvo-proci-danas-svecano-otvaranje-peljeskog-mosta\/","title":{"rendered":"Pogledajte koje auto \u0107e prvo pro\u0107i: Danas sve\u010dano otvaranje Pelje\u0161kog mosta"},"content":{"rendered":"<p>Za danas je planirano sve\u010dano otvaranje Pelje\u0161kog mosta, dok je sino\u0107 odr\u017eana i generalna proba. Kako isti\u010du iz Hrvatske, sve je spremno za &#8220;spektakularno pu\u0161tanje u promet&#8221;.<\/p>\n<p>&nbsp;<\/p>\n<p>Centralna sve\u010danost po\u010dinje u 20:15 sati na odmori\u0161tu Komarna, a prijenos sve\u010danosti otvorenja \u0107e uz pomo\u0107 videozida biti mogu\u0107e pratiti i na odmori\u0161tu Brijesta. Tako\u0161er HTV 1 \u0107e prenositi cijeli doga\u0111aj.<\/p>\n<p>&nbsp;<\/p>\n<p>Program otvaranja Pelje\u0161kog mosta po\u010det \u0107e, kako su najavili iz Vlade Hrvatske, prigodnim izvo\u0111enjem budnice na samom mostu u osam sati ujutro, pi\u0161e Index.hr. Program \u0107e se nastaviti utrkom DU MOTION s po\u010detkom u devet sati, a od 10 sati slijede nastupi lokalnih kulturno-umjetni\u010dkih dru\u0161tava.<\/p>\n<p>&nbsp;<\/p>\n<p>Najavljeno je i da \u0107e se posjetitelji tijekom cijelog dana imati prilike upoznati s bogatom kulturno-umjetni\u010dkom ba\u0161tinom Dubrova\u010dko-neretvanske \u017eupanije.<\/p>\n<p>&nbsp;<\/p>\n<p>Rimac Nevera \u0107e biti prvi automobil koji \u0107e pre\u0107i novi most, a \u0161to je planirano u zavr\u0161nici ceremonije. Za upravlja\u010dem \u0107e biti glavni in\u017einjer Nevere Matija Reni\u0107, a Nevera koja \u0107e prije\u0107i Pelje\u0161ki most prvi je proizvodni primjerak elektri\u010dnog hiperautomobila Rimac Automobila iz Hrvatske.<\/p>\n<div id=\"attachment_179398\" style=\"width: 778px\" class=\"wp-caption alignnone\"><img fetchpriority=\"high\" decoding=\"async\" aria-describedby=\"caption-attachment-179398\" class=\"wp-image-179398 size-full\" src=\"https:\/\/tuzlainfo.ba\/wp-content\/uploads\/2022\/07\/inbound7984178845973466263.webp\" alt=\"\" width=\"768\" height=\"432\" srcset=\"https:\/\/tuzlainfo.ba\/wp-content\/uploads\/2022\/07\/inbound7984178845973466263.webp 768w, https:\/\/tuzlainfo.ba\/wp-content\/uploads\/2022\/07\/inbound7984178845973466263-300x169.webp 300w, https:\/\/tuzlainfo.ba\/wp-content\/uploads\/2022\/07\/inbound7984178845973466263-585x329.webp 585w, https:\/\/tuzlainfo.ba\/wp-content\/uploads\/2022\/07\/inbound7984178845973466263-150x84.webp 150w, https:\/\/tuzlainfo.ba\/wp-content\/uploads\/2022\/07\/inbound7984178845973466263-500x281.webp 500w\" sizes=\"(max-width: 768px) 100vw, 768px\" \/><p id=\"caption-attachment-179398\" class=\"wp-caption-text\">Foto: RTL<\/p><\/div>\n<p>S druge strane mosta, iz Brijeste, krenut \u0107e automobil u kojem \u0107e biti nekada\u0161nji trostruki evropski prvak na brdskim utrkama Niko Puli\u0107, prenosi Klix.<\/p>\n<p>Pelje\u0161ki most je ina\u010de najve\u0107i hrvatski infrastrukturni projekat finansiran iz fondova Evropske unije. Njime se povezuje kopno i Pelje\u0161ac, a time i jug Hrvatske s ostatkom zemlje.<\/p>\n","protected":false},"excerpt":{"rendered":"<p>Za danas je planirano sve\u010dano otvaranje Pelje\u0161kog mosta, dok je sino\u0107 odr\u017eana i generalna proba.&hellip;<\/p>\n","protected":false},"author":4,"featured_media":143267,"comment_status":"open","ping_status":"closed","sticky":false,"template":"","format":"standard","meta":{"_acf_changed":false,"footnotes":""},"categories":[16],"tags":[1995],"acf":[],"yoast_head":"<!-- This site is optimized with the Yoast SEO plugin v23.5 - https:\/\/yoast.com\/wordpress\/plugins\/seo\/ -->\n<title>Pogledajte koje auto \u0107e prvo pro\u0107i: Danas sve\u010dano otvaranje Pelje\u0161kog mosta - TuzlaInfo.ba<\/title>\n<meta name=\"robots\" content=\"index, follow, max-snippet:-1, max-image-preview:large, max-video-preview:-1\" \/>\n<link rel=\"canonical\" href=\"https:\/\/tuzlainfo.ba\/index.php\/clanci\/sa-svih-strana\/item\/179397-pogledajte-koje-auto-ce-prvo-proci-danas-svecano-otvaranje-peljeskog-mosta\/\" \/>\n<meta property=\"og:locale\" content=\"bs_BA\" \/>\n<meta property=\"og:type\" content=\"article\" \/>\n<meta property=\"og:title\" content=\"Pogledajte koje auto \u0107e prvo pro\u0107i: Danas sve\u010dano otvaranje Pelje\u0161kog mosta - TuzlaInfo.ba\" \/>\n<meta property=\"og:description\" content=\"Za danas je planirano sve\u010dano otvaranje Pelje\u0161kog mosta, dok je sino\u0107 odr\u017eana i generalna proba.&hellip;\" \/>\n<meta property=\"og:url\" content=\"https:\/\/tuzlainfo.ba\/index.php\/clanci\/sa-svih-strana\/item\/179397-pogledajte-koje-auto-ce-prvo-proci-danas-svecano-otvaranje-peljeskog-mosta\/\" \/>\n<meta property=\"og:site_name\" content=\"TuzlaInfo.ba\" \/>\n<meta property=\"article:publisher\" content=\"https:\/\/www.facebook.com\/tuzlainfo.ba\/\" \/>\n<meta property=\"article:published_time\" content=\"2022-07-26T07:46:00+00:00\" \/>\n<meta property=\"og:image\" content=\"https:\/\/tuzlainfo.ba\/wp-content\/uploads\/2021\/07\/2807_peljeski-most.jpeg\" \/>\n\t<meta property=\"og:image:width\" content=\"900\" \/>\n\t<meta property=\"og:image:height\" content=\"540\" \/>\n\t<meta property=\"og:image:type\" content=\"image\/jpeg\" \/>\n<meta name=\"author\" content=\"Tuzla Info\" \/>\n<meta name=\"twitter:card\" content=\"summary_large_image\" \/>\n<meta name=\"twitter:label1\" content=\"Written by\" \/>\n\t<meta name=\"twitter:data1\" content=\"Tuzla Info\" \/>\n\t<meta name=\"twitter:label2\" content=\"Est. reading time\" \/>\n\t<meta name=\"twitter:data2\" content=\"1 minuta\" \/>\n<script type=\"application\/ld+json\" class=\"yoast-schema-graph\">{\"@context\":\"https:\/\/schema.org\",\"@graph\":[{\"@type\":\"Article\",\"@id\":\"https:\/\/tuzlainfo.ba\/index.php\/clanci\/sa-svih-strana\/item\/179397-pogledajte-koje-auto-ce-prvo-proci-danas-svecano-otvaranje-peljeskog-mosta\/#article\",\"isPartOf\":{\"@id\":\"https:\/\/tuzlainfo.ba\/index.php\/clanci\/sa-svih-strana\/item\/179397-pogledajte-koje-auto-ce-prvo-proci-danas-svecano-otvaranje-peljeskog-mosta\/\"},\"author\":{\"name\":\"Tuzla Info\",\"@id\":\"https:\/\/tuzlainfo.ba\/#\/schema\/person\/46cad4c57790cbc50781edd14870825a\"},\"headline\":\"Pogledajte koje auto \u0107e prvo pro\u0107i: Danas sve\u010dano otvaranje Pelje\u0161kog mosta\",\"datePublished\":\"2022-07-26T07:46:00+00:00\",\"dateModified\":\"2022-07-26T07:46:00+00:00\",\"mainEntityOfPage\":{\"@id\":\"https:\/\/tuzlainfo.ba\/index.php\/clanci\/sa-svih-strana\/item\/179397-pogledajte-koje-auto-ce-prvo-proci-danas-svecano-otvaranje-peljeskog-mosta\/\"},\"wordCount\":277,\"commentCount\":0,\"publisher\":{\"@id\":\"https:\/\/tuzlainfo.ba\/#organization\"},\"image\":{\"@id\":\"https:\/\/tuzlainfo.ba\/index.php\/clanci\/sa-svih-strana\/item\/179397-pogledajte-koje-auto-ce-prvo-proci-danas-svecano-otvaranje-peljeskog-mosta\/#primaryimage\"},\"thumbnailUrl\":\"https:\/\/tuzlainfo.ba\/wp-content\/uploads\/2021\/07\/2807_peljeski-most.jpeg\",\"keywords\":[\"pelje\u0161ki most\"],\"articleSection\":[\"Sa svih strana\"],\"inLanguage\":\"bs-BA\"},{\"@type\":\"WebPage\",\"@id\":\"https:\/\/tuzlainfo.ba\/index.php\/clanci\/sa-svih-strana\/item\/179397-pogledajte-koje-auto-ce-prvo-proci-danas-svecano-otvaranje-peljeskog-mosta\/\",\"url\":\"https:\/\/tuzlainfo.ba\/index.php\/clanci\/sa-svih-strana\/item\/179397-pogledajte-koje-auto-ce-prvo-proci-danas-svecano-otvaranje-peljeskog-mosta\/\",\"name\":\"Pogledajte koje auto \u0107e prvo pro\u0107i: Danas sve\u010dano otvaranje Pelje\u0161kog mosta - TuzlaInfo.ba\",\"isPartOf\":{\"@id\":\"https:\/\/tuzlainfo.ba\/#website\"},\"primaryImageOfPage\":{\"@id\":\"https:\/\/tuzlainfo.ba\/index.php\/clanci\/sa-svih-strana\/item\/179397-pogledajte-koje-auto-ce-prvo-proci-danas-svecano-otvaranje-peljeskog-mosta\/#primaryimage\"},\"image\":{\"@id\":\"https:\/\/tuzlainfo.ba\/index.php\/clanci\/sa-svih-strana\/item\/179397-pogledajte-koje-auto-ce-prvo-proci-danas-svecano-otvaranje-peljeskog-mosta\/#primaryimage\"},\"thumbnailUrl\":\"https:\/\/tuzlainfo.ba\/wp-content\/uploads\/2021\/07\/2807_peljeski-most.jpeg\",\"datePublished\":\"2022-07-26T07:46:00+00:00\",\"dateModified\":\"2022-07-26T07:46:00+00:00\",\"breadcrumb\":{\"@id\":\"https:\/\/tuzlainfo.ba\/index.php\/clanci\/sa-svih-strana\/item\/179397-pogledajte-koje-auto-ce-prvo-proci-danas-svecano-otvaranje-peljeskog-mosta\/#breadcrumb\"},\"inLanguage\":\"bs-BA\",\"potentialAction\":[{\"@type\":\"ReadAction\",\"target\":[\"https:\/\/tuzlainfo.ba\/index.php\/clanci\/sa-svih-strana\/item\/179397-pogledajte-koje-auto-ce-prvo-proci-danas-svecano-otvaranje-peljeskog-mosta\/\"]}]},{\"@type\":\"ImageObject\",\"inLanguage\":\"bs-BA\",\"@id\":\"https:\/\/tuzlainfo.ba\/index.php\/clanci\/sa-svih-strana\/item\/179397-pogledajte-koje-auto-ce-prvo-proci-danas-svecano-otvaranje-peljeskog-mosta\/#primaryimage\",\"url\":\"https:\/\/tuzlainfo.ba\/wp-content\/uploads\/2021\/07\/2807_peljeski-most.jpeg\",\"contentUrl\":\"https:\/\/tuzlainfo.ba\/wp-content\/uploads\/2021\/07\/2807_peljeski-most.jpeg\",\"width\":900,\"height\":540},{\"@type\":\"BreadcrumbList\",\"@id\":\"https:\/\/tuzlainfo.ba\/index.php\/clanci\/sa-svih-strana\/item\/179397-pogledajte-koje-auto-ce-prvo-proci-danas-svecano-otvaranje-peljeskog-mosta\/#breadcrumb\",\"itemListElement\":[{\"@type\":\"ListItem\",\"position\":1,\"name\":\"Home\",\"item\":\"https:\/\/tuzlainfo.ba\/\"},{\"@type\":\"ListItem\",\"position\":2,\"name\":\"Pogledajte koje auto \u0107e prvo pro\u0107i: Danas sve\u010dano otvaranje Pelje\u0161kog mosta\"}]},{\"@type\":\"WebSite\",\"@id\":\"https:\/\/tuzlainfo.ba\/#website\",\"url\":\"https:\/\/tuzlainfo.ba\/\",\"name\":\"TuzlaInfo.ba\",\"description\":\"Tuzla info, gradski informator - Tuzla na dlanu\",\"publisher\":{\"@id\":\"https:\/\/tuzlainfo.ba\/#organization\"},\"potentialAction\":[{\"@type\":\"SearchAction\",\"target\":{\"@type\":\"EntryPoint\",\"urlTemplate\":\"https:\/\/tuzlainfo.ba\/?s={search_term_string}\"},\"query-input\":{\"@type\":\"PropertyValueSpecification\",\"valueRequired\":true,\"valueName\":\"search_term_string\"}}],\"inLanguage\":\"bs-BA\"},{\"@type\":\"Organization\",\"@id\":\"https:\/\/tuzlainfo.ba\/#organization\",\"name\":\"TuzlaInfo.ba\",\"url\":\"https:\/\/tuzlainfo.ba\/\",\"logo\":{\"@type\":\"ImageObject\",\"inLanguage\":\"bs-BA\",\"@id\":\"https:\/\/tuzlainfo.ba\/#\/schema\/logo\/image\/\",\"url\":\"https:\/\/tuzlainfo.ba\/wp-content\/uploads\/2021\/03\/logo-ver-3-1.png\",\"contentUrl\":\"https:\/\/tuzlainfo.ba\/wp-content\/uploads\/2021\/03\/logo-ver-3-1.png\",\"width\":350,\"height\":95,\"caption\":\"TuzlaInfo.ba\"},\"image\":{\"@id\":\"https:\/\/tuzlainfo.ba\/#\/schema\/logo\/image\/\"},\"sameAs\":[\"https:\/\/www.facebook.com\/tuzlainfo.ba\/\"]},{\"@type\":\"Person\",\"@id\":\"https:\/\/tuzlainfo.ba\/#\/schema\/person\/46cad4c57790cbc50781edd14870825a\",\"name\":\"Tuzla Info\",\"image\":{\"@type\":\"ImageObject\",\"inLanguage\":\"bs-BA\",\"@id\":\"https:\/\/tuzlainfo.ba\/#\/schema\/person\/image\/\",\"url\":\"https:\/\/tuzlainfo.ba\/wp-content\/litespeed\/avatar\/b6c453a6c38e3654f2e4416c643fc25c.jpg?ver=1777051911\",\"contentUrl\":\"https:\/\/tuzlainfo.ba\/wp-content\/litespeed\/avatar\/b6c453a6c38e3654f2e4416c643fc25c.jpg?ver=1777051911\",\"caption\":\"Tuzla Info\"}}]}<\/script>\n<!-- \/ Yoast SEO plugin. -->","yoast_head_json":{"title":"Pogledajte koje auto \u0107e prvo pro\u0107i: Danas sve\u010dano otvaranje Pelje\u0161kog mosta - TuzlaInfo.ba","robots":{"index":"index","follow":"follow","max-snippet":"max-snippet:-1","max-image-preview":"max-image-preview:large","max-video-preview":"max-video-preview:-1"},"canonical":"https:\/\/tuzlainfo.ba\/index.php\/clanci\/sa-svih-strana\/item\/179397-pogledajte-koje-auto-ce-prvo-proci-danas-svecano-otvaranje-peljeskog-mosta\/","og_locale":"bs_BA","og_type":"article","og_title":"Pogledajte koje auto \u0107e prvo pro\u0107i: Danas sve\u010dano otvaranje Pelje\u0161kog mosta - TuzlaInfo.ba","og_description":"Za danas je planirano sve\u010dano otvaranje Pelje\u0161kog mosta, dok je sino\u0107 odr\u017eana i generalna proba.&hellip;","og_url":"https:\/\/tuzlainfo.ba\/index.php\/clanci\/sa-svih-strana\/item\/179397-pogledajte-koje-auto-ce-prvo-proci-danas-svecano-otvaranje-peljeskog-mosta\/","og_site_name":"TuzlaInfo.ba","article_publisher":"https:\/\/www.facebook.com\/tuzlainfo.ba\/","article_published_time":"2022-07-26T07:46:00+00:00","og_image":[{"width":900,"height":540,"url":"https:\/\/tuzlainfo.ba\/wp-content\/uploads\/2021\/07\/2807_peljeski-most.jpeg","type":"image\/jpeg"}],"author":"Tuzla Info","twitter_card":"summary_large_image","twitter_misc":{"Written by":"Tuzla Info","Est. reading time":"1 minuta"},"schema":{"@context":"https:\/\/schema.org","@graph":[{"@type":"Article","@id":"https:\/\/tuzlainfo.ba\/index.php\/clanci\/sa-svih-strana\/item\/179397-pogledajte-koje-auto-ce-prvo-proci-danas-svecano-otvaranje-peljeskog-mosta\/#article","isPartOf":{"@id":"https:\/\/tuzlainfo.ba\/index.php\/clanci\/sa-svih-strana\/item\/179397-pogledajte-koje-auto-ce-prvo-proci-danas-svecano-otvaranje-peljeskog-mosta\/"},"author":{"name":"Tuzla Info","@id":"https:\/\/tuzlainfo.ba\/#\/schema\/person\/46cad4c57790cbc50781edd14870825a"},"headline":"Pogledajte koje auto \u0107e prvo pro\u0107i: Danas sve\u010dano otvaranje Pelje\u0161kog mosta","datePublished":"2022-07-26T07:46:00+00:00","dateModified":"2022-07-26T07:46:00+00:00","mainEntityOfPage":{"@id":"https:\/\/tuzlainfo.ba\/index.php\/clanci\/sa-svih-strana\/item\/179397-pogledajte-koje-auto-ce-prvo-proci-danas-svecano-otvaranje-peljeskog-mosta\/"},"wordCount":277,"commentCount":0,"publisher":{"@id":"https:\/\/tuzlainfo.ba\/#organization"},"image":{"@id":"https:\/\/tuzlainfo.ba\/index.php\/clanci\/sa-svih-strana\/item\/179397-pogledajte-koje-auto-ce-prvo-proci-danas-svecano-otvaranje-peljeskog-mosta\/#primaryimage"},"thumbnailUrl":"https:\/\/tuzlainfo.ba\/wp-content\/uploads\/2021\/07\/2807_peljeski-most.jpeg","keywords":["pelje\u0161ki most"],"articleSection":["Sa svih strana"],"inLanguage":"bs-BA"},{"@type":"WebPage","@id":"https:\/\/tuzlainfo.ba\/index.php\/clanci\/sa-svih-strana\/item\/179397-pogledajte-koje-auto-ce-prvo-proci-danas-svecano-otvaranje-peljeskog-mosta\/","url":"https:\/\/tuzlainfo.ba\/index.php\/clanci\/sa-svih-strana\/item\/179397-pogledajte-koje-auto-ce-prvo-proci-danas-svecano-otvaranje-peljeskog-mosta\/","name":"Pogledajte koje auto \u0107e prvo pro\u0107i: Danas sve\u010dano otvaranje Pelje\u0161kog mosta - TuzlaInfo.ba","isPartOf":{"@id":"https:\/\/tuzlainfo.ba\/#website"},"primaryImageOfPage":{"@id":"https:\/\/tuzlainfo.ba\/index.php\/clanci\/sa-svih-strana\/item\/179397-pogledajte-koje-auto-ce-prvo-proci-danas-svecano-otvaranje-peljeskog-mosta\/#primaryimage"},"image":{"@id":"https:\/\/tuzlainfo.ba\/index.php\/clanci\/sa-svih-strana\/item\/179397-pogledajte-koje-auto-ce-prvo-proci-danas-svecano-otvaranje-peljeskog-mosta\/#primaryimage"},"thumbnailUrl":"https:\/\/tuzlainfo.ba\/wp-content\/uploads\/2021\/07\/2807_peljeski-most.jpeg","datePublished":"2022-07-26T07:46:00+00:00","dateModified":"2022-07-26T07:46:00+00:00","breadcrumb":{"@id":"https:\/\/tuzlainfo.ba\/index.php\/clanci\/sa-svih-strana\/item\/179397-pogledajte-koje-auto-ce-prvo-proci-danas-svecano-otvaranje-peljeskog-mosta\/#breadcrumb"},"inLanguage":"bs-BA","potentialAction":[{"@type":"ReadAction","target":["https:\/\/tuzlainfo.ba\/index.php\/clanci\/sa-svih-strana\/item\/179397-pogledajte-koje-auto-ce-prvo-proci-danas-svecano-otvaranje-peljeskog-mosta\/"]}]},{"@type":"ImageObject","inLanguage":"bs-BA","@id":"https:\/\/tuzlainfo.ba\/index.php\/clanci\/sa-svih-strana\/item\/179397-pogledajte-koje-auto-ce-prvo-proci-danas-svecano-otvaranje-peljeskog-mosta\/#primaryimage","url":"https:\/\/tuzlainfo.ba\/wp-content\/uploads\/2021\/07\/2807_peljeski-most.jpeg","contentUrl":"https:\/\/tuzlainfo.ba\/wp-content\/uploads\/2021\/07\/2807_peljeski-most.jpeg","width":900,"height":540},{"@type":"BreadcrumbList","@id":"https:\/\/tuzlainfo.ba\/index.php\/clanci\/sa-svih-strana\/item\/179397-pogledajte-koje-auto-ce-prvo-proci-danas-svecano-otvaranje-peljeskog-mosta\/#breadcrumb","itemListElement":[{"@type":"ListItem","position":1,"name":"Home","item":"https:\/\/tuzlainfo.ba\/"},{"@type":"ListItem","position":2,"name":"Pogledajte koje auto \u0107e prvo pro\u0107i: Danas sve\u010dano otvaranje Pelje\u0161kog mosta"}]},{"@type":"WebSite","@id":"https:\/\/tuzlainfo.ba\/#website","url":"https:\/\/tuzlainfo.ba\/","name":"TuzlaInfo.ba","description":"Tuzla info, gradski informator - Tuzla na dlanu","publisher":{"@id":"https:\/\/tuzlainfo.ba\/#organization"},"potentialAction":[{"@type":"SearchAction","target":{"@type":"EntryPoint","urlTemplate":"https:\/\/tuzlainfo.ba\/?s={search_term_string}"},"query-input":{"@type":"PropertyValueSpecification","valueRequired":true,"valueName":"search_term_string"}}],"inLanguage":"bs-BA"},{"@type":"Organization","@id":"https:\/\/tuzlainfo.ba\/#organization","name":"TuzlaInfo.ba","url":"https:\/\/tuzlainfo.ba\/","logo":{"@type":"ImageObject","inLanguage":"bs-BA","@id":"https:\/\/tuzlainfo.ba\/#\/schema\/logo\/image\/","url":"https:\/\/tuzlainfo.ba\/wp-content\/uploads\/2021\/03\/logo-ver-3-1.png","contentUrl":"https:\/\/tuzlainfo.ba\/wp-content\/uploads\/2021\/03\/logo-ver-3-1.png","width":350,"height":95,"caption":"TuzlaInfo.ba"},"image":{"@id":"https:\/\/tuzlainfo.ba\/#\/schema\/logo\/image\/"},"sameAs":["https:\/\/www.facebook.com\/tuzlainfo.ba\/"]},{"@type":"Person","@id":"https:\/\/tuzlainfo.ba\/#\/schema\/person\/46cad4c57790cbc50781edd14870825a","name":"Tuzla Info","image":{"@type":"ImageObject","inLanguage":"bs-BA","@id":"https:\/\/tuzlainfo.ba\/#\/schema\/person\/image\/","url":"https:\/\/tuzlainfo.ba\/wp-content\/litespeed\/avatar\/b6c453a6c38e3654f2e4416c643fc25c.jpg?ver=1777051911","contentUrl":"https:\/\/tuzlainfo.ba\/wp-content\/litespeed\/avatar\/b6c453a6c38e3654f2e4416c643fc25c.jpg?ver=1777051911","caption":"Tuzla Info"}}]}},"_links":{"self":[{"href":"https:\/\/tuzlainfo.ba\/index.php\/wp-json\/wp\/v2\/posts\/179397"}],"collection":[{"href":"https:\/\/tuzlainfo.ba\/index.php\/wp-json\/wp\/v2\/posts"}],"about":[{"href":"https:\/\/tuzlainfo.ba\/index.php\/wp-json\/wp\/v2\/types\/post"}],"author":[{"embeddable":true,"href":"https:\/\/tuzlainfo.ba\/index.php\/wp-json\/wp\/v2\/users\/4"}],"replies":[{"embeddable":true,"href":"https:\/\/tuzlainfo.ba\/index.php\/wp-json\/wp\/v2\/comments?post=179397"}],"version-history":[{"count":0,"href":"https:\/\/tuzlainfo.ba\/index.php\/wp-json\/wp\/v2\/posts\/179397\/revisions"}],"wp:featuredmedia":[{"embeddable":true,"href":"https:\/\/tuzlainfo.ba\/index.php\/wp-json\/wp\/v2\/media\/143267"}],"wp:attachment":[{"href":"https:\/\/tuzlainfo.ba\/index.php\/wp-json\/wp\/v2\/media?parent=179397"}],"wp:term":[{"taxonomy":"category","embeddable":true,"href":"https:\/\/tuzlainfo.ba\/index.php\/wp-json\/wp\/v2\/categories?post=179397"},{"taxonomy":"post_tag","embeddable":true,"href":"https:\/\/tuzlainfo.ba\/index.php\/wp-json\/wp\/v2\/tags?post=179397"}],"curies":[{"name":"wp","href":"https:\/\/api.w.org\/{rel}","templated":true}]}}