{"id":178924,"date":"2022-07-20T19:33:03","date_gmt":"2022-07-20T17:33:03","guid":{"rendered":"https:\/\/tuzlainfo.ba\/?p=178924"},"modified":"2022-07-20T15:18:21","modified_gmt":"2022-07-20T13:18:21","slug":"radman-podrzavamo-napore-schmidta-kako-bi-svi-narodi-imali-svoje-legitimne-predstavnike","status":"publish","type":"post","link":"https:\/\/tuzlainfo.ba\/index.php\/clanci\/sa-svih-strana\/item\/178924-radman-podrzavamo-napore-schmidta-kako-bi-svi-narodi-imali-svoje-legitimne-predstavnike\/","title":{"rendered":"Radman: Podr\u017eavamo napore Schmidta kako bi svi narodi imali svoje legitimne predstavnike"},"content":{"rendered":"<div id=\"excerpt\" class=\"mt-5 md:mt-2 xl:mt-3 mb-5 font-sans font-semibold text-lg lg:text-xl leading-6 md:leading-7\">\n<p class=\"lead\">Ministar vanjskih poslova Hrvatske Gordan Grli\u0107 Radman podr\u017eao je u srijedu &#8220;napore&#8221; Christiana Schmidta kako bi &#8220;uklonio diskriminaciju konstitutivnih naroda&#8221; prilikom biranja \u010dlanova Predsjedni\u0161tva BiH i delegata u Doma naroda Federacije BiH.<\/p>\n<\/div>\n<div id=\"text\" class=\"break-words mt-3 prose prose-md prose-indigo text-lg lg:text-xl space-y-4 mb-3 leading-6 md:leading-7\">\n<p>Hrvatski \u0161ef diplomatije u izjavi u Bugojnu je ocijenio kako su izborne reforme sastavni dio napora za stabilizovanje stanja u BiH, naro\u010dito nakon oktobarskih izbora.<\/p>\n<p>&#8220;Podr\u017eavamo napore koje ula\u017ee visoki predstavnik kako bi upravo te reforme uklonile sve one oblike diskriminacije u izbornom procesu i kako bi mogao osigurati pravedan, legitiman izborni proces i kako bi svi narodi mogli imati svoje legitimne predstavnike kako u Predsjedni\u0161tvu, tako i u Domu naroda&#8221;, rekao je Grli\u0107 Radman novinarima.<\/p>\n<p>Ministar Radman dodao je kako Hrvatska po\u0161tuje teritorijalni integritet BiH, njenu cjelovitost, ali o\u010dekuje da se po\u0161tuje Dejtonski mirovni sporazum.<\/p>\n<p>&#8220;Tu se gra\u0111ani i narodi moraju osje\u0107ati jednakopravni&#8221;, dodao je.<\/p>\n<p>Ministar vanjskih i europskih poslova naveo je kako je po\u010detkom sedmice na sjednici Vije\u0107a za vanjske poslove EU upozorio na va\u017enost osiguranja regionalne stabilnosti na podru\u010dju Balkana, pri \u010demu je posebno istaknuo primjer BiH. Podsjetio je kako je me\u0111u 14 prioriteta za stjecanje kandidatskog statusa i izborna reforma, pi\u0161e Klix.<\/p>\n<\/div>\n","protected":false},"excerpt":{"rendered":"<p>Ministar vanjskih poslova Hrvatske Gordan Grli\u0107 Radman podr\u017eao je u srijedu &#8220;napore&#8221; Christiana Schmidta kako&hellip;<\/p>\n","protected":false},"author":4,"featured_media":142749,"comment_status":"open","ping_status":"closed","sticky":false,"template":"","format":"standard","meta":{"_acf_changed":false,"footnotes":""},"categories":[16],"tags":[2043],"acf":[],"yoast_head":"<!-- This site is optimized with the Yoast SEO plugin v23.5 - https:\/\/yoast.com\/wordpress\/plugins\/seo\/ -->\n<title>Radman: Podr\u017eavamo napore Schmidta kako bi svi narodi imali svoje legitimne predstavnike - TuzlaInfo.ba<\/title>\n<meta name=\"robots\" content=\"index, follow, max-snippet:-1, max-image-preview:large, max-video-preview:-1\" \/>\n<link rel=\"canonical\" href=\"https:\/\/tuzlainfo.ba\/index.php\/clanci\/sa-svih-strana\/item\/178924-radman-podrzavamo-napore-schmidta-kako-bi-svi-narodi-imali-svoje-legitimne-predstavnike\/\" \/>\n<meta property=\"og:locale\" content=\"bs_BA\" \/>\n<meta property=\"og:type\" content=\"article\" \/>\n<meta property=\"og:title\" content=\"Radman: Podr\u017eavamo napore Schmidta kako bi svi narodi imali svoje legitimne predstavnike - TuzlaInfo.ba\" \/>\n<meta property=\"og:description\" content=\"Ministar vanjskih poslova Hrvatske Gordan Grli\u0107 Radman podr\u017eao je u srijedu &#8220;napore&#8221; Christiana Schmidta kako&hellip;\" \/>\n<meta property=\"og:url\" content=\"https:\/\/tuzlainfo.ba\/index.php\/clanci\/sa-svih-strana\/item\/178924-radman-podrzavamo-napore-schmidta-kako-bi-svi-narodi-imali-svoje-legitimne-predstavnike\/\" \/>\n<meta property=\"og:site_name\" content=\"TuzlaInfo.ba\" \/>\n<meta property=\"article:publisher\" content=\"https:\/\/www.facebook.com\/tuzlainfo.ba\/\" \/>\n<meta property=\"article:published_time\" content=\"2022-07-20T17:33:03+00:00\" \/>\n<meta property=\"article:modified_time\" content=\"2022-07-20T13:18:21+00:00\" \/>\n<meta property=\"og:image\" content=\"https:\/\/tuzlainfo.ba\/wp-content\/uploads\/2021\/07\/2307_grlic-radman.jpg\" \/>\n\t<meta property=\"og:image:width\" content=\"864\" \/>\n\t<meta property=\"og:image:height\" content=\"486\" \/>\n\t<meta property=\"og:image:type\" content=\"image\/jpeg\" \/>\n<meta name=\"author\" content=\"Tuzla Info\" \/>\n<meta name=\"twitter:card\" content=\"summary_large_image\" \/>\n<meta name=\"twitter:label1\" content=\"Written by\" \/>\n\t<meta name=\"twitter:data1\" content=\"Tuzla Info\" \/>\n\t<meta name=\"twitter:label2\" content=\"Est. reading time\" \/>\n\t<meta name=\"twitter:data2\" content=\"1 minuta\" \/>\n<script type=\"application\/ld+json\" class=\"yoast-schema-graph\">{\"@context\":\"https:\/\/schema.org\",\"@graph\":[{\"@type\":\"Article\",\"@id\":\"https:\/\/tuzlainfo.ba\/index.php\/clanci\/sa-svih-strana\/item\/178924-radman-podrzavamo-napore-schmidta-kako-bi-svi-narodi-imali-svoje-legitimne-predstavnike\/#article\",\"isPartOf\":{\"@id\":\"https:\/\/tuzlainfo.ba\/index.php\/clanci\/sa-svih-strana\/item\/178924-radman-podrzavamo-napore-schmidta-kako-bi-svi-narodi-imali-svoje-legitimne-predstavnike\/\"},\"author\":{\"name\":\"Tuzla Info\",\"@id\":\"https:\/\/tuzlainfo.ba\/#\/schema\/person\/46cad4c57790cbc50781edd14870825a\"},\"headline\":\"Radman: Podr\u017eavamo napore Schmidta kako bi svi narodi imali svoje legitimne predstavnike\",\"datePublished\":\"2022-07-20T17:33:03+00:00\",\"dateModified\":\"2022-07-20T13:18:21+00:00\",\"mainEntityOfPage\":{\"@id\":\"https:\/\/tuzlainfo.ba\/index.php\/clanci\/sa-svih-strana\/item\/178924-radman-podrzavamo-napore-schmidta-kako-bi-svi-narodi-imali-svoje-legitimne-predstavnike\/\"},\"wordCount\":217,\"commentCount\":0,\"publisher\":{\"@id\":\"https:\/\/tuzlainfo.ba\/#organization\"},\"image\":{\"@id\":\"https:\/\/tuzlainfo.ba\/index.php\/clanci\/sa-svih-strana\/item\/178924-radman-podrzavamo-napore-schmidta-kako-bi-svi-narodi-imali-svoje-legitimne-predstavnike\/#primaryimage\"},\"thumbnailUrl\":\"https:\/\/tuzlainfo.ba\/wp-content\/uploads\/2021\/07\/2307_grlic-radman.jpg\",\"keywords\":[\"grli\u0107-radman\"],\"articleSection\":[\"Sa svih strana\"],\"inLanguage\":\"bs-BA\"},{\"@type\":\"WebPage\",\"@id\":\"https:\/\/tuzlainfo.ba\/index.php\/clanci\/sa-svih-strana\/item\/178924-radman-podrzavamo-napore-schmidta-kako-bi-svi-narodi-imali-svoje-legitimne-predstavnike\/\",\"url\":\"https:\/\/tuzlainfo.ba\/index.php\/clanci\/sa-svih-strana\/item\/178924-radman-podrzavamo-napore-schmidta-kako-bi-svi-narodi-imali-svoje-legitimne-predstavnike\/\",\"name\":\"Radman: Podr\u017eavamo napore Schmidta kako bi svi narodi imali svoje legitimne predstavnike - TuzlaInfo.ba\",\"isPartOf\":{\"@id\":\"https:\/\/tuzlainfo.ba\/#website\"},\"primaryImageOfPage\":{\"@id\":\"https:\/\/tuzlainfo.ba\/index.php\/clanci\/sa-svih-strana\/item\/178924-radman-podrzavamo-napore-schmidta-kako-bi-svi-narodi-imali-svoje-legitimne-predstavnike\/#primaryimage\"},\"image\":{\"@id\":\"https:\/\/tuzlainfo.ba\/index.php\/clanci\/sa-svih-strana\/item\/178924-radman-podrzavamo-napore-schmidta-kako-bi-svi-narodi-imali-svoje-legitimne-predstavnike\/#primaryimage\"},\"thumbnailUrl\":\"https:\/\/tuzlainfo.ba\/wp-content\/uploads\/2021\/07\/2307_grlic-radman.jpg\",\"datePublished\":\"2022-07-20T17:33:03+00:00\",\"dateModified\":\"2022-07-20T13:18:21+00:00\",\"breadcrumb\":{\"@id\":\"https:\/\/tuzlainfo.ba\/index.php\/clanci\/sa-svih-strana\/item\/178924-radman-podrzavamo-napore-schmidta-kako-bi-svi-narodi-imali-svoje-legitimne-predstavnike\/#breadcrumb\"},\"inLanguage\":\"bs-BA\",\"potentialAction\":[{\"@type\":\"ReadAction\",\"target\":[\"https:\/\/tuzlainfo.ba\/index.php\/clanci\/sa-svih-strana\/item\/178924-radman-podrzavamo-napore-schmidta-kako-bi-svi-narodi-imali-svoje-legitimne-predstavnike\/\"]}]},{\"@type\":\"ImageObject\",\"inLanguage\":\"bs-BA\",\"@id\":\"https:\/\/tuzlainfo.ba\/index.php\/clanci\/sa-svih-strana\/item\/178924-radman-podrzavamo-napore-schmidta-kako-bi-svi-narodi-imali-svoje-legitimne-predstavnike\/#primaryimage\",\"url\":\"https:\/\/tuzlainfo.ba\/wp-content\/uploads\/2021\/07\/2307_grlic-radman.jpg\",\"contentUrl\":\"https:\/\/tuzlainfo.ba\/wp-content\/uploads\/2021\/07\/2307_grlic-radman.jpg\",\"width\":864,\"height\":486},{\"@type\":\"BreadcrumbList\",\"@id\":\"https:\/\/tuzlainfo.ba\/index.php\/clanci\/sa-svih-strana\/item\/178924-radman-podrzavamo-napore-schmidta-kako-bi-svi-narodi-imali-svoje-legitimne-predstavnike\/#breadcrumb\",\"itemListElement\":[{\"@type\":\"ListItem\",\"position\":1,\"name\":\"Home\",\"item\":\"https:\/\/tuzlainfo.ba\/\"},{\"@type\":\"ListItem\",\"position\":2,\"name\":\"Radman: Podr\u017eavamo napore Schmidta kako bi svi narodi imali svoje legitimne predstavnike\"}]},{\"@type\":\"WebSite\",\"@id\":\"https:\/\/tuzlainfo.ba\/#website\",\"url\":\"https:\/\/tuzlainfo.ba\/\",\"name\":\"TuzlaInfo.ba\",\"description\":\"Tuzla info, gradski informator - Tuzla na dlanu\",\"publisher\":{\"@id\":\"https:\/\/tuzlainfo.ba\/#organization\"},\"potentialAction\":[{\"@type\":\"SearchAction\",\"target\":{\"@type\":\"EntryPoint\",\"urlTemplate\":\"https:\/\/tuzlainfo.ba\/?s={search_term_string}\"},\"query-input\":{\"@type\":\"PropertyValueSpecification\",\"valueRequired\":true,\"valueName\":\"search_term_string\"}}],\"inLanguage\":\"bs-BA\"},{\"@type\":\"Organization\",\"@id\":\"https:\/\/tuzlainfo.ba\/#organization\",\"name\":\"TuzlaInfo.ba\",\"url\":\"https:\/\/tuzlainfo.ba\/\",\"logo\":{\"@type\":\"ImageObject\",\"inLanguage\":\"bs-BA\",\"@id\":\"https:\/\/tuzlainfo.ba\/#\/schema\/logo\/image\/\",\"url\":\"https:\/\/tuzlainfo.ba\/wp-content\/uploads\/2021\/03\/logo-ver-3-1.png\",\"contentUrl\":\"https:\/\/tuzlainfo.ba\/wp-content\/uploads\/2021\/03\/logo-ver-3-1.png\",\"width\":350,\"height\":95,\"caption\":\"TuzlaInfo.ba\"},\"image\":{\"@id\":\"https:\/\/tuzlainfo.ba\/#\/schema\/logo\/image\/\"},\"sameAs\":[\"https:\/\/www.facebook.com\/tuzlainfo.ba\/\"]},{\"@type\":\"Person\",\"@id\":\"https:\/\/tuzlainfo.ba\/#\/schema\/person\/46cad4c57790cbc50781edd14870825a\",\"name\":\"Tuzla Info\",\"image\":{\"@type\":\"ImageObject\",\"inLanguage\":\"bs-BA\",\"@id\":\"https:\/\/tuzlainfo.ba\/#\/schema\/person\/image\/\",\"url\":\"https:\/\/tuzlainfo.ba\/wp-content\/litespeed\/avatar\/b6c453a6c38e3654f2e4416c643fc25c.jpg?ver=1777051911\",\"contentUrl\":\"https:\/\/tuzlainfo.ba\/wp-content\/litespeed\/avatar\/b6c453a6c38e3654f2e4416c643fc25c.jpg?ver=1777051911\",\"caption\":\"Tuzla Info\"}}]}<\/script>\n<!-- \/ Yoast SEO plugin. -->","yoast_head_json":{"title":"Radman: Podr\u017eavamo napore Schmidta kako bi svi narodi imali svoje legitimne predstavnike - TuzlaInfo.ba","robots":{"index":"index","follow":"follow","max-snippet":"max-snippet:-1","max-image-preview":"max-image-preview:large","max-video-preview":"max-video-preview:-1"},"canonical":"https:\/\/tuzlainfo.ba\/index.php\/clanci\/sa-svih-strana\/item\/178924-radman-podrzavamo-napore-schmidta-kako-bi-svi-narodi-imali-svoje-legitimne-predstavnike\/","og_locale":"bs_BA","og_type":"article","og_title":"Radman: Podr\u017eavamo napore Schmidta kako bi svi narodi imali svoje legitimne predstavnike - TuzlaInfo.ba","og_description":"Ministar vanjskih poslova Hrvatske Gordan Grli\u0107 Radman podr\u017eao je u srijedu &#8220;napore&#8221; Christiana Schmidta kako&hellip;","og_url":"https:\/\/tuzlainfo.ba\/index.php\/clanci\/sa-svih-strana\/item\/178924-radman-podrzavamo-napore-schmidta-kako-bi-svi-narodi-imali-svoje-legitimne-predstavnike\/","og_site_name":"TuzlaInfo.ba","article_publisher":"https:\/\/www.facebook.com\/tuzlainfo.ba\/","article_published_time":"2022-07-20T17:33:03+00:00","article_modified_time":"2022-07-20T13:18:21+00:00","og_image":[{"width":864,"height":486,"url":"https:\/\/tuzlainfo.ba\/wp-content\/uploads\/2021\/07\/2307_grlic-radman.jpg","type":"image\/jpeg"}],"author":"Tuzla Info","twitter_card":"summary_large_image","twitter_misc":{"Written by":"Tuzla Info","Est. reading time":"1 minuta"},"schema":{"@context":"https:\/\/schema.org","@graph":[{"@type":"Article","@id":"https:\/\/tuzlainfo.ba\/index.php\/clanci\/sa-svih-strana\/item\/178924-radman-podrzavamo-napore-schmidta-kako-bi-svi-narodi-imali-svoje-legitimne-predstavnike\/#article","isPartOf":{"@id":"https:\/\/tuzlainfo.ba\/index.php\/clanci\/sa-svih-strana\/item\/178924-radman-podrzavamo-napore-schmidta-kako-bi-svi-narodi-imali-svoje-legitimne-predstavnike\/"},"author":{"name":"Tuzla Info","@id":"https:\/\/tuzlainfo.ba\/#\/schema\/person\/46cad4c57790cbc50781edd14870825a"},"headline":"Radman: Podr\u017eavamo napore Schmidta kako bi svi narodi imali svoje legitimne predstavnike","datePublished":"2022-07-20T17:33:03+00:00","dateModified":"2022-07-20T13:18:21+00:00","mainEntityOfPage":{"@id":"https:\/\/tuzlainfo.ba\/index.php\/clanci\/sa-svih-strana\/item\/178924-radman-podrzavamo-napore-schmidta-kako-bi-svi-narodi-imali-svoje-legitimne-predstavnike\/"},"wordCount":217,"commentCount":0,"publisher":{"@id":"https:\/\/tuzlainfo.ba\/#organization"},"image":{"@id":"https:\/\/tuzlainfo.ba\/index.php\/clanci\/sa-svih-strana\/item\/178924-radman-podrzavamo-napore-schmidta-kako-bi-svi-narodi-imali-svoje-legitimne-predstavnike\/#primaryimage"},"thumbnailUrl":"https:\/\/tuzlainfo.ba\/wp-content\/uploads\/2021\/07\/2307_grlic-radman.jpg","keywords":["grli\u0107-radman"],"articleSection":["Sa svih strana"],"inLanguage":"bs-BA"},{"@type":"WebPage","@id":"https:\/\/tuzlainfo.ba\/index.php\/clanci\/sa-svih-strana\/item\/178924-radman-podrzavamo-napore-schmidta-kako-bi-svi-narodi-imali-svoje-legitimne-predstavnike\/","url":"https:\/\/tuzlainfo.ba\/index.php\/clanci\/sa-svih-strana\/item\/178924-radman-podrzavamo-napore-schmidta-kako-bi-svi-narodi-imali-svoje-legitimne-predstavnike\/","name":"Radman: Podr\u017eavamo napore Schmidta kako bi svi narodi imali svoje legitimne predstavnike - TuzlaInfo.ba","isPartOf":{"@id":"https:\/\/tuzlainfo.ba\/#website"},"primaryImageOfPage":{"@id":"https:\/\/tuzlainfo.ba\/index.php\/clanci\/sa-svih-strana\/item\/178924-radman-podrzavamo-napore-schmidta-kako-bi-svi-narodi-imali-svoje-legitimne-predstavnike\/#primaryimage"},"image":{"@id":"https:\/\/tuzlainfo.ba\/index.php\/clanci\/sa-svih-strana\/item\/178924-radman-podrzavamo-napore-schmidta-kako-bi-svi-narodi-imali-svoje-legitimne-predstavnike\/#primaryimage"},"thumbnailUrl":"https:\/\/tuzlainfo.ba\/wp-content\/uploads\/2021\/07\/2307_grlic-radman.jpg","datePublished":"2022-07-20T17:33:03+00:00","dateModified":"2022-07-20T13:18:21+00:00","breadcrumb":{"@id":"https:\/\/tuzlainfo.ba\/index.php\/clanci\/sa-svih-strana\/item\/178924-radman-podrzavamo-napore-schmidta-kako-bi-svi-narodi-imali-svoje-legitimne-predstavnike\/#breadcrumb"},"inLanguage":"bs-BA","potentialAction":[{"@type":"ReadAction","target":["https:\/\/tuzlainfo.ba\/index.php\/clanci\/sa-svih-strana\/item\/178924-radman-podrzavamo-napore-schmidta-kako-bi-svi-narodi-imali-svoje-legitimne-predstavnike\/"]}]},{"@type":"ImageObject","inLanguage":"bs-BA","@id":"https:\/\/tuzlainfo.ba\/index.php\/clanci\/sa-svih-strana\/item\/178924-radman-podrzavamo-napore-schmidta-kako-bi-svi-narodi-imali-svoje-legitimne-predstavnike\/#primaryimage","url":"https:\/\/tuzlainfo.ba\/wp-content\/uploads\/2021\/07\/2307_grlic-radman.jpg","contentUrl":"https:\/\/tuzlainfo.ba\/wp-content\/uploads\/2021\/07\/2307_grlic-radman.jpg","width":864,"height":486},{"@type":"BreadcrumbList","@id":"https:\/\/tuzlainfo.ba\/index.php\/clanci\/sa-svih-strana\/item\/178924-radman-podrzavamo-napore-schmidta-kako-bi-svi-narodi-imali-svoje-legitimne-predstavnike\/#breadcrumb","itemListElement":[{"@type":"ListItem","position":1,"name":"Home","item":"https:\/\/tuzlainfo.ba\/"},{"@type":"ListItem","position":2,"name":"Radman: Podr\u017eavamo napore Schmidta kako bi svi narodi imali svoje legitimne predstavnike"}]},{"@type":"WebSite","@id":"https:\/\/tuzlainfo.ba\/#website","url":"https:\/\/tuzlainfo.ba\/","name":"TuzlaInfo.ba","description":"Tuzla info, gradski informator - Tuzla na dlanu","publisher":{"@id":"https:\/\/tuzlainfo.ba\/#organization"},"potentialAction":[{"@type":"SearchAction","target":{"@type":"EntryPoint","urlTemplate":"https:\/\/tuzlainfo.ba\/?s={search_term_string}"},"query-input":{"@type":"PropertyValueSpecification","valueRequired":true,"valueName":"search_term_string"}}],"inLanguage":"bs-BA"},{"@type":"Organization","@id":"https:\/\/tuzlainfo.ba\/#organization","name":"TuzlaInfo.ba","url":"https:\/\/tuzlainfo.ba\/","logo":{"@type":"ImageObject","inLanguage":"bs-BA","@id":"https:\/\/tuzlainfo.ba\/#\/schema\/logo\/image\/","url":"https:\/\/tuzlainfo.ba\/wp-content\/uploads\/2021\/03\/logo-ver-3-1.png","contentUrl":"https:\/\/tuzlainfo.ba\/wp-content\/uploads\/2021\/03\/logo-ver-3-1.png","width":350,"height":95,"caption":"TuzlaInfo.ba"},"image":{"@id":"https:\/\/tuzlainfo.ba\/#\/schema\/logo\/image\/"},"sameAs":["https:\/\/www.facebook.com\/tuzlainfo.ba\/"]},{"@type":"Person","@id":"https:\/\/tuzlainfo.ba\/#\/schema\/person\/46cad4c57790cbc50781edd14870825a","name":"Tuzla Info","image":{"@type":"ImageObject","inLanguage":"bs-BA","@id":"https:\/\/tuzlainfo.ba\/#\/schema\/person\/image\/","url":"https:\/\/tuzlainfo.ba\/wp-content\/litespeed\/avatar\/b6c453a6c38e3654f2e4416c643fc25c.jpg?ver=1777051911","contentUrl":"https:\/\/tuzlainfo.ba\/wp-content\/litespeed\/avatar\/b6c453a6c38e3654f2e4416c643fc25c.jpg?ver=1777051911","caption":"Tuzla Info"}}]}},"_links":{"self":[{"href":"https:\/\/tuzlainfo.ba\/index.php\/wp-json\/wp\/v2\/posts\/178924"}],"collection":[{"href":"https:\/\/tuzlainfo.ba\/index.php\/wp-json\/wp\/v2\/posts"}],"about":[{"href":"https:\/\/tuzlainfo.ba\/index.php\/wp-json\/wp\/v2\/types\/post"}],"author":[{"embeddable":true,"href":"https:\/\/tuzlainfo.ba\/index.php\/wp-json\/wp\/v2\/users\/4"}],"replies":[{"embeddable":true,"href":"https:\/\/tuzlainfo.ba\/index.php\/wp-json\/wp\/v2\/comments?post=178924"}],"version-history":[{"count":0,"href":"https:\/\/tuzlainfo.ba\/index.php\/wp-json\/wp\/v2\/posts\/178924\/revisions"}],"wp:featuredmedia":[{"embeddable":true,"href":"https:\/\/tuzlainfo.ba\/index.php\/wp-json\/wp\/v2\/media\/142749"}],"wp:attachment":[{"href":"https:\/\/tuzlainfo.ba\/index.php\/wp-json\/wp\/v2\/media?parent=178924"}],"wp:term":[{"taxonomy":"category","embeddable":true,"href":"https:\/\/tuzlainfo.ba\/index.php\/wp-json\/wp\/v2\/categories?post=178924"},{"taxonomy":"post_tag","embeddable":true,"href":"https:\/\/tuzlainfo.ba\/index.php\/wp-json\/wp\/v2\/tags?post=178924"}],"curies":[{"name":"wp","href":"https:\/\/api.w.org\/{rel}","templated":true}]}}