{"id":178381,"date":"2022-07-14T22:13:34","date_gmt":"2022-07-14T20:13:34","guid":{"rendered":"https:\/\/tuzlainfo.ba\/?p=178381"},"modified":"2022-07-14T22:13:34","modified_gmt":"2022-07-14T20:13:34","slug":"dodikov-savjetnik-negirao-genocid-tuzilastvo-bih-obustavilo-istragu-protiv-njega","status":"publish","type":"post","link":"https:\/\/tuzlainfo.ba\/index.php\/bosna-i-hercegovina\/item\/178381-dodikov-savjetnik-negirao-genocid-tuzilastvo-bih-obustavilo-istragu-protiv-njega\/","title":{"rendered":"Dodikov savjetnik negirao genocid, Tu\u017eila\u0161tvo BiH obustavilo istragu protiv njega"},"content":{"rendered":"<p>Obustavljena je istraga na osnovu krivi\u010dne prijave za negiranje genocida u Srebrenici protiv Radovana Kova\u010devi\u0107a, savjetnika \u010dlana Predsjedni\u0161tva Bosne i Hercegovine Milorada Dodika.<\/p>\n<p>To je za Radio Slobodna Evropa (RSE) potvr\u0111eno u Tu\u017eila\u0161tvu BiH u \u010detvrtak, 14. jula. Kova\u010devi\u0107 je i portparol Saveza nezavisnih socijaldemokrata (SNSD), vladaju\u0107e stranke u entitetu Republika Srpska (RS).<\/p>\n<p>\u201cPostupaju\u0107i tu\u017eilac u predmetu je nakon sagledavanja svih \u010dinjenica, kao i saslu\u0161anja prijavljene osobe, donio naredbu o neprovo\u0111enju istrage koja je detaljno obrazlo\u017eena,&#8221;navodi se u odgovoru Tu\u017eila\u0161tva BiH na upit RSE.<\/p>\n<p>&#8220;Podnosilac prijave obavije\u0161ten je o odluci i u slu\u010daju da nije zadovoljan, ima mogu\u0107nost pritu\u017ebe na odluku u zakonskom roku od osam dana\u201d, ka\u017eu iz Tu\u017eila\u0161tva BiH.<\/p>\n<p>Krivi\u010dnu prijavu protiv Kova\u010devi\u0107a podnio je u septembru pro\u0161le godine tada glavni inspektor Federalne uprave policije Ibro Be\u0161lija iz Sarajeva.<\/p>\n<p>U krivi\u010dnoj Be\u0161lija je naveo da je Kova\u010devi\u0107, gostuju\u0107i na javnom medijskom servisu Federalnoj televiziji (FTV), 6. septembra negirao genocid u Srebrenici.<\/p>\n<p>\u201cU potpunosti uva\u017eavam i najiskrenije \u017ealim za svim \u017ertvama zlo\u010dina koji se dogodio u Srebrenici jer ni na koji na\u010din se ne mo\u017ee porediti sa zlo\u010dinima genocida kakav se dogodio nad srpskim narodom u Nezavisnoj dr\u017eavi Hrvatskoj, kakav se dogodio u Jadovnu i na mnogim drugim strati\u0161tima, ne mo\u017ee se porediti sa zlo\u010dinom genocida, odnosno holokausta, nad jevrejskim narodom, niti genocidom koju su Turci, koji je Turska sprovela nad Armenima\u201d, naveo je tada Kova\u010devi\u0107 gostuju\u0107i u jednoj od emisija na FTV.<\/p>\n<p>Prijava protiv Kova\u010devi\u0107a podnesena je na osnovu izmjena Krivi\u010dnog zakona BiH koje je\u00a0<strong>nametnuo biv\u0161i visoki predstavnik u BiH Valentin Inzko<\/strong>, polovinom pro\u0161le godine kako bi zabranio negiranje genocida i veli\u010danje ratnih zlo\u010dinaca, pi\u0161e RSE.<\/p>\n","protected":false},"excerpt":{"rendered":"<p>Obustavljena je istraga na osnovu krivi\u010dne prijave za negiranje genocida u Srebrenici protiv Radovana Kova\u010devi\u0107a,&hellip;<\/p>\n","protected":false},"author":2,"featured_media":142505,"comment_status":"open","ping_status":"closed","sticky":false,"template":"","format":"standard","meta":{"_acf_changed":false,"footnotes":""},"categories":[291],"tags":[1988,2569],"acf":[],"yoast_head":"<!-- This site is optimized with the Yoast SEO plugin v23.5 - https:\/\/yoast.com\/wordpress\/plugins\/seo\/ -->\n<title>Dodikov savjetnik negirao genocid, Tu\u017eila\u0161tvo BiH obustavilo istragu protiv njega - TuzlaInfo.ba<\/title>\n<meta name=\"robots\" content=\"index, follow, max-snippet:-1, max-image-preview:large, max-video-preview:-1\" \/>\n<link rel=\"canonical\" href=\"https:\/\/tuzlainfo.ba\/index.php\/bosna-i-hercegovina\/item\/178381-dodikov-savjetnik-negirao-genocid-tuzilastvo-bih-obustavilo-istragu-protiv-njega\/\" \/>\n<meta property=\"og:locale\" content=\"bs_BA\" \/>\n<meta property=\"og:type\" content=\"article\" \/>\n<meta property=\"og:title\" content=\"Dodikov savjetnik negirao genocid, Tu\u017eila\u0161tvo BiH obustavilo istragu protiv njega - TuzlaInfo.ba\" \/>\n<meta property=\"og:description\" content=\"Obustavljena je istraga na osnovu krivi\u010dne prijave za negiranje genocida u Srebrenici protiv Radovana Kova\u010devi\u0107a,&hellip;\" \/>\n<meta property=\"og:url\" content=\"https:\/\/tuzlainfo.ba\/index.php\/bosna-i-hercegovina\/item\/178381-dodikov-savjetnik-negirao-genocid-tuzilastvo-bih-obustavilo-istragu-protiv-njega\/\" \/>\n<meta property=\"og:site_name\" content=\"TuzlaInfo.ba\" \/>\n<meta property=\"article:publisher\" content=\"https:\/\/www.facebook.com\/tuzlainfo.ba\/\" \/>\n<meta property=\"article:published_time\" content=\"2022-07-14T20:13:34+00:00\" \/>\n<meta property=\"og:image\" content=\"https:\/\/tuzlainfo.ba\/wp-content\/uploads\/2021\/07\/2107radovankovacevic.jpg\" \/>\n\t<meta property=\"og:image:width\" content=\"850\" \/>\n\t<meta property=\"og:image:height\" content=\"567\" \/>\n\t<meta property=\"og:image:type\" content=\"image\/jpeg\" \/>\n<meta name=\"author\" content=\"nedim\" \/>\n<meta name=\"twitter:card\" content=\"summary_large_image\" \/>\n<meta name=\"twitter:label1\" content=\"Written by\" \/>\n\t<meta name=\"twitter:data1\" content=\"nedim\" \/>\n\t<meta name=\"twitter:label2\" content=\"Est. reading time\" \/>\n\t<meta name=\"twitter:data2\" content=\"2 minute\" \/>\n<script type=\"application\/ld+json\" class=\"yoast-schema-graph\">{\"@context\":\"https:\/\/schema.org\",\"@graph\":[{\"@type\":\"Article\",\"@id\":\"https:\/\/tuzlainfo.ba\/index.php\/bosna-i-hercegovina\/item\/178381-dodikov-savjetnik-negirao-genocid-tuzilastvo-bih-obustavilo-istragu-protiv-njega\/#article\",\"isPartOf\":{\"@id\":\"https:\/\/tuzlainfo.ba\/index.php\/bosna-i-hercegovina\/item\/178381-dodikov-savjetnik-negirao-genocid-tuzilastvo-bih-obustavilo-istragu-protiv-njega\/\"},\"author\":{\"name\":\"nedim\",\"@id\":\"https:\/\/tuzlainfo.ba\/#\/schema\/person\/f434e20dc27ea133923aab08451b7f7f\"},\"headline\":\"Dodikov savjetnik negirao genocid, Tu\u017eila\u0161tvo BiH obustavilo istragu protiv njega\",\"datePublished\":\"2022-07-14T20:13:34+00:00\",\"dateModified\":\"2022-07-14T20:13:34+00:00\",\"mainEntityOfPage\":{\"@id\":\"https:\/\/tuzlainfo.ba\/index.php\/bosna-i-hercegovina\/item\/178381-dodikov-savjetnik-negirao-genocid-tuzilastvo-bih-obustavilo-istragu-protiv-njega\/\"},\"wordCount\":331,\"commentCount\":0,\"publisher\":{\"@id\":\"https:\/\/tuzlainfo.ba\/#organization\"},\"image\":{\"@id\":\"https:\/\/tuzlainfo.ba\/index.php\/bosna-i-hercegovina\/item\/178381-dodikov-savjetnik-negirao-genocid-tuzilastvo-bih-obustavilo-istragu-protiv-njega\/#primaryimage\"},\"thumbnailUrl\":\"https:\/\/tuzlainfo.ba\/wp-content\/uploads\/2021\/07\/2107radovankovacevic.jpg\",\"keywords\":[\"negiranje genocida\",\"radovan kova\u010devi\u0107\"],\"articleSection\":[\"Bosna i Hercegovina\"],\"inLanguage\":\"bs-BA\"},{\"@type\":\"WebPage\",\"@id\":\"https:\/\/tuzlainfo.ba\/index.php\/bosna-i-hercegovina\/item\/178381-dodikov-savjetnik-negirao-genocid-tuzilastvo-bih-obustavilo-istragu-protiv-njega\/\",\"url\":\"https:\/\/tuzlainfo.ba\/index.php\/bosna-i-hercegovina\/item\/178381-dodikov-savjetnik-negirao-genocid-tuzilastvo-bih-obustavilo-istragu-protiv-njega\/\",\"name\":\"Dodikov savjetnik negirao genocid, Tu\u017eila\u0161tvo BiH obustavilo istragu protiv njega - TuzlaInfo.ba\",\"isPartOf\":{\"@id\":\"https:\/\/tuzlainfo.ba\/#website\"},\"primaryImageOfPage\":{\"@id\":\"https:\/\/tuzlainfo.ba\/index.php\/bosna-i-hercegovina\/item\/178381-dodikov-savjetnik-negirao-genocid-tuzilastvo-bih-obustavilo-istragu-protiv-njega\/#primaryimage\"},\"image\":{\"@id\":\"https:\/\/tuzlainfo.ba\/index.php\/bosna-i-hercegovina\/item\/178381-dodikov-savjetnik-negirao-genocid-tuzilastvo-bih-obustavilo-istragu-protiv-njega\/#primaryimage\"},\"thumbnailUrl\":\"https:\/\/tuzlainfo.ba\/wp-content\/uploads\/2021\/07\/2107radovankovacevic.jpg\",\"datePublished\":\"2022-07-14T20:13:34+00:00\",\"dateModified\":\"2022-07-14T20:13:34+00:00\",\"breadcrumb\":{\"@id\":\"https:\/\/tuzlainfo.ba\/index.php\/bosna-i-hercegovina\/item\/178381-dodikov-savjetnik-negirao-genocid-tuzilastvo-bih-obustavilo-istragu-protiv-njega\/#breadcrumb\"},\"inLanguage\":\"bs-BA\",\"potentialAction\":[{\"@type\":\"ReadAction\",\"target\":[\"https:\/\/tuzlainfo.ba\/index.php\/bosna-i-hercegovina\/item\/178381-dodikov-savjetnik-negirao-genocid-tuzilastvo-bih-obustavilo-istragu-protiv-njega\/\"]}]},{\"@type\":\"ImageObject\",\"inLanguage\":\"bs-BA\",\"@id\":\"https:\/\/tuzlainfo.ba\/index.php\/bosna-i-hercegovina\/item\/178381-dodikov-savjetnik-negirao-genocid-tuzilastvo-bih-obustavilo-istragu-protiv-njega\/#primaryimage\",\"url\":\"https:\/\/tuzlainfo.ba\/wp-content\/uploads\/2021\/07\/2107radovankovacevic.jpg\",\"contentUrl\":\"https:\/\/tuzlainfo.ba\/wp-content\/uploads\/2021\/07\/2107radovankovacevic.jpg\",\"width\":850,\"height\":567},{\"@type\":\"BreadcrumbList\",\"@id\":\"https:\/\/tuzlainfo.ba\/index.php\/bosna-i-hercegovina\/item\/178381-dodikov-savjetnik-negirao-genocid-tuzilastvo-bih-obustavilo-istragu-protiv-njega\/#breadcrumb\",\"itemListElement\":[{\"@type\":\"ListItem\",\"position\":1,\"name\":\"Home\",\"item\":\"https:\/\/tuzlainfo.ba\/\"},{\"@type\":\"ListItem\",\"position\":2,\"name\":\"Dodikov savjetnik negirao genocid, Tu\u017eila\u0161tvo BiH obustavilo istragu protiv njega\"}]},{\"@type\":\"WebSite\",\"@id\":\"https:\/\/tuzlainfo.ba\/#website\",\"url\":\"https:\/\/tuzlainfo.ba\/\",\"name\":\"TuzlaInfo.ba\",\"description\":\"Tuzla info, gradski informator - Tuzla na dlanu\",\"publisher\":{\"@id\":\"https:\/\/tuzlainfo.ba\/#organization\"},\"potentialAction\":[{\"@type\":\"SearchAction\",\"target\":{\"@type\":\"EntryPoint\",\"urlTemplate\":\"https:\/\/tuzlainfo.ba\/?s={search_term_string}\"},\"query-input\":{\"@type\":\"PropertyValueSpecification\",\"valueRequired\":true,\"valueName\":\"search_term_string\"}}],\"inLanguage\":\"bs-BA\"},{\"@type\":\"Organization\",\"@id\":\"https:\/\/tuzlainfo.ba\/#organization\",\"name\":\"TuzlaInfo.ba\",\"url\":\"https:\/\/tuzlainfo.ba\/\",\"logo\":{\"@type\":\"ImageObject\",\"inLanguage\":\"bs-BA\",\"@id\":\"https:\/\/tuzlainfo.ba\/#\/schema\/logo\/image\/\",\"url\":\"https:\/\/tuzlainfo.ba\/wp-content\/uploads\/2021\/03\/logo-ver-3-1.png\",\"contentUrl\":\"https:\/\/tuzlainfo.ba\/wp-content\/uploads\/2021\/03\/logo-ver-3-1.png\",\"width\":350,\"height\":95,\"caption\":\"TuzlaInfo.ba\"},\"image\":{\"@id\":\"https:\/\/tuzlainfo.ba\/#\/schema\/logo\/image\/\"},\"sameAs\":[\"https:\/\/www.facebook.com\/tuzlainfo.ba\/\"]},{\"@type\":\"Person\",\"@id\":\"https:\/\/tuzlainfo.ba\/#\/schema\/person\/f434e20dc27ea133923aab08451b7f7f\",\"name\":\"nedim\",\"image\":{\"@type\":\"ImageObject\",\"inLanguage\":\"bs-BA\",\"@id\":\"https:\/\/tuzlainfo.ba\/#\/schema\/person\/image\/\",\"url\":\"https:\/\/tuzlainfo.ba\/wp-content\/litespeed\/avatar\/aabad687af24844af817603ac1cbdc4f.jpg?ver=1777306975\",\"contentUrl\":\"https:\/\/tuzlainfo.ba\/wp-content\/litespeed\/avatar\/aabad687af24844af817603ac1cbdc4f.jpg?ver=1777306975\",\"caption\":\"nedim\"},\"description\":\"Tuzlainfo.ba pratite na dru\u0161tvenim mre\u017eama: Facebook, Instagram i Youtube. Svoje pri\u010de, upite i fotografije \u0161aljite na na\u0161u e-mail adresu.\"}]}<\/script>\n<!-- \/ Yoast SEO plugin. -->","yoast_head_json":{"title":"Dodikov savjetnik negirao genocid, Tu\u017eila\u0161tvo BiH obustavilo istragu protiv njega - TuzlaInfo.ba","robots":{"index":"index","follow":"follow","max-snippet":"max-snippet:-1","max-image-preview":"max-image-preview:large","max-video-preview":"max-video-preview:-1"},"canonical":"https:\/\/tuzlainfo.ba\/index.php\/bosna-i-hercegovina\/item\/178381-dodikov-savjetnik-negirao-genocid-tuzilastvo-bih-obustavilo-istragu-protiv-njega\/","og_locale":"bs_BA","og_type":"article","og_title":"Dodikov savjetnik negirao genocid, Tu\u017eila\u0161tvo BiH obustavilo istragu protiv njega - TuzlaInfo.ba","og_description":"Obustavljena je istraga na osnovu krivi\u010dne prijave za negiranje genocida u Srebrenici protiv Radovana Kova\u010devi\u0107a,&hellip;","og_url":"https:\/\/tuzlainfo.ba\/index.php\/bosna-i-hercegovina\/item\/178381-dodikov-savjetnik-negirao-genocid-tuzilastvo-bih-obustavilo-istragu-protiv-njega\/","og_site_name":"TuzlaInfo.ba","article_publisher":"https:\/\/www.facebook.com\/tuzlainfo.ba\/","article_published_time":"2022-07-14T20:13:34+00:00","og_image":[{"width":850,"height":567,"url":"https:\/\/tuzlainfo.ba\/wp-content\/uploads\/2021\/07\/2107radovankovacevic.jpg","type":"image\/jpeg"}],"author":"nedim","twitter_card":"summary_large_image","twitter_misc":{"Written by":"nedim","Est. reading time":"2 minute"},"schema":{"@context":"https:\/\/schema.org","@graph":[{"@type":"Article","@id":"https:\/\/tuzlainfo.ba\/index.php\/bosna-i-hercegovina\/item\/178381-dodikov-savjetnik-negirao-genocid-tuzilastvo-bih-obustavilo-istragu-protiv-njega\/#article","isPartOf":{"@id":"https:\/\/tuzlainfo.ba\/index.php\/bosna-i-hercegovina\/item\/178381-dodikov-savjetnik-negirao-genocid-tuzilastvo-bih-obustavilo-istragu-protiv-njega\/"},"author":{"name":"nedim","@id":"https:\/\/tuzlainfo.ba\/#\/schema\/person\/f434e20dc27ea133923aab08451b7f7f"},"headline":"Dodikov savjetnik negirao genocid, Tu\u017eila\u0161tvo BiH obustavilo istragu protiv njega","datePublished":"2022-07-14T20:13:34+00:00","dateModified":"2022-07-14T20:13:34+00:00","mainEntityOfPage":{"@id":"https:\/\/tuzlainfo.ba\/index.php\/bosna-i-hercegovina\/item\/178381-dodikov-savjetnik-negirao-genocid-tuzilastvo-bih-obustavilo-istragu-protiv-njega\/"},"wordCount":331,"commentCount":0,"publisher":{"@id":"https:\/\/tuzlainfo.ba\/#organization"},"image":{"@id":"https:\/\/tuzlainfo.ba\/index.php\/bosna-i-hercegovina\/item\/178381-dodikov-savjetnik-negirao-genocid-tuzilastvo-bih-obustavilo-istragu-protiv-njega\/#primaryimage"},"thumbnailUrl":"https:\/\/tuzlainfo.ba\/wp-content\/uploads\/2021\/07\/2107radovankovacevic.jpg","keywords":["negiranje genocida","radovan kova\u010devi\u0107"],"articleSection":["Bosna i Hercegovina"],"inLanguage":"bs-BA"},{"@type":"WebPage","@id":"https:\/\/tuzlainfo.ba\/index.php\/bosna-i-hercegovina\/item\/178381-dodikov-savjetnik-negirao-genocid-tuzilastvo-bih-obustavilo-istragu-protiv-njega\/","url":"https:\/\/tuzlainfo.ba\/index.php\/bosna-i-hercegovina\/item\/178381-dodikov-savjetnik-negirao-genocid-tuzilastvo-bih-obustavilo-istragu-protiv-njega\/","name":"Dodikov savjetnik negirao genocid, Tu\u017eila\u0161tvo BiH obustavilo istragu protiv njega - TuzlaInfo.ba","isPartOf":{"@id":"https:\/\/tuzlainfo.ba\/#website"},"primaryImageOfPage":{"@id":"https:\/\/tuzlainfo.ba\/index.php\/bosna-i-hercegovina\/item\/178381-dodikov-savjetnik-negirao-genocid-tuzilastvo-bih-obustavilo-istragu-protiv-njega\/#primaryimage"},"image":{"@id":"https:\/\/tuzlainfo.ba\/index.php\/bosna-i-hercegovina\/item\/178381-dodikov-savjetnik-negirao-genocid-tuzilastvo-bih-obustavilo-istragu-protiv-njega\/#primaryimage"},"thumbnailUrl":"https:\/\/tuzlainfo.ba\/wp-content\/uploads\/2021\/07\/2107radovankovacevic.jpg","datePublished":"2022-07-14T20:13:34+00:00","dateModified":"2022-07-14T20:13:34+00:00","breadcrumb":{"@id":"https:\/\/tuzlainfo.ba\/index.php\/bosna-i-hercegovina\/item\/178381-dodikov-savjetnik-negirao-genocid-tuzilastvo-bih-obustavilo-istragu-protiv-njega\/#breadcrumb"},"inLanguage":"bs-BA","potentialAction":[{"@type":"ReadAction","target":["https:\/\/tuzlainfo.ba\/index.php\/bosna-i-hercegovina\/item\/178381-dodikov-savjetnik-negirao-genocid-tuzilastvo-bih-obustavilo-istragu-protiv-njega\/"]}]},{"@type":"ImageObject","inLanguage":"bs-BA","@id":"https:\/\/tuzlainfo.ba\/index.php\/bosna-i-hercegovina\/item\/178381-dodikov-savjetnik-negirao-genocid-tuzilastvo-bih-obustavilo-istragu-protiv-njega\/#primaryimage","url":"https:\/\/tuzlainfo.ba\/wp-content\/uploads\/2021\/07\/2107radovankovacevic.jpg","contentUrl":"https:\/\/tuzlainfo.ba\/wp-content\/uploads\/2021\/07\/2107radovankovacevic.jpg","width":850,"height":567},{"@type":"BreadcrumbList","@id":"https:\/\/tuzlainfo.ba\/index.php\/bosna-i-hercegovina\/item\/178381-dodikov-savjetnik-negirao-genocid-tuzilastvo-bih-obustavilo-istragu-protiv-njega\/#breadcrumb","itemListElement":[{"@type":"ListItem","position":1,"name":"Home","item":"https:\/\/tuzlainfo.ba\/"},{"@type":"ListItem","position":2,"name":"Dodikov savjetnik negirao genocid, Tu\u017eila\u0161tvo BiH obustavilo istragu protiv njega"}]},{"@type":"WebSite","@id":"https:\/\/tuzlainfo.ba\/#website","url":"https:\/\/tuzlainfo.ba\/","name":"TuzlaInfo.ba","description":"Tuzla info, gradski informator - Tuzla na dlanu","publisher":{"@id":"https:\/\/tuzlainfo.ba\/#organization"},"potentialAction":[{"@type":"SearchAction","target":{"@type":"EntryPoint","urlTemplate":"https:\/\/tuzlainfo.ba\/?s={search_term_string}"},"query-input":{"@type":"PropertyValueSpecification","valueRequired":true,"valueName":"search_term_string"}}],"inLanguage":"bs-BA"},{"@type":"Organization","@id":"https:\/\/tuzlainfo.ba\/#organization","name":"TuzlaInfo.ba","url":"https:\/\/tuzlainfo.ba\/","logo":{"@type":"ImageObject","inLanguage":"bs-BA","@id":"https:\/\/tuzlainfo.ba\/#\/schema\/logo\/image\/","url":"https:\/\/tuzlainfo.ba\/wp-content\/uploads\/2021\/03\/logo-ver-3-1.png","contentUrl":"https:\/\/tuzlainfo.ba\/wp-content\/uploads\/2021\/03\/logo-ver-3-1.png","width":350,"height":95,"caption":"TuzlaInfo.ba"},"image":{"@id":"https:\/\/tuzlainfo.ba\/#\/schema\/logo\/image\/"},"sameAs":["https:\/\/www.facebook.com\/tuzlainfo.ba\/"]},{"@type":"Person","@id":"https:\/\/tuzlainfo.ba\/#\/schema\/person\/f434e20dc27ea133923aab08451b7f7f","name":"nedim","image":{"@type":"ImageObject","inLanguage":"bs-BA","@id":"https:\/\/tuzlainfo.ba\/#\/schema\/person\/image\/","url":"https:\/\/tuzlainfo.ba\/wp-content\/litespeed\/avatar\/aabad687af24844af817603ac1cbdc4f.jpg?ver=1777306975","contentUrl":"https:\/\/tuzlainfo.ba\/wp-content\/litespeed\/avatar\/aabad687af24844af817603ac1cbdc4f.jpg?ver=1777306975","caption":"nedim"},"description":"Tuzlainfo.ba pratite na dru\u0161tvenim mre\u017eama: Facebook, Instagram i Youtube. Svoje pri\u010de, upite i fotografije \u0161aljite na na\u0161u e-mail adresu."}]}},"_links":{"self":[{"href":"https:\/\/tuzlainfo.ba\/index.php\/wp-json\/wp\/v2\/posts\/178381"}],"collection":[{"href":"https:\/\/tuzlainfo.ba\/index.php\/wp-json\/wp\/v2\/posts"}],"about":[{"href":"https:\/\/tuzlainfo.ba\/index.php\/wp-json\/wp\/v2\/types\/post"}],"author":[{"embeddable":true,"href":"https:\/\/tuzlainfo.ba\/index.php\/wp-json\/wp\/v2\/users\/2"}],"replies":[{"embeddable":true,"href":"https:\/\/tuzlainfo.ba\/index.php\/wp-json\/wp\/v2\/comments?post=178381"}],"version-history":[{"count":0,"href":"https:\/\/tuzlainfo.ba\/index.php\/wp-json\/wp\/v2\/posts\/178381\/revisions"}],"wp:featuredmedia":[{"embeddable":true,"href":"https:\/\/tuzlainfo.ba\/index.php\/wp-json\/wp\/v2\/media\/142505"}],"wp:attachment":[{"href":"https:\/\/tuzlainfo.ba\/index.php\/wp-json\/wp\/v2\/media?parent=178381"}],"wp:term":[{"taxonomy":"category","embeddable":true,"href":"https:\/\/tuzlainfo.ba\/index.php\/wp-json\/wp\/v2\/categories?post=178381"},{"taxonomy":"post_tag","embeddable":true,"href":"https:\/\/tuzlainfo.ba\/index.php\/wp-json\/wp\/v2\/tags?post=178381"}],"curies":[{"name":"wp","href":"https:\/\/api.w.org\/{rel}","templated":true}]}}