{"id":177826,"date":"2022-07-09T22:05:34","date_gmt":"2022-07-09T20:05:34","guid":{"rendered":"https:\/\/tuzlainfo.ba\/?p=177826"},"modified":"2022-07-09T22:05:34","modified_gmt":"2022-07-09T20:05:34","slug":"skandal-na-proslavi-scholzovog-spd-a-potvrdjeno-devet-zrtava-droge-za-silovanje","status":"publish","type":"post","link":"https:\/\/tuzlainfo.ba\/index.php\/clanci\/sa-svih-strana\/item\/177826-skandal-na-proslavi-scholzovog-spd-a-potvrdjeno-devet-zrtava-droge-za-silovanje\/","title":{"rendered":"Skandal na proslavi Scholzovog SPD-a: Potvr\u0111eno devet \u017ertava \u201cdroge za silovanje\u201c"},"content":{"rendered":"<p>Najmanje devet \u017eena koje su prisustvovale zabavi koju je organizovala njema\u010dka Socijaldemokratska partija (SPD), u kojoj je bio i kancelar Olaf Scholz, drogirano je supstancom poznatom kao \u201cdroga za silovanje\u201d, saop\u0107io je SPD u subotu.<\/p>\n<p>Portparol poslani\u010dke grupe u parlamentu potvrdio je pisanje berlinskog dnevnika \u201cTagesspiegel\u201d i dodao da je do sada potvr\u0111eno devet \u017ertava.<\/p>\n<p>Tradicionalnoj proslavi koju SPD organizuje uo\u010di ljetnog odmora prisustvovalo je oko hiljadu ljudi, a me\u0111u njima je bio i kancelar Schulz, kao i brojni drugi predstavnici i saradnici, prenosi Nova.rs.<\/p>\n<p>Berlinska policija je saop\u0107ila da je nakon \u201eproslave koju je organizovala politi\u010dka partija\u201c, 21-godi\u0161nja \u017eena prijavila da se ne sjec\u0301a nijednog detalja ve\u010dernje zabave sljedec\u0301eg dana.<\/p>\n<p>Prijavila se u bolnicu na pregled i ulo\u017eila \u017ealbu. Ta mlada \u017eena je konzumirala hranu na zabavi i pila bezalkoholno pic\u0301e kada je iznenada osjetila slabost i vrtoglavicu.<\/p>\n<p>U mailu upuc\u0301enom u\u010desnicima te proslave odr\u017eane u srijedu, SPD osu\u0111uje \u201cu\u017easan \u010din koji je odmah prijavljen policiji\u201c.<\/p>\n<p>\u201eDroga za silovanje\u201c izaziva mu\u010dninu i vrtoglavicu i uglavnom se stavlja u pic\u0301e i izaziva sedaciju sa hipnoti\u010dkim dejstvom (pospanost) tako da osoba ne mo\u017ee da se odupre, a agresori mogu da je siluju ili primjenjuju neki oblik agresije.<\/p>\n<p>U Berlinu, gradu poznatom po ponekad pretjeranim zabavama, 2021. godine prijavljena su 22 slu\u010daja agresije sa \u201edrogama za silovanje\u201c, pi\u0161e dnevnik \u201cBerliner Zeitung\u201d.<\/p>\n<p>Me\u0111utim, stvarni broj \u017ertava je mnogo vec\u0301i, jer se mnogi ne sjec\u0301aju doga\u0111aja i stide se da podnesu \u017ealbu.<\/p>\n","protected":false},"excerpt":{"rendered":"<p>Najmanje devet \u017eena koje su prisustvovale zabavi koju je organizovala njema\u010dka Socijaldemokratska partija (SPD), u&hellip;<\/p>\n","protected":false},"author":2,"featured_media":177827,"comment_status":"open","ping_status":"closed","sticky":false,"template":"","format":"standard","meta":{"_acf_changed":false,"footnotes":""},"categories":[16],"tags":[2754,1008],"acf":[],"yoast_head":"<!-- This site is optimized with the Yoast SEO plugin v23.5 - https:\/\/yoast.com\/wordpress\/plugins\/seo\/ -->\n<title>Skandal na proslavi Scholzovog SPD-a: Potvr\u0111eno devet \u017ertava \u201cdroge za silovanje\u201c - TuzlaInfo.ba<\/title>\n<meta name=\"robots\" content=\"index, follow, max-snippet:-1, max-image-preview:large, max-video-preview:-1\" \/>\n<link rel=\"canonical\" href=\"https:\/\/tuzlainfo.ba\/index.php\/clanci\/sa-svih-strana\/item\/177826-skandal-na-proslavi-scholzovog-spd-a-potvrdjeno-devet-zrtava-droge-za-silovanje\/\" \/>\n<meta property=\"og:locale\" content=\"bs_BA\" \/>\n<meta property=\"og:type\" content=\"article\" \/>\n<meta property=\"og:title\" content=\"Skandal na proslavi Scholzovog SPD-a: Potvr\u0111eno devet \u017ertava \u201cdroge za silovanje\u201c - TuzlaInfo.ba\" \/>\n<meta property=\"og:description\" content=\"Najmanje devet \u017eena koje su prisustvovale zabavi koju je organizovala njema\u010dka Socijaldemokratska partija (SPD), u&hellip;\" \/>\n<meta property=\"og:url\" content=\"https:\/\/tuzlainfo.ba\/index.php\/clanci\/sa-svih-strana\/item\/177826-skandal-na-proslavi-scholzovog-spd-a-potvrdjeno-devet-zrtava-droge-za-silovanje\/\" \/>\n<meta property=\"og:site_name\" content=\"TuzlaInfo.ba\" \/>\n<meta property=\"article:publisher\" content=\"https:\/\/www.facebook.com\/tuzlainfo.ba\/\" \/>\n<meta property=\"article:published_time\" content=\"2022-07-09T20:05:34+00:00\" \/>\n<meta property=\"og:image\" content=\"https:\/\/tuzlainfo.ba\/wp-content\/uploads\/2022\/07\/0907_olafsholz_spd.jpg\" \/>\n\t<meta property=\"og:image:width\" content=\"800\" \/>\n\t<meta property=\"og:image:height\" content=\"449\" \/>\n\t<meta property=\"og:image:type\" content=\"image\/jpeg\" \/>\n<meta name=\"author\" content=\"nedim\" \/>\n<meta name=\"twitter:card\" content=\"summary_large_image\" \/>\n<meta name=\"twitter:label1\" content=\"Written by\" \/>\n\t<meta name=\"twitter:data1\" content=\"nedim\" \/>\n\t<meta name=\"twitter:label2\" content=\"Est. reading time\" \/>\n\t<meta name=\"twitter:data2\" content=\"1 minuta\" \/>\n<script type=\"application\/ld+json\" class=\"yoast-schema-graph\">{\"@context\":\"https:\/\/schema.org\",\"@graph\":[{\"@type\":\"Article\",\"@id\":\"https:\/\/tuzlainfo.ba\/index.php\/clanci\/sa-svih-strana\/item\/177826-skandal-na-proslavi-scholzovog-spd-a-potvrdjeno-devet-zrtava-droge-za-silovanje\/#article\",\"isPartOf\":{\"@id\":\"https:\/\/tuzlainfo.ba\/index.php\/clanci\/sa-svih-strana\/item\/177826-skandal-na-proslavi-scholzovog-spd-a-potvrdjeno-devet-zrtava-droge-za-silovanje\/\"},\"author\":{\"name\":\"nedim\",\"@id\":\"https:\/\/tuzlainfo.ba\/#\/schema\/person\/f434e20dc27ea133923aab08451b7f7f\"},\"headline\":\"Skandal na proslavi Scholzovog SPD-a: Potvr\u0111eno devet \u017ertava \u201cdroge za silovanje\u201c\",\"datePublished\":\"2022-07-09T20:05:34+00:00\",\"dateModified\":\"2022-07-09T20:05:34+00:00\",\"mainEntityOfPage\":{\"@id\":\"https:\/\/tuzlainfo.ba\/index.php\/clanci\/sa-svih-strana\/item\/177826-skandal-na-proslavi-scholzovog-spd-a-potvrdjeno-devet-zrtava-droge-za-silovanje\/\"},\"wordCount\":278,\"commentCount\":0,\"publisher\":{\"@id\":\"https:\/\/tuzlainfo.ba\/#organization\"},\"image\":{\"@id\":\"https:\/\/tuzlainfo.ba\/index.php\/clanci\/sa-svih-strana\/item\/177826-skandal-na-proslavi-scholzovog-spd-a-potvrdjeno-devet-zrtava-droge-za-silovanje\/#primaryimage\"},\"thumbnailUrl\":\"https:\/\/tuzlainfo.ba\/wp-content\/uploads\/2022\/07\/0907_olafsholz_spd.jpg\",\"keywords\":[\"Olaf Scholz\",\"spd\"],\"articleSection\":[\"Sa svih strana\"],\"inLanguage\":\"bs-BA\"},{\"@type\":\"WebPage\",\"@id\":\"https:\/\/tuzlainfo.ba\/index.php\/clanci\/sa-svih-strana\/item\/177826-skandal-na-proslavi-scholzovog-spd-a-potvrdjeno-devet-zrtava-droge-za-silovanje\/\",\"url\":\"https:\/\/tuzlainfo.ba\/index.php\/clanci\/sa-svih-strana\/item\/177826-skandal-na-proslavi-scholzovog-spd-a-potvrdjeno-devet-zrtava-droge-za-silovanje\/\",\"name\":\"Skandal na proslavi Scholzovog SPD-a: Potvr\u0111eno devet \u017ertava \u201cdroge za silovanje\u201c - TuzlaInfo.ba\",\"isPartOf\":{\"@id\":\"https:\/\/tuzlainfo.ba\/#website\"},\"primaryImageOfPage\":{\"@id\":\"https:\/\/tuzlainfo.ba\/index.php\/clanci\/sa-svih-strana\/item\/177826-skandal-na-proslavi-scholzovog-spd-a-potvrdjeno-devet-zrtava-droge-za-silovanje\/#primaryimage\"},\"image\":{\"@id\":\"https:\/\/tuzlainfo.ba\/index.php\/clanci\/sa-svih-strana\/item\/177826-skandal-na-proslavi-scholzovog-spd-a-potvrdjeno-devet-zrtava-droge-za-silovanje\/#primaryimage\"},\"thumbnailUrl\":\"https:\/\/tuzlainfo.ba\/wp-content\/uploads\/2022\/07\/0907_olafsholz_spd.jpg\",\"datePublished\":\"2022-07-09T20:05:34+00:00\",\"dateModified\":\"2022-07-09T20:05:34+00:00\",\"breadcrumb\":{\"@id\":\"https:\/\/tuzlainfo.ba\/index.php\/clanci\/sa-svih-strana\/item\/177826-skandal-na-proslavi-scholzovog-spd-a-potvrdjeno-devet-zrtava-droge-za-silovanje\/#breadcrumb\"},\"inLanguage\":\"bs-BA\",\"potentialAction\":[{\"@type\":\"ReadAction\",\"target\":[\"https:\/\/tuzlainfo.ba\/index.php\/clanci\/sa-svih-strana\/item\/177826-skandal-na-proslavi-scholzovog-spd-a-potvrdjeno-devet-zrtava-droge-za-silovanje\/\"]}]},{\"@type\":\"ImageObject\",\"inLanguage\":\"bs-BA\",\"@id\":\"https:\/\/tuzlainfo.ba\/index.php\/clanci\/sa-svih-strana\/item\/177826-skandal-na-proslavi-scholzovog-spd-a-potvrdjeno-devet-zrtava-droge-za-silovanje\/#primaryimage\",\"url\":\"https:\/\/tuzlainfo.ba\/wp-content\/uploads\/2022\/07\/0907_olafsholz_spd.jpg\",\"contentUrl\":\"https:\/\/tuzlainfo.ba\/wp-content\/uploads\/2022\/07\/0907_olafsholz_spd.jpg\",\"width\":800,\"height\":449},{\"@type\":\"BreadcrumbList\",\"@id\":\"https:\/\/tuzlainfo.ba\/index.php\/clanci\/sa-svih-strana\/item\/177826-skandal-na-proslavi-scholzovog-spd-a-potvrdjeno-devet-zrtava-droge-za-silovanje\/#breadcrumb\",\"itemListElement\":[{\"@type\":\"ListItem\",\"position\":1,\"name\":\"Home\",\"item\":\"https:\/\/tuzlainfo.ba\/\"},{\"@type\":\"ListItem\",\"position\":2,\"name\":\"Skandal na proslavi Scholzovog SPD-a: Potvr\u0111eno devet \u017ertava \u201cdroge za silovanje\u201c\"}]},{\"@type\":\"WebSite\",\"@id\":\"https:\/\/tuzlainfo.ba\/#website\",\"url\":\"https:\/\/tuzlainfo.ba\/\",\"name\":\"TuzlaInfo.ba\",\"description\":\"Tuzla info, gradski informator - Tuzla na dlanu\",\"publisher\":{\"@id\":\"https:\/\/tuzlainfo.ba\/#organization\"},\"potentialAction\":[{\"@type\":\"SearchAction\",\"target\":{\"@type\":\"EntryPoint\",\"urlTemplate\":\"https:\/\/tuzlainfo.ba\/?s={search_term_string}\"},\"query-input\":{\"@type\":\"PropertyValueSpecification\",\"valueRequired\":true,\"valueName\":\"search_term_string\"}}],\"inLanguage\":\"bs-BA\"},{\"@type\":\"Organization\",\"@id\":\"https:\/\/tuzlainfo.ba\/#organization\",\"name\":\"TuzlaInfo.ba\",\"url\":\"https:\/\/tuzlainfo.ba\/\",\"logo\":{\"@type\":\"ImageObject\",\"inLanguage\":\"bs-BA\",\"@id\":\"https:\/\/tuzlainfo.ba\/#\/schema\/logo\/image\/\",\"url\":\"https:\/\/tuzlainfo.ba\/wp-content\/uploads\/2021\/03\/logo-ver-3-1.png\",\"contentUrl\":\"https:\/\/tuzlainfo.ba\/wp-content\/uploads\/2021\/03\/logo-ver-3-1.png\",\"width\":350,\"height\":95,\"caption\":\"TuzlaInfo.ba\"},\"image\":{\"@id\":\"https:\/\/tuzlainfo.ba\/#\/schema\/logo\/image\/\"},\"sameAs\":[\"https:\/\/www.facebook.com\/tuzlainfo.ba\/\"]},{\"@type\":\"Person\",\"@id\":\"https:\/\/tuzlainfo.ba\/#\/schema\/person\/f434e20dc27ea133923aab08451b7f7f\",\"name\":\"nedim\",\"image\":{\"@type\":\"ImageObject\",\"inLanguage\":\"bs-BA\",\"@id\":\"https:\/\/tuzlainfo.ba\/#\/schema\/person\/image\/\",\"url\":\"https:\/\/tuzlainfo.ba\/wp-content\/litespeed\/avatar\/aabad687af24844af817603ac1cbdc4f.jpg?ver=1777306975\",\"contentUrl\":\"https:\/\/tuzlainfo.ba\/wp-content\/litespeed\/avatar\/aabad687af24844af817603ac1cbdc4f.jpg?ver=1777306975\",\"caption\":\"nedim\"},\"description\":\"Tuzlainfo.ba pratite na dru\u0161tvenim mre\u017eama: Facebook, Instagram i Youtube. Svoje pri\u010de, upite i fotografije \u0161aljite na na\u0161u e-mail adresu.\"}]}<\/script>\n<!-- \/ Yoast SEO plugin. -->","yoast_head_json":{"title":"Skandal na proslavi Scholzovog SPD-a: Potvr\u0111eno devet \u017ertava \u201cdroge za silovanje\u201c - TuzlaInfo.ba","robots":{"index":"index","follow":"follow","max-snippet":"max-snippet:-1","max-image-preview":"max-image-preview:large","max-video-preview":"max-video-preview:-1"},"canonical":"https:\/\/tuzlainfo.ba\/index.php\/clanci\/sa-svih-strana\/item\/177826-skandal-na-proslavi-scholzovog-spd-a-potvrdjeno-devet-zrtava-droge-za-silovanje\/","og_locale":"bs_BA","og_type":"article","og_title":"Skandal na proslavi Scholzovog SPD-a: Potvr\u0111eno devet \u017ertava \u201cdroge za silovanje\u201c - TuzlaInfo.ba","og_description":"Najmanje devet \u017eena koje su prisustvovale zabavi koju je organizovala njema\u010dka Socijaldemokratska partija (SPD), u&hellip;","og_url":"https:\/\/tuzlainfo.ba\/index.php\/clanci\/sa-svih-strana\/item\/177826-skandal-na-proslavi-scholzovog-spd-a-potvrdjeno-devet-zrtava-droge-za-silovanje\/","og_site_name":"TuzlaInfo.ba","article_publisher":"https:\/\/www.facebook.com\/tuzlainfo.ba\/","article_published_time":"2022-07-09T20:05:34+00:00","og_image":[{"width":800,"height":449,"url":"https:\/\/tuzlainfo.ba\/wp-content\/uploads\/2022\/07\/0907_olafsholz_spd.jpg","type":"image\/jpeg"}],"author":"nedim","twitter_card":"summary_large_image","twitter_misc":{"Written by":"nedim","Est. reading time":"1 minuta"},"schema":{"@context":"https:\/\/schema.org","@graph":[{"@type":"Article","@id":"https:\/\/tuzlainfo.ba\/index.php\/clanci\/sa-svih-strana\/item\/177826-skandal-na-proslavi-scholzovog-spd-a-potvrdjeno-devet-zrtava-droge-za-silovanje\/#article","isPartOf":{"@id":"https:\/\/tuzlainfo.ba\/index.php\/clanci\/sa-svih-strana\/item\/177826-skandal-na-proslavi-scholzovog-spd-a-potvrdjeno-devet-zrtava-droge-za-silovanje\/"},"author":{"name":"nedim","@id":"https:\/\/tuzlainfo.ba\/#\/schema\/person\/f434e20dc27ea133923aab08451b7f7f"},"headline":"Skandal na proslavi Scholzovog SPD-a: Potvr\u0111eno devet \u017ertava \u201cdroge za silovanje\u201c","datePublished":"2022-07-09T20:05:34+00:00","dateModified":"2022-07-09T20:05:34+00:00","mainEntityOfPage":{"@id":"https:\/\/tuzlainfo.ba\/index.php\/clanci\/sa-svih-strana\/item\/177826-skandal-na-proslavi-scholzovog-spd-a-potvrdjeno-devet-zrtava-droge-za-silovanje\/"},"wordCount":278,"commentCount":0,"publisher":{"@id":"https:\/\/tuzlainfo.ba\/#organization"},"image":{"@id":"https:\/\/tuzlainfo.ba\/index.php\/clanci\/sa-svih-strana\/item\/177826-skandal-na-proslavi-scholzovog-spd-a-potvrdjeno-devet-zrtava-droge-za-silovanje\/#primaryimage"},"thumbnailUrl":"https:\/\/tuzlainfo.ba\/wp-content\/uploads\/2022\/07\/0907_olafsholz_spd.jpg","keywords":["Olaf Scholz","spd"],"articleSection":["Sa svih strana"],"inLanguage":"bs-BA"},{"@type":"WebPage","@id":"https:\/\/tuzlainfo.ba\/index.php\/clanci\/sa-svih-strana\/item\/177826-skandal-na-proslavi-scholzovog-spd-a-potvrdjeno-devet-zrtava-droge-za-silovanje\/","url":"https:\/\/tuzlainfo.ba\/index.php\/clanci\/sa-svih-strana\/item\/177826-skandal-na-proslavi-scholzovog-spd-a-potvrdjeno-devet-zrtava-droge-za-silovanje\/","name":"Skandal na proslavi Scholzovog SPD-a: Potvr\u0111eno devet \u017ertava \u201cdroge za silovanje\u201c - TuzlaInfo.ba","isPartOf":{"@id":"https:\/\/tuzlainfo.ba\/#website"},"primaryImageOfPage":{"@id":"https:\/\/tuzlainfo.ba\/index.php\/clanci\/sa-svih-strana\/item\/177826-skandal-na-proslavi-scholzovog-spd-a-potvrdjeno-devet-zrtava-droge-za-silovanje\/#primaryimage"},"image":{"@id":"https:\/\/tuzlainfo.ba\/index.php\/clanci\/sa-svih-strana\/item\/177826-skandal-na-proslavi-scholzovog-spd-a-potvrdjeno-devet-zrtava-droge-za-silovanje\/#primaryimage"},"thumbnailUrl":"https:\/\/tuzlainfo.ba\/wp-content\/uploads\/2022\/07\/0907_olafsholz_spd.jpg","datePublished":"2022-07-09T20:05:34+00:00","dateModified":"2022-07-09T20:05:34+00:00","breadcrumb":{"@id":"https:\/\/tuzlainfo.ba\/index.php\/clanci\/sa-svih-strana\/item\/177826-skandal-na-proslavi-scholzovog-spd-a-potvrdjeno-devet-zrtava-droge-za-silovanje\/#breadcrumb"},"inLanguage":"bs-BA","potentialAction":[{"@type":"ReadAction","target":["https:\/\/tuzlainfo.ba\/index.php\/clanci\/sa-svih-strana\/item\/177826-skandal-na-proslavi-scholzovog-spd-a-potvrdjeno-devet-zrtava-droge-za-silovanje\/"]}]},{"@type":"ImageObject","inLanguage":"bs-BA","@id":"https:\/\/tuzlainfo.ba\/index.php\/clanci\/sa-svih-strana\/item\/177826-skandal-na-proslavi-scholzovog-spd-a-potvrdjeno-devet-zrtava-droge-za-silovanje\/#primaryimage","url":"https:\/\/tuzlainfo.ba\/wp-content\/uploads\/2022\/07\/0907_olafsholz_spd.jpg","contentUrl":"https:\/\/tuzlainfo.ba\/wp-content\/uploads\/2022\/07\/0907_olafsholz_spd.jpg","width":800,"height":449},{"@type":"BreadcrumbList","@id":"https:\/\/tuzlainfo.ba\/index.php\/clanci\/sa-svih-strana\/item\/177826-skandal-na-proslavi-scholzovog-spd-a-potvrdjeno-devet-zrtava-droge-za-silovanje\/#breadcrumb","itemListElement":[{"@type":"ListItem","position":1,"name":"Home","item":"https:\/\/tuzlainfo.ba\/"},{"@type":"ListItem","position":2,"name":"Skandal na proslavi Scholzovog SPD-a: Potvr\u0111eno devet \u017ertava \u201cdroge za silovanje\u201c"}]},{"@type":"WebSite","@id":"https:\/\/tuzlainfo.ba\/#website","url":"https:\/\/tuzlainfo.ba\/","name":"TuzlaInfo.ba","description":"Tuzla info, gradski informator - Tuzla na dlanu","publisher":{"@id":"https:\/\/tuzlainfo.ba\/#organization"},"potentialAction":[{"@type":"SearchAction","target":{"@type":"EntryPoint","urlTemplate":"https:\/\/tuzlainfo.ba\/?s={search_term_string}"},"query-input":{"@type":"PropertyValueSpecification","valueRequired":true,"valueName":"search_term_string"}}],"inLanguage":"bs-BA"},{"@type":"Organization","@id":"https:\/\/tuzlainfo.ba\/#organization","name":"TuzlaInfo.ba","url":"https:\/\/tuzlainfo.ba\/","logo":{"@type":"ImageObject","inLanguage":"bs-BA","@id":"https:\/\/tuzlainfo.ba\/#\/schema\/logo\/image\/","url":"https:\/\/tuzlainfo.ba\/wp-content\/uploads\/2021\/03\/logo-ver-3-1.png","contentUrl":"https:\/\/tuzlainfo.ba\/wp-content\/uploads\/2021\/03\/logo-ver-3-1.png","width":350,"height":95,"caption":"TuzlaInfo.ba"},"image":{"@id":"https:\/\/tuzlainfo.ba\/#\/schema\/logo\/image\/"},"sameAs":["https:\/\/www.facebook.com\/tuzlainfo.ba\/"]},{"@type":"Person","@id":"https:\/\/tuzlainfo.ba\/#\/schema\/person\/f434e20dc27ea133923aab08451b7f7f","name":"nedim","image":{"@type":"ImageObject","inLanguage":"bs-BA","@id":"https:\/\/tuzlainfo.ba\/#\/schema\/person\/image\/","url":"https:\/\/tuzlainfo.ba\/wp-content\/litespeed\/avatar\/aabad687af24844af817603ac1cbdc4f.jpg?ver=1777306975","contentUrl":"https:\/\/tuzlainfo.ba\/wp-content\/litespeed\/avatar\/aabad687af24844af817603ac1cbdc4f.jpg?ver=1777306975","caption":"nedim"},"description":"Tuzlainfo.ba pratite na dru\u0161tvenim mre\u017eama: Facebook, Instagram i Youtube. Svoje pri\u010de, upite i fotografije \u0161aljite na na\u0161u e-mail adresu."}]}},"_links":{"self":[{"href":"https:\/\/tuzlainfo.ba\/index.php\/wp-json\/wp\/v2\/posts\/177826"}],"collection":[{"href":"https:\/\/tuzlainfo.ba\/index.php\/wp-json\/wp\/v2\/posts"}],"about":[{"href":"https:\/\/tuzlainfo.ba\/index.php\/wp-json\/wp\/v2\/types\/post"}],"author":[{"embeddable":true,"href":"https:\/\/tuzlainfo.ba\/index.php\/wp-json\/wp\/v2\/users\/2"}],"replies":[{"embeddable":true,"href":"https:\/\/tuzlainfo.ba\/index.php\/wp-json\/wp\/v2\/comments?post=177826"}],"version-history":[{"count":0,"href":"https:\/\/tuzlainfo.ba\/index.php\/wp-json\/wp\/v2\/posts\/177826\/revisions"}],"wp:featuredmedia":[{"embeddable":true,"href":"https:\/\/tuzlainfo.ba\/index.php\/wp-json\/wp\/v2\/media\/177827"}],"wp:attachment":[{"href":"https:\/\/tuzlainfo.ba\/index.php\/wp-json\/wp\/v2\/media?parent=177826"}],"wp:term":[{"taxonomy":"category","embeddable":true,"href":"https:\/\/tuzlainfo.ba\/index.php\/wp-json\/wp\/v2\/categories?post=177826"},{"taxonomy":"post_tag","embeddable":true,"href":"https:\/\/tuzlainfo.ba\/index.php\/wp-json\/wp\/v2\/tags?post=177826"}],"curies":[{"name":"wp","href":"https:\/\/api.w.org\/{rel}","templated":true}]}}