{"id":177620,"date":"2022-07-07T20:00:19","date_gmt":"2022-07-07T18:00:19","guid":{"rendered":"https:\/\/tuzlainfo.ba\/?p=177620"},"modified":"2022-07-07T17:13:44","modified_gmt":"2022-07-07T15:13:44","slug":"zavrseno-veliko-finale-12-sportskih-igara-mladih","status":"publish","type":"post","link":"https:\/\/tuzlainfo.ba\/index.php\/bosna-i-hercegovina\/item\/177620-zavrseno-veliko-finale-12-sportskih-igara-mladih\/","title":{"rendered":"Zavr\u0161eno veliko finale 12. Sportskih igara mladih"},"content":{"rendered":"<p>Nakon 120 dana takmi\u010denja u 45 bh. gradova i polufinalnih turnira u Mostaru, Srebrenici, Biha\u0107u, Tuzli i Zenici, odr\u017eano je i veliko finale 12. Sportskih igara mladih uz prijateljsku podr\u0161ku kompanije m:tel<\/p>\n<p>Sarajevo je u periodu od 5. do 7. jula bilo doma\u0107in najboljim ekipama iz svih dijelova Bosne i Hercegovine na zavr\u0161nici ovogodi\u0161njih Sportskih igara. Devetsto dje\u010daka i djevoj\u010dica iz vi\u0161e od 60 bh. gradova u\u017eivalo je u trodnevnim takmi\u010denjima, ali i zabavnom programu, saop\u0107eno je iz m:tela.<\/p>\n<p>U\u010desnici su u sklopu finala, pored takmi\u010denja, u\u010dili o za\u0161titi \u017eivotne sredine, ekologiji i recikla\u017ei volonterizmu, va\u017enosti obrazovanja i osna\u017eivanja djevoj\u010dica i \u017eena u dru\u0161tvu.<\/p>\n<p>Prije sve\u010dane dodjele medalja, mnogobrojni gosti odigrali su utakmicu u igri izme\u0111u dvije vatre sa najmla\u0111im SIM-ovcima, a potom su mali SIM-ovci, velikima dodijelili medalje. Progla\u0161en je i novi Mladi Ambasador, Aleksej Sandi\u0107, u\u010desnik Igara koji se svojim pona\u0161anjem, na terenu ali i van njega, pokazao kao neko ko bi trebao biti uzor novim generacijama SIM-ovaca.<\/p>\n<p>Uru\u010div\u0161i medalje najboljim takmi\u010darima, izvr\u0161ni direktor za marketing i prodaju kompanije m:tel, Milosav Parezanovi\u0107 rekao je: \u201cZadovoljstvo nam je \u0161to smo bili deo i ove velike sportske manifestacije. Okupiti mlade ljude oko pravih vrednosti, promocija sportskog duha, negovanje starih i stvaranje novih prijateljstava, cilj su dru\u0161tveno odgovornog poslovanja kompanije m:tel. Najve\u0107a nagrada za dobro obavljen posao svakako su ovi iskreni osmesi mali\u0161ana koji su nas danas i proteklih dana okru\u017eili i oraspolo\u017eili.\u201c Prenos otvaranja sportskih igara mladih bio je omogu\u0107en putem Arena sport kanala na svim m:tel TV platformama, a ve\u0107 po\u010detkom avgusta na Areni sport emitova\u0107e se i poseban serijal posve\u0107en ovoj manifestaciji \u201eDrago nam je da i na taj na\u010din poma\u017eemo promociji negovanja sportskog duha i fair play igre. Kompanija m:tel svojim jedinstvenim i iskrenim prijateljskim pristupom dru\u0161tvenoj zajednici, nosi imid\u017e kompanije koja je odgovorna prema dru\u0161tvu u kojem \u017eivi i posluje i uvek smo tu za sve one koji nas trebaju i o\u010dekuju na\u0161u podr\u0161ku\u201d, dodao je Parezanovi\u0107.<\/p>\n<p>Medalje su u 2022. godini otputovale u Sarajevo, Mostar, Zvornik, Br\u010dko, Gra\u010danicu, Banovi\u0107e, Bijeljinu, Srebrenik, Grada\u010dac, Stolac, Zavidovi\u0107e, Gornji Vakuf-Uskoplje, Ljubu\u0161ki, Maglaj, Kakanj i Banju Luku, a pobjednici ovogodi\u0161njih Igara predstavlja\u0107e Bosnu i Hercegovinu na Me\u0111unarodnom finalu Igara u Splitu gdje \u0107e na\u0161i mali reprezentativci odmjeriti snage sa dje\u010dacima i djevoj\u010dicama iz Srbije i Hrvatske.<\/p>\n<p>Plazma Sportske igre mladih \u0107e svoje ovogodi\u0161nje aktivnosti nastaviti kroz m:tel SIM Turneju radosti u 6 gradova.<\/p>\n","protected":false},"excerpt":{"rendered":"<p>Nakon 120 dana takmi\u010denja u 45 bh. gradova i polufinalnih turnira u Mostaru, Srebrenici, Biha\u0107u,&hellip;<\/p>\n","protected":false},"author":4,"featured_media":173999,"comment_status":"open","ping_status":"closed","sticky":false,"template":"","format":"standard","meta":{"_acf_changed":false,"footnotes":""},"categories":[291],"tags":[5078],"acf":[],"yoast_head":"<!-- This site is optimized with the Yoast SEO plugin v23.5 - https:\/\/yoast.com\/wordpress\/plugins\/seo\/ -->\n<title>Zavr\u0161eno veliko finale 12. Sportskih igara mladih - TuzlaInfo.ba<\/title>\n<meta name=\"robots\" content=\"index, follow, max-snippet:-1, max-image-preview:large, max-video-preview:-1\" \/>\n<link rel=\"canonical\" href=\"https:\/\/tuzlainfo.ba\/index.php\/bosna-i-hercegovina\/item\/177620-zavrseno-veliko-finale-12-sportskih-igara-mladih\/\" \/>\n<meta property=\"og:locale\" content=\"bs_BA\" \/>\n<meta property=\"og:type\" content=\"article\" \/>\n<meta property=\"og:title\" content=\"Zavr\u0161eno veliko finale 12. Sportskih igara mladih - TuzlaInfo.ba\" \/>\n<meta property=\"og:description\" content=\"Nakon 120 dana takmi\u010denja u 45 bh. gradova i polufinalnih turnira u Mostaru, Srebrenici, Biha\u0107u,&hellip;\" \/>\n<meta property=\"og:url\" content=\"https:\/\/tuzlainfo.ba\/index.php\/bosna-i-hercegovina\/item\/177620-zavrseno-veliko-finale-12-sportskih-igara-mladih\/\" \/>\n<meta property=\"og:site_name\" content=\"TuzlaInfo.ba\" \/>\n<meta property=\"article:publisher\" content=\"https:\/\/www.facebook.com\/tuzlainfo.ba\/\" \/>\n<meta property=\"article:published_time\" content=\"2022-07-07T18:00:19+00:00\" \/>\n<meta property=\"article:modified_time\" content=\"2022-07-07T15:13:44+00:00\" \/>\n<meta property=\"og:image\" content=\"https:\/\/tuzlainfo.ba\/wp-content\/uploads\/2022\/06\/sportske-igre-mladih.jpg\" \/>\n\t<meta property=\"og:image:width\" content=\"2048\" \/>\n\t<meta property=\"og:image:height\" content=\"1536\" \/>\n\t<meta property=\"og:image:type\" content=\"image\/jpeg\" \/>\n<meta name=\"author\" content=\"Tuzla Info\" \/>\n<meta name=\"twitter:card\" content=\"summary_large_image\" \/>\n<meta name=\"twitter:label1\" content=\"Written by\" \/>\n\t<meta name=\"twitter:data1\" content=\"Tuzla Info\" \/>\n\t<meta name=\"twitter:label2\" content=\"Est. reading time\" \/>\n\t<meta name=\"twitter:data2\" content=\"2 minute\" \/>\n<script type=\"application\/ld+json\" class=\"yoast-schema-graph\">{\"@context\":\"https:\/\/schema.org\",\"@graph\":[{\"@type\":\"Article\",\"@id\":\"https:\/\/tuzlainfo.ba\/index.php\/bosna-i-hercegovina\/item\/177620-zavrseno-veliko-finale-12-sportskih-igara-mladih\/#article\",\"isPartOf\":{\"@id\":\"https:\/\/tuzlainfo.ba\/index.php\/bosna-i-hercegovina\/item\/177620-zavrseno-veliko-finale-12-sportskih-igara-mladih\/\"},\"author\":{\"name\":\"Tuzla Info\",\"@id\":\"https:\/\/tuzlainfo.ba\/#\/schema\/person\/46cad4c57790cbc50781edd14870825a\"},\"headline\":\"Zavr\u0161eno veliko finale 12. Sportskih igara mladih\",\"datePublished\":\"2022-07-07T18:00:19+00:00\",\"dateModified\":\"2022-07-07T15:13:44+00:00\",\"mainEntityOfPage\":{\"@id\":\"https:\/\/tuzlainfo.ba\/index.php\/bosna-i-hercegovina\/item\/177620-zavrseno-veliko-finale-12-sportskih-igara-mladih\/\"},\"wordCount\":460,\"commentCount\":0,\"publisher\":{\"@id\":\"https:\/\/tuzlainfo.ba\/#organization\"},\"image\":{\"@id\":\"https:\/\/tuzlainfo.ba\/index.php\/bosna-i-hercegovina\/item\/177620-zavrseno-veliko-finale-12-sportskih-igara-mladih\/#primaryimage\"},\"thumbnailUrl\":\"https:\/\/tuzlainfo.ba\/wp-content\/uploads\/2022\/06\/sportske-igre-mladih.jpg\",\"keywords\":[\"plazma sportske igre mladih\"],\"articleSection\":[\"Bosna i Hercegovina\"],\"inLanguage\":\"bs-BA\"},{\"@type\":\"WebPage\",\"@id\":\"https:\/\/tuzlainfo.ba\/index.php\/bosna-i-hercegovina\/item\/177620-zavrseno-veliko-finale-12-sportskih-igara-mladih\/\",\"url\":\"https:\/\/tuzlainfo.ba\/index.php\/bosna-i-hercegovina\/item\/177620-zavrseno-veliko-finale-12-sportskih-igara-mladih\/\",\"name\":\"Zavr\u0161eno veliko finale 12. Sportskih igara mladih - TuzlaInfo.ba\",\"isPartOf\":{\"@id\":\"https:\/\/tuzlainfo.ba\/#website\"},\"primaryImageOfPage\":{\"@id\":\"https:\/\/tuzlainfo.ba\/index.php\/bosna-i-hercegovina\/item\/177620-zavrseno-veliko-finale-12-sportskih-igara-mladih\/#primaryimage\"},\"image\":{\"@id\":\"https:\/\/tuzlainfo.ba\/index.php\/bosna-i-hercegovina\/item\/177620-zavrseno-veliko-finale-12-sportskih-igara-mladih\/#primaryimage\"},\"thumbnailUrl\":\"https:\/\/tuzlainfo.ba\/wp-content\/uploads\/2022\/06\/sportske-igre-mladih.jpg\",\"datePublished\":\"2022-07-07T18:00:19+00:00\",\"dateModified\":\"2022-07-07T15:13:44+00:00\",\"breadcrumb\":{\"@id\":\"https:\/\/tuzlainfo.ba\/index.php\/bosna-i-hercegovina\/item\/177620-zavrseno-veliko-finale-12-sportskih-igara-mladih\/#breadcrumb\"},\"inLanguage\":\"bs-BA\",\"potentialAction\":[{\"@type\":\"ReadAction\",\"target\":[\"https:\/\/tuzlainfo.ba\/index.php\/bosna-i-hercegovina\/item\/177620-zavrseno-veliko-finale-12-sportskih-igara-mladih\/\"]}]},{\"@type\":\"ImageObject\",\"inLanguage\":\"bs-BA\",\"@id\":\"https:\/\/tuzlainfo.ba\/index.php\/bosna-i-hercegovina\/item\/177620-zavrseno-veliko-finale-12-sportskih-igara-mladih\/#primaryimage\",\"url\":\"https:\/\/tuzlainfo.ba\/wp-content\/uploads\/2022\/06\/sportske-igre-mladih.jpg\",\"contentUrl\":\"https:\/\/tuzlainfo.ba\/wp-content\/uploads\/2022\/06\/sportske-igre-mladih.jpg\",\"width\":2048,\"height\":1536},{\"@type\":\"BreadcrumbList\",\"@id\":\"https:\/\/tuzlainfo.ba\/index.php\/bosna-i-hercegovina\/item\/177620-zavrseno-veliko-finale-12-sportskih-igara-mladih\/#breadcrumb\",\"itemListElement\":[{\"@type\":\"ListItem\",\"position\":1,\"name\":\"Home\",\"item\":\"https:\/\/tuzlainfo.ba\/\"},{\"@type\":\"ListItem\",\"position\":2,\"name\":\"Zavr\u0161eno veliko finale 12. Sportskih igara mladih\"}]},{\"@type\":\"WebSite\",\"@id\":\"https:\/\/tuzlainfo.ba\/#website\",\"url\":\"https:\/\/tuzlainfo.ba\/\",\"name\":\"TuzlaInfo.ba\",\"description\":\"Tuzla info, gradski informator - Tuzla na dlanu\",\"publisher\":{\"@id\":\"https:\/\/tuzlainfo.ba\/#organization\"},\"potentialAction\":[{\"@type\":\"SearchAction\",\"target\":{\"@type\":\"EntryPoint\",\"urlTemplate\":\"https:\/\/tuzlainfo.ba\/?s={search_term_string}\"},\"query-input\":{\"@type\":\"PropertyValueSpecification\",\"valueRequired\":true,\"valueName\":\"search_term_string\"}}],\"inLanguage\":\"bs-BA\"},{\"@type\":\"Organization\",\"@id\":\"https:\/\/tuzlainfo.ba\/#organization\",\"name\":\"TuzlaInfo.ba\",\"url\":\"https:\/\/tuzlainfo.ba\/\",\"logo\":{\"@type\":\"ImageObject\",\"inLanguage\":\"bs-BA\",\"@id\":\"https:\/\/tuzlainfo.ba\/#\/schema\/logo\/image\/\",\"url\":\"https:\/\/tuzlainfo.ba\/wp-content\/uploads\/2021\/03\/logo-ver-3-1.png\",\"contentUrl\":\"https:\/\/tuzlainfo.ba\/wp-content\/uploads\/2021\/03\/logo-ver-3-1.png\",\"width\":350,\"height\":95,\"caption\":\"TuzlaInfo.ba\"},\"image\":{\"@id\":\"https:\/\/tuzlainfo.ba\/#\/schema\/logo\/image\/\"},\"sameAs\":[\"https:\/\/www.facebook.com\/tuzlainfo.ba\/\"]},{\"@type\":\"Person\",\"@id\":\"https:\/\/tuzlainfo.ba\/#\/schema\/person\/46cad4c57790cbc50781edd14870825a\",\"name\":\"Tuzla Info\",\"image\":{\"@type\":\"ImageObject\",\"inLanguage\":\"bs-BA\",\"@id\":\"https:\/\/tuzlainfo.ba\/#\/schema\/person\/image\/\",\"url\":\"https:\/\/tuzlainfo.ba\/wp-content\/litespeed\/avatar\/b6c453a6c38e3654f2e4416c643fc25c.jpg?ver=1777051911\",\"contentUrl\":\"https:\/\/tuzlainfo.ba\/wp-content\/litespeed\/avatar\/b6c453a6c38e3654f2e4416c643fc25c.jpg?ver=1777051911\",\"caption\":\"Tuzla Info\"}}]}<\/script>\n<!-- \/ Yoast SEO plugin. -->","yoast_head_json":{"title":"Zavr\u0161eno veliko finale 12. Sportskih igara mladih - TuzlaInfo.ba","robots":{"index":"index","follow":"follow","max-snippet":"max-snippet:-1","max-image-preview":"max-image-preview:large","max-video-preview":"max-video-preview:-1"},"canonical":"https:\/\/tuzlainfo.ba\/index.php\/bosna-i-hercegovina\/item\/177620-zavrseno-veliko-finale-12-sportskih-igara-mladih\/","og_locale":"bs_BA","og_type":"article","og_title":"Zavr\u0161eno veliko finale 12. Sportskih igara mladih - TuzlaInfo.ba","og_description":"Nakon 120 dana takmi\u010denja u 45 bh. gradova i polufinalnih turnira u Mostaru, Srebrenici, Biha\u0107u,&hellip;","og_url":"https:\/\/tuzlainfo.ba\/index.php\/bosna-i-hercegovina\/item\/177620-zavrseno-veliko-finale-12-sportskih-igara-mladih\/","og_site_name":"TuzlaInfo.ba","article_publisher":"https:\/\/www.facebook.com\/tuzlainfo.ba\/","article_published_time":"2022-07-07T18:00:19+00:00","article_modified_time":"2022-07-07T15:13:44+00:00","og_image":[{"width":2048,"height":1536,"url":"https:\/\/tuzlainfo.ba\/wp-content\/uploads\/2022\/06\/sportske-igre-mladih.jpg","type":"image\/jpeg"}],"author":"Tuzla Info","twitter_card":"summary_large_image","twitter_misc":{"Written by":"Tuzla Info","Est. reading time":"2 minute"},"schema":{"@context":"https:\/\/schema.org","@graph":[{"@type":"Article","@id":"https:\/\/tuzlainfo.ba\/index.php\/bosna-i-hercegovina\/item\/177620-zavrseno-veliko-finale-12-sportskih-igara-mladih\/#article","isPartOf":{"@id":"https:\/\/tuzlainfo.ba\/index.php\/bosna-i-hercegovina\/item\/177620-zavrseno-veliko-finale-12-sportskih-igara-mladih\/"},"author":{"name":"Tuzla Info","@id":"https:\/\/tuzlainfo.ba\/#\/schema\/person\/46cad4c57790cbc50781edd14870825a"},"headline":"Zavr\u0161eno veliko finale 12. Sportskih igara mladih","datePublished":"2022-07-07T18:00:19+00:00","dateModified":"2022-07-07T15:13:44+00:00","mainEntityOfPage":{"@id":"https:\/\/tuzlainfo.ba\/index.php\/bosna-i-hercegovina\/item\/177620-zavrseno-veliko-finale-12-sportskih-igara-mladih\/"},"wordCount":460,"commentCount":0,"publisher":{"@id":"https:\/\/tuzlainfo.ba\/#organization"},"image":{"@id":"https:\/\/tuzlainfo.ba\/index.php\/bosna-i-hercegovina\/item\/177620-zavrseno-veliko-finale-12-sportskih-igara-mladih\/#primaryimage"},"thumbnailUrl":"https:\/\/tuzlainfo.ba\/wp-content\/uploads\/2022\/06\/sportske-igre-mladih.jpg","keywords":["plazma sportske igre mladih"],"articleSection":["Bosna i Hercegovina"],"inLanguage":"bs-BA"},{"@type":"WebPage","@id":"https:\/\/tuzlainfo.ba\/index.php\/bosna-i-hercegovina\/item\/177620-zavrseno-veliko-finale-12-sportskih-igara-mladih\/","url":"https:\/\/tuzlainfo.ba\/index.php\/bosna-i-hercegovina\/item\/177620-zavrseno-veliko-finale-12-sportskih-igara-mladih\/","name":"Zavr\u0161eno veliko finale 12. Sportskih igara mladih - TuzlaInfo.ba","isPartOf":{"@id":"https:\/\/tuzlainfo.ba\/#website"},"primaryImageOfPage":{"@id":"https:\/\/tuzlainfo.ba\/index.php\/bosna-i-hercegovina\/item\/177620-zavrseno-veliko-finale-12-sportskih-igara-mladih\/#primaryimage"},"image":{"@id":"https:\/\/tuzlainfo.ba\/index.php\/bosna-i-hercegovina\/item\/177620-zavrseno-veliko-finale-12-sportskih-igara-mladih\/#primaryimage"},"thumbnailUrl":"https:\/\/tuzlainfo.ba\/wp-content\/uploads\/2022\/06\/sportske-igre-mladih.jpg","datePublished":"2022-07-07T18:00:19+00:00","dateModified":"2022-07-07T15:13:44+00:00","breadcrumb":{"@id":"https:\/\/tuzlainfo.ba\/index.php\/bosna-i-hercegovina\/item\/177620-zavrseno-veliko-finale-12-sportskih-igara-mladih\/#breadcrumb"},"inLanguage":"bs-BA","potentialAction":[{"@type":"ReadAction","target":["https:\/\/tuzlainfo.ba\/index.php\/bosna-i-hercegovina\/item\/177620-zavrseno-veliko-finale-12-sportskih-igara-mladih\/"]}]},{"@type":"ImageObject","inLanguage":"bs-BA","@id":"https:\/\/tuzlainfo.ba\/index.php\/bosna-i-hercegovina\/item\/177620-zavrseno-veliko-finale-12-sportskih-igara-mladih\/#primaryimage","url":"https:\/\/tuzlainfo.ba\/wp-content\/uploads\/2022\/06\/sportske-igre-mladih.jpg","contentUrl":"https:\/\/tuzlainfo.ba\/wp-content\/uploads\/2022\/06\/sportske-igre-mladih.jpg","width":2048,"height":1536},{"@type":"BreadcrumbList","@id":"https:\/\/tuzlainfo.ba\/index.php\/bosna-i-hercegovina\/item\/177620-zavrseno-veliko-finale-12-sportskih-igara-mladih\/#breadcrumb","itemListElement":[{"@type":"ListItem","position":1,"name":"Home","item":"https:\/\/tuzlainfo.ba\/"},{"@type":"ListItem","position":2,"name":"Zavr\u0161eno veliko finale 12. Sportskih igara mladih"}]},{"@type":"WebSite","@id":"https:\/\/tuzlainfo.ba\/#website","url":"https:\/\/tuzlainfo.ba\/","name":"TuzlaInfo.ba","description":"Tuzla info, gradski informator - Tuzla na dlanu","publisher":{"@id":"https:\/\/tuzlainfo.ba\/#organization"},"potentialAction":[{"@type":"SearchAction","target":{"@type":"EntryPoint","urlTemplate":"https:\/\/tuzlainfo.ba\/?s={search_term_string}"},"query-input":{"@type":"PropertyValueSpecification","valueRequired":true,"valueName":"search_term_string"}}],"inLanguage":"bs-BA"},{"@type":"Organization","@id":"https:\/\/tuzlainfo.ba\/#organization","name":"TuzlaInfo.ba","url":"https:\/\/tuzlainfo.ba\/","logo":{"@type":"ImageObject","inLanguage":"bs-BA","@id":"https:\/\/tuzlainfo.ba\/#\/schema\/logo\/image\/","url":"https:\/\/tuzlainfo.ba\/wp-content\/uploads\/2021\/03\/logo-ver-3-1.png","contentUrl":"https:\/\/tuzlainfo.ba\/wp-content\/uploads\/2021\/03\/logo-ver-3-1.png","width":350,"height":95,"caption":"TuzlaInfo.ba"},"image":{"@id":"https:\/\/tuzlainfo.ba\/#\/schema\/logo\/image\/"},"sameAs":["https:\/\/www.facebook.com\/tuzlainfo.ba\/"]},{"@type":"Person","@id":"https:\/\/tuzlainfo.ba\/#\/schema\/person\/46cad4c57790cbc50781edd14870825a","name":"Tuzla Info","image":{"@type":"ImageObject","inLanguage":"bs-BA","@id":"https:\/\/tuzlainfo.ba\/#\/schema\/person\/image\/","url":"https:\/\/tuzlainfo.ba\/wp-content\/litespeed\/avatar\/b6c453a6c38e3654f2e4416c643fc25c.jpg?ver=1777051911","contentUrl":"https:\/\/tuzlainfo.ba\/wp-content\/litespeed\/avatar\/b6c453a6c38e3654f2e4416c643fc25c.jpg?ver=1777051911","caption":"Tuzla Info"}}]}},"_links":{"self":[{"href":"https:\/\/tuzlainfo.ba\/index.php\/wp-json\/wp\/v2\/posts\/177620"}],"collection":[{"href":"https:\/\/tuzlainfo.ba\/index.php\/wp-json\/wp\/v2\/posts"}],"about":[{"href":"https:\/\/tuzlainfo.ba\/index.php\/wp-json\/wp\/v2\/types\/post"}],"author":[{"embeddable":true,"href":"https:\/\/tuzlainfo.ba\/index.php\/wp-json\/wp\/v2\/users\/4"}],"replies":[{"embeddable":true,"href":"https:\/\/tuzlainfo.ba\/index.php\/wp-json\/wp\/v2\/comments?post=177620"}],"version-history":[{"count":0,"href":"https:\/\/tuzlainfo.ba\/index.php\/wp-json\/wp\/v2\/posts\/177620\/revisions"}],"wp:featuredmedia":[{"embeddable":true,"href":"https:\/\/tuzlainfo.ba\/index.php\/wp-json\/wp\/v2\/media\/173999"}],"wp:attachment":[{"href":"https:\/\/tuzlainfo.ba\/index.php\/wp-json\/wp\/v2\/media?parent=177620"}],"wp:term":[{"taxonomy":"category","embeddable":true,"href":"https:\/\/tuzlainfo.ba\/index.php\/wp-json\/wp\/v2\/categories?post=177620"},{"taxonomy":"post_tag","embeddable":true,"href":"https:\/\/tuzlainfo.ba\/index.php\/wp-json\/wp\/v2\/tags?post=177620"}],"curies":[{"name":"wp","href":"https:\/\/api.w.org\/{rel}","templated":true}]}}