{"id":177330,"date":"2022-07-05T19:00:40","date_gmt":"2022-07-05T17:00:40","guid":{"rendered":"https:\/\/tuzlainfo.ba\/?p=177330"},"modified":"2022-07-05T16:15:25","modified_gmt":"2022-07-05T14:15:25","slug":"nub-dervis-susic-tuzla-donirala-knjige-za-biblioteku-memorijalnog-centra-srebrenica-potocari","status":"publish","type":"post","link":"https:\/\/tuzlainfo.ba\/index.php\/novosti\/item\/177330-nub-dervis-susic-tuzla-donirala-knjige-za-biblioteku-memorijalnog-centra-srebrenica-potocari\/","title":{"rendered":"NUB &#8220;Dervi\u0161 Su\u0161i\u0107&#8221; Tuzla donirala knjige za Biblioteku Memorijalnog centra Srebrenica-Poto\u010dari"},"content":{"rendered":"<p>Direktorica Biblioteke \u201eDervi\u0161 Su\u0161i\u0107\u201c Mirna Trifkovi\u0107 i predsjednik upravnog odbora Biblioteke D\u017eevad Me\u0161anovi\u0107 posjetili su Memorijalni centra Srebrenica-Poto\u010dari za koji su predali donaciju od 378 knjiga i 51 periodi\u010dnih publikacija.<\/p>\n<p>Azir Osmanovi\u0107, kustos Memorijalnog centra u ime zaposlenika i korisnika Biblioteke primio je ovu donaciju kazav\u0161i da je Memorijalni centar Srebrenica Poto\u010dari, do sada, prikupio oko 12.000 knjiga.<\/p>\n<p>&#8211; Radi se o knjigama razli\u010ditih \u017eanrova. Zahvalni smo direktorici Narodne i univerzitetske biblioteke \u201eDervi\u0161 Su\u0161i\u0107\u201c Tuzla na ovoj vrijednoj donaciji knjiga i nadamo se da \u0107e se na\u0161a saradnja nastaviti i u budu\u0107nosti, kazao je Osmanovi\u0107.<\/p>\n<p>Direktorica Biblioteke Mirna Trifkovi\u0107 podijelila je svoje zadovoljstvo \u0161to tuzlanska biblioteka mo\u017ee pomo\u0107i u radu Biblioteke Memorijalnog centra Srebrenica -Poto\u010dari.<\/p>\n<p>&#8211; Na\u0161a biblioteka kontinuirano radi na razvoju mre\u017ea Biblioteka i kroz donacije knjige poma\u017ee onima kojih se pomo\u0107 najvi\u0161e ti\u010de, a to su korisnici bibliote\u010dkih usluga. Knjige poklanjamo iz rezervi koje imamo i kontinuirano obnavljamo iz razli\u010ditih izvora. Samo u protekloj godini donirali smo bibliotekama 873 knjige iz razli\u010ditih oblasti, istakla<\/p>\n","protected":false},"excerpt":{"rendered":"<p>Direktorica Biblioteke \u201eDervi\u0161 Su\u0161i\u0107\u201c Mirna Trifkovi\u0107 i predsjednik upravnog odbora Biblioteke D\u017eevad Me\u0161anovi\u0107 posjetili su&hellip;<\/p>\n","protected":false},"author":4,"featured_media":177332,"comment_status":"open","ping_status":"closed","sticky":false,"template":"","format":"standard","meta":{"_acf_changed":false,"footnotes":""},"categories":[12],"tags":[1705],"acf":[],"yoast_head":"<!-- This site is optimized with the Yoast SEO plugin v23.5 - https:\/\/yoast.com\/wordpress\/plugins\/seo\/ -->\n<title>NUB &quot;Dervi\u0161 Su\u0161i\u0107&quot; Tuzla donirala knjige za Biblioteku Memorijalnog centra Srebrenica-Poto\u010dari - TuzlaInfo.ba<\/title>\n<meta name=\"robots\" content=\"index, follow, max-snippet:-1, max-image-preview:large, max-video-preview:-1\" \/>\n<link rel=\"canonical\" href=\"https:\/\/tuzlainfo.ba\/index.php\/novosti\/item\/177330-nub-dervis-susic-tuzla-donirala-knjige-za-biblioteku-memorijalnog-centra-srebrenica-potocari\/\" \/>\n<meta property=\"og:locale\" content=\"bs_BA\" \/>\n<meta property=\"og:type\" content=\"article\" \/>\n<meta property=\"og:title\" content=\"NUB &quot;Dervi\u0161 Su\u0161i\u0107&quot; Tuzla donirala knjige za Biblioteku Memorijalnog centra Srebrenica-Poto\u010dari - TuzlaInfo.ba\" \/>\n<meta property=\"og:description\" content=\"Direktorica Biblioteke \u201eDervi\u0161 Su\u0161i\u0107\u201c Mirna Trifkovi\u0107 i predsjednik upravnog odbora Biblioteke D\u017eevad Me\u0161anovi\u0107 posjetili su&hellip;\" \/>\n<meta property=\"og:url\" content=\"https:\/\/tuzlainfo.ba\/index.php\/novosti\/item\/177330-nub-dervis-susic-tuzla-donirala-knjige-za-biblioteku-memorijalnog-centra-srebrenica-potocari\/\" \/>\n<meta property=\"og:site_name\" content=\"TuzlaInfo.ba\" \/>\n<meta property=\"article:publisher\" content=\"https:\/\/www.facebook.com\/tuzlainfo.ba\/\" \/>\n<meta property=\"article:published_time\" content=\"2022-07-05T17:00:40+00:00\" \/>\n<meta property=\"article:modified_time\" content=\"2022-07-05T14:15:25+00:00\" \/>\n<meta property=\"og:image\" content=\"https:\/\/tuzlainfo.ba\/wp-content\/uploads\/2022\/07\/290518610_1776139719400045_5311127254948311785_n.jpg\" \/>\n\t<meta property=\"og:image:width\" content=\"960\" \/>\n\t<meta property=\"og:image:height\" content=\"721\" \/>\n\t<meta property=\"og:image:type\" content=\"image\/jpeg\" \/>\n<meta name=\"author\" content=\"Tuzla Info\" \/>\n<meta name=\"twitter:card\" content=\"summary_large_image\" \/>\n<meta name=\"twitter:label1\" content=\"Written by\" \/>\n\t<meta name=\"twitter:data1\" content=\"Tuzla Info\" \/>\n\t<meta name=\"twitter:label2\" content=\"Est. reading time\" \/>\n\t<meta name=\"twitter:data2\" content=\"1 minuta\" \/>\n<script type=\"application\/ld+json\" class=\"yoast-schema-graph\">{\"@context\":\"https:\/\/schema.org\",\"@graph\":[{\"@type\":\"Article\",\"@id\":\"https:\/\/tuzlainfo.ba\/index.php\/novosti\/item\/177330-nub-dervis-susic-tuzla-donirala-knjige-za-biblioteku-memorijalnog-centra-srebrenica-potocari\/#article\",\"isPartOf\":{\"@id\":\"https:\/\/tuzlainfo.ba\/index.php\/novosti\/item\/177330-nub-dervis-susic-tuzla-donirala-knjige-za-biblioteku-memorijalnog-centra-srebrenica-potocari\/\"},\"author\":{\"name\":\"Tuzla Info\",\"@id\":\"https:\/\/tuzlainfo.ba\/#\/schema\/person\/46cad4c57790cbc50781edd14870825a\"},\"headline\":\"NUB &#8220;Dervi\u0161 Su\u0161i\u0107&#8221; Tuzla donirala knjige za Biblioteku Memorijalnog centra Srebrenica-Poto\u010dari\",\"datePublished\":\"2022-07-05T17:00:40+00:00\",\"dateModified\":\"2022-07-05T14:15:25+00:00\",\"mainEntityOfPage\":{\"@id\":\"https:\/\/tuzlainfo.ba\/index.php\/novosti\/item\/177330-nub-dervis-susic-tuzla-donirala-knjige-za-biblioteku-memorijalnog-centra-srebrenica-potocari\/\"},\"wordCount\":197,\"commentCount\":0,\"publisher\":{\"@id\":\"https:\/\/tuzlainfo.ba\/#organization\"},\"image\":{\"@id\":\"https:\/\/tuzlainfo.ba\/index.php\/novosti\/item\/177330-nub-dervis-susic-tuzla-donirala-knjige-za-biblioteku-memorijalnog-centra-srebrenica-potocari\/#primaryimage\"},\"thumbnailUrl\":\"https:\/\/tuzlainfo.ba\/wp-content\/uploads\/2022\/07\/290518610_1776139719400045_5311127254948311785_n.jpg\",\"keywords\":[\"nub dervi\u0161 su\u0161i\u0107\"],\"articleSection\":[\"Novosti\"],\"inLanguage\":\"bs-BA\"},{\"@type\":\"WebPage\",\"@id\":\"https:\/\/tuzlainfo.ba\/index.php\/novosti\/item\/177330-nub-dervis-susic-tuzla-donirala-knjige-za-biblioteku-memorijalnog-centra-srebrenica-potocari\/\",\"url\":\"https:\/\/tuzlainfo.ba\/index.php\/novosti\/item\/177330-nub-dervis-susic-tuzla-donirala-knjige-za-biblioteku-memorijalnog-centra-srebrenica-potocari\/\",\"name\":\"NUB \\\"Dervi\u0161 Su\u0161i\u0107\\\" Tuzla donirala knjige za Biblioteku Memorijalnog centra Srebrenica-Poto\u010dari - TuzlaInfo.ba\",\"isPartOf\":{\"@id\":\"https:\/\/tuzlainfo.ba\/#website\"},\"primaryImageOfPage\":{\"@id\":\"https:\/\/tuzlainfo.ba\/index.php\/novosti\/item\/177330-nub-dervis-susic-tuzla-donirala-knjige-za-biblioteku-memorijalnog-centra-srebrenica-potocari\/#primaryimage\"},\"image\":{\"@id\":\"https:\/\/tuzlainfo.ba\/index.php\/novosti\/item\/177330-nub-dervis-susic-tuzla-donirala-knjige-za-biblioteku-memorijalnog-centra-srebrenica-potocari\/#primaryimage\"},\"thumbnailUrl\":\"https:\/\/tuzlainfo.ba\/wp-content\/uploads\/2022\/07\/290518610_1776139719400045_5311127254948311785_n.jpg\",\"datePublished\":\"2022-07-05T17:00:40+00:00\",\"dateModified\":\"2022-07-05T14:15:25+00:00\",\"breadcrumb\":{\"@id\":\"https:\/\/tuzlainfo.ba\/index.php\/novosti\/item\/177330-nub-dervis-susic-tuzla-donirala-knjige-za-biblioteku-memorijalnog-centra-srebrenica-potocari\/#breadcrumb\"},\"inLanguage\":\"bs-BA\",\"potentialAction\":[{\"@type\":\"ReadAction\",\"target\":[\"https:\/\/tuzlainfo.ba\/index.php\/novosti\/item\/177330-nub-dervis-susic-tuzla-donirala-knjige-za-biblioteku-memorijalnog-centra-srebrenica-potocari\/\"]}]},{\"@type\":\"ImageObject\",\"inLanguage\":\"bs-BA\",\"@id\":\"https:\/\/tuzlainfo.ba\/index.php\/novosti\/item\/177330-nub-dervis-susic-tuzla-donirala-knjige-za-biblioteku-memorijalnog-centra-srebrenica-potocari\/#primaryimage\",\"url\":\"https:\/\/tuzlainfo.ba\/wp-content\/uploads\/2022\/07\/290518610_1776139719400045_5311127254948311785_n.jpg\",\"contentUrl\":\"https:\/\/tuzlainfo.ba\/wp-content\/uploads\/2022\/07\/290518610_1776139719400045_5311127254948311785_n.jpg\",\"width\":960,\"height\":721},{\"@type\":\"BreadcrumbList\",\"@id\":\"https:\/\/tuzlainfo.ba\/index.php\/novosti\/item\/177330-nub-dervis-susic-tuzla-donirala-knjige-za-biblioteku-memorijalnog-centra-srebrenica-potocari\/#breadcrumb\",\"itemListElement\":[{\"@type\":\"ListItem\",\"position\":1,\"name\":\"Home\",\"item\":\"https:\/\/tuzlainfo.ba\/\"},{\"@type\":\"ListItem\",\"position\":2,\"name\":\"NUB &#8220;Dervi\u0161 Su\u0161i\u0107&#8221; Tuzla donirala knjige za Biblioteku Memorijalnog centra Srebrenica-Poto\u010dari\"}]},{\"@type\":\"WebSite\",\"@id\":\"https:\/\/tuzlainfo.ba\/#website\",\"url\":\"https:\/\/tuzlainfo.ba\/\",\"name\":\"TuzlaInfo.ba\",\"description\":\"Tuzla info, gradski informator - Tuzla na dlanu\",\"publisher\":{\"@id\":\"https:\/\/tuzlainfo.ba\/#organization\"},\"potentialAction\":[{\"@type\":\"SearchAction\",\"target\":{\"@type\":\"EntryPoint\",\"urlTemplate\":\"https:\/\/tuzlainfo.ba\/?s={search_term_string}\"},\"query-input\":{\"@type\":\"PropertyValueSpecification\",\"valueRequired\":true,\"valueName\":\"search_term_string\"}}],\"inLanguage\":\"bs-BA\"},{\"@type\":\"Organization\",\"@id\":\"https:\/\/tuzlainfo.ba\/#organization\",\"name\":\"TuzlaInfo.ba\",\"url\":\"https:\/\/tuzlainfo.ba\/\",\"logo\":{\"@type\":\"ImageObject\",\"inLanguage\":\"bs-BA\",\"@id\":\"https:\/\/tuzlainfo.ba\/#\/schema\/logo\/image\/\",\"url\":\"https:\/\/tuzlainfo.ba\/wp-content\/uploads\/2021\/03\/logo-ver-3-1.png\",\"contentUrl\":\"https:\/\/tuzlainfo.ba\/wp-content\/uploads\/2021\/03\/logo-ver-3-1.png\",\"width\":350,\"height\":95,\"caption\":\"TuzlaInfo.ba\"},\"image\":{\"@id\":\"https:\/\/tuzlainfo.ba\/#\/schema\/logo\/image\/\"},\"sameAs\":[\"https:\/\/www.facebook.com\/tuzlainfo.ba\/\"]},{\"@type\":\"Person\",\"@id\":\"https:\/\/tuzlainfo.ba\/#\/schema\/person\/46cad4c57790cbc50781edd14870825a\",\"name\":\"Tuzla Info\",\"image\":{\"@type\":\"ImageObject\",\"inLanguage\":\"bs-BA\",\"@id\":\"https:\/\/tuzlainfo.ba\/#\/schema\/person\/image\/\",\"url\":\"https:\/\/tuzlainfo.ba\/wp-content\/litespeed\/avatar\/b6c453a6c38e3654f2e4416c643fc25c.jpg?ver=1777051911\",\"contentUrl\":\"https:\/\/tuzlainfo.ba\/wp-content\/litespeed\/avatar\/b6c453a6c38e3654f2e4416c643fc25c.jpg?ver=1777051911\",\"caption\":\"Tuzla Info\"}}]}<\/script>\n<!-- \/ Yoast SEO plugin. -->","yoast_head_json":{"title":"NUB \"Dervi\u0161 Su\u0161i\u0107\" Tuzla donirala knjige za Biblioteku Memorijalnog centra Srebrenica-Poto\u010dari - TuzlaInfo.ba","robots":{"index":"index","follow":"follow","max-snippet":"max-snippet:-1","max-image-preview":"max-image-preview:large","max-video-preview":"max-video-preview:-1"},"canonical":"https:\/\/tuzlainfo.ba\/index.php\/novosti\/item\/177330-nub-dervis-susic-tuzla-donirala-knjige-za-biblioteku-memorijalnog-centra-srebrenica-potocari\/","og_locale":"bs_BA","og_type":"article","og_title":"NUB \"Dervi\u0161 Su\u0161i\u0107\" Tuzla donirala knjige za Biblioteku Memorijalnog centra Srebrenica-Poto\u010dari - TuzlaInfo.ba","og_description":"Direktorica Biblioteke \u201eDervi\u0161 Su\u0161i\u0107\u201c Mirna Trifkovi\u0107 i predsjednik upravnog odbora Biblioteke D\u017eevad Me\u0161anovi\u0107 posjetili su&hellip;","og_url":"https:\/\/tuzlainfo.ba\/index.php\/novosti\/item\/177330-nub-dervis-susic-tuzla-donirala-knjige-za-biblioteku-memorijalnog-centra-srebrenica-potocari\/","og_site_name":"TuzlaInfo.ba","article_publisher":"https:\/\/www.facebook.com\/tuzlainfo.ba\/","article_published_time":"2022-07-05T17:00:40+00:00","article_modified_time":"2022-07-05T14:15:25+00:00","og_image":[{"width":960,"height":721,"url":"https:\/\/tuzlainfo.ba\/wp-content\/uploads\/2022\/07\/290518610_1776139719400045_5311127254948311785_n.jpg","type":"image\/jpeg"}],"author":"Tuzla Info","twitter_card":"summary_large_image","twitter_misc":{"Written by":"Tuzla Info","Est. reading time":"1 minuta"},"schema":{"@context":"https:\/\/schema.org","@graph":[{"@type":"Article","@id":"https:\/\/tuzlainfo.ba\/index.php\/novosti\/item\/177330-nub-dervis-susic-tuzla-donirala-knjige-za-biblioteku-memorijalnog-centra-srebrenica-potocari\/#article","isPartOf":{"@id":"https:\/\/tuzlainfo.ba\/index.php\/novosti\/item\/177330-nub-dervis-susic-tuzla-donirala-knjige-za-biblioteku-memorijalnog-centra-srebrenica-potocari\/"},"author":{"name":"Tuzla Info","@id":"https:\/\/tuzlainfo.ba\/#\/schema\/person\/46cad4c57790cbc50781edd14870825a"},"headline":"NUB &#8220;Dervi\u0161 Su\u0161i\u0107&#8221; Tuzla donirala knjige za Biblioteku Memorijalnog centra Srebrenica-Poto\u010dari","datePublished":"2022-07-05T17:00:40+00:00","dateModified":"2022-07-05T14:15:25+00:00","mainEntityOfPage":{"@id":"https:\/\/tuzlainfo.ba\/index.php\/novosti\/item\/177330-nub-dervis-susic-tuzla-donirala-knjige-za-biblioteku-memorijalnog-centra-srebrenica-potocari\/"},"wordCount":197,"commentCount":0,"publisher":{"@id":"https:\/\/tuzlainfo.ba\/#organization"},"image":{"@id":"https:\/\/tuzlainfo.ba\/index.php\/novosti\/item\/177330-nub-dervis-susic-tuzla-donirala-knjige-za-biblioteku-memorijalnog-centra-srebrenica-potocari\/#primaryimage"},"thumbnailUrl":"https:\/\/tuzlainfo.ba\/wp-content\/uploads\/2022\/07\/290518610_1776139719400045_5311127254948311785_n.jpg","keywords":["nub dervi\u0161 su\u0161i\u0107"],"articleSection":["Novosti"],"inLanguage":"bs-BA"},{"@type":"WebPage","@id":"https:\/\/tuzlainfo.ba\/index.php\/novosti\/item\/177330-nub-dervis-susic-tuzla-donirala-knjige-za-biblioteku-memorijalnog-centra-srebrenica-potocari\/","url":"https:\/\/tuzlainfo.ba\/index.php\/novosti\/item\/177330-nub-dervis-susic-tuzla-donirala-knjige-za-biblioteku-memorijalnog-centra-srebrenica-potocari\/","name":"NUB \"Dervi\u0161 Su\u0161i\u0107\" Tuzla donirala knjige za Biblioteku Memorijalnog centra Srebrenica-Poto\u010dari - TuzlaInfo.ba","isPartOf":{"@id":"https:\/\/tuzlainfo.ba\/#website"},"primaryImageOfPage":{"@id":"https:\/\/tuzlainfo.ba\/index.php\/novosti\/item\/177330-nub-dervis-susic-tuzla-donirala-knjige-za-biblioteku-memorijalnog-centra-srebrenica-potocari\/#primaryimage"},"image":{"@id":"https:\/\/tuzlainfo.ba\/index.php\/novosti\/item\/177330-nub-dervis-susic-tuzla-donirala-knjige-za-biblioteku-memorijalnog-centra-srebrenica-potocari\/#primaryimage"},"thumbnailUrl":"https:\/\/tuzlainfo.ba\/wp-content\/uploads\/2022\/07\/290518610_1776139719400045_5311127254948311785_n.jpg","datePublished":"2022-07-05T17:00:40+00:00","dateModified":"2022-07-05T14:15:25+00:00","breadcrumb":{"@id":"https:\/\/tuzlainfo.ba\/index.php\/novosti\/item\/177330-nub-dervis-susic-tuzla-donirala-knjige-za-biblioteku-memorijalnog-centra-srebrenica-potocari\/#breadcrumb"},"inLanguage":"bs-BA","potentialAction":[{"@type":"ReadAction","target":["https:\/\/tuzlainfo.ba\/index.php\/novosti\/item\/177330-nub-dervis-susic-tuzla-donirala-knjige-za-biblioteku-memorijalnog-centra-srebrenica-potocari\/"]}]},{"@type":"ImageObject","inLanguage":"bs-BA","@id":"https:\/\/tuzlainfo.ba\/index.php\/novosti\/item\/177330-nub-dervis-susic-tuzla-donirala-knjige-za-biblioteku-memorijalnog-centra-srebrenica-potocari\/#primaryimage","url":"https:\/\/tuzlainfo.ba\/wp-content\/uploads\/2022\/07\/290518610_1776139719400045_5311127254948311785_n.jpg","contentUrl":"https:\/\/tuzlainfo.ba\/wp-content\/uploads\/2022\/07\/290518610_1776139719400045_5311127254948311785_n.jpg","width":960,"height":721},{"@type":"BreadcrumbList","@id":"https:\/\/tuzlainfo.ba\/index.php\/novosti\/item\/177330-nub-dervis-susic-tuzla-donirala-knjige-za-biblioteku-memorijalnog-centra-srebrenica-potocari\/#breadcrumb","itemListElement":[{"@type":"ListItem","position":1,"name":"Home","item":"https:\/\/tuzlainfo.ba\/"},{"@type":"ListItem","position":2,"name":"NUB &#8220;Dervi\u0161 Su\u0161i\u0107&#8221; Tuzla donirala knjige za Biblioteku Memorijalnog centra Srebrenica-Poto\u010dari"}]},{"@type":"WebSite","@id":"https:\/\/tuzlainfo.ba\/#website","url":"https:\/\/tuzlainfo.ba\/","name":"TuzlaInfo.ba","description":"Tuzla info, gradski informator - Tuzla na dlanu","publisher":{"@id":"https:\/\/tuzlainfo.ba\/#organization"},"potentialAction":[{"@type":"SearchAction","target":{"@type":"EntryPoint","urlTemplate":"https:\/\/tuzlainfo.ba\/?s={search_term_string}"},"query-input":{"@type":"PropertyValueSpecification","valueRequired":true,"valueName":"search_term_string"}}],"inLanguage":"bs-BA"},{"@type":"Organization","@id":"https:\/\/tuzlainfo.ba\/#organization","name":"TuzlaInfo.ba","url":"https:\/\/tuzlainfo.ba\/","logo":{"@type":"ImageObject","inLanguage":"bs-BA","@id":"https:\/\/tuzlainfo.ba\/#\/schema\/logo\/image\/","url":"https:\/\/tuzlainfo.ba\/wp-content\/uploads\/2021\/03\/logo-ver-3-1.png","contentUrl":"https:\/\/tuzlainfo.ba\/wp-content\/uploads\/2021\/03\/logo-ver-3-1.png","width":350,"height":95,"caption":"TuzlaInfo.ba"},"image":{"@id":"https:\/\/tuzlainfo.ba\/#\/schema\/logo\/image\/"},"sameAs":["https:\/\/www.facebook.com\/tuzlainfo.ba\/"]},{"@type":"Person","@id":"https:\/\/tuzlainfo.ba\/#\/schema\/person\/46cad4c57790cbc50781edd14870825a","name":"Tuzla Info","image":{"@type":"ImageObject","inLanguage":"bs-BA","@id":"https:\/\/tuzlainfo.ba\/#\/schema\/person\/image\/","url":"https:\/\/tuzlainfo.ba\/wp-content\/litespeed\/avatar\/b6c453a6c38e3654f2e4416c643fc25c.jpg?ver=1777051911","contentUrl":"https:\/\/tuzlainfo.ba\/wp-content\/litespeed\/avatar\/b6c453a6c38e3654f2e4416c643fc25c.jpg?ver=1777051911","caption":"Tuzla Info"}}]}},"_links":{"self":[{"href":"https:\/\/tuzlainfo.ba\/index.php\/wp-json\/wp\/v2\/posts\/177330"}],"collection":[{"href":"https:\/\/tuzlainfo.ba\/index.php\/wp-json\/wp\/v2\/posts"}],"about":[{"href":"https:\/\/tuzlainfo.ba\/index.php\/wp-json\/wp\/v2\/types\/post"}],"author":[{"embeddable":true,"href":"https:\/\/tuzlainfo.ba\/index.php\/wp-json\/wp\/v2\/users\/4"}],"replies":[{"embeddable":true,"href":"https:\/\/tuzlainfo.ba\/index.php\/wp-json\/wp\/v2\/comments?post=177330"}],"version-history":[{"count":0,"href":"https:\/\/tuzlainfo.ba\/index.php\/wp-json\/wp\/v2\/posts\/177330\/revisions"}],"wp:featuredmedia":[{"embeddable":true,"href":"https:\/\/tuzlainfo.ba\/index.php\/wp-json\/wp\/v2\/media\/177332"}],"wp:attachment":[{"href":"https:\/\/tuzlainfo.ba\/index.php\/wp-json\/wp\/v2\/media?parent=177330"}],"wp:term":[{"taxonomy":"category","embeddable":true,"href":"https:\/\/tuzlainfo.ba\/index.php\/wp-json\/wp\/v2\/categories?post=177330"},{"taxonomy":"post_tag","embeddable":true,"href":"https:\/\/tuzlainfo.ba\/index.php\/wp-json\/wp\/v2\/tags?post=177330"}],"curies":[{"name":"wp","href":"https:\/\/api.w.org\/{rel}","templated":true}]}}